{"id":38521,"date":"2018-04-22T00:00:17","date_gmt":"2018-04-22T03:00:17","guid":{"rendered":"http:\/\/www.adf.org.br\/home\/?p=38521"},"modified":"2018-04-22T00:00:17","modified_gmt":"2018-04-22T03:00:17","slug":"semearam-ave-marias","status":"publish","type":"post","link":"https:\/\/www.adf.org.br\/home\/semearam-ave-marias\/","title":{"rendered":"Muitos Santos semearam Ave-Marias nos caminhos por onde andaram\u2026 Descubra como"},"content":{"rendered":"<figure id=\"attachment_38526\" aria-describedby=\"caption-attachment-38526\" style=\"width: 560px\" class=\"wp-caption aligncenter\"><img loading=\"lazy\" class=\"  wp-image-38526\" title=\"Santo Padre Pio rezando o Ros\u00e1rio\" src=\"http:\/\/www.adf.org.br\/home\/wp-content\/uploads\/2016\/03\/padre_pio_e_o_rosario_frame.jpg\" alt=\"Santo Padre Pio rezando o Ros\u00e1rio\" width=\"560\" height=\"315\" \/><figcaption id=\"caption-attachment-38526\" class=\"wp-caption-text\">Santo Padre Pio rezando o Ros\u00e1rio<\/figcaption><\/figure>\n<p style=\"padding-left: 90px;\"><span style=\"font-size: medium; font-family: verdana, geneva; color: #800080;\"><strong><br \/>\n<span style=\"color: #ffffff;\">.<\/span><br \/>\nEm particular, podemos dizer que a recita\u00e7\u00e3o do Ros\u00e1rio feita silenciosamente enquanto se caminha, viaja, foi a ocupa\u00e7\u00e3o mais comum entre os santos.\u00a0<\/strong><\/span><\/p>\n<p><span style=\"font-size: medium; font-family: verdana, geneva; color: #000000;\"><span style=\"font-size: large;\"><strong><span style=\"color: #ffffff;\">.<\/span><br \/>\nA<\/strong><\/span>lguns o demonstraram at\u00e9 externamente passando de rua em rua, com o\u00a0<strong>Ros\u00e1rio<\/strong>\u00a0em movimento entre as m\u00e3os.<\/span><\/p>\n<p><span style=\"font-size: medium; font-family: verdana, geneva; color: #000080;\"><span style=\"color: #ffffff;\">.<\/span><br \/>\n&#8211; \u00a0<span style=\"color: #800080;\"><strong>S\u00e3o Jo\u00e3o Batista de La Salle,<\/strong><\/span> n\u00e3o s\u00f3 caminhava sempre com a Coroa na m\u00e3o, mas obrigou at\u00e9 todos os seus filhos a percorrer as ruas da cidade recitando o Ros\u00e1rio.<\/span><\/p>\n<p><span style=\"font-size: medium; font-family: verdana, geneva; color: #000080;\"><span style=\"color: #ffffff;\">.<\/span><br \/>\n&#8211; <span style=\"color: #800080;\"><strong>S\u00e3o Luiz Maria Grignion de Montfort<\/strong><\/span> tinha o Ros\u00e1rio como companheiro insepar\u00e1vel das suas intermin\u00e1veis viagens mission\u00e1rias, santificando com as Ave-Marias, as ruas e regi\u00f5es da Fran\u00e7a.<\/span><\/p>\n<p><span style=\"font-size: medium; font-family: verdana, geneva; color: #000080;\"><span style=\"color: #ffffff;\">.<\/span><br \/>\n&#8211; <span style=\"color: #800080;\"><strong>S\u00e3o Filipe Neri, S\u00e3o F\u00e9lix de Cantalice, Santo Afonso Maria de Lig\u00f3rio, Santo Ant\u00f4nio Maria Claret<\/strong><\/span>, e outros n\u00e3o faziam mist\u00e9rios de caminhar, ou viajar sempre recitando Ros\u00e1rios sem n\u00famero.<\/span><\/p>\n<p><span style=\"font-size: medium; font-family: verdana, geneva; color: #000080;\"><span style=\"color: #ffffff;\">.<\/span><br \/>\n&#8211; Era belo ver <span style=\"color: #800080;\"><strong>S\u00e3o Leonardo de Porto Maur\u00edcio<\/strong><\/span> voltar ao convento ap\u00f3s as fadigas apost\u00f3licas, recitando serenamente o Ros\u00e1rio.<\/span><\/p>\n<p><span style=\"font-size: medium; font-family: verdana, geneva; color: #000080;\"><span style=\"color: #ffffff;\">.<\/span><br \/>\n&#8211; E era um espet\u00e1culo edificante ver o jovem <strong><span style=\"color: #800080;\">S\u00e3o Jo\u00e3o Berchmans<\/span><\/strong> com outros frades, recitar devotamente o Ros\u00e1rio pelas ruas da cidade.<\/span><\/p>\n<p><span style=\"font-size: medium; font-family: verdana, geneva; color: #000080;\"><span style=\"color: #ffffff;\">.<\/span><br \/>\n&#8211; <strong><span style=\"color: #800080;\">S\u00e3o Carlos de Sezze<\/span><\/strong>, indo e vindo dos campos, recitava sempre a Coroa. E o servo de Deus Pe. Anselmo Treves, quando encontrava algu\u00e9m, lhe perguntava: &#8220;Fez bom passeio? <span style=\"color: #000000;\"><strong>Semeou muitas Ave-Marias pelo seu caminho?&#8221;<\/strong><\/span><\/span><\/p>\n<p><span style=\"font-size: medium; font-family: verdana, geneva; color: #000080;\"><span style=\"color: #ffffff;\">.<\/span><br \/>\n&#8211; <strong><span style=\"color: #800080;\">S\u00e3o Conrado de Parzhan<\/span><\/strong>, humilde capuchinho da Baviera, reunia os rapazes pelas ruas e recitava com eles o Ros\u00e1rio, em pia prociss\u00e3o, que edificava toda a cidade.<\/span><\/p>\n<p><span style=\"font-size: medium; font-family: verdana, geneva; color: #000080;\"><span style=\"color: #ffffff;\">.<\/span><br \/>\n&#8211; <strong><span style=\"color: #800080;\">Santa Joana D&#8217;Arc<\/span><\/strong> se reconhecia facilmente, cavalgando absorta junto ao seu rei. Ele mesmo uma vez lhe perguntou o que sonhava enquanto cavalgava t\u00e3o silenciosa. &#8221; Gentil Senhor &#8211; respondeu a hero\u00edna &#8211; estou recitando o Ros\u00e1rio&#8221;.<\/span><\/p>\n<p><span style=\"font-size: medium; font-family: verdana, geneva; color: #000080;\"><span style=\"color: #ffffff;\">.<\/span><br \/>\n&#8211; Nos nossos tempos <span style=\"color: #800080;\"><strong>Santa Bertila Boscardin de Vicenza, S\u00e3o Maximiliano Maria Kolbe<\/strong><\/span>, em Roma, Pe. Dolindo Ruotolo, em N\u00e1poles, atravessavam as ruas da cidade recitando o Ros\u00e1rio.<\/span><\/p>\n<p><span style=\"font-size: medium; font-family: verdana, geneva; color: #000080;\"><span style=\"color: #ffffff;\">.<\/span><br \/>\n&#8211; <span style=\"color: #800080;\"><strong>S\u00e3o Jos\u00e9 Cafasso<\/strong><\/span> conta que um dia, de manh\u00e3 cedo, encontrou pelas ruas de Turim uma velinha toda recolhida. O Santo lhe perguntou: &#8220;Por que, boa velinha, andas pela rua a esta hora?&#8221; &#8220;Passo a limpar as ruas&#8221;, respondeu a velinha.<\/span><\/p>\n<p><strong><span style=\"font-size: medium; font-family: verdana, geneva; color: #800080;\"><span style=\"color: #ffffff;\">.<\/span><\/span><\/strong><\/p>\n<p style=\"padding-left: 90px;\"><strong><span style=\"font-size: medium; font-family: verdana, geneva; color: #800080;\">Admirado, o Santo perguntou: \u201c Que quer dizer ?\u201d \u201cEsta noite foi carnaval e foram cometidos muitos pecados.<\/span><\/strong><\/p>\n<p><strong><span style=\"font-size: medium; font-family: verdana, geneva; color: #000000;\"><span style=\"color: #ffffff;\">.<\/span><br \/>\n<span style=\"color: #000080;\">Por isso, passo rezando o Ros\u00e1rio, para purificar as ruas de tantos pecados\u201d. Muito bem, boa velhinha!\u00a0<\/span><\/span><\/strong><\/p>\n<p><span style=\"color: #ffffff;\">.<\/span><br \/>\n<span style=\"color: #ffffff;\">.<\/span><br \/>\n<span style=\"font-size: 10pt;\"><em><span style=\"color: #000000; font-family: verdana, geneva;\">Fonte:\u00a0vashonorabile.blogspot<\/span><\/em><\/span><br \/>\n<span style=\"font-size: medium; color: #ffffff; font-family: verdana, geneva;\">.<\/span><\/p>\n<h5 style=\"text-align: center;\"><span style=\"color: #000000;\"><strong><span style=\"font-size: medium; font-family: verdana, geneva;\">* \u00a0* \u00a0*<\/span><\/strong><\/span><\/h5>\n<p style=\"text-align: center;\"><span style=\"color: #ffffff;\">.<\/span><br \/>\n<a href=\"https:\/\/adf.org.br\/minhaoferta\/?origem=6667\" target=\"_blank\" rel=\"noopener noreferrer\"><img loading=\"lazy\" class=\"aligncenter wp-image-46548 size-full\" title=\"bot\u00e3o sacolinha adf\" src=\"http:\/\/www.adf.org.br\/home\/wp-content\/uploads\/2016\/04\/bt_oferta_ADF-2-1-3.png\" alt=\"bt_oferta_ADF-2 (1)\" width=\"600\" height=\"190\" \/><\/a><\/p>\n","protected":false},"excerpt":{"rendered":"<p>Em particular, podemos dizer que a recita\u00e7\u00e3o do Ros\u00e1rio feita silenciosamente enquanto se caminha, viaja, foi a ocupa\u00e7\u00e3o mais comum entre os santos. <\/p>\n","protected":false},"author":31,"featured_media":46549,"comment_status":"open","ping_status":"open","sticky":false,"template":"","format":"standard","meta":[],"categories":[20],"tags":[1151,38,2122,1679],"yoast_head":"<!-- This site is optimized with the Yoast SEO plugin v17.4 - https:\/\/yoast.com\/wordpress\/plugins\/seo\/ -->\n<title>Muitos Santos semearam Ave-Marias nos caminhos por onde andaram\u2026<\/title>\n<meta name=\"description\" content=\"Muitos Santos semearam Ave-Marias nos caminhos por onde andaram\u2026 Descubra como, n\u00e3o deixe de ler esses relatos maravilhosos de amor e F\u00e9!\" \/>\n<meta name=\"robots\" content=\"index, follow, max-snippet:-1, max-image-preview:large, max-video-preview:-1\" \/>\n<link rel=\"canonical\" href=\"https:\/\/www.adf.org.br\/home\/semearam-ave-marias\/\" \/>\n<meta property=\"og:locale\" content=\"pt_BR\" \/>\n<meta property=\"og:type\" content=\"article\" \/>\n<meta property=\"og:title\" content=\"Muitos Santos semearam Ave-Marias nos caminhos por onde andaram\u2026\" \/>\n<meta property=\"og:description\" content=\"Muitos Santos semearam Ave-Marias nos caminhos por onde andaram\u2026 Descubra como, n\u00e3o deixe de ler esses relatos maravilhosos de amor e F\u00e9!\" \/>\n<meta property=\"og:url\" content=\"https:\/\/www.adf.org.br\/home\/semearam-ave-marias\/\" \/>\n<meta property=\"og:site_name\" content=\"Associa\u00e7\u00e3o Devotos de F\u00e1tima\" \/>\n<meta property=\"article:published_time\" content=\"2018-04-22T03:00:17+00:00\" \/>\n<meta name=\"twitter:card\" content=\"summary_large_image\" \/>\n<meta name=\"twitter:label1\" content=\"Escrito por\" \/>\n\t<meta name=\"twitter:data1\" content=\"Gabriel Barbosa\" \/>\n\t<meta name=\"twitter:label2\" content=\"Est. tempo de leitura\" \/>\n\t<meta name=\"twitter:data2\" content=\"2 minutos\" \/>\n<script type=\"application\/ld+json\" class=\"yoast-schema-graph\">{\"@context\":\"https:\/\/schema.org\",\"@graph\":[{\"@type\":\"WebSite\",\"@id\":\"https:\/\/www.adf.org.br\/home\/#website\",\"url\":\"https:\/\/www.adf.org.br\/home\/\",\"name\":\"Associa\\u00e7\\u00e3o Devotos de F\\u00e1tima\",\"description\":\"Associa\\u00e7\\u00e3o Devotos de F\\u00e1tima\",\"potentialAction\":[{\"@type\":\"SearchAction\",\"target\":{\"@type\":\"EntryPoint\",\"urlTemplate\":\"https:\/\/www.adf.org.br\/home\/?s={search_term_string}\"},\"query-input\":\"required name=search_term_string\"}],\"inLanguage\":\"pt-BR\"},{\"@type\":\"ImageObject\",\"@id\":\"https:\/\/www.adf.org.br\/home\/semearam-ave-marias\/#primaryimage\",\"inLanguage\":\"pt-BR\",\"url\":\"\",\"contentUrl\":\"\"},{\"@type\":\"WebPage\",\"@id\":\"https:\/\/www.adf.org.br\/home\/semearam-ave-marias\/#webpage\",\"url\":\"https:\/\/www.adf.org.br\/home\/semearam-ave-marias\/\",\"name\":\"Muitos Santos semearam Ave-Marias nos caminhos por onde andaram\\u2026\",\"isPartOf\":{\"@id\":\"https:\/\/www.adf.org.br\/home\/#website\"},\"primaryImageOfPage\":{\"@id\":\"https:\/\/www.adf.org.br\/home\/semearam-ave-marias\/#primaryimage\"},\"datePublished\":\"2018-04-22T03:00:17+00:00\",\"dateModified\":\"2018-04-22T03:00:17+00:00\",\"author\":{\"@id\":\"https:\/\/www.adf.org.br\/home\/#\/schema\/person\/f35a5c5aa7728a3dedf4ea9aa1fc2753\"},\"description\":\"Muitos Santos semearam Ave-Marias nos caminhos por onde andaram\\u2026 Descubra como, n\\u00e3o deixe de ler esses relatos maravilhosos de amor e F\\u00e9!\",\"breadcrumb\":{\"@id\":\"https:\/\/www.adf.org.br\/home\/semearam-ave-marias\/#breadcrumb\"},\"inLanguage\":\"pt-BR\",\"potentialAction\":[{\"@type\":\"ReadAction\",\"target\":[\"https:\/\/www.adf.org.br\/home\/semearam-ave-marias\/\"]}]},{\"@type\":\"BreadcrumbList\",\"@id\":\"https:\/\/www.adf.org.br\/home\/semearam-ave-marias\/#breadcrumb\",\"itemListElement\":[{\"@type\":\"ListItem\",\"position\":1,\"name\":\"Home\",\"item\":\"https:\/\/www.adf.org.br\/home\/\"},{\"@type\":\"ListItem\",\"position\":2,\"name\":\"Muitos Santos semearam Ave-Marias nos caminhos por onde andaram\\u2026 Descubra como\"}]},{\"@type\":\"Person\",\"@id\":\"https:\/\/www.adf.org.br\/home\/#\/schema\/person\/f35a5c5aa7728a3dedf4ea9aa1fc2753\",\"name\":\"Gabriel Barbosa\",\"image\":{\"@type\":\"ImageObject\",\"@id\":\"https:\/\/www.adf.org.br\/home\/#personlogo\",\"inLanguage\":\"pt-BR\",\"url\":\"https:\/\/secure.gravatar.com\/avatar\/2b2cb2f4637682c5605e8d36818f51ef?s=96&d=mm&r=g\",\"contentUrl\":\"https:\/\/secure.gravatar.com\/avatar\/2b2cb2f4637682c5605e8d36818f51ef?s=96&d=mm&r=g\",\"caption\":\"Gabriel Barbosa\"},\"url\":\"https:\/\/www.adf.org.br\/home\/author\/gabrielpmk-com-br\/\"}]}<\/script>\n<!-- \/ Yoast SEO plugin. -->","yoast_head_json":{"title":"Muitos Santos semearam Ave-Marias nos caminhos por onde andaram\u2026","description":"Muitos Santos semearam Ave-Marias nos caminhos por onde andaram\u2026 Descubra como, n\u00e3o deixe de ler esses relatos maravilhosos de amor e F\u00e9!","robots":{"index":"index","follow":"follow","max-snippet":"max-snippet:-1","max-image-preview":"max-image-preview:large","max-video-preview":"max-video-preview:-1"},"canonical":"https:\/\/www.adf.org.br\/home\/semearam-ave-marias\/","og_locale":"pt_BR","og_type":"article","og_title":"Muitos Santos semearam Ave-Marias nos caminhos por onde andaram\u2026","og_description":"Muitos Santos semearam Ave-Marias nos caminhos por onde andaram\u2026 Descubra como, n\u00e3o deixe de ler esses relatos maravilhosos de amor e F\u00e9!","og_url":"https:\/\/www.adf.org.br\/home\/semearam-ave-marias\/","og_site_name":"Associa\u00e7\u00e3o Devotos de F\u00e1tima","article_published_time":"2018-04-22T03:00:17+00:00","twitter_card":"summary_large_image","twitter_misc":{"Escrito por":"Gabriel Barbosa","Est. tempo de leitura":"2 minutos"},"schema":{"@context":"https:\/\/schema.org","@graph":[{"@type":"WebSite","@id":"https:\/\/www.adf.org.br\/home\/#website","url":"https:\/\/www.adf.org.br\/home\/","name":"Associa\u00e7\u00e3o Devotos de F\u00e1tima","description":"Associa\u00e7\u00e3o Devotos de F\u00e1tima","potentialAction":[{"@type":"SearchAction","target":{"@type":"EntryPoint","urlTemplate":"https:\/\/www.adf.org.br\/home\/?s={search_term_string}"},"query-input":"required name=search_term_string"}],"inLanguage":"pt-BR"},{"@type":"ImageObject","@id":"https:\/\/www.adf.org.br\/home\/semearam-ave-marias\/#primaryimage","inLanguage":"pt-BR","url":"","contentUrl":""},{"@type":"WebPage","@id":"https:\/\/www.adf.org.br\/home\/semearam-ave-marias\/#webpage","url":"https:\/\/www.adf.org.br\/home\/semearam-ave-marias\/","name":"Muitos Santos semearam Ave-Marias nos caminhos por onde andaram\u2026","isPartOf":{"@id":"https:\/\/www.adf.org.br\/home\/#website"},"primaryImageOfPage":{"@id":"https:\/\/www.adf.org.br\/home\/semearam-ave-marias\/#primaryimage"},"datePublished":"2018-04-22T03:00:17+00:00","dateModified":"2018-04-22T03:00:17+00:00","author":{"@id":"https:\/\/www.adf.org.br\/home\/#\/schema\/person\/f35a5c5aa7728a3dedf4ea9aa1fc2753"},"description":"Muitos Santos semearam Ave-Marias nos caminhos por onde andaram\u2026 Descubra como, n\u00e3o deixe de ler esses relatos maravilhosos de amor e F\u00e9!","breadcrumb":{"@id":"https:\/\/www.adf.org.br\/home\/semearam-ave-marias\/#breadcrumb"},"inLanguage":"pt-BR","potentialAction":[{"@type":"ReadAction","target":["https:\/\/www.adf.org.br\/home\/semearam-ave-marias\/"]}]},{"@type":"BreadcrumbList","@id":"https:\/\/www.adf.org.br\/home\/semearam-ave-marias\/#breadcrumb","itemListElement":[{"@type":"ListItem","position":1,"name":"Home","item":"https:\/\/www.adf.org.br\/home\/"},{"@type":"ListItem","position":2,"name":"Muitos Santos semearam Ave-Marias nos caminhos por onde andaram\u2026 Descubra como"}]},{"@type":"Person","@id":"https:\/\/www.adf.org.br\/home\/#\/schema\/person\/f35a5c5aa7728a3dedf4ea9aa1fc2753","name":"Gabriel Barbosa","image":{"@type":"ImageObject","@id":"https:\/\/www.adf.org.br\/home\/#personlogo","inLanguage":"pt-BR","url":"https:\/\/secure.gravatar.com\/avatar\/2b2cb2f4637682c5605e8d36818f51ef?s=96&d=mm&r=g","contentUrl":"https:\/\/secure.gravatar.com\/avatar\/2b2cb2f4637682c5605e8d36818f51ef?s=96&d=mm&r=g","caption":"Gabriel Barbosa"},"url":"https:\/\/www.adf.org.br\/home\/author\/gabrielpmk-com-br\/"}]}},"_links":{"self":[{"href":"https:\/\/www.adf.org.br\/home\/wp-json\/wp\/v2\/posts\/38521"}],"collection":[{"href":"https:\/\/www.adf.org.br\/home\/wp-json\/wp\/v2\/posts"}],"about":[{"href":"https:\/\/www.adf.org.br\/home\/wp-json\/wp\/v2\/types\/post"}],"author":[{"embeddable":true,"href":"https:\/\/www.adf.org.br\/home\/wp-json\/wp\/v2\/users\/31"}],"replies":[{"embeddable":true,"href":"https:\/\/www.adf.org.br\/home\/wp-json\/wp\/v2\/comments?post=38521"}],"version-history":[{"count":0,"href":"https:\/\/www.adf.org.br\/home\/wp-json\/wp\/v2\/posts\/38521\/revisions"}],"wp:featuredmedia":[{"embeddable":true,"href":"https:\/\/www.adf.org.br\/home\/wp-json\/wp\/v2\/media\/46549"}],"wp:attachment":[{"href":"https:\/\/www.adf.org.br\/home\/wp-json\/wp\/v2\/media?parent=38521"}],"wp:term":[{"taxonomy":"category","embeddable":true,"href":"https:\/\/www.adf.org.br\/home\/wp-json\/wp\/v2\/categories?post=38521"},{"taxonomy":"post_tag","embeddable":true,"href":"https:\/\/www.adf.org.br\/home\/wp-json\/wp\/v2\/tags?post=38521"}],"curies":[{"name":"wp","href":"https:\/\/api.w.org\/{rel}","templated":true}]}}