{"id":38442,"date":"2018-03-31T00:00:53","date_gmt":"2018-03-31T03:00:53","guid":{"rendered":"http:\/\/www.adf.org.br\/home\/?p=38442"},"modified":"2018-03-31T00:00:53","modified_gmt":"2018-03-31T03:00:53","slug":"nosso-senhor-morreu-na-cruz","status":"publish","type":"post","link":"https:\/\/www.adf.org.br\/home\/nosso-senhor-morreu-na-cruz\/","title":{"rendered":"Nosso Senhor j\u00e1 morreu na Cruz \u2013 quais s\u00e3o as considera\u00e7\u00f5es para o S\u00e1bado de Aleluia?"},"content":{"rendered":"<figure id=\"attachment_38444\" aria-describedby=\"caption-attachment-38444\" style=\"width: 500px\" class=\"wp-caption aligncenter\"><img loading=\"lazy\" class=\"wp-image-38444 size-full\" title=\"Nosso Senhor sedo posto no Sepulcro.\" src=\"http:\/\/www.adf.org.br\/home\/wp-content\/uploads\/2016\/03\/2503956608_44befd8219.jpg\" alt=\"Nosso Senhor sedo posto no Sepulcro.\" width=\"500\" height=\"373\" \/><figcaption id=\"caption-attachment-38444\" class=\"wp-caption-text\">Nosso Senhor sedo posto no Sepulcro.<\/figcaption><\/figure>\n<p style=\"padding-left: 90px;\"><span style=\"color: #800080;\"><strong><span style=\"font-size: medium; font-family: verdana, geneva;\"><br \/>\n<span style=\"color: #ffffff;\">.<\/span><br \/>\n\u201cO que se passou com os Ap\u00f3stolos enquanto Nosso Senhor estava no sepulcro? A Escritura nos diz pouco a esse respeito.<\/span><\/strong><\/span><\/p>\n<p><span style=\"font-size: medium; color: #000000; font-family: verdana, geneva;\"><strong><span style=\"font-size: large;\"><span style=\"color: #ffffff;\">.<\/span><br \/>\nQ<\/span><\/strong>ual ter\u00e1 sido o estado de esp\u00edrito deles, quando Jesus morreu? A terra tremeu, o c\u00e9u trovejou, o v\u00e9u do Templo se rasgou e os cad\u00e1veres dos justos percorriam a cidade com espantosa severidade.<\/span><\/p>\n<p><strong><span style=\"font-size: medium; color: #000000; font-family: verdana, geneva;\">O que eles sentiram? Como deveriam estar abatidos, envergonhados e provavelmente dispersos!<\/span><\/strong><\/p>\n<p style=\"padding-left: 90px;\"><span style=\"color: #800080;\"><strong><span style=\"font-size: medium; font-family: verdana, geneva;\"><span style=\"color: #ffffff;\">.<\/span><br \/>\nAp\u00f3s o terremoto e as trevas, um trabalho misterioso da gra\u00e7a f\u00ea-los procurar Nossa Senhora. E procurando-A, encontraram-se uns aos outros.<\/span><\/strong><\/span><\/p>\n<p><span style=\"font-size: medium; color: #000000; font-family: verdana, geneva;\"><span style=\"color: #ffffff;\">.<\/span><br \/>\nQuando a Igreja Cat\u00f3lica \u00e9 crucificada, \u00e9 o momento de se aproximar especialissimamente de Nossa Senhora. Junto a Ela, confiar indefectivelmente na Igreja, am\u00e1-la acima de todas as coisas; <\/span><\/p>\n<h5 style=\"padding-left: 90px;\"><span style=\"color: #800080;\"><strong><span style=\"font-size: medium; font-family: verdana, geneva;\"><span style=\"color: #ffffff;\">.<\/span><br \/>\nVincularmo-nos a Ela, como filhos incondicionais. Haver\u00e1 um momento em que assistiremos \u00e0 mais prodigiosa vit\u00f3ria da Igreja em todos os tempos.<\/span><\/strong><\/span><\/h5>\n<p><span style=\"font-size: medium; color: #000000; font-family: verdana, geneva;\"><span style=\"color: #ffffff;\">.<\/span><br \/>\nNossa Senhora predisse em F\u00e1tima:\u00a0<em>\u2018Por fim o meu Imaculado Cora\u00e7\u00e3o triunfar\u00e1\u2019.<\/em>\u00a0Toda vit\u00f3ria de Maria \u00e9 [tamb\u00e9m] da Santa Igreja\u201d.<\/span><\/p>\n<p><span style=\"font-size: medium; color: #ffffff; font-family: verdana, geneva;\">.<\/span><br \/>\n<span style=\"font-size: medium; color: #ffffff; font-family: verdana, geneva;\">.<\/span><\/p>\n<p><span style=\"font-size: 10pt; color: #000000; font-family: verdana, geneva;\"><em>Fonte: Revista Catolicismo.\u00a0<\/em><\/span><\/p>\n<p><span style=\"font-size: medium; color: #ffffff; font-family: verdana, geneva;\">.<\/span><\/p>\n<p style=\"text-align: center;\"><span style=\"font-size: medium; color: #ffffff; font-family: verdana, geneva;\">.<\/span><br \/>\n<span style=\"font-size: medium; color: #000000; font-family: verdana, geneva;\"><strong>* \u00a0* \u00a0*<\/strong><\/span><\/p>\n<p style=\"text-align: center;\"><span style=\"color: #ffffff;\">.<\/span><br \/>\n<a href=\"https:\/\/adf.org.br\/minhaoferta\/?origem=6667\" target=\"_blank\" rel=\"noopener noreferrer\"><img loading=\"lazy\" class=\"aligncenter wp-image-46357 size-full\" src=\"http:\/\/www.adf.org.br\/home\/wp-content\/uploads\/2016\/03\/bt_oferta_ADF-1-1-4.png\" alt=\"bt_oferta_ADF-1 (1)\" width=\"600\" height=\"190\" \/><\/a><\/p>\n","protected":false},"excerpt":{"rendered":"<p>\u201cO que se passou com os Ap\u00f3stolos enquanto Nosso Senhor estava no sepulcro? A Escritura nos diz pouco a esse respeito&#8230;<\/p>\n","protected":false},"author":31,"featured_media":46359,"comment_status":"open","ping_status":"open","sticky":false,"template":"","format":"standard","meta":[],"categories":[20],"tags":[247,1987,1327,102],"yoast_head":"<!-- This site is optimized with the Yoast SEO plugin v17.4 - https:\/\/yoast.com\/wordpress\/plugins\/seo\/ -->\n<title>Nosso Senhor morreu na Cruz \u2013 as considera\u00e7\u00f5es S\u00e1bado de Aleluia!<\/title>\n<meta name=\"description\" content=\"Nosso Senhor j\u00e1 morreu na Cruz \u2013 quais s\u00e3o as considera\u00e7\u00f5es para o S\u00e1bado de Aleluia?\" \/>\n<meta name=\"robots\" content=\"index, follow, max-snippet:-1, max-image-preview:large, max-video-preview:-1\" \/>\n<link rel=\"canonical\" href=\"https:\/\/www.adf.org.br\/home\/nosso-senhor-morreu-na-cruz\/\" \/>\n<meta property=\"og:locale\" content=\"pt_BR\" \/>\n<meta property=\"og:type\" content=\"article\" \/>\n<meta property=\"og:title\" content=\"Nosso Senhor morreu na Cruz \u2013 as considera\u00e7\u00f5es S\u00e1bado de Aleluia!\" \/>\n<meta property=\"og:description\" content=\"Nosso Senhor j\u00e1 morreu na Cruz \u2013 quais s\u00e3o as considera\u00e7\u00f5es para o S\u00e1bado de Aleluia?\" \/>\n<meta property=\"og:url\" content=\"https:\/\/www.adf.org.br\/home\/nosso-senhor-morreu-na-cruz\/\" \/>\n<meta property=\"og:site_name\" content=\"Associa\u00e7\u00e3o Devotos de F\u00e1tima\" \/>\n<meta property=\"article:published_time\" content=\"2018-03-31T03:00:53+00:00\" \/>\n<meta name=\"twitter:card\" content=\"summary_large_image\" \/>\n<meta name=\"twitter:label1\" content=\"Escrito por\" \/>\n\t<meta name=\"twitter:data1\" content=\"Gabriel Barbosa\" \/>\n\t<meta name=\"twitter:label2\" content=\"Est. tempo de leitura\" \/>\n\t<meta name=\"twitter:data2\" content=\"1 minuto\" \/>\n<script type=\"application\/ld+json\" class=\"yoast-schema-graph\">{\"@context\":\"https:\/\/schema.org\",\"@graph\":[{\"@type\":\"WebSite\",\"@id\":\"https:\/\/www.adf.org.br\/home\/#website\",\"url\":\"https:\/\/www.adf.org.br\/home\/\",\"name\":\"Associa\\u00e7\\u00e3o Devotos de F\\u00e1tima\",\"description\":\"Associa\\u00e7\\u00e3o Devotos de F\\u00e1tima\",\"potentialAction\":[{\"@type\":\"SearchAction\",\"target\":{\"@type\":\"EntryPoint\",\"urlTemplate\":\"https:\/\/www.adf.org.br\/home\/?s={search_term_string}\"},\"query-input\":\"required name=search_term_string\"}],\"inLanguage\":\"pt-BR\"},{\"@type\":\"ImageObject\",\"@id\":\"https:\/\/www.adf.org.br\/home\/nosso-senhor-morreu-na-cruz\/#primaryimage\",\"inLanguage\":\"pt-BR\",\"url\":\"\",\"contentUrl\":\"\"},{\"@type\":\"WebPage\",\"@id\":\"https:\/\/www.adf.org.br\/home\/nosso-senhor-morreu-na-cruz\/#webpage\",\"url\":\"https:\/\/www.adf.org.br\/home\/nosso-senhor-morreu-na-cruz\/\",\"name\":\"Nosso Senhor morreu na Cruz \\u2013 as considera\\u00e7\\u00f5es S\\u00e1bado de Aleluia!\",\"isPartOf\":{\"@id\":\"https:\/\/www.adf.org.br\/home\/#website\"},\"primaryImageOfPage\":{\"@id\":\"https:\/\/www.adf.org.br\/home\/nosso-senhor-morreu-na-cruz\/#primaryimage\"},\"datePublished\":\"2018-03-31T03:00:53+00:00\",\"dateModified\":\"2018-03-31T03:00:53+00:00\",\"author\":{\"@id\":\"https:\/\/www.adf.org.br\/home\/#\/schema\/person\/f35a5c5aa7728a3dedf4ea9aa1fc2753\"},\"description\":\"Nosso Senhor j\\u00e1 morreu na Cruz \\u2013 quais s\\u00e3o as considera\\u00e7\\u00f5es para o S\\u00e1bado de Aleluia?\",\"breadcrumb\":{\"@id\":\"https:\/\/www.adf.org.br\/home\/nosso-senhor-morreu-na-cruz\/#breadcrumb\"},\"inLanguage\":\"pt-BR\",\"potentialAction\":[{\"@type\":\"ReadAction\",\"target\":[\"https:\/\/www.adf.org.br\/home\/nosso-senhor-morreu-na-cruz\/\"]}]},{\"@type\":\"BreadcrumbList\",\"@id\":\"https:\/\/www.adf.org.br\/home\/nosso-senhor-morreu-na-cruz\/#breadcrumb\",\"itemListElement\":[{\"@type\":\"ListItem\",\"position\":1,\"name\":\"Home\",\"item\":\"https:\/\/www.adf.org.br\/home\/\"},{\"@type\":\"ListItem\",\"position\":2,\"name\":\"Nosso Senhor j\\u00e1 morreu na Cruz \\u2013 quais s\\u00e3o as considera\\u00e7\\u00f5es para o S\\u00e1bado de Aleluia?\"}]},{\"@type\":\"Person\",\"@id\":\"https:\/\/www.adf.org.br\/home\/#\/schema\/person\/f35a5c5aa7728a3dedf4ea9aa1fc2753\",\"name\":\"Gabriel Barbosa\",\"image\":{\"@type\":\"ImageObject\",\"@id\":\"https:\/\/www.adf.org.br\/home\/#personlogo\",\"inLanguage\":\"pt-BR\",\"url\":\"https:\/\/secure.gravatar.com\/avatar\/2b2cb2f4637682c5605e8d36818f51ef?s=96&d=mm&r=g\",\"contentUrl\":\"https:\/\/secure.gravatar.com\/avatar\/2b2cb2f4637682c5605e8d36818f51ef?s=96&d=mm&r=g\",\"caption\":\"Gabriel Barbosa\"},\"url\":\"https:\/\/www.adf.org.br\/home\/author\/gabrielpmk-com-br\/\"}]}<\/script>\n<!-- \/ Yoast SEO plugin. -->","yoast_head_json":{"title":"Nosso Senhor morreu na Cruz \u2013 as considera\u00e7\u00f5es S\u00e1bado de Aleluia!","description":"Nosso Senhor j\u00e1 morreu na Cruz \u2013 quais s\u00e3o as considera\u00e7\u00f5es para o S\u00e1bado de Aleluia?","robots":{"index":"index","follow":"follow","max-snippet":"max-snippet:-1","max-image-preview":"max-image-preview:large","max-video-preview":"max-video-preview:-1"},"canonical":"https:\/\/www.adf.org.br\/home\/nosso-senhor-morreu-na-cruz\/","og_locale":"pt_BR","og_type":"article","og_title":"Nosso Senhor morreu na Cruz \u2013 as considera\u00e7\u00f5es S\u00e1bado de Aleluia!","og_description":"Nosso Senhor j\u00e1 morreu na Cruz \u2013 quais s\u00e3o as considera\u00e7\u00f5es para o S\u00e1bado de Aleluia?","og_url":"https:\/\/www.adf.org.br\/home\/nosso-senhor-morreu-na-cruz\/","og_site_name":"Associa\u00e7\u00e3o Devotos de F\u00e1tima","article_published_time":"2018-03-31T03:00:53+00:00","twitter_card":"summary_large_image","twitter_misc":{"Escrito por":"Gabriel Barbosa","Est. tempo de leitura":"1 minuto"},"schema":{"@context":"https:\/\/schema.org","@graph":[{"@type":"WebSite","@id":"https:\/\/www.adf.org.br\/home\/#website","url":"https:\/\/www.adf.org.br\/home\/","name":"Associa\u00e7\u00e3o Devotos de F\u00e1tima","description":"Associa\u00e7\u00e3o Devotos de F\u00e1tima","potentialAction":[{"@type":"SearchAction","target":{"@type":"EntryPoint","urlTemplate":"https:\/\/www.adf.org.br\/home\/?s={search_term_string}"},"query-input":"required name=search_term_string"}],"inLanguage":"pt-BR"},{"@type":"ImageObject","@id":"https:\/\/www.adf.org.br\/home\/nosso-senhor-morreu-na-cruz\/#primaryimage","inLanguage":"pt-BR","url":"","contentUrl":""},{"@type":"WebPage","@id":"https:\/\/www.adf.org.br\/home\/nosso-senhor-morreu-na-cruz\/#webpage","url":"https:\/\/www.adf.org.br\/home\/nosso-senhor-morreu-na-cruz\/","name":"Nosso Senhor morreu na Cruz \u2013 as considera\u00e7\u00f5es S\u00e1bado de Aleluia!","isPartOf":{"@id":"https:\/\/www.adf.org.br\/home\/#website"},"primaryImageOfPage":{"@id":"https:\/\/www.adf.org.br\/home\/nosso-senhor-morreu-na-cruz\/#primaryimage"},"datePublished":"2018-03-31T03:00:53+00:00","dateModified":"2018-03-31T03:00:53+00:00","author":{"@id":"https:\/\/www.adf.org.br\/home\/#\/schema\/person\/f35a5c5aa7728a3dedf4ea9aa1fc2753"},"description":"Nosso Senhor j\u00e1 morreu na Cruz \u2013 quais s\u00e3o as considera\u00e7\u00f5es para o S\u00e1bado de Aleluia?","breadcrumb":{"@id":"https:\/\/www.adf.org.br\/home\/nosso-senhor-morreu-na-cruz\/#breadcrumb"},"inLanguage":"pt-BR","potentialAction":[{"@type":"ReadAction","target":["https:\/\/www.adf.org.br\/home\/nosso-senhor-morreu-na-cruz\/"]}]},{"@type":"BreadcrumbList","@id":"https:\/\/www.adf.org.br\/home\/nosso-senhor-morreu-na-cruz\/#breadcrumb","itemListElement":[{"@type":"ListItem","position":1,"name":"Home","item":"https:\/\/www.adf.org.br\/home\/"},{"@type":"ListItem","position":2,"name":"Nosso Senhor j\u00e1 morreu na Cruz \u2013 quais s\u00e3o as considera\u00e7\u00f5es para o S\u00e1bado de Aleluia?"}]},{"@type":"Person","@id":"https:\/\/www.adf.org.br\/home\/#\/schema\/person\/f35a5c5aa7728a3dedf4ea9aa1fc2753","name":"Gabriel Barbosa","image":{"@type":"ImageObject","@id":"https:\/\/www.adf.org.br\/home\/#personlogo","inLanguage":"pt-BR","url":"https:\/\/secure.gravatar.com\/avatar\/2b2cb2f4637682c5605e8d36818f51ef?s=96&d=mm&r=g","contentUrl":"https:\/\/secure.gravatar.com\/avatar\/2b2cb2f4637682c5605e8d36818f51ef?s=96&d=mm&r=g","caption":"Gabriel Barbosa"},"url":"https:\/\/www.adf.org.br\/home\/author\/gabrielpmk-com-br\/"}]}},"_links":{"self":[{"href":"https:\/\/www.adf.org.br\/home\/wp-json\/wp\/v2\/posts\/38442"}],"collection":[{"href":"https:\/\/www.adf.org.br\/home\/wp-json\/wp\/v2\/posts"}],"about":[{"href":"https:\/\/www.adf.org.br\/home\/wp-json\/wp\/v2\/types\/post"}],"author":[{"embeddable":true,"href":"https:\/\/www.adf.org.br\/home\/wp-json\/wp\/v2\/users\/31"}],"replies":[{"embeddable":true,"href":"https:\/\/www.adf.org.br\/home\/wp-json\/wp\/v2\/comments?post=38442"}],"version-history":[{"count":0,"href":"https:\/\/www.adf.org.br\/home\/wp-json\/wp\/v2\/posts\/38442\/revisions"}],"wp:featuredmedia":[{"embeddable":true,"href":"https:\/\/www.adf.org.br\/home\/wp-json\/wp\/v2\/media\/46359"}],"wp:attachment":[{"href":"https:\/\/www.adf.org.br\/home\/wp-json\/wp\/v2\/media?parent=38442"}],"wp:term":[{"taxonomy":"category","embeddable":true,"href":"https:\/\/www.adf.org.br\/home\/wp-json\/wp\/v2\/categories?post=38442"},{"taxonomy":"post_tag","embeddable":true,"href":"https:\/\/www.adf.org.br\/home\/wp-json\/wp\/v2\/tags?post=38442"}],"curies":[{"name":"wp","href":"https:\/\/api.w.org\/{rel}","templated":true}]}}