{"id":3844,"date":"2010-04-16T00:01:04","date_gmt":"2010-04-16T03:01:04","guid":{"rendered":"http:\/\/www.adf.org.br\/home\/?p=3844"},"modified":"2020-06-09T11:51:26","modified_gmt":"2020-06-09T14:51:26","slug":"inclua-seu-nome-no-abaixo-assinado-de-apoio-a-bento-xvi","status":"publish","type":"post","link":"https:\/\/www.adf.org.br\/home\/inclua-seu-nome-no-abaixo-assinado-de-apoio-a-bento-xvi\/","title":{"rendered":"Cat\u00f3licos precisam se unir em defesa da Igreja"},"content":{"rendered":"<figure id=\"attachment_3922\" aria-describedby=\"caption-attachment-3922\" style=\"width: 600px\" class=\"wp-caption aligncenter\"><a href=\"http:\/\/www.ipco.org.br\/home\/seu-apoio-a-igreja\"><img loading=\"lazy\" class=\"size-full wp-image-3922 \" title=\"Abaixo Assinado\" src=\"http:\/\/www.adf.org.br\/home\/wp-content\/uploads\/2010\/04\/Abaixo-Assinado.jpg\" alt=\"N\u00e3o podemos ficar calados. Participe e divulgue.\" width=\"600\" height=\"200\" srcset=\"https:\/\/www.adf.org.br\/home\/wp-content\/uploads\/2010\/04\/Abaixo-Assinado.jpg 600w, https:\/\/www.adf.org.br\/home\/wp-content\/uploads\/2010\/04\/Abaixo-Assinado-300x100.jpg 300w\" sizes=\"(max-width: 600px) 100vw, 600px\" \/><\/a><figcaption id=\"caption-attachment-3922\" class=\"wp-caption-text\">N\u00e3o podemos ficar calados. Participe e divulgue.<\/figcaption><\/figure>\n<p><br class=\"spacer_\" \/><\/p>\n<p><br class=\"spacer_\" \/><\/p>\n<p style=\"font-family: Courier New, Courier, mono;\"><span style=\"font-size: small;\"><span style=\"color: #000080;\"> S\u00e3o Paulo, 15 de abril de 2010<\/span><\/span><\/p>\n<p style=\"font-family: Courier New, Courier, mono;\"><span style=\"font-size: small;\"><span style=\"color: #000080;\"> <\/span><\/span><\/p>\n<p><span style=\"color: #000080;\"><br class=\"spacer_\" \/><\/span><\/p>\n<p style=\"font-family: Courier New, Courier, mono;\"><span style=\"font-size: medium;\"><span style=\"font-size: small;\"><span style=\"color: #000080;\"> Queridos (as) amigos (as) da Associa\u00e7\u00e3o Devotos de F\u00e1tima,<\/span><\/span><\/span><\/p>\n<p style=\"font-family: Courier New, Courier, mono;\"><span style=\"font-size: medium;\"><span style=\"font-size: small;\"><span style=\"color: #000080;\"><br \/>\n <\/span><\/span><\/span><\/p>\n<p style=\"font-family: Courier New, Courier, mono;\"><span style=\"font-size: medium;\"><span style=\"font-size: small;\"><span style=\"color: #000080;\"> Decidi escrever esta mensagem em nosso site, pois, com toda sinceridade, <\/span><strong><span style=\"color: #ff0000;\">acho que n\u00e3o temos mais o direito de ficar em sil\u00eancio<\/span><\/strong><span style=\"color: #000080;\">.<\/span><\/span><\/span><\/p>\n<p style=\"font-family: Courier New, Courier, mono;\"><span style=\"font-size: medium;\"><span style=\"font-size: small;\"><span style=\"color: #000080;\"> Imagino que voc\u00ea tem acompanhado as not\u00edcias\u00a0dos jornais. Dia ap\u00f3s dia, os perseguidores da Santa Igreja est\u00e3o atacando e violentando nossa F\u00e9.<\/span><\/span><\/span><\/p>\n<p style=\"font-family: Courier New, Courier, mono;\"><span style=\"font-size: medium;\"><span style=\"font-size: small;\"><span style=\"color: #000080;\"> E, para atingir este objetivo, eles t\u00eam disseminado <\/span><\/span><span style=\"font-size: small;\"><span style=\"color: #000080;\">uma enxurrada de cal\u00fanias covardes na m\u00eddia contra a dignidade do Papa<\/span><\/span><span style=\"font-size: small;\"><span style=\"color: #000080;\">, usando de pretexto exemplos pontuais de maus padres.<\/span><\/span><\/span><\/p>\n<p style=\"font-family: Courier New, Courier, mono;\"><span style=\"font-size: medium;\"><span style=\"font-size: small;\"><span style=\"color: #000080;\"> Mas, sabe o que \u00e9 o pior de tudo?<\/span><\/span><\/span><\/p>\n<p style=\"font-family: Courier New, Courier, mono;\"><span style=\"font-size: medium;\"><span style=\"font-size: small;\"><span style=\"color: #ff0000;\"> \u00c9 a falta de rea\u00e7\u00e3o de certos meios cat\u00f3licos. <\/span><\/span><\/span><\/p>\n<p style=\"font-family: Courier New, Courier, mono;\"><span style=\"font-size: medium;\"><span style=\"font-size: small;\"><span style=\"color: #000080;\"> O normal seria que num momento desses todos se levantassem em defesa do Vig\u00e1rio de Cristo, usando de todos os meios l\u00edcitos para isso. Os jornalistas cat\u00f3licos deveriam escrever, os pol\u00edticos cat\u00f3licos deveriam se manifestar, os religiosos articularem suas par\u00f3quias&#8230;<\/span><\/span><\/span><\/p>\n<p style=\"font-family: Courier New, Courier, mono;\"><span style=\"font-size: medium;\"><span style=\"font-size: small;\"><span style=\"color: #000080;\"> Mas o que \u00e9 estamos vendo: apenas uma ou outra rea\u00e7\u00e3o de segmentos isolados da sociedade. <\/span><\/span><\/span><\/p>\n<p style=\"font-family: Courier New, Courier, mono;\"><span style=\"font-size: medium;\"><span style=\"font-size: small;\"><strong><span style=\"font-size: small;\"><span style=\"color: #ff0000;\"> Ora, somos ou n\u00e3o somos um pa\u00eds predominantemente cat\u00f3lico? <\/span><\/span><\/strong><\/span><\/span><\/p>\n<p style=\"font-family: Courier New, Courier, mono;\"><span style=\"font-size: medium;\"><span style=\"font-size: small;\"><strong><span style=\"font-size: small;\"><span style=\"color: #ff0000;\"> V<\/span><\/span><strong><span style=\"font-size: small;\"><span style=\"color: #ff0000;\">amos ficar calados, assistindo esta viol\u00eancia b\u00e1rbara contra o Papa e a Santa Igreja?<\/span><\/span><\/strong><\/strong><\/span><\/span><\/p>\n<p align=\"center\"><strong><span style=\"font-size: small;\"><span style=\"color: #000080;\">N\u00c3O! <\/span><\/span><\/strong><\/p>\n<p style=\"font-family: Courier New, Courier, mono;\" align=\"center\"><span style=\"font-size: medium;\"><strong><span style=\"font-size: small;\"><span style=\"color: #000080;\">EM S\u00c3 CONSCI\u00caNCIA<\/span><\/span><\/strong><strong><span style=\"font-size: small;\"><span style=\"color: #000080;\">, N\u00c3O PODEMOS!<\/span><\/span><\/strong><\/span><\/p>\n<p style=\"font-family: Courier New, Courier, mono;\"><span style=\"font-size: small;\"><span style=\"color: #000080;\"> E digo ainda que, para um Devoto de F\u00e1tima, esta omiss\u00e3o seria ainda mais s\u00e9ria, pois seria como ignorar a vis\u00e3o prof\u00e9tica que Jacinta, a menina vidente de F\u00e1tima, relatada pelas palavras abaixo:<\/span><\/span><\/p>\n<p style=\"font-family: 'Courier New', Courier, mono; padding-left: 90px;\"><span style=\"font-size: small;\"><span style=\"color: #ff0000;\"> \u201cEu vi o Santo Padre numa casa muito grande, de joelhos diante de uma mesa, com as m\u00e3os no rosto a chorar; fora da casa estava muita gente e uns atiravam-lhe pedras, outros rogavam-lhe pragas e diziam-lhe muitas palavras feias. Coitadinho do Santo Padre, temos que pedir muito por ele!\u201d<\/span><\/span><\/p>\n<p style=\"font-family: Courier New, Courier, mono;\"><span style=\"font-size: small;\"><span style=\"color: #000080;\"> Amigos (as), n\u00e3o podemos virar as costas para o Santo Padre. Por isso, estou contando com seu amor \u00e0 Santa Igreja para fazermos\u00a0o seguinte:<\/span><\/span><\/p>\n<p style=\"font-family: Courier New, Courier, mono;\"><strong><span style=\"font-size: small;\"><span style=\"font-size: small;\"><span style=\"color: #ff0000;\"> Inclua seu nome agora neste abaixo-assinado em defesa do Papa, promovido pelo Instituto Plinio Corr\u00eaa de Oliveira<\/span><\/span><span style=\"font-size: small;\"><span style=\"color: #ff0000;\">. <\/span><\/span><\/span><\/strong><strong><span style=\"font-size: medium;\"><a href=\"http:\/\/www.ipco.org.br\/home\/seu-apoio-a-igreja?origem=90\"><span style=\"font-size: small;\"><span style=\"color: #ff0000;\">Voc\u00ea pode fazer isto, clicando no bot\u00e3o abaixo<\/span><\/span><\/a><\/span><\/strong><span style=\"font-size: small;\"><span style=\"color: #000080;\"> (a p\u00e1gina que abrir\u00e1 \u00e9 totalmente segura).<\/span><\/span><\/p>\n<p style=\"font-family: Courier New, Courier, mono;\"><span style=\"font-size: medium;\"><span style=\"font-size: small;\"><span style=\"color: #000080;\"> Eles levar\u00e3o este abaixo-assinado <\/span><\/span><span style=\"font-size: small;\"><span style=\"color: #000080;\">ao Vaticano, como s\u00edmbolo do apoio dos brasileiros ao Papa e \u00e0 Santa Igreja Cat\u00f3lica Apost\u00f3lica Romana<\/span><\/span><span style=\"font-size: small;\"><span style=\"color: #000080;\">.<\/span><\/span><\/span><\/p>\n<p style=\"font-family: Courier New, Courier, mono;\"><span style=\"font-size: small;\"><span style=\"color: #000080;\"> Por favor, <\/span><\/span><a href=\"http:\/\/www.ipco.org.br\/home\/seu-apoio-a-igreja?origem=90\" target=\"_blank\" rel=\"noopener noreferrer\"><strong><span style=\"font-size: small;\"><span style=\"color: #ff0000;\">inclua agora seu nome neste abaixo-assinado, clicando em qualquer um dos bot\u00f5es como este abaixo.<\/span><\/span><\/strong><\/a><strong><span style=\"font-size: small;\"><span style=\"color: #000080;\"> \u00c9 muito simples\u00a0e r\u00e1pido.<\/span><\/span><\/strong><\/p>\n<p style=\"font-family: Courier New, Courier, mono;\"><strong><span style=\"font-size: small;\"><span style=\"color: #000080;\"><br \/>\n <\/span><\/span><\/strong><\/p>\n<p style=\"text-align: center;\"><a href=\"http:\/\/www.ipco.org.br\/home\/seu-apoio-a-igreja\" target=\"blank\" rel=\"noopener noreferrer\"><img class=\"aligncenter\" src=\"http:\/\/www.ipco.org.br\/home\/emkt\/images_teaser_adf\/botao2.jpg\" border=\"0\" alt=\"\" align=\"center\" \/><\/a><\/p>\n<p style=\"font-family: Courier New, Courier, mono;\">\u00a0<\/p>\n<p style=\"font-family: Courier New, Courier, mono;\"><span style=\"font-size: small;\"><span style=\"color: #000080;\"> Mas, preciso ainda lhe fazer um pedido:<\/span><\/span><\/p>\n<p style=\"font-family: Courier New, Courier, mono;\"><span style=\"font-size: medium;\"><span style=\"font-size: small;\"><span style=\"color: #000080;\"> Depois de confirmar sua assinatura neste abaixo-assinado, <\/span><\/span><strong><span style=\"font-size: small;\"><span style=\"font-size: small;\"><span style=\"color: #ff0000;\">convoque seus amigos cat\u00f3licos ou quem desejar para fazer o mesmo que voc\u00ea fez<\/span><\/span><\/span><\/strong><span style=\"font-size: small;\"><span style=\"color: #ff0000;\">.<\/span><\/span><\/span><\/p>\n<p style=\"font-family: Courier New, Courier, mono;\"><strong><span style=\"font-size: small;\"><span style=\"color: #000080;\"> <a href=\"http:\/\/www.ipco.org.br\/home\/passe-a-diante-sua-solidariedade-ao-papa?origem=90\" target=\"_blank\" rel=\"noopener noreferrer\">Indique no m\u00ednimo 5 pessoas na p\u00e1gina que abrir\u00e1 aqui<\/a><\/span><\/span><\/strong><span style=\"font-size: small;\"><span style=\"color: #000080;\"> (basta incluir o nome e o e-mail de cada uma delas). Repita a opera\u00e7\u00e3o quantas vezes puder.<\/span><\/span><\/p>\n<p style=\"font-family: Courier New, Courier, mono;\"><span style=\"font-size: small;\"><span style=\"color: #000080;\"> Se escolhi este espa\u00e7o para escrever esta mensagem, \u00e9 porque <span style=\"color: #ff0000;\">confio demais no apoio e na solidariedade de todos voc\u00eas<\/span>, que tanto t\u00eam feito para que este apostolado se fortale\u00e7a e possamos difundir a mensagem de Nossa Senhora de F\u00e1tima e as apari\u00e7\u00f5es da Medalha Milagrosa.<\/span><\/span><\/p>\n<p style=\"font-family: Courier New,Courier,mono;\"><span style=\"color: #008000;\"><strong>LEMBRE-SE: Para assinar este abaixo-assinado em solidariedade ao Papa, n\u00e3o adianta apenas deixar seu coment\u00e1rio nesta mat\u00e9ria.<\/strong> <a href=\"http:\/\/www.ipco.org.br\/home\/seu-apoio-a-igreja?origem=91\"><strong>\u00c9 PRECISO INCLUIR SEU NOME NA P\u00c1GINA DO INSTITUTO, CLICANDO AQUI.<\/strong><\/a><\/span><\/p>\n<p style=\"font-family: Courier New, Courier, mono;\"><span style=\"font-size: small;\"><span style=\"color: #000080;\"> Se os perseguidores do Papa e da Santa Igreja acham que v\u00e3o nos silenciar, vamos mostrar o contr\u00e1rio a eles.<\/span><\/span><\/p>\n<p style=\"text-align: center; font-family: Courier New, Courier, mono;\"><span style=\"font-size: small;\"><span style=\"color: #000080;\"> <\/span><\/span><\/p>\n<p style=\"font-family: Courier New, Courier, mono;\">\u00a0<\/p>\n<p style=\"font-family: Courier New, Courier, mono;\"><span style=\"font-size: medium;\"><span style=\"font-size: small;\"><span style=\"color: #000080;\"><img loading=\"lazy\" class=\"alignleft size-thumbnail wp-image-3931\" title=\"marcos luiz garcia\" src=\"http:\/\/www.adf.org.br\/home\/wp-content\/uploads\/2010\/04\/marcos-luiz-garcia-150x150.jpg\" alt=\"marcos luiz garcia\" width=\"150\" height=\"150\" \/>Em Jesus e Maria,<\/span><\/span><\/span><\/p>\n<p style=\"text-align: left;\"><span style=\"font-family: Courier New, Courier, mono;\"><span style=\"font-size: medium;\"><span style=\"font-size: small;\"><em><span style=\"font-size: medium;\"><span style=\"color: #0000ff;\"><span style=\"font-size: small;\"><span style=\"color: #000080;\"><span style=\"font-size: large;\"><strong> Marcos Luiz Garcia<\/strong><\/span><\/span><\/span><\/span><\/span><\/em><\/span><span style=\"font-size: small;\"><span style=\"color: #000080;\"><br \/>\n Orientador e Conselheiro de Campanhas<br \/>\n Associa\u00e7\u00e3o Devotos de F\u00e1tima<\/span><\/span><\/span><\/span><\/p>\n<p style=\"text-align: left;\"><span style=\"font-size: small;\"><span style=\"font-size: small;\"><br \/>\n <\/span> <\/span><\/p>\n<p><span style=\"font-size: medium;\"><span style=\"font-size: small;\"> <\/span><\/span><\/p>\n<p><span style=\"font-size: small;\"><br class=\"spacer_\" \/><\/span><\/p>\n<p><br class=\"spacer_\" \/><\/p>\n","protected":false},"excerpt":{"rendered":"<p>S\u00e3o Paulo, 15 de abril de 2010 Queridos (as) amigos (as) da Associa\u00e7\u00e3o Devotos de F\u00e1tima, Decidi escrever esta mensagem em nosso site, pois, com toda sinceridade, acho que n\u00e3o temos mais o direito de ficar em sil\u00eancio. Imagino que voc\u00ea tem acompanhado as not\u00edcias\u00a0dos jornais. Dia ap\u00f3s dia, os perseguidores da Santa Igreja est\u00e3o [&hellip;]<\/p>\n","protected":false},"author":27,"featured_media":0,"comment_status":"open","ping_status":"open","sticky":false,"template":"","format":"standard","meta":[],"categories":[20,126],"tags":[120,125,127,128],"yoast_head":"<!-- This site is optimized with the Yoast SEO plugin v17.4 - https:\/\/yoast.com\/wordpress\/plugins\/seo\/ -->\n<title>Cat\u00f3licos precisam se unir em defesa da Igreja - Associa\u00e7\u00e3o Devotos de F\u00e1tima<\/title>\n<meta name=\"robots\" content=\"index, follow, max-snippet:-1, max-image-preview:large, max-video-preview:-1\" \/>\n<link rel=\"canonical\" href=\"https:\/\/www.adf.org.br\/home\/inclua-seu-nome-no-abaixo-assinado-de-apoio-a-bento-xvi\/\" \/>\n<meta property=\"og:locale\" content=\"pt_BR\" \/>\n<meta property=\"og:type\" content=\"article\" \/>\n<meta property=\"og:title\" content=\"Cat\u00f3licos precisam se unir em defesa da Igreja - Associa\u00e7\u00e3o Devotos de F\u00e1tima\" \/>\n<meta property=\"og:description\" content=\"S\u00e3o Paulo, 15 de abril de 2010 Queridos (as) amigos (as) da Associa\u00e7\u00e3o Devotos de F\u00e1tima, Decidi escrever esta mensagem em nosso site, pois, com toda sinceridade, acho que n\u00e3o temos mais o direito de ficar em sil\u00eancio. Imagino que voc\u00ea tem acompanhado as not\u00edcias\u00a0dos jornais. Dia ap\u00f3s dia, os perseguidores da Santa Igreja est\u00e3o [&hellip;]\" \/>\n<meta property=\"og:url\" content=\"https:\/\/www.adf.org.br\/home\/inclua-seu-nome-no-abaixo-assinado-de-apoio-a-bento-xvi\/\" \/>\n<meta property=\"og:site_name\" content=\"Associa\u00e7\u00e3o Devotos de F\u00e1tima\" \/>\n<meta property=\"article:published_time\" content=\"2010-04-16T03:01:04+00:00\" \/>\n<meta property=\"article:modified_time\" content=\"2020-06-09T14:51:26+00:00\" \/>\n<meta property=\"og:image\" content=\"http:\/\/www.adf.org.br\/home\/wp-content\/uploads\/2010\/04\/Abaixo-Assinado.jpg\" \/>\n<meta name=\"twitter:card\" content=\"summary_large_image\" \/>\n<meta name=\"twitter:label1\" content=\"Escrito por\" \/>\n\t<meta name=\"twitter:data1\" content=\"Gabriel Barbosa\" \/>\n\t<meta name=\"twitter:label2\" content=\"Est. tempo de leitura\" \/>\n\t<meta name=\"twitter:data2\" content=\"3 minutos\" \/>\n<script type=\"application\/ld+json\" class=\"yoast-schema-graph\">{\"@context\":\"https:\/\/schema.org\",\"@graph\":[{\"@type\":\"WebSite\",\"@id\":\"https:\/\/www.adf.org.br\/home\/#website\",\"url\":\"https:\/\/www.adf.org.br\/home\/\",\"name\":\"Associa\\u00e7\\u00e3o Devotos de F\\u00e1tima\",\"description\":\"Associa\\u00e7\\u00e3o Devotos de F\\u00e1tima\",\"potentialAction\":[{\"@type\":\"SearchAction\",\"target\":{\"@type\":\"EntryPoint\",\"urlTemplate\":\"https:\/\/www.adf.org.br\/home\/?s={search_term_string}\"},\"query-input\":\"required name=search_term_string\"}],\"inLanguage\":\"pt-BR\"},{\"@type\":\"ImageObject\",\"@id\":\"https:\/\/www.adf.org.br\/home\/inclua-seu-nome-no-abaixo-assinado-de-apoio-a-bento-xvi\/#primaryimage\",\"inLanguage\":\"pt-BR\",\"url\":\"http:\/\/www.adf.org.br\/home\/wp-content\/uploads\/2010\/04\/Abaixo-Assinado.jpg\",\"contentUrl\":\"http:\/\/www.adf.org.br\/home\/wp-content\/uploads\/2010\/04\/Abaixo-Assinado.jpg\"},{\"@type\":\"WebPage\",\"@id\":\"https:\/\/www.adf.org.br\/home\/inclua-seu-nome-no-abaixo-assinado-de-apoio-a-bento-xvi\/#webpage\",\"url\":\"https:\/\/www.adf.org.br\/home\/inclua-seu-nome-no-abaixo-assinado-de-apoio-a-bento-xvi\/\",\"name\":\"Cat\\u00f3licos precisam se unir em defesa da Igreja - Associa\\u00e7\\u00e3o Devotos de F\\u00e1tima\",\"isPartOf\":{\"@id\":\"https:\/\/www.adf.org.br\/home\/#website\"},\"primaryImageOfPage\":{\"@id\":\"https:\/\/www.adf.org.br\/home\/inclua-seu-nome-no-abaixo-assinado-de-apoio-a-bento-xvi\/#primaryimage\"},\"datePublished\":\"2010-04-16T03:01:04+00:00\",\"dateModified\":\"2020-06-09T14:51:26+00:00\",\"author\":{\"@id\":\"https:\/\/www.adf.org.br\/home\/#\/schema\/person\/affa494ecf91434f3620f5392de44327\"},\"breadcrumb\":{\"@id\":\"https:\/\/www.adf.org.br\/home\/inclua-seu-nome-no-abaixo-assinado-de-apoio-a-bento-xvi\/#breadcrumb\"},\"inLanguage\":\"pt-BR\",\"potentialAction\":[{\"@type\":\"ReadAction\",\"target\":[\"https:\/\/www.adf.org.br\/home\/inclua-seu-nome-no-abaixo-assinado-de-apoio-a-bento-xvi\/\"]}]},{\"@type\":\"BreadcrumbList\",\"@id\":\"https:\/\/www.adf.org.br\/home\/inclua-seu-nome-no-abaixo-assinado-de-apoio-a-bento-xvi\/#breadcrumb\",\"itemListElement\":[{\"@type\":\"ListItem\",\"position\":1,\"name\":\"Home\",\"item\":\"https:\/\/www.adf.org.br\/home\/\"},{\"@type\":\"ListItem\",\"position\":2,\"name\":\"Cat\\u00f3licos precisam se unir em defesa da Igreja\"}]},{\"@type\":\"Person\",\"@id\":\"https:\/\/www.adf.org.br\/home\/#\/schema\/person\/affa494ecf91434f3620f5392de44327\",\"name\":\"Gabriel Barbosa\",\"image\":{\"@type\":\"ImageObject\",\"@id\":\"https:\/\/www.adf.org.br\/home\/#personlogo\",\"inLanguage\":\"pt-BR\",\"url\":\"https:\/\/secure.gravatar.com\/avatar\/ecf2eab02e30486a7038f8b2858de06a?s=96&d=mm&r=g\",\"contentUrl\":\"https:\/\/secure.gravatar.com\/avatar\/ecf2eab02e30486a7038f8b2858de06a?s=96&d=mm&r=g\",\"caption\":\"Gabriel Barbosa\"},\"url\":\"https:\/\/www.adf.org.br\/home\/author\/gabriel-aascj\/\"}]}<\/script>\n<!-- \/ Yoast SEO plugin. -->","yoast_head_json":{"title":"Cat\u00f3licos precisam se unir em defesa da Igreja - Associa\u00e7\u00e3o Devotos de F\u00e1tima","robots":{"index":"index","follow":"follow","max-snippet":"max-snippet:-1","max-image-preview":"max-image-preview:large","max-video-preview":"max-video-preview:-1"},"canonical":"https:\/\/www.adf.org.br\/home\/inclua-seu-nome-no-abaixo-assinado-de-apoio-a-bento-xvi\/","og_locale":"pt_BR","og_type":"article","og_title":"Cat\u00f3licos precisam se unir em defesa da Igreja - Associa\u00e7\u00e3o Devotos de F\u00e1tima","og_description":"S\u00e3o Paulo, 15 de abril de 2010 Queridos (as) amigos (as) da Associa\u00e7\u00e3o Devotos de F\u00e1tima, Decidi escrever esta mensagem em nosso site, pois, com toda sinceridade, acho que n\u00e3o temos mais o direito de ficar em sil\u00eancio. Imagino que voc\u00ea tem acompanhado as not\u00edcias\u00a0dos jornais. Dia ap\u00f3s dia, os perseguidores da Santa Igreja est\u00e3o [&hellip;]","og_url":"https:\/\/www.adf.org.br\/home\/inclua-seu-nome-no-abaixo-assinado-de-apoio-a-bento-xvi\/","og_site_name":"Associa\u00e7\u00e3o Devotos de F\u00e1tima","article_published_time":"2010-04-16T03:01:04+00:00","article_modified_time":"2020-06-09T14:51:26+00:00","og_image":[{"url":"http:\/\/www.adf.org.br\/home\/wp-content\/uploads\/2010\/04\/Abaixo-Assinado.jpg"}],"twitter_card":"summary_large_image","twitter_misc":{"Escrito por":"Gabriel Barbosa","Est. tempo de leitura":"3 minutos"},"schema":{"@context":"https:\/\/schema.org","@graph":[{"@type":"WebSite","@id":"https:\/\/www.adf.org.br\/home\/#website","url":"https:\/\/www.adf.org.br\/home\/","name":"Associa\u00e7\u00e3o Devotos de F\u00e1tima","description":"Associa\u00e7\u00e3o Devotos de F\u00e1tima","potentialAction":[{"@type":"SearchAction","target":{"@type":"EntryPoint","urlTemplate":"https:\/\/www.adf.org.br\/home\/?s={search_term_string}"},"query-input":"required name=search_term_string"}],"inLanguage":"pt-BR"},{"@type":"ImageObject","@id":"https:\/\/www.adf.org.br\/home\/inclua-seu-nome-no-abaixo-assinado-de-apoio-a-bento-xvi\/#primaryimage","inLanguage":"pt-BR","url":"http:\/\/www.adf.org.br\/home\/wp-content\/uploads\/2010\/04\/Abaixo-Assinado.jpg","contentUrl":"http:\/\/www.adf.org.br\/home\/wp-content\/uploads\/2010\/04\/Abaixo-Assinado.jpg"},{"@type":"WebPage","@id":"https:\/\/www.adf.org.br\/home\/inclua-seu-nome-no-abaixo-assinado-de-apoio-a-bento-xvi\/#webpage","url":"https:\/\/www.adf.org.br\/home\/inclua-seu-nome-no-abaixo-assinado-de-apoio-a-bento-xvi\/","name":"Cat\u00f3licos precisam se unir em defesa da Igreja - Associa\u00e7\u00e3o Devotos de F\u00e1tima","isPartOf":{"@id":"https:\/\/www.adf.org.br\/home\/#website"},"primaryImageOfPage":{"@id":"https:\/\/www.adf.org.br\/home\/inclua-seu-nome-no-abaixo-assinado-de-apoio-a-bento-xvi\/#primaryimage"},"datePublished":"2010-04-16T03:01:04+00:00","dateModified":"2020-06-09T14:51:26+00:00","author":{"@id":"https:\/\/www.adf.org.br\/home\/#\/schema\/person\/affa494ecf91434f3620f5392de44327"},"breadcrumb":{"@id":"https:\/\/www.adf.org.br\/home\/inclua-seu-nome-no-abaixo-assinado-de-apoio-a-bento-xvi\/#breadcrumb"},"inLanguage":"pt-BR","potentialAction":[{"@type":"ReadAction","target":["https:\/\/www.adf.org.br\/home\/inclua-seu-nome-no-abaixo-assinado-de-apoio-a-bento-xvi\/"]}]},{"@type":"BreadcrumbList","@id":"https:\/\/www.adf.org.br\/home\/inclua-seu-nome-no-abaixo-assinado-de-apoio-a-bento-xvi\/#breadcrumb","itemListElement":[{"@type":"ListItem","position":1,"name":"Home","item":"https:\/\/www.adf.org.br\/home\/"},{"@type":"ListItem","position":2,"name":"Cat\u00f3licos precisam se unir em defesa da Igreja"}]},{"@type":"Person","@id":"https:\/\/www.adf.org.br\/home\/#\/schema\/person\/affa494ecf91434f3620f5392de44327","name":"Gabriel Barbosa","image":{"@type":"ImageObject","@id":"https:\/\/www.adf.org.br\/home\/#personlogo","inLanguage":"pt-BR","url":"https:\/\/secure.gravatar.com\/avatar\/ecf2eab02e30486a7038f8b2858de06a?s=96&d=mm&r=g","contentUrl":"https:\/\/secure.gravatar.com\/avatar\/ecf2eab02e30486a7038f8b2858de06a?s=96&d=mm&r=g","caption":"Gabriel Barbosa"},"url":"https:\/\/www.adf.org.br\/home\/author\/gabriel-aascj\/"}]}},"_links":{"self":[{"href":"https:\/\/www.adf.org.br\/home\/wp-json\/wp\/v2\/posts\/3844"}],"collection":[{"href":"https:\/\/www.adf.org.br\/home\/wp-json\/wp\/v2\/posts"}],"about":[{"href":"https:\/\/www.adf.org.br\/home\/wp-json\/wp\/v2\/types\/post"}],"author":[{"embeddable":true,"href":"https:\/\/www.adf.org.br\/home\/wp-json\/wp\/v2\/users\/27"}],"replies":[{"embeddable":true,"href":"https:\/\/www.adf.org.br\/home\/wp-json\/wp\/v2\/comments?post=3844"}],"version-history":[{"count":1,"href":"https:\/\/www.adf.org.br\/home\/wp-json\/wp\/v2\/posts\/3844\/revisions"}],"predecessor-version":[{"id":59603,"href":"https:\/\/www.adf.org.br\/home\/wp-json\/wp\/v2\/posts\/3844\/revisions\/59603"}],"wp:attachment":[{"href":"https:\/\/www.adf.org.br\/home\/wp-json\/wp\/v2\/media?parent=3844"}],"wp:term":[{"taxonomy":"category","embeddable":true,"href":"https:\/\/www.adf.org.br\/home\/wp-json\/wp\/v2\/categories?post=3844"},{"taxonomy":"post_tag","embeddable":true,"href":"https:\/\/www.adf.org.br\/home\/wp-json\/wp\/v2\/tags?post=3844"}],"curies":[{"name":"wp","href":"https:\/\/api.w.org\/{rel}","templated":true}]}}