{"id":3823,"date":"2010-04-19T00:15:28","date_gmt":"2010-04-19T03:15:28","guid":{"rendered":"http:\/\/www.adf.org.br\/home\/?p=3823"},"modified":"2020-06-09T10:43:35","modified_gmt":"2020-06-09T13:43:35","slug":"catecismo-anti-aborto-instrumento-catolico-de-luta-ideologica-ii","status":"publish","type":"post","link":"https:\/\/www.adf.org.br\/home\/catecismo-anti-aborto-instrumento-catolico-de-luta-ideologica-ii\/","title":{"rendered":"Catecismo anti-aborto, instrumento cat\u00f3lico de luta ideol\u00f3gica &#8211; II"},"content":{"rendered":"<p>Continua\u00e7\u00e3o da entrevista com o Padre David Franccisquini, que lan\u00e7a livro anti-aborto.<\/p>\n<p><br class=\"spacer_\" \/><\/p>\n<p><strong> <\/strong><\/p>\n<figure id=\"attachment_3825\" aria-describedby=\"caption-attachment-3825\" style=\"width: 268px\" class=\"wp-caption alignleft\"><strong><strong><img loading=\"lazy\" class=\"size-medium wp-image-3825\" title=\"contra aborto\" src=\"http:\/\/www.adf.org.br\/home\/wp-content\/uploads\/2010\/04\/contra-aborto-268x300.jpg\" alt=\"\u201cNegar que os cat\u00f3licos tenham o direito de defender publicamente suas convic\u00e7\u00f5es, corresponde a afirmar que a liberdade religiosa n\u00e3o vale para eles\u201d\" width=\"268\" height=\"300\" srcset=\"https:\/\/www.adf.org.br\/home\/wp-content\/uploads\/2010\/04\/contra-aborto-268x300.jpg 268w, https:\/\/www.adf.org.br\/home\/wp-content\/uploads\/2010\/04\/contra-aborto.jpg 286w\" sizes=\"(max-width: 268px) 100vw, 268px\" \/><\/strong><\/strong><figcaption id=\"caption-attachment-3825\" class=\"wp-caption-text\">\u201cNegar que os cat\u00f3licos tenham o direito de defender publicamente suas convic\u00e7\u00f5es, corresponde a afirmar que a liberdade religiosa n\u00e3o vale para eles\u201d<\/figcaption><\/figure>\n<p><strong>Catolicismo: As seq\u00fcelas f\u00edsicas e psicol\u00f3gicas provocadas pelo aborto constituem outro ponto importante de seu livro. Poderia citar algumas dessas seq\u00fcelas?<\/strong><\/p>\n<p><span style=\"text-decoration: underline;\">Pe. David Francisquini:<\/span> As conseq\u00fcencias org\u00e2nicas mais comuns s\u00e3o: hemorragia, les\u00e3o e infec\u00e7\u00e3o; perfura\u00e7\u00e3o do \u00fatero ou do intestino; predisposi\u00e7\u00e3o para abortos espont\u00e2neos, nascimentos prematuros, c\u00e2ncer de seio, gravidez ect\u00f3pica (fora do \u00fatero). Entre as de car\u00e1ter psicol\u00f3gico, existe a s\u00edndrome p\u00f3s-aborto, que inclui crises de ang\u00fastia, perda de auto-estima, letargia, misantropia, depress\u00e3o, e acima de tudo remorsos!<\/p>\n<p>Aproveito para advertir que os problemas emocionais n\u00e3o atingem apenas a m\u00e3e, mas tamb\u00e9m o pai, que com freq\u00fc\u00eancia fica traumatizado ao tomar conhecimento do aborto de seu filho; sobretudo se a lei n\u00e3o lhe garante poder algum para proteger a vida de seu filho que vai nascer, e que \u00e9 abortado voluntariamente pela m\u00e3e. Pelo que tenho estudado, isso vem ocorrendo com certa freq\u00fc\u00eancia nos pa\u00edses onde o aborto \u00e9 permitido.<\/p>\n<p><strong>Catolicismo: As pessoas favor\u00e1veis ao aborto n\u00e3o t\u00eam conhecimento disso? Ou t\u00eam, e fazem de conta que n\u00e3o sabem?<\/strong><\/p>\n<p><span style=\"text-decoration: underline;\">Pe. David Francisquini:<\/span> Infelizmente, estou certo de que elas sabem. Mas tal \u00e9 a sua determina\u00e7\u00e3o em promover o aborto, que s\u00f3 se referem aos riscos do aborto clandestino, n\u00e3o mencionando as seq\u00fcelas org\u00e2nicas, psicol\u00f3gicas e morais a que me referi.<\/p>\n<p><strong>Catolicismo\u2014 Por que a doutrina da Igreja obriga a m\u00e3e a dar seq\u00fc\u00eancia a uma gravidez resultante de estupro ou incesto?<\/strong><\/p>\n<p><span style=\"text-decoration: underline;\">Pe. David Francisquini:<\/span> Este \u00e9 um assunto delicado. Mas a Igreja, que \u00e9 M\u00e3e e Mestra da verdade, n\u00e3o se omite nem recua em tratar das quest\u00f5es morais intrincadas. Na verdade, matar uma crian\u00e7a indefesa representa um crime maior que o pr\u00f3prio estupro ou incesto, por mais horr\u00edveis e monstruosos que estes sejam. Se o estuprador n\u00e3o \u00e9 condenado \u00e0 morte, por que o seria a crian\u00e7a inocente?<\/p>\n<p>Caso a associa\u00e7\u00e3o da imagem do filho resultante de um estupro venha a produzir um trauma irremov\u00edvel, ainda h\u00e1 para a m\u00e3e o recurso de entregar o beb\u00ea a pessoas ou institui\u00e7\u00f5es que possam adot\u00e1-lo. Por exemplo, foi isso que a Igreja sempre recomendou e recomenda \u00e0s freiras que s\u00e3o v\u00edtimas de estupro durante as guerras. A Igreja permite tamb\u00e9m que a freira volte ao seio da fam\u00edlia, se assim o desejar, para criar e educar o filho.<\/p>\n<p>Em caso algum ser\u00e1 leg\u00edtimo matar quem n\u00e3o teve culpa de ser gerado. O que deve ser lembrado \u00e0 m\u00e3e \u00e9 que, ao optar pelo aborto, n\u00e3o escapar\u00e1 \u00e0 s\u00edndrome p\u00f3s-aborto, com os problemas f\u00edsicos, psicol\u00f3gicos e morais j\u00e1 referidos. Se, pelo contr\u00e1rio, ela decide ter o filho e cri\u00e1-lo, isso a eleva e dignifica aos pr\u00f3prios olhos e diante da parte mais sadia da sociedade, pela pr\u00e1tica de um ato nobre e merit\u00f3rio, e sobretudo aos olhos de Deus.<\/p>\n<p><strong> Catolicismo: Pe. David, no caso de risco de morte da m\u00e3e, ainda assim n\u00e3o se pode abortar a crian\u00e7a para salvar a vida da m\u00e3e?<\/strong><\/p>\n<p><span style=\"text-decoration: underline;\">Pe. David Francisquini:<\/span> N\u00e3o! Assim como n\u00e3o se pode matar a m\u00e3e para salvar a crian\u00e7a, n\u00e3o se pode eliminar a crian\u00e7a para salvar a m\u00e3e. Ademais, com os avan\u00e7os da ci\u00eancia m\u00e9dica em nossos dias, esses casos praticamente deixaram de existir. A medicina tem hoje recursos de sobra para salvar m\u00e3e e filho, e portanto deve fazer tudo o que for poss\u00edvel para isso.<\/p>\n<p><strong>Catolicismo: \u00c9 comum ouvir em muitos ambientes a afirma\u00e7\u00e3o de que o aborto \u00e9 uma quest\u00e3o de sa\u00fade p\u00fablica, na qual a religi\u00e3o n\u00e3o deve se intrometer. Como contra-argumentar?<\/strong><\/p>\n<p><span style=\"text-decoration: underline;\">Pe. David Francisquini:<\/span> Essa alega\u00e7\u00e3o simplista \u00e9 muito martelada pelos defensores do aborto, mas de fato consiste apenas numa manobra t\u00e1tica deles para tentarem evitar a quest\u00e3o moral. Procuram assim excluir da discuss\u00e3o esta que \u00e9 a parte mais candente e essencial do problema, porque sabem que suas teses s\u00e3o \u00e9tica e moralmente insustent\u00e1veis, e por isso rejeitadas pela maioria da opini\u00e3o p\u00fablica. De fato, queiram eles ou n\u00e3o queiram, a Igreja tem o direito, e tamb\u00e9m o dever, de se manifestar nos aspectos morais desse assunto, que \u00e9 uma \u00e1rea espec\u00edfica da Igreja.<\/p>\n<p><strong> Catolicismo: Fala-se muito atualmente em \u00e9tica, e pouco de moral. H\u00e1 uma diferen\u00e7a substancial entre um termo e outro, ou representam a mesma coisa?<\/strong><\/p>\n<p><span style=\"text-decoration: underline;\">Pe. David Francisquini:<\/span> Na verdade, \u00e9tica e moral s\u00e3o express\u00f5es correlatas. \u00c9tica vem do grego (ethos), e moral vem do latim (mos), e ambas significam a mesma coisa, isto \u00e9, costume. Entretanto, convencionou-se estabelecer nos meios acad\u00eamicos uma diferen\u00e7a entre elas. A \u00e9tica seria o estudo das leis que regem o comportamento humano \u2013 isto \u00e9, seus costumes \u2013 que se deduzem l\u00f3gica e racionalmente da natureza das coisas, isto \u00e9, da Lei natural. A moral acrescenta aos elementos da Lei natural os dados fornecidos pela Revela\u00e7\u00e3o. Como Deus \u00e9 ao mesmo tempo autor da natureza e da Revela\u00e7\u00e3o, existe concord\u00e2ncia entre ambas, de maneira que n\u00e3o h\u00e1 nem pode haver oposi\u00e7\u00e3o entre \u00e9tica e moral cat\u00f3lica.<\/p>\n<p><strong>Catolicismo: Como refutar a afirma\u00e7\u00e3o de que o Estado leigo no qual vivemos deve ser neutro e legislar para todos, e n\u00e3o s\u00f3 para os crist\u00e3os?<\/p>\n<figure id=\"attachment_3828\" aria-describedby=\"caption-attachment-3828\" style=\"width: 300px\" class=\"wp-caption alignleft\"><strong><img loading=\"lazy\" class=\"size-medium wp-image-3828\" title=\"1024 091018, El Mundo, capa, um milhao contra o aborto\" src=\"http:\/\/www.adf.org.br\/home\/wp-content\/uploads\/2010\/04\/1024-091018-El-Mundo-capa-um-milhao-contra-o-aborto-300x278.jpg\" alt=\"Nas fileiras cat\u00f3licas, a rea\u00e7\u00e3o contra o aborto tem crescido em muitos pa\u00edses\" width=\"300\" height=\"278\" srcset=\"https:\/\/www.adf.org.br\/home\/wp-content\/uploads\/2010\/04\/1024-091018-El-Mundo-capa-um-milhao-contra-o-aborto-300x278.jpg 300w, https:\/\/www.adf.org.br\/home\/wp-content\/uploads\/2010\/04\/1024-091018-El-Mundo-capa-um-milhao-contra-o-aborto.jpg 640w\" sizes=\"(max-width: 300px) 100vw, 300px\" \/><\/strong><figcaption id=\"caption-attachment-3828\" class=\"wp-caption-text\">Nas fileiras cat\u00f3licas, a rea\u00e7\u00e3o contra o aborto tem crescido em muitos pa\u00edses<\/figcaption><\/figure>\n<p><\/strong><\/p>\n<p><span style=\"text-decoration: underline;\">Pe. David Francisquini<\/span>: O chamado Estado leigo afirma n\u00e3o professar religi\u00e3o alguma. N\u00e3o obstante, professa uma ideologia que postula uma vida social e p\u00fablica desvinculada de qualquer fator religioso, uma esp\u00e9cie de confessionalidade agn\u00f3stica ou laicista. Isso equivaleria a dizer mais ou menos o seguinte: \u201cComo voc\u00ea tem a sua religi\u00e3o, n\u00e3o a imponha a mim. Mas eu, que sou agn\u00f3stico ou ateu, posso impor a minha a voc\u00ea. Podemos divergir, mas quem tem raz\u00e3o sou eu! Eu tenho a mente livre, ela n\u00e3o est\u00e1 acorrentada por dogmas religiosos\u201d. Como se pode ver, esse laicismo proclamado hoje \u2014 mesmo quando se apresenta sob o nome Estado de Direito, dito democr\u00e1tico e pluralista \u2014 tem m\u00e3o, mas n\u00e3o tem contram\u00e3o. Nele somente os ateus e agn\u00f3sticos t\u00eam o direito de falar e modelar as leis segundo seus princ\u00edpios.<\/p>\n<p><strong>Catolicismo\u2014Da\u00ed se deve concluir que o ju\u00edzo da moral cat\u00f3lica sobre o aborto \u00e9 v\u00e1lido para toda a sociedade?<\/strong><\/p>\n<p><span style=\"text-decoration: underline;\">Pe. David Francisquini:<\/span> Quando o cat\u00f3lico defende as leis divinas, n\u00e3o est\u00e1 impondo arbitrariamente sua cren\u00e7a pessoal. Ele proclama que a justi\u00e7a, a verdade, o car\u00e1ter sagrado da vida humana devem ser reconhecidos e respeitados por todos, mesmo os n\u00e3o cat\u00f3licos. Negar que os cat\u00f3licos tenham o direito de defender publicamente suas convic\u00e7\u00f5es, corresponde a afirmar que a liberdade religiosa apregoada pelos laicistas n\u00e3o vale para os cat\u00f3licos.<\/p>\n<p>Quanto ao aborto, ele constitui crime n\u00e3o s\u00f3 para os fi\u00e9is cat\u00f3licos, mas para todos os homens em qualquer lugar do mundo. Isso em decorr\u00eancia da Lei natural, pois ningu\u00e9m tem o direito de praticar um crime, mesmo que tenha deformado individualmente sua opini\u00e3o a ponto de achar que n\u00e3o se trata de crime. Os princ\u00edpios da Lei natural s\u00e3o acess\u00edveis \u00e0 raz\u00e3o humana, e portanto se imp\u00f5em a todos, independentemente de suas cren\u00e7as religiosas.<\/p>\n<p><strong>Catolicismo: Desde a Renascen\u00e7a o mundo vem assistindo \u00e0 rejei\u00e7\u00e3o dos preceitos morais da Igreja. Podemos dizer que hoje atingimos um cl\u00edmax dessa rejei\u00e7\u00e3o. O que pode advir desse abandono da Lei moral?<\/strong><\/p>\n<p><span style=\"text-decoration: underline;\">Pe. David Francisquini:<\/span> Vou dar uma resposta com base no ensino do Prof. Plinio Corr\u00eaa de Oliveira, inspirador da revista Catolicismo. Ele explicou que a Igreja Cat\u00f3lica, institu\u00edda por Nosso Senhor Jesus Cristo como Mestra da moral, n\u00e3o pode ser exclu\u00edda de nenhum assunto de natureza moral, pois significaria excluir o pr\u00f3prio Jesus Cristo. Transcrevo as palavras do Prof. Plinio: <em>\u201cO direito da Igreja de Jesus Cristo de ser ouvida n\u00e3o lhe vem da maioria, mas do pr\u00f3prio Jesus Cristo, o qual foi igualmente Mestre quando a multid\u00e3o O glorificava cantando \u2018Hosana ao filho de Davi\u2019, como quando ululava \u2018crucifica-O\u2019.<\/em><\/p>\n<p><em> \u201cA nega\u00e7\u00e3o do Divino Mestre obviamente \u00e9 ainda mais censur\u00e1vel em um pa\u00eds cat\u00f3lico, no qual a imensa maioria disp\u00f5e de meios, inclusive pac\u00edficos e inteiramente legais, para conseguir que a voz do Divino Mestre nunca seja recusada ou omitida.<\/em><\/p>\n<p><em>\u201cCada aborto constitui um assassinato. \u00c0 medida que a impunidade legal venha a favorecer no Brasil que o aborto se introduza em nossos costumes, ocorrer\u00e1 um n\u00famero infinitamente crescente de assassinatos.<\/em><\/p>\n<p><em>\u201cTudo isso abre como que um rio de pecados a bradarem aos C\u00e9us clamando por vingan\u00e7a. Esta express\u00e3o en\u00e9rgica est\u00e1 at\u00e9 nos catecismos.<\/em><\/p>\n<p><em>\u201cNo plano social, os efeitos do aborto s\u00e3o claros. De um lado, a aus\u00eancia de frutos nas chamadas uni\u00f5es livres s\u00f3 pode concorrer para multiplic\u00e1-las. De outro lado, os v\u00ednculos do matrim\u00f4nio s\u00e3o debilitados pelo aborto. Com efeito, quanto mais numerosos os filhos, tanto mais se robustecem os v\u00ednculos afetivos e morais entre os pais.<\/em><\/p>\n<p><em>\u201cTudo isso redunda em mais um fator de debilita\u00e7\u00e3o do matrim\u00f4nio e da fam\u00edlia, e portanto de toda a sociedade brasileira\u201d <\/em>(Cfr. entrevista concedida aEdi\u00e7\u00e3o Mineira, Belo Horizonte, n\u00ba 45, 5-1-1983).<\/p>\n<p><strong>Catolicismo: V. Revma. tomou conhecimento da prega\u00e7\u00e3o do aborto contida no Programa Nacional de Direitos Humanos (PNDH-3) do governo do Presidente Lula<\/strong>?<\/p>\n<figure id=\"attachment_3824\" aria-describedby=\"caption-attachment-3824\" style=\"width: 245px\" class=\"wp-caption aligncenter\"><a href=\"http:\/\/www.ipco.org.br\/pndh\/conteudo\/veja-como-voce-pode-se-mobilizar-contra-o-pndh-3\"><img loading=\"lazy\" class=\"size-medium wp-image-3824\" title=\"mao_cartao\" src=\"http:\/\/www.adf.org.br\/home\/wp-content\/uploads\/2010\/04\/mao_cartao4-245x300.jpg\" alt=\"Clique no cart\u00e3o amarelo e se mobilize contra o PNDH, que quer legalizar o aborto no Brasil\" width=\"245\" height=\"300\" \/><\/a><figcaption id=\"caption-attachment-3824\" class=\"wp-caption-text\">Clique no cart\u00e3o amarelo e se mobilize contra o PNDH, que quer legalizar o aborto no Brasil<\/figcaption><\/figure>\n<p><span style=\"text-decoration: underline;\">Pe. David Francisquini:<\/span> Sim. E a raz\u00e3o ali apresentada para defender o aborto \u00e9 que a mulher tem autonomia para decidir sobre seu pr\u00f3prio corpo. Ora, desde quando a autonomia de decidir sobre o pr\u00f3prio corpo d\u00e1 direito a matar algu\u00e9m, como por exemplo o filho j\u00e1 concebido? Esse dispositivo do PNDH-3 levou a Regional Sul-1 da CNBB a qualificar o Presidente Lula de um novo Herodes, aquele que mandou matar os santos inocentes. Temeroso da repercuss\u00e3o negativa junto \u00e0 popula\u00e7\u00e3o brasileira, o governo esbo\u00e7ou um recuo nesse ponto, mas, que eu saiba, nada fez de concreto para retirar do PNDH-3 essa abomina\u00e7\u00e3o.<\/p>\n<p><strong>Catolicismo: Para concluir, pedimos que nos diga algo sobre a repercuss\u00e3o que vem alcan\u00e7ando sua obra.<\/strong><\/p>\n<p><span style=\"text-decoration: underline;\">Pe. David Francisquini:<\/span> Dou um fato concreto: Em pouco tempo esgotou-se a primeira edi\u00e7\u00e3o do livro, e a segunda j\u00e1 est\u00e1 no final. Al\u00e9m disso, merece men\u00e7\u00e3o a carta de aprova\u00e7\u00e3o que me foi enviada por S. Exa. o N\u00fancio Apost\u00f3lico do Brasil, Dom Lorenzo Baldisseri; e tamb\u00e9m a expressiva carta que recebi de Dom Jos\u00e9 Cardoso Sobrinho, Arcebispo Em\u00e9rito de Recife e Olinda, que se tornou ainda mais conhecido no \u00e2mbito nacional e internacional por sua destemida tomada de posi\u00e7\u00e3o contra o aborto, e seu oportuno alerta sobre as conseq\u00fc\u00eancias can\u00f4nicas do assassinato de inocentes.<\/p>\n<p><br class=\"spacer_\" \/><\/p>\n<p>Fonte: <a href=\"http:\/\/www.catolicismo.com.br\/materia\/materia.cfm?IDmat=EA55548F-3048-313C-2E771E3972ED2F98&amp;mes=Abril2010&amp;pag=1\">Revista Catolicismo<\/a><\/p>\n","protected":false},"excerpt":{"rendered":"<p>Continua\u00e7\u00e3o da entrevista com o Padre David Franccisquini, que lan\u00e7a livro anti-aborto. Catolicismo: As seq\u00fcelas f\u00edsicas e psicol\u00f3gicas provocadas pelo aborto constituem outro ponto importante de seu livro. Poderia citar algumas dessas seq\u00fcelas? Pe. David Francisquini: As conseq\u00fcencias org\u00e2nicas mais comuns s\u00e3o: hemorragia, les\u00e3o e infec\u00e7\u00e3o; perfura\u00e7\u00e3o do \u00fatero ou do intestino; predisposi\u00e7\u00e3o para abortos [&hellip;]<\/p>\n","protected":false},"author":27,"featured_media":0,"comment_status":"open","ping_status":"open","sticky":false,"template":"","format":"standard","meta":[],"categories":[20],"tags":[47,96,130,131],"yoast_head":"<!-- This site is optimized with the Yoast SEO plugin v17.4 - https:\/\/yoast.com\/wordpress\/plugins\/seo\/ -->\n<title>Catecismo anti-aborto, instrumento cat\u00f3lico de luta ideol\u00f3gica - II - Associa\u00e7\u00e3o Devotos de F\u00e1tima<\/title>\n<meta name=\"robots\" content=\"index, follow, max-snippet:-1, max-image-preview:large, max-video-preview:-1\" \/>\n<link rel=\"canonical\" href=\"https:\/\/www.adf.org.br\/home\/catecismo-anti-aborto-instrumento-catolico-de-luta-ideologica-ii\/\" \/>\n<meta property=\"og:locale\" content=\"pt_BR\" \/>\n<meta property=\"og:type\" content=\"article\" \/>\n<meta property=\"og:title\" content=\"Catecismo anti-aborto, instrumento cat\u00f3lico de luta ideol\u00f3gica - II - Associa\u00e7\u00e3o Devotos de F\u00e1tima\" \/>\n<meta property=\"og:description\" content=\"Continua\u00e7\u00e3o da entrevista com o Padre David Franccisquini, que lan\u00e7a livro anti-aborto. Catolicismo: As seq\u00fcelas f\u00edsicas e psicol\u00f3gicas provocadas pelo aborto constituem outro ponto importante de seu livro. Poderia citar algumas dessas seq\u00fcelas? Pe. David Francisquini: As conseq\u00fcencias org\u00e2nicas mais comuns s\u00e3o: hemorragia, les\u00e3o e infec\u00e7\u00e3o; perfura\u00e7\u00e3o do \u00fatero ou do intestino; predisposi\u00e7\u00e3o para abortos [&hellip;]\" \/>\n<meta property=\"og:url\" content=\"https:\/\/www.adf.org.br\/home\/catecismo-anti-aborto-instrumento-catolico-de-luta-ideologica-ii\/\" \/>\n<meta property=\"og:site_name\" content=\"Associa\u00e7\u00e3o Devotos de F\u00e1tima\" \/>\n<meta property=\"article:published_time\" content=\"2010-04-19T03:15:28+00:00\" \/>\n<meta property=\"article:modified_time\" content=\"2020-06-09T13:43:35+00:00\" \/>\n<meta property=\"og:image\" content=\"http:\/\/www.adf.org.br\/home\/wp-content\/uploads\/2010\/04\/contra-aborto-268x300.jpg\" \/>\n<meta name=\"twitter:card\" content=\"summary_large_image\" \/>\n<meta name=\"twitter:label1\" content=\"Escrito por\" \/>\n\t<meta name=\"twitter:data1\" content=\"Gabriel Barbosa\" \/>\n\t<meta name=\"twitter:label2\" content=\"Est. tempo de leitura\" \/>\n\t<meta name=\"twitter:data2\" content=\"10 minutos\" \/>\n<script type=\"application\/ld+json\" class=\"yoast-schema-graph\">{\"@context\":\"https:\/\/schema.org\",\"@graph\":[{\"@type\":\"WebSite\",\"@id\":\"https:\/\/www.adf.org.br\/home\/#website\",\"url\":\"https:\/\/www.adf.org.br\/home\/\",\"name\":\"Associa\\u00e7\\u00e3o Devotos de F\\u00e1tima\",\"description\":\"Associa\\u00e7\\u00e3o Devotos de F\\u00e1tima\",\"potentialAction\":[{\"@type\":\"SearchAction\",\"target\":{\"@type\":\"EntryPoint\",\"urlTemplate\":\"https:\/\/www.adf.org.br\/home\/?s={search_term_string}\"},\"query-input\":\"required name=search_term_string\"}],\"inLanguage\":\"pt-BR\"},{\"@type\":\"ImageObject\",\"@id\":\"https:\/\/www.adf.org.br\/home\/catecismo-anti-aborto-instrumento-catolico-de-luta-ideologica-ii\/#primaryimage\",\"inLanguage\":\"pt-BR\",\"url\":\"http:\/\/www.adf.org.br\/home\/wp-content\/uploads\/2010\/04\/contra-aborto-268x300.jpg\",\"contentUrl\":\"http:\/\/www.adf.org.br\/home\/wp-content\/uploads\/2010\/04\/contra-aborto-268x300.jpg\"},{\"@type\":\"WebPage\",\"@id\":\"https:\/\/www.adf.org.br\/home\/catecismo-anti-aborto-instrumento-catolico-de-luta-ideologica-ii\/#webpage\",\"url\":\"https:\/\/www.adf.org.br\/home\/catecismo-anti-aborto-instrumento-catolico-de-luta-ideologica-ii\/\",\"name\":\"Catecismo anti-aborto, instrumento cat\\u00f3lico de luta ideol\\u00f3gica - II - Associa\\u00e7\\u00e3o Devotos de F\\u00e1tima\",\"isPartOf\":{\"@id\":\"https:\/\/www.adf.org.br\/home\/#website\"},\"primaryImageOfPage\":{\"@id\":\"https:\/\/www.adf.org.br\/home\/catecismo-anti-aborto-instrumento-catolico-de-luta-ideologica-ii\/#primaryimage\"},\"datePublished\":\"2010-04-19T03:15:28+00:00\",\"dateModified\":\"2020-06-09T13:43:35+00:00\",\"author\":{\"@id\":\"https:\/\/www.adf.org.br\/home\/#\/schema\/person\/affa494ecf91434f3620f5392de44327\"},\"breadcrumb\":{\"@id\":\"https:\/\/www.adf.org.br\/home\/catecismo-anti-aborto-instrumento-catolico-de-luta-ideologica-ii\/#breadcrumb\"},\"inLanguage\":\"pt-BR\",\"potentialAction\":[{\"@type\":\"ReadAction\",\"target\":[\"https:\/\/www.adf.org.br\/home\/catecismo-anti-aborto-instrumento-catolico-de-luta-ideologica-ii\/\"]}]},{\"@type\":\"BreadcrumbList\",\"@id\":\"https:\/\/www.adf.org.br\/home\/catecismo-anti-aborto-instrumento-catolico-de-luta-ideologica-ii\/#breadcrumb\",\"itemListElement\":[{\"@type\":\"ListItem\",\"position\":1,\"name\":\"Home\",\"item\":\"https:\/\/www.adf.org.br\/home\/\"},{\"@type\":\"ListItem\",\"position\":2,\"name\":\"Catecismo anti-aborto, instrumento cat\\u00f3lico de luta ideol\\u00f3gica &#8211; II\"}]},{\"@type\":\"Person\",\"@id\":\"https:\/\/www.adf.org.br\/home\/#\/schema\/person\/affa494ecf91434f3620f5392de44327\",\"name\":\"Gabriel Barbosa\",\"image\":{\"@type\":\"ImageObject\",\"@id\":\"https:\/\/www.adf.org.br\/home\/#personlogo\",\"inLanguage\":\"pt-BR\",\"url\":\"https:\/\/secure.gravatar.com\/avatar\/ecf2eab02e30486a7038f8b2858de06a?s=96&d=mm&r=g\",\"contentUrl\":\"https:\/\/secure.gravatar.com\/avatar\/ecf2eab02e30486a7038f8b2858de06a?s=96&d=mm&r=g\",\"caption\":\"Gabriel Barbosa\"},\"url\":\"https:\/\/www.adf.org.br\/home\/author\/gabriel-aascj\/\"}]}<\/script>\n<!-- \/ Yoast SEO plugin. -->","yoast_head_json":{"title":"Catecismo anti-aborto, instrumento cat\u00f3lico de luta ideol\u00f3gica - II - Associa\u00e7\u00e3o Devotos de F\u00e1tima","robots":{"index":"index","follow":"follow","max-snippet":"max-snippet:-1","max-image-preview":"max-image-preview:large","max-video-preview":"max-video-preview:-1"},"canonical":"https:\/\/www.adf.org.br\/home\/catecismo-anti-aborto-instrumento-catolico-de-luta-ideologica-ii\/","og_locale":"pt_BR","og_type":"article","og_title":"Catecismo anti-aborto, instrumento cat\u00f3lico de luta ideol\u00f3gica - II - Associa\u00e7\u00e3o Devotos de F\u00e1tima","og_description":"Continua\u00e7\u00e3o da entrevista com o Padre David Franccisquini, que lan\u00e7a livro anti-aborto. Catolicismo: As seq\u00fcelas f\u00edsicas e psicol\u00f3gicas provocadas pelo aborto constituem outro ponto importante de seu livro. Poderia citar algumas dessas seq\u00fcelas? Pe. David Francisquini: As conseq\u00fcencias org\u00e2nicas mais comuns s\u00e3o: hemorragia, les\u00e3o e infec\u00e7\u00e3o; perfura\u00e7\u00e3o do \u00fatero ou do intestino; predisposi\u00e7\u00e3o para abortos [&hellip;]","og_url":"https:\/\/www.adf.org.br\/home\/catecismo-anti-aborto-instrumento-catolico-de-luta-ideologica-ii\/","og_site_name":"Associa\u00e7\u00e3o Devotos de F\u00e1tima","article_published_time":"2010-04-19T03:15:28+00:00","article_modified_time":"2020-06-09T13:43:35+00:00","og_image":[{"url":"http:\/\/www.adf.org.br\/home\/wp-content\/uploads\/2010\/04\/contra-aborto-268x300.jpg"}],"twitter_card":"summary_large_image","twitter_misc":{"Escrito por":"Gabriel Barbosa","Est. tempo de leitura":"10 minutos"},"schema":{"@context":"https:\/\/schema.org","@graph":[{"@type":"WebSite","@id":"https:\/\/www.adf.org.br\/home\/#website","url":"https:\/\/www.adf.org.br\/home\/","name":"Associa\u00e7\u00e3o Devotos de F\u00e1tima","description":"Associa\u00e7\u00e3o Devotos de F\u00e1tima","potentialAction":[{"@type":"SearchAction","target":{"@type":"EntryPoint","urlTemplate":"https:\/\/www.adf.org.br\/home\/?s={search_term_string}"},"query-input":"required name=search_term_string"}],"inLanguage":"pt-BR"},{"@type":"ImageObject","@id":"https:\/\/www.adf.org.br\/home\/catecismo-anti-aborto-instrumento-catolico-de-luta-ideologica-ii\/#primaryimage","inLanguage":"pt-BR","url":"http:\/\/www.adf.org.br\/home\/wp-content\/uploads\/2010\/04\/contra-aborto-268x300.jpg","contentUrl":"http:\/\/www.adf.org.br\/home\/wp-content\/uploads\/2010\/04\/contra-aborto-268x300.jpg"},{"@type":"WebPage","@id":"https:\/\/www.adf.org.br\/home\/catecismo-anti-aborto-instrumento-catolico-de-luta-ideologica-ii\/#webpage","url":"https:\/\/www.adf.org.br\/home\/catecismo-anti-aborto-instrumento-catolico-de-luta-ideologica-ii\/","name":"Catecismo anti-aborto, instrumento cat\u00f3lico de luta ideol\u00f3gica - II - Associa\u00e7\u00e3o Devotos de F\u00e1tima","isPartOf":{"@id":"https:\/\/www.adf.org.br\/home\/#website"},"primaryImageOfPage":{"@id":"https:\/\/www.adf.org.br\/home\/catecismo-anti-aborto-instrumento-catolico-de-luta-ideologica-ii\/#primaryimage"},"datePublished":"2010-04-19T03:15:28+00:00","dateModified":"2020-06-09T13:43:35+00:00","author":{"@id":"https:\/\/www.adf.org.br\/home\/#\/schema\/person\/affa494ecf91434f3620f5392de44327"},"breadcrumb":{"@id":"https:\/\/www.adf.org.br\/home\/catecismo-anti-aborto-instrumento-catolico-de-luta-ideologica-ii\/#breadcrumb"},"inLanguage":"pt-BR","potentialAction":[{"@type":"ReadAction","target":["https:\/\/www.adf.org.br\/home\/catecismo-anti-aborto-instrumento-catolico-de-luta-ideologica-ii\/"]}]},{"@type":"BreadcrumbList","@id":"https:\/\/www.adf.org.br\/home\/catecismo-anti-aborto-instrumento-catolico-de-luta-ideologica-ii\/#breadcrumb","itemListElement":[{"@type":"ListItem","position":1,"name":"Home","item":"https:\/\/www.adf.org.br\/home\/"},{"@type":"ListItem","position":2,"name":"Catecismo anti-aborto, instrumento cat\u00f3lico de luta ideol\u00f3gica &#8211; II"}]},{"@type":"Person","@id":"https:\/\/www.adf.org.br\/home\/#\/schema\/person\/affa494ecf91434f3620f5392de44327","name":"Gabriel Barbosa","image":{"@type":"ImageObject","@id":"https:\/\/www.adf.org.br\/home\/#personlogo","inLanguage":"pt-BR","url":"https:\/\/secure.gravatar.com\/avatar\/ecf2eab02e30486a7038f8b2858de06a?s=96&d=mm&r=g","contentUrl":"https:\/\/secure.gravatar.com\/avatar\/ecf2eab02e30486a7038f8b2858de06a?s=96&d=mm&r=g","caption":"Gabriel Barbosa"},"url":"https:\/\/www.adf.org.br\/home\/author\/gabriel-aascj\/"}]}},"_links":{"self":[{"href":"https:\/\/www.adf.org.br\/home\/wp-json\/wp\/v2\/posts\/3823"}],"collection":[{"href":"https:\/\/www.adf.org.br\/home\/wp-json\/wp\/v2\/posts"}],"about":[{"href":"https:\/\/www.adf.org.br\/home\/wp-json\/wp\/v2\/types\/post"}],"author":[{"embeddable":true,"href":"https:\/\/www.adf.org.br\/home\/wp-json\/wp\/v2\/users\/27"}],"replies":[{"embeddable":true,"href":"https:\/\/www.adf.org.br\/home\/wp-json\/wp\/v2\/comments?post=3823"}],"version-history":[{"count":1,"href":"https:\/\/www.adf.org.br\/home\/wp-json\/wp\/v2\/posts\/3823\/revisions"}],"predecessor-version":[{"id":7470,"href":"https:\/\/www.adf.org.br\/home\/wp-json\/wp\/v2\/posts\/3823\/revisions\/7470"}],"wp:attachment":[{"href":"https:\/\/www.adf.org.br\/home\/wp-json\/wp\/v2\/media?parent=3823"}],"wp:term":[{"taxonomy":"category","embeddable":true,"href":"https:\/\/www.adf.org.br\/home\/wp-json\/wp\/v2\/categories?post=3823"},{"taxonomy":"post_tag","embeddable":true,"href":"https:\/\/www.adf.org.br\/home\/wp-json\/wp\/v2\/tags?post=3823"}],"curies":[{"name":"wp","href":"https:\/\/api.w.org\/{rel}","templated":true}]}}