{"id":38115,"date":"2018-03-10T00:00:37","date_gmt":"2018-03-10T03:00:37","guid":{"rendered":"http:\/\/www.adf.org.br\/home\/?p=38115"},"modified":"2018-03-10T00:00:37","modified_gmt":"2018-03-10T03:00:37","slug":"santo-agostinho-sobre-o-homossexualismo","status":"publish","type":"post","link":"https:\/\/www.adf.org.br\/home\/santo-agostinho-sobre-o-homossexualismo\/","title":{"rendered":"Veja o que diz Santo Agostinho sobre o homossexualismo. \u00c9 impressionante!"},"content":{"rendered":"<figure id=\"attachment_38119\" aria-describedby=\"caption-attachment-38119\" style=\"width: 560px\" class=\"wp-caption aligncenter\"><img loading=\"lazy\" class=\"  wp-image-38119\" title=\"Santo Agostinho\" src=\"http:\/\/www.adf.org.br\/home\/wp-content\/uploads\/2016\/03\/Santo-Agostinho-4_-1024x983.jpg\" alt=\"Santo Agostinho.\" width=\"560\" height=\"538\" \/><figcaption id=\"caption-attachment-38119\" class=\"wp-caption-text\">Santo Agostinho.<\/figcaption><\/figure>\n<p dir=\"ltr\" style=\"padding-left: 90px;\"><span style=\"color: #800080;\"><strong><span style=\"font-size: medium; font-family: verdana, geneva;\"><br \/>\n<span style=\"color: #ffffff;\">.<\/span><br \/>\n&#8220;Acaso ser\u00e1 em alguma parte e momento injusto amar a Deus de todo o cora\u00e7\u00e3o, com toda a alma e com todo o entendimento, e amar ao pr\u00f3ximo como a n\u00f3s mesmos?\u00a0<\/span><\/strong><\/span><\/p>\n<p dir=\"ltr\"><span style=\"color: #000000; font-size: medium; font-family: verdana, geneva;\"><span style=\"font-size: large;\"><strong><span style=\"color: #ffffff;\">.<\/span><br \/>\nP<\/strong><\/span>or isso, todos os pecados contra a natureza, como o foram os do sodomitas (sodomia = rela\u00e7\u00e3o sexual entre pessoas do mesmo sexo), h\u00e3o de ser detestados e castigados sempre e em toda a parte;<\/span><\/p>\n<p dir=\"ltr\" style=\"padding-left: 90px;\"><strong><span style=\"color: #800080; font-size: medium; font-family: verdana, geneva;\"><span style=\"color: #ffffff;\">.<\/span><br \/>\nPois, mesmo que todos os cometessem, n\u00e3o seriam menos r\u00e9us de crime diante da lei divina, que n\u00e3o fez os homens para usar t\u00e3o torpemente de si;<\/span><\/strong><\/p>\n<p dir=\"ltr\"><span style=\"color: #000000; font-size: medium; font-family: verdana, geneva;\"><span style=\"color: #ffffff;\">.<\/span><br \/>\nDe fato viola-se a uni\u00e3o que deve existir com Deus quando a natureza, da qual ele \u00e9 autor, se mancha com a deprava\u00e7\u00e3o das paix\u00f5es.<\/span><\/p>\n<p dir=\"ltr\"><span style=\"color: #000000; font-size: medium; font-family: verdana, geneva;\">Com rela\u00e7\u00e3o aos pecados que s\u00e3o contra os costumes humanos, tamb\u00e9m h\u00e3o de ser evitados de acordo com a diversidade dos costumes, a fim de que o pacto m\u00fatuo entre os povos e na\u00e7\u00f5es;<\/span><\/p>\n<p dir=\"ltr\"><strong><span style=\"color: #000000; font-size: medium; font-family: verdana, geneva;\">Firmado pelo costume ou pela lei, n\u00e3o seja quebrado por nenhum capricho de cidad\u00e3o ou forasteiro, porque \u00e9 indecorosa a parte que n\u00e3o se acomoda ao todo.\u00a0<\/span><\/strong><\/p>\n<p><span style=\"color: #000000; font-size: medium; font-family: verdana, geneva;\">Todavia, quando Deus ordena algo contra tais costumes ou pactos, sejam quais forem, deve ser obedecido, embora o que mande nunca tenha sido feito;<\/span><\/p>\n<h5 style=\"padding-left: 90px;\"><strong><span style=\"color: #800080; font-size: medium; font-family: verdana, geneva;\"><span style=\"color: #ffffff;\">.<\/span><br \/>\nE se n\u00e3o foi cumprido, deve ser restaurado, e se n\u00e3o estava estabelecido, deve-se estabelecer.<\/span><\/strong><\/h5>\n<p><span style=\"color: #000000; font-size: medium; font-family: verdana, geneva;\"><span style=\"color: #ffffff;\">.<\/span><br \/>\nSe \u00e9 l\u00edcito a um rei mandar na cidade que governa coisas que ningu\u00e9m antes dele e nem ele pr\u00f3prio havia mandado, e se n\u00e3o \u00e9 contra o bem da sociedade obedec\u00ea-lo;<\/span><\/p>\n<p><span style=\"color: #000000; font-size: medium; font-family: verdana, geneva;\">Antes o seria o n\u00e3o obedec\u00ea-lo \u2013 por ser pacto b\u00e1sico de toda sociedade humana obedecer a seus reis \u2013 quanto mais deveria ser Deus obedecido sem titubeios em tudo que mandar, como rei do universo? <\/span><\/p>\n<p><strong><span style=\"color: #000000; font-size: medium; font-family: verdana, geneva;\">Porque, assim como entre os poderes humanos o maior poder se antep\u00f5e ao menor, para que este lhe preste obedi\u00eancia, assim Deus antep\u00f5e-se a todos&#8221;.\u00a0<\/span><\/strong><\/p>\n<p><span style=\"color: #ffffff;\">.<\/span><\/p>\n<p style=\"text-align: center;\"><span style=\"color: #ffffff;\">.<\/span><br \/>\n<span style=\"font-size: medium; font-family: verdana, geneva;\"><strong><span style=\"color: #000000;\">* \u00a0* \u00a0*<\/span><\/strong><\/span><\/p>\n<p style=\"text-align: center;\"><span style=\"color: #ffffff;\">.<\/span><br \/>\n<a href=\"https:\/\/adf.org.br\/minhaoferta\/?origem=6667\" target=\"_blank\" rel=\"noopener noreferrer\"><img loading=\"lazy\" class=\"aligncenter wp-image-46229 size-full\" src=\"http:\/\/www.adf.org.br\/home\/wp-content\/uploads\/2016\/03\/botao-oferta-adf-1.png\" alt=\"botao-oferta-adf\" width=\"600\" height=\"190\" \/><\/a><\/p>\n","protected":false},"excerpt":{"rendered":"<p>&#8220;Acaso ser\u00e1 em alguma parte e momento injusto amar a Deus de todo o cora\u00e7\u00e3o&#8230;&#8221;<\/p>\n","protected":false},"author":31,"featured_media":46231,"comment_status":"open","ping_status":"open","sticky":false,"template":"","format":"standard","meta":[],"categories":[20],"tags":[89,2251,751,232,1877],"yoast_head":"<!-- This site is optimized with the Yoast SEO plugin v17.4 - https:\/\/yoast.com\/wordpress\/plugins\/seo\/ -->\n<title>Diz Santo Agostinho sobre o homossexualismo. \u00c9 impressionante!<\/title>\n<meta name=\"description\" content=\"Veja o que diz Santo Agostinho sobre o homossexualismo. \u00c9 impressionante!\" \/>\n<meta name=\"robots\" content=\"index, follow, max-snippet:-1, max-image-preview:large, max-video-preview:-1\" \/>\n<link rel=\"canonical\" href=\"https:\/\/www.adf.org.br\/home\/santo-agostinho-sobre-o-homossexualismo\/\" \/>\n<meta property=\"og:locale\" content=\"pt_BR\" \/>\n<meta property=\"og:type\" content=\"article\" \/>\n<meta property=\"og:title\" content=\"Diz Santo Agostinho sobre o homossexualismo. \u00c9 impressionante!\" \/>\n<meta property=\"og:description\" content=\"Veja o que diz Santo Agostinho sobre o homossexualismo. \u00c9 impressionante!\" \/>\n<meta property=\"og:url\" content=\"https:\/\/www.adf.org.br\/home\/santo-agostinho-sobre-o-homossexualismo\/\" \/>\n<meta property=\"og:site_name\" content=\"Associa\u00e7\u00e3o Devotos de F\u00e1tima\" \/>\n<meta property=\"article:published_time\" content=\"2018-03-10T03:00:37+00:00\" \/>\n<meta name=\"twitter:card\" content=\"summary_large_image\" \/>\n<meta name=\"twitter:label1\" content=\"Escrito por\" \/>\n\t<meta name=\"twitter:data1\" content=\"Gabriel Barbosa\" \/>\n\t<meta name=\"twitter:label2\" content=\"Est. tempo de leitura\" \/>\n\t<meta name=\"twitter:data2\" content=\"2 minutos\" \/>\n<script type=\"application\/ld+json\" class=\"yoast-schema-graph\">{\"@context\":\"https:\/\/schema.org\",\"@graph\":[{\"@type\":\"WebSite\",\"@id\":\"https:\/\/www.adf.org.br\/home\/#website\",\"url\":\"https:\/\/www.adf.org.br\/home\/\",\"name\":\"Associa\\u00e7\\u00e3o Devotos de F\\u00e1tima\",\"description\":\"Associa\\u00e7\\u00e3o Devotos de F\\u00e1tima\",\"potentialAction\":[{\"@type\":\"SearchAction\",\"target\":{\"@type\":\"EntryPoint\",\"urlTemplate\":\"https:\/\/www.adf.org.br\/home\/?s={search_term_string}\"},\"query-input\":\"required name=search_term_string\"}],\"inLanguage\":\"pt-BR\"},{\"@type\":\"ImageObject\",\"@id\":\"https:\/\/www.adf.org.br\/home\/santo-agostinho-sobre-o-homossexualismo\/#primaryimage\",\"inLanguage\":\"pt-BR\",\"url\":\"\",\"contentUrl\":\"\"},{\"@type\":\"WebPage\",\"@id\":\"https:\/\/www.adf.org.br\/home\/santo-agostinho-sobre-o-homossexualismo\/#webpage\",\"url\":\"https:\/\/www.adf.org.br\/home\/santo-agostinho-sobre-o-homossexualismo\/\",\"name\":\"Diz Santo Agostinho sobre o homossexualismo. \\u00c9 impressionante!\",\"isPartOf\":{\"@id\":\"https:\/\/www.adf.org.br\/home\/#website\"},\"primaryImageOfPage\":{\"@id\":\"https:\/\/www.adf.org.br\/home\/santo-agostinho-sobre-o-homossexualismo\/#primaryimage\"},\"datePublished\":\"2018-03-10T03:00:37+00:00\",\"dateModified\":\"2018-03-10T03:00:37+00:00\",\"author\":{\"@id\":\"https:\/\/www.adf.org.br\/home\/#\/schema\/person\/f35a5c5aa7728a3dedf4ea9aa1fc2753\"},\"description\":\"Veja o que diz Santo Agostinho sobre o homossexualismo. \\u00c9 impressionante!\",\"breadcrumb\":{\"@id\":\"https:\/\/www.adf.org.br\/home\/santo-agostinho-sobre-o-homossexualismo\/#breadcrumb\"},\"inLanguage\":\"pt-BR\",\"potentialAction\":[{\"@type\":\"ReadAction\",\"target\":[\"https:\/\/www.adf.org.br\/home\/santo-agostinho-sobre-o-homossexualismo\/\"]}]},{\"@type\":\"BreadcrumbList\",\"@id\":\"https:\/\/www.adf.org.br\/home\/santo-agostinho-sobre-o-homossexualismo\/#breadcrumb\",\"itemListElement\":[{\"@type\":\"ListItem\",\"position\":1,\"name\":\"Home\",\"item\":\"https:\/\/www.adf.org.br\/home\/\"},{\"@type\":\"ListItem\",\"position\":2,\"name\":\"Veja o que diz Santo Agostinho sobre o homossexualismo. \\u00c9 impressionante!\"}]},{\"@type\":\"Person\",\"@id\":\"https:\/\/www.adf.org.br\/home\/#\/schema\/person\/f35a5c5aa7728a3dedf4ea9aa1fc2753\",\"name\":\"Gabriel Barbosa\",\"image\":{\"@type\":\"ImageObject\",\"@id\":\"https:\/\/www.adf.org.br\/home\/#personlogo\",\"inLanguage\":\"pt-BR\",\"url\":\"https:\/\/secure.gravatar.com\/avatar\/2b2cb2f4637682c5605e8d36818f51ef?s=96&d=mm&r=g\",\"contentUrl\":\"https:\/\/secure.gravatar.com\/avatar\/2b2cb2f4637682c5605e8d36818f51ef?s=96&d=mm&r=g\",\"caption\":\"Gabriel Barbosa\"},\"url\":\"https:\/\/www.adf.org.br\/home\/author\/gabrielpmk-com-br\/\"}]}<\/script>\n<!-- \/ Yoast SEO plugin. -->","yoast_head_json":{"title":"Diz Santo Agostinho sobre o homossexualismo. \u00c9 impressionante!","description":"Veja o que diz Santo Agostinho sobre o homossexualismo. \u00c9 impressionante!","robots":{"index":"index","follow":"follow","max-snippet":"max-snippet:-1","max-image-preview":"max-image-preview:large","max-video-preview":"max-video-preview:-1"},"canonical":"https:\/\/www.adf.org.br\/home\/santo-agostinho-sobre-o-homossexualismo\/","og_locale":"pt_BR","og_type":"article","og_title":"Diz Santo Agostinho sobre o homossexualismo. \u00c9 impressionante!","og_description":"Veja o que diz Santo Agostinho sobre o homossexualismo. \u00c9 impressionante!","og_url":"https:\/\/www.adf.org.br\/home\/santo-agostinho-sobre-o-homossexualismo\/","og_site_name":"Associa\u00e7\u00e3o Devotos de F\u00e1tima","article_published_time":"2018-03-10T03:00:37+00:00","twitter_card":"summary_large_image","twitter_misc":{"Escrito por":"Gabriel Barbosa","Est. tempo de leitura":"2 minutos"},"schema":{"@context":"https:\/\/schema.org","@graph":[{"@type":"WebSite","@id":"https:\/\/www.adf.org.br\/home\/#website","url":"https:\/\/www.adf.org.br\/home\/","name":"Associa\u00e7\u00e3o Devotos de F\u00e1tima","description":"Associa\u00e7\u00e3o Devotos de F\u00e1tima","potentialAction":[{"@type":"SearchAction","target":{"@type":"EntryPoint","urlTemplate":"https:\/\/www.adf.org.br\/home\/?s={search_term_string}"},"query-input":"required name=search_term_string"}],"inLanguage":"pt-BR"},{"@type":"ImageObject","@id":"https:\/\/www.adf.org.br\/home\/santo-agostinho-sobre-o-homossexualismo\/#primaryimage","inLanguage":"pt-BR","url":"","contentUrl":""},{"@type":"WebPage","@id":"https:\/\/www.adf.org.br\/home\/santo-agostinho-sobre-o-homossexualismo\/#webpage","url":"https:\/\/www.adf.org.br\/home\/santo-agostinho-sobre-o-homossexualismo\/","name":"Diz Santo Agostinho sobre o homossexualismo. \u00c9 impressionante!","isPartOf":{"@id":"https:\/\/www.adf.org.br\/home\/#website"},"primaryImageOfPage":{"@id":"https:\/\/www.adf.org.br\/home\/santo-agostinho-sobre-o-homossexualismo\/#primaryimage"},"datePublished":"2018-03-10T03:00:37+00:00","dateModified":"2018-03-10T03:00:37+00:00","author":{"@id":"https:\/\/www.adf.org.br\/home\/#\/schema\/person\/f35a5c5aa7728a3dedf4ea9aa1fc2753"},"description":"Veja o que diz Santo Agostinho sobre o homossexualismo. \u00c9 impressionante!","breadcrumb":{"@id":"https:\/\/www.adf.org.br\/home\/santo-agostinho-sobre-o-homossexualismo\/#breadcrumb"},"inLanguage":"pt-BR","potentialAction":[{"@type":"ReadAction","target":["https:\/\/www.adf.org.br\/home\/santo-agostinho-sobre-o-homossexualismo\/"]}]},{"@type":"BreadcrumbList","@id":"https:\/\/www.adf.org.br\/home\/santo-agostinho-sobre-o-homossexualismo\/#breadcrumb","itemListElement":[{"@type":"ListItem","position":1,"name":"Home","item":"https:\/\/www.adf.org.br\/home\/"},{"@type":"ListItem","position":2,"name":"Veja o que diz Santo Agostinho sobre o homossexualismo. \u00c9 impressionante!"}]},{"@type":"Person","@id":"https:\/\/www.adf.org.br\/home\/#\/schema\/person\/f35a5c5aa7728a3dedf4ea9aa1fc2753","name":"Gabriel Barbosa","image":{"@type":"ImageObject","@id":"https:\/\/www.adf.org.br\/home\/#personlogo","inLanguage":"pt-BR","url":"https:\/\/secure.gravatar.com\/avatar\/2b2cb2f4637682c5605e8d36818f51ef?s=96&d=mm&r=g","contentUrl":"https:\/\/secure.gravatar.com\/avatar\/2b2cb2f4637682c5605e8d36818f51ef?s=96&d=mm&r=g","caption":"Gabriel Barbosa"},"url":"https:\/\/www.adf.org.br\/home\/author\/gabrielpmk-com-br\/"}]}},"_links":{"self":[{"href":"https:\/\/www.adf.org.br\/home\/wp-json\/wp\/v2\/posts\/38115"}],"collection":[{"href":"https:\/\/www.adf.org.br\/home\/wp-json\/wp\/v2\/posts"}],"about":[{"href":"https:\/\/www.adf.org.br\/home\/wp-json\/wp\/v2\/types\/post"}],"author":[{"embeddable":true,"href":"https:\/\/www.adf.org.br\/home\/wp-json\/wp\/v2\/users\/31"}],"replies":[{"embeddable":true,"href":"https:\/\/www.adf.org.br\/home\/wp-json\/wp\/v2\/comments?post=38115"}],"version-history":[{"count":0,"href":"https:\/\/www.adf.org.br\/home\/wp-json\/wp\/v2\/posts\/38115\/revisions"}],"wp:featuredmedia":[{"embeddable":true,"href":"https:\/\/www.adf.org.br\/home\/wp-json\/wp\/v2\/media\/46231"}],"wp:attachment":[{"href":"https:\/\/www.adf.org.br\/home\/wp-json\/wp\/v2\/media?parent=38115"}],"wp:term":[{"taxonomy":"category","embeddable":true,"href":"https:\/\/www.adf.org.br\/home\/wp-json\/wp\/v2\/categories?post=38115"},{"taxonomy":"post_tag","embeddable":true,"href":"https:\/\/www.adf.org.br\/home\/wp-json\/wp\/v2\/tags?post=38115"}],"curies":[{"name":"wp","href":"https:\/\/api.w.org\/{rel}","templated":true}]}}