{"id":37953,"date":"2016-03-15T00:00:08","date_gmt":"2016-03-15T03:00:08","guid":{"rendered":"http:\/\/www.adf.org.br\/home\/?p=37953"},"modified":"2016-03-15T00:00:08","modified_gmt":"2016-03-15T03:00:08","slug":"emocionante-assista-agora-o-video-dessa-linda-homenagem-feita-para-nossa-senhora","status":"publish","type":"post","link":"https:\/\/www.adf.org.br\/home\/emocionante-assista-agora-o-video-dessa-linda-homenagem-feita-para-nossa-senhora\/","title":{"rendered":"EMOCIONANTE! Assista agora o v\u00eddeo dessa linda homenagem feita para Nossa Senhora."},"content":{"rendered":"<p style=\"padding-left: 90px;\">\n<figure id=\"attachment_38400\" aria-describedby=\"caption-attachment-38400\" style=\"width: 440px\" class=\"wp-caption aligncenter\"><img loading=\"lazy\" class=\" wp-image-38400 \" title=\"Nossa Senhora do Ros\u00e1rio.\" src=\"http:\/\/www.adf.org.br\/home\/wp-content\/uploads\/2016\/03\/ok-1.png\" alt=\"\" width=\"440\" height=\"428\" \/><figcaption id=\"caption-attachment-38400\" class=\"wp-caption-text\">Nossa Senhora do Ros\u00e1rio.<\/figcaption><\/figure>\n<p style=\"padding-left: 90px;\"><span style=\"color: #800080;\"><strong><span style=\"font-size: medium; font-family: verdana, geneva;\"><br \/>\n<span style=\"color: #ffffff;\">.<\/span><br \/>\nFi\u00e9is participaram da ros\u00e1rio de madrugada em honra de Nossa Senhora do Bom Sucesso, em Quito. (Equador).<\/span><\/strong><\/span><\/p>\n<p><span style=\"font-family: verdana, geneva; font-size: medium; color: #000000;\"><span style=\"color: #ffffff;\">.<\/span><br \/>\n<span style=\"font-size: large;\"><strong>O<\/strong><\/span>s fi\u00e9is chegaram com um lindo repicar dos sinos, que davam as boas vindas.<\/span><\/p>\n<p><span style=\"color: #000000; font-family: verdana, geneva; font-size: medium;\">Rezaram o Santo Ros\u00e1rio em honra \u00e0 Virgem do Bom Sucesso onde lotaram todos os bancos da Igreja. <\/span><\/p>\n<p><span style=\"font-size: medium; font-family: verdana, geneva; color: #000000;\">Cada fiel que entrava na Igreja ganhava uma Estampa e um ros\u00e1rio.<\/span><\/p>\n<p style=\"padding-left: 90px;\"><strong><span style=\"color: #800000; font-family: verdana, geneva; font-size: medium;\"><span style=\"color: #ffffff;\">.<\/span><br \/>\n<span style=\"color: #800080;\">E \u00e0s 5h da manh\u00e3 sa\u00edram em prociss\u00e3o pelas ruas, com a imagem da Virgem do Bom Sucesso que mede aproximadamente 2 metros de altura, com os estandartes e bel\u00edssimos cantos.<\/span><\/span><\/strong><\/p>\n<p><span style=\"font-size: medium; font-family: verdana, geneva; color: #000000;\"><span style=\"color: #ffffff;\">.<\/span><br \/>\nA imagem percorreu a prociss\u00e3o em cima de um ve\u00edculo militar e com os fi\u00e9is em volta, empregando nas m\u00e3os os ros\u00e1rios e as velas.<\/span><\/p>\n<p><span style=\"font-size: medium; font-family: verdana, geneva; color: #000000;\">E com grande festa e queima de fogos de artif\u00edcio pelas ruas do centro da Cidade, comemoraram os 25 anos de coroa\u00e7\u00e3o Can\u00f4nica da Virgem.<\/span><\/p>\n<p><span style=\"color: #ffffff;\">.<\/span><br \/>\n<span style=\"color: #ffffff;\">.<\/span><br \/>\n<span style=\"color: #ffffff;\">.\u00a0<\/span><\/p>\n<p style=\"padding-left: 30px;\"><iframe loading=\"lazy\" src=\"http:\/\/fast.player.liquidplatform.com\/pApiv2\/embed\/6ccb636e141295292ea82e951fbaea1b\/1abbc73a463460a6f428c8aa76ffd7c4\/?autoStart=true&amp;startOutput=360p&amp;html5=true&amp;gaAccount=UA-6323223-1\" width=\"511\" height=\"287\"><\/iframe><\/p>\n<p style=\"padding-left: 30px;\"><span style=\"color: #ffffff;\">.<\/span><\/p>\n<p style=\"padding-left: 30px; text-align: center;\"><span style=\"color: #ffffff;\">.<\/span><br \/>\n<span style=\"font-size: medium; font-family: verdana, geneva;\"><strong><span style=\"color: #000000;\">* \u00a0* \u00a0*\u00a0<\/span><\/strong><\/span><\/p>\n<p style=\"padding-left: 30px;\"><span style=\"color: #ffffff;\">.<\/span><\/p>\n<p style=\"text-align: center;\"><span style=\"font-size: medium; font-family: verdana, geneva; color: #800080;\">\u00a0Ligue agora para nossa Central de Ora\u00e7\u00f5es e inclua seus pedidos na Santa Missa de S\u00faplicas, pe\u00e7a \u00e0 Nossa Senhora que interceda e guarde voc\u00ea e toda sua fam\u00edlia! Lembro que a liga\u00e7\u00e3o \u00e9 gratuita!<\/span><\/p>\n<p style=\"text-align: center;\"><span style=\"color: #ffffff; font-size: medium; font-family: verdana, geneva;\">.<\/span><br \/>\n<span style=\"color: #ffffff; font-size: medium; font-family: verdana, geneva;\">.<\/span><br \/>\n<span style=\"font-size: large; font-family: verdana, geneva; color: #000000;\"><strong>Ligue agora para:<\/strong><\/span><\/p>\n<p style=\"text-align: center;\"><span style=\"color: #ffffff; font-size: medium; font-family: verdana, geneva;\"><strong>.<\/strong><\/span><br \/>\n<span style=\"font-size: xx-large; font-family: verdana, geneva; color: #800080;\"><strong>0800 773 11 19<\/strong><\/span><br \/>\n<span style=\"font-size: medium; font-family: verdana, geneva; color: #800080;\"> <strong>(gr\u00e1tis para todo o Brasil).<\/strong><\/span><\/p>\n<p><span style=\"color: #ffffff;\">.<\/span><\/p>\n<p><span style=\"color: #ffffff;\">.<\/span><\/p>\n","protected":false},"excerpt":{"rendered":"<p>. Fi\u00e9is participaram da ros\u00e1rio de madrugada em honra de Nossa Senhora do Bom Sucesso, em Quito. (Equador). . Os fi\u00e9is chegaram com um lindo repicar dos sinos, que davam as boas vindas. Rezaram o Santo Ros\u00e1rio em honra \u00e0 Virgem do Bom Sucesso onde lotaram todos os bancos da Igreja. Cada fiel que entrava [&hellip;]<\/p>\n","protected":false},"author":31,"featured_media":0,"comment_status":"open","ping_status":"open","sticky":false,"template":"","format":"standard","meta":[],"categories":[20],"tags":[38,893,17],"yoast_head":"<!-- This site is optimized with the Yoast SEO plugin v17.4 - https:\/\/yoast.com\/wordpress\/plugins\/seo\/ -->\n<title>EMOCIONANTE! Assista agora o v\u00eddeo dessa linda homenagem feita para Nossa Senhora. - Associa\u00e7\u00e3o Devotos de F\u00e1tima<\/title>\n<meta name=\"robots\" content=\"index, follow, max-snippet:-1, max-image-preview:large, max-video-preview:-1\" \/>\n<link rel=\"canonical\" href=\"https:\/\/www.adf.org.br\/home\/emocionante-assista-agora-o-video-dessa-linda-homenagem-feita-para-nossa-senhora\/\" \/>\n<meta property=\"og:locale\" content=\"pt_BR\" \/>\n<meta property=\"og:type\" content=\"article\" \/>\n<meta property=\"og:title\" content=\"EMOCIONANTE! Assista agora o v\u00eddeo dessa linda homenagem feita para Nossa Senhora. - Associa\u00e7\u00e3o Devotos de F\u00e1tima\" \/>\n<meta property=\"og:description\" content=\". Fi\u00e9is participaram da ros\u00e1rio de madrugada em honra de Nossa Senhora do Bom Sucesso, em Quito. (Equador). . Os fi\u00e9is chegaram com um lindo repicar dos sinos, que davam as boas vindas. Rezaram o Santo Ros\u00e1rio em honra \u00e0 Virgem do Bom Sucesso onde lotaram todos os bancos da Igreja. Cada fiel que entrava [&hellip;]\" \/>\n<meta property=\"og:url\" content=\"https:\/\/www.adf.org.br\/home\/emocionante-assista-agora-o-video-dessa-linda-homenagem-feita-para-nossa-senhora\/\" \/>\n<meta property=\"og:site_name\" content=\"Associa\u00e7\u00e3o Devotos de F\u00e1tima\" \/>\n<meta property=\"article:published_time\" content=\"2016-03-15T03:00:08+00:00\" \/>\n<meta property=\"og:image\" content=\"http:\/\/www.adf.org.br\/home\/wp-content\/uploads\/2016\/03\/ok-1.png\" \/>\n<meta name=\"twitter:card\" content=\"summary_large_image\" \/>\n<meta name=\"twitter:label1\" content=\"Escrito por\" \/>\n\t<meta name=\"twitter:data1\" content=\"Gabriel Barbosa\" \/>\n\t<meta name=\"twitter:label2\" content=\"Est. tempo de leitura\" \/>\n\t<meta name=\"twitter:data2\" content=\"1 minuto\" \/>\n<script type=\"application\/ld+json\" class=\"yoast-schema-graph\">{\"@context\":\"https:\/\/schema.org\",\"@graph\":[{\"@type\":\"WebSite\",\"@id\":\"https:\/\/www.adf.org.br\/home\/#website\",\"url\":\"https:\/\/www.adf.org.br\/home\/\",\"name\":\"Associa\\u00e7\\u00e3o Devotos de F\\u00e1tima\",\"description\":\"Associa\\u00e7\\u00e3o Devotos de F\\u00e1tima\",\"potentialAction\":[{\"@type\":\"SearchAction\",\"target\":{\"@type\":\"EntryPoint\",\"urlTemplate\":\"https:\/\/www.adf.org.br\/home\/?s={search_term_string}\"},\"query-input\":\"required name=search_term_string\"}],\"inLanguage\":\"pt-BR\"},{\"@type\":\"ImageObject\",\"@id\":\"https:\/\/www.adf.org.br\/home\/emocionante-assista-agora-o-video-dessa-linda-homenagem-feita-para-nossa-senhora\/#primaryimage\",\"inLanguage\":\"pt-BR\",\"url\":\"http:\/\/www.adf.org.br\/home\/wp-content\/uploads\/2016\/03\/ok-1.png\",\"contentUrl\":\"http:\/\/www.adf.org.br\/home\/wp-content\/uploads\/2016\/03\/ok-1.png\"},{\"@type\":\"WebPage\",\"@id\":\"https:\/\/www.adf.org.br\/home\/emocionante-assista-agora-o-video-dessa-linda-homenagem-feita-para-nossa-senhora\/#webpage\",\"url\":\"https:\/\/www.adf.org.br\/home\/emocionante-assista-agora-o-video-dessa-linda-homenagem-feita-para-nossa-senhora\/\",\"name\":\"EMOCIONANTE! Assista agora o v\\u00eddeo dessa linda homenagem feita para Nossa Senhora. - Associa\\u00e7\\u00e3o Devotos de F\\u00e1tima\",\"isPartOf\":{\"@id\":\"https:\/\/www.adf.org.br\/home\/#website\"},\"primaryImageOfPage\":{\"@id\":\"https:\/\/www.adf.org.br\/home\/emocionante-assista-agora-o-video-dessa-linda-homenagem-feita-para-nossa-senhora\/#primaryimage\"},\"datePublished\":\"2016-03-15T03:00:08+00:00\",\"dateModified\":\"2016-03-15T03:00:08+00:00\",\"author\":{\"@id\":\"https:\/\/www.adf.org.br\/home\/#\/schema\/person\/f35a5c5aa7728a3dedf4ea9aa1fc2753\"},\"breadcrumb\":{\"@id\":\"https:\/\/www.adf.org.br\/home\/emocionante-assista-agora-o-video-dessa-linda-homenagem-feita-para-nossa-senhora\/#breadcrumb\"},\"inLanguage\":\"pt-BR\",\"potentialAction\":[{\"@type\":\"ReadAction\",\"target\":[\"https:\/\/www.adf.org.br\/home\/emocionante-assista-agora-o-video-dessa-linda-homenagem-feita-para-nossa-senhora\/\"]}]},{\"@type\":\"BreadcrumbList\",\"@id\":\"https:\/\/www.adf.org.br\/home\/emocionante-assista-agora-o-video-dessa-linda-homenagem-feita-para-nossa-senhora\/#breadcrumb\",\"itemListElement\":[{\"@type\":\"ListItem\",\"position\":1,\"name\":\"Home\",\"item\":\"https:\/\/www.adf.org.br\/home\/\"},{\"@type\":\"ListItem\",\"position\":2,\"name\":\"EMOCIONANTE! Assista agora o v\\u00eddeo dessa linda homenagem feita para Nossa Senhora.\"}]},{\"@type\":\"Person\",\"@id\":\"https:\/\/www.adf.org.br\/home\/#\/schema\/person\/f35a5c5aa7728a3dedf4ea9aa1fc2753\",\"name\":\"Gabriel Barbosa\",\"image\":{\"@type\":\"ImageObject\",\"@id\":\"https:\/\/www.adf.org.br\/home\/#personlogo\",\"inLanguage\":\"pt-BR\",\"url\":\"https:\/\/secure.gravatar.com\/avatar\/2b2cb2f4637682c5605e8d36818f51ef?s=96&d=mm&r=g\",\"contentUrl\":\"https:\/\/secure.gravatar.com\/avatar\/2b2cb2f4637682c5605e8d36818f51ef?s=96&d=mm&r=g\",\"caption\":\"Gabriel Barbosa\"},\"url\":\"https:\/\/www.adf.org.br\/home\/author\/gabrielpmk-com-br\/\"}]}<\/script>\n<!-- \/ Yoast SEO plugin. -->","yoast_head_json":{"title":"EMOCIONANTE! Assista agora o v\u00eddeo dessa linda homenagem feita para Nossa Senhora. - Associa\u00e7\u00e3o Devotos de F\u00e1tima","robots":{"index":"index","follow":"follow","max-snippet":"max-snippet:-1","max-image-preview":"max-image-preview:large","max-video-preview":"max-video-preview:-1"},"canonical":"https:\/\/www.adf.org.br\/home\/emocionante-assista-agora-o-video-dessa-linda-homenagem-feita-para-nossa-senhora\/","og_locale":"pt_BR","og_type":"article","og_title":"EMOCIONANTE! Assista agora o v\u00eddeo dessa linda homenagem feita para Nossa Senhora. - Associa\u00e7\u00e3o Devotos de F\u00e1tima","og_description":". Fi\u00e9is participaram da ros\u00e1rio de madrugada em honra de Nossa Senhora do Bom Sucesso, em Quito. (Equador). . Os fi\u00e9is chegaram com um lindo repicar dos sinos, que davam as boas vindas. Rezaram o Santo Ros\u00e1rio em honra \u00e0 Virgem do Bom Sucesso onde lotaram todos os bancos da Igreja. Cada fiel que entrava [&hellip;]","og_url":"https:\/\/www.adf.org.br\/home\/emocionante-assista-agora-o-video-dessa-linda-homenagem-feita-para-nossa-senhora\/","og_site_name":"Associa\u00e7\u00e3o Devotos de F\u00e1tima","article_published_time":"2016-03-15T03:00:08+00:00","og_image":[{"url":"http:\/\/www.adf.org.br\/home\/wp-content\/uploads\/2016\/03\/ok-1.png"}],"twitter_card":"summary_large_image","twitter_misc":{"Escrito por":"Gabriel Barbosa","Est. tempo de leitura":"1 minuto"},"schema":{"@context":"https:\/\/schema.org","@graph":[{"@type":"WebSite","@id":"https:\/\/www.adf.org.br\/home\/#website","url":"https:\/\/www.adf.org.br\/home\/","name":"Associa\u00e7\u00e3o Devotos de F\u00e1tima","description":"Associa\u00e7\u00e3o Devotos de F\u00e1tima","potentialAction":[{"@type":"SearchAction","target":{"@type":"EntryPoint","urlTemplate":"https:\/\/www.adf.org.br\/home\/?s={search_term_string}"},"query-input":"required name=search_term_string"}],"inLanguage":"pt-BR"},{"@type":"ImageObject","@id":"https:\/\/www.adf.org.br\/home\/emocionante-assista-agora-o-video-dessa-linda-homenagem-feita-para-nossa-senhora\/#primaryimage","inLanguage":"pt-BR","url":"http:\/\/www.adf.org.br\/home\/wp-content\/uploads\/2016\/03\/ok-1.png","contentUrl":"http:\/\/www.adf.org.br\/home\/wp-content\/uploads\/2016\/03\/ok-1.png"},{"@type":"WebPage","@id":"https:\/\/www.adf.org.br\/home\/emocionante-assista-agora-o-video-dessa-linda-homenagem-feita-para-nossa-senhora\/#webpage","url":"https:\/\/www.adf.org.br\/home\/emocionante-assista-agora-o-video-dessa-linda-homenagem-feita-para-nossa-senhora\/","name":"EMOCIONANTE! Assista agora o v\u00eddeo dessa linda homenagem feita para Nossa Senhora. - Associa\u00e7\u00e3o Devotos de F\u00e1tima","isPartOf":{"@id":"https:\/\/www.adf.org.br\/home\/#website"},"primaryImageOfPage":{"@id":"https:\/\/www.adf.org.br\/home\/emocionante-assista-agora-o-video-dessa-linda-homenagem-feita-para-nossa-senhora\/#primaryimage"},"datePublished":"2016-03-15T03:00:08+00:00","dateModified":"2016-03-15T03:00:08+00:00","author":{"@id":"https:\/\/www.adf.org.br\/home\/#\/schema\/person\/f35a5c5aa7728a3dedf4ea9aa1fc2753"},"breadcrumb":{"@id":"https:\/\/www.adf.org.br\/home\/emocionante-assista-agora-o-video-dessa-linda-homenagem-feita-para-nossa-senhora\/#breadcrumb"},"inLanguage":"pt-BR","potentialAction":[{"@type":"ReadAction","target":["https:\/\/www.adf.org.br\/home\/emocionante-assista-agora-o-video-dessa-linda-homenagem-feita-para-nossa-senhora\/"]}]},{"@type":"BreadcrumbList","@id":"https:\/\/www.adf.org.br\/home\/emocionante-assista-agora-o-video-dessa-linda-homenagem-feita-para-nossa-senhora\/#breadcrumb","itemListElement":[{"@type":"ListItem","position":1,"name":"Home","item":"https:\/\/www.adf.org.br\/home\/"},{"@type":"ListItem","position":2,"name":"EMOCIONANTE! Assista agora o v\u00eddeo dessa linda homenagem feita para Nossa Senhora."}]},{"@type":"Person","@id":"https:\/\/www.adf.org.br\/home\/#\/schema\/person\/f35a5c5aa7728a3dedf4ea9aa1fc2753","name":"Gabriel Barbosa","image":{"@type":"ImageObject","@id":"https:\/\/www.adf.org.br\/home\/#personlogo","inLanguage":"pt-BR","url":"https:\/\/secure.gravatar.com\/avatar\/2b2cb2f4637682c5605e8d36818f51ef?s=96&d=mm&r=g","contentUrl":"https:\/\/secure.gravatar.com\/avatar\/2b2cb2f4637682c5605e8d36818f51ef?s=96&d=mm&r=g","caption":"Gabriel Barbosa"},"url":"https:\/\/www.adf.org.br\/home\/author\/gabrielpmk-com-br\/"}]}},"_links":{"self":[{"href":"https:\/\/www.adf.org.br\/home\/wp-json\/wp\/v2\/posts\/37953"}],"collection":[{"href":"https:\/\/www.adf.org.br\/home\/wp-json\/wp\/v2\/posts"}],"about":[{"href":"https:\/\/www.adf.org.br\/home\/wp-json\/wp\/v2\/types\/post"}],"author":[{"embeddable":true,"href":"https:\/\/www.adf.org.br\/home\/wp-json\/wp\/v2\/users\/31"}],"replies":[{"embeddable":true,"href":"https:\/\/www.adf.org.br\/home\/wp-json\/wp\/v2\/comments?post=37953"}],"version-history":[{"count":0,"href":"https:\/\/www.adf.org.br\/home\/wp-json\/wp\/v2\/posts\/37953\/revisions"}],"wp:attachment":[{"href":"https:\/\/www.adf.org.br\/home\/wp-json\/wp\/v2\/media?parent=37953"}],"wp:term":[{"taxonomy":"category","embeddable":true,"href":"https:\/\/www.adf.org.br\/home\/wp-json\/wp\/v2\/categories?post=37953"},{"taxonomy":"post_tag","embeddable":true,"href":"https:\/\/www.adf.org.br\/home\/wp-json\/wp\/v2\/tags?post=37953"}],"curies":[{"name":"wp","href":"https:\/\/api.w.org\/{rel}","templated":true}]}}