{"id":37518,"date":"2016-02-22T18:07:02","date_gmt":"2016-02-22T21:07:02","guid":{"rendered":"http:\/\/www.adf.org.br\/home\/?p=37518"},"modified":"2016-02-22T18:07:02","modified_gmt":"2016-02-22T21:07:02","slug":"instagram","status":"publish","type":"post","link":"https:\/\/www.adf.org.br\/home\/instagram\/","title":{"rendered":"Curta, comente e siga o Instagram da Associa\u00e7\u00e3o Devotos de F\u00e1tima. O seu nome ser\u00e1 inscrito, gr\u00e1tis, na Missa das Gra\u00e7as"},"content":{"rendered":"<p dir=\"ltr\"><span style=\"font-size: medium;\">A <strong>Associa\u00e7\u00e3o Devotos de F\u00e1tima<\/strong> tamb\u00e9m est\u00e1 presente no Instagram.<br \/>\n<span style=\"color: #ffffff;\">.\u00a0 <\/span><\/span><\/p>\n<p dir=\"ltr\"><span style=\"font-size: medium;\">Siga o perfil aqui:<\/span><\/p>\n<p style=\"text-align: center;\" dir=\"ltr\"><span style=\"text-decoration: underline; color: #3411ee;\"><strong><span style=\"font-size: large;\"><a style=\"font-size: medium;\" href=\"http:\/\/www.instagram.com\/devotosdefatima\" target=\"_blank\" rel=\"noopener noreferrer\"><span style=\"color: #3411ee; text-decoration: underline;\">www.Instagram.com\/DevotosdeFatima<\/span><\/a><\/span><\/strong><\/span><\/p>\n<p>&nbsp;<\/p>\n<p dir=\"ltr\"><span style=\"font-size: medium;\">Como retribui\u00e7\u00e3o, o seu nome ser\u00e1 lembrado na <strong>Missa das Gra\u00e7as<\/strong>.<\/span><\/p>\n<p>&nbsp;<\/p>\n<p dir=\"ltr\"><span style=\"font-size: medium;\">Voc\u00ea encontrar\u00e1:<\/span><\/p>\n<p>&nbsp;<\/p>\n<p dir=\"ltr\"><em><span style=\"font-size: medium;\">&#8211; Fotos de Nossa Senhora de F\u00e1tima<br \/>\n<\/span><span style=\"font-size: medium;\">&#8211; Mensagens de f\u00e9<br \/>\n<\/span><span style=\"font-size: medium;\">&#8211; Ora\u00e7\u00f5es e novenas<br \/>\n<\/span><span style=\"font-size: medium;\">&#8211; Frases de santos cat\u00f3licos<br \/>\n<\/span><span style=\"font-size: medium;\">&#8211; E muito mais!<\/span><\/em><\/p>\n<p>&nbsp;<\/p>\n<p dir=\"ltr\"><strong><span style=\"font-size: medium;\">O Instagram \u00e9 uma rede social, que permite aos usu\u00e1rios tirarem fotos e v\u00eddeos, aplicar filtros digitais e compartilh\u00e1-los em redes sociais, como Facebook e Twitter.<\/span><\/strong><\/p>\n<p>&nbsp;<\/p>\n<p dir=\"ltr\"><span style=\"font-size: medium;\">Se voc\u00ea <span style=\"color: #ff0000;\">ainda n\u00e3o possui uma conta no Instagram<\/span>, n\u00e3o tem problema. N\u00f3s vamos te ensinar como \u00e9 simples ter uma.<br \/>\n<span style=\"color: #ffffff;\">.\u00a0 <\/span><\/span><\/p>\n<p><span style=\"font-size: medium;\">Veja abaixo como criar o seu perfil no Instagram:<\/span><\/p>\n<p><span style=\"color: #ffffff;\">.<\/span><\/p>\n<p style=\"text-align: center;\"><a href=\"https:\/\/www.instagram.com\/devotosdefatima\/\" target=\"_blank\" rel=\"noopener noreferrer\"><img loading=\"lazy\" class=\"aligncenter size-full wp-image-37552\" title=\"Descubra aqui como criar sua conta no Instagram\" src=\"http:\/\/www.adf.org.br\/home\/wp-content\/uploads\/2016\/02\/Descubra-aqui-como-criar-sua-conta-no-Instagram2.jpg\" alt=\"\" width=\"600\" height=\"1040\" \/><\/a><\/p>\n<p><span style=\"font-size: medium;\"><span style=\"color: #ffffff;\">.<\/span><br \/>\nDepois que entrar no seu perfil, voc\u00ea poder\u00e1 convidar todos os seus amigos a seguir a Associa\u00e7\u00e3o pelo Instagram.<\/span><\/p>\n<p><span style=\"color: #ffffff;\">.<\/span><\/p>\n<p><span style=\"color: #ffffff;\">.<\/span><\/p>\n<p>&nbsp;<\/p>\n<p>&nbsp;<\/p>\n","protected":false},"excerpt":{"rendered":"<p>A Associa\u00e7\u00e3o Devotos de F\u00e1tima tamb\u00e9m est\u00e1 presente no Instagram. .\u00a0 Siga o perfil aqui: www.Instagram.com\/DevotosdeFatima &nbsp; Como retribui\u00e7\u00e3o, o seu nome ser\u00e1 lembrado na Missa das Gra\u00e7as. &nbsp; Voc\u00ea encontrar\u00e1: &nbsp; &#8211; Fotos de Nossa Senhora de F\u00e1tima &#8211; Mensagens de f\u00e9 &#8211; Ora\u00e7\u00f5es e novenas &#8211; Frases de santos cat\u00f3licos &#8211; E muito [&hellip;]<\/p>\n","protected":false},"author":31,"featured_media":0,"comment_status":"closed","ping_status":"open","sticky":false,"template":"","format":"standard","meta":[],"categories":[20],"tags":[366,1754,1755,1756,1757,1758,1759,57,1420,15,470],"yoast_head":"<!-- This site is optimized with the Yoast SEO plugin v17.4 - https:\/\/yoast.com\/wordpress\/plugins\/seo\/ -->\n<title>Curta, comente e siga o Instagram da Associa\u00e7\u00e3o Devotos de F\u00e1tima. O seu nome ser\u00e1 inscrito, gr\u00e1tis, na Missa das Gra\u00e7as - Associa\u00e7\u00e3o Devotos de F\u00e1tima<\/title>\n<meta name=\"robots\" content=\"index, follow, max-snippet:-1, max-image-preview:large, max-video-preview:-1\" \/>\n<link rel=\"canonical\" href=\"https:\/\/www.adf.org.br\/home\/instagram\/\" \/>\n<meta property=\"og:locale\" content=\"pt_BR\" \/>\n<meta property=\"og:type\" content=\"article\" \/>\n<meta property=\"og:title\" content=\"Curta, comente e siga o Instagram da Associa\u00e7\u00e3o Devotos de F\u00e1tima. O seu nome ser\u00e1 inscrito, gr\u00e1tis, na Missa das Gra\u00e7as - Associa\u00e7\u00e3o Devotos de F\u00e1tima\" \/>\n<meta property=\"og:description\" content=\"A Associa\u00e7\u00e3o Devotos de F\u00e1tima tamb\u00e9m est\u00e1 presente no Instagram. .\u00a0 Siga o perfil aqui: www.Instagram.com\/DevotosdeFatima &nbsp; Como retribui\u00e7\u00e3o, o seu nome ser\u00e1 lembrado na Missa das Gra\u00e7as. &nbsp; Voc\u00ea encontrar\u00e1: &nbsp; &#8211; Fotos de Nossa Senhora de F\u00e1tima &#8211; Mensagens de f\u00e9 &#8211; Ora\u00e7\u00f5es e novenas &#8211; Frases de santos cat\u00f3licos &#8211; E muito [&hellip;]\" \/>\n<meta property=\"og:url\" content=\"https:\/\/www.adf.org.br\/home\/instagram\/\" \/>\n<meta property=\"og:site_name\" content=\"Associa\u00e7\u00e3o Devotos de F\u00e1tima\" \/>\n<meta property=\"article:published_time\" content=\"2016-02-22T21:07:02+00:00\" \/>\n<meta property=\"og:image\" content=\"http:\/\/www.adf.org.br\/home\/wp-content\/uploads\/2016\/02\/Descubra-aqui-como-criar-sua-conta-no-Instagram2.jpg\" \/>\n<meta name=\"twitter:card\" content=\"summary_large_image\" \/>\n<meta name=\"twitter:label1\" content=\"Escrito por\" \/>\n\t<meta name=\"twitter:data1\" content=\"Gabriel Barbosa\" \/>\n\t<meta name=\"twitter:label2\" content=\"Est. tempo de leitura\" \/>\n\t<meta name=\"twitter:data2\" content=\"1 minuto\" \/>\n<script type=\"application\/ld+json\" class=\"yoast-schema-graph\">{\"@context\":\"https:\/\/schema.org\",\"@graph\":[{\"@type\":\"WebSite\",\"@id\":\"https:\/\/www.adf.org.br\/home\/#website\",\"url\":\"https:\/\/www.adf.org.br\/home\/\",\"name\":\"Associa\\u00e7\\u00e3o Devotos de F\\u00e1tima\",\"description\":\"Associa\\u00e7\\u00e3o Devotos de F\\u00e1tima\",\"potentialAction\":[{\"@type\":\"SearchAction\",\"target\":{\"@type\":\"EntryPoint\",\"urlTemplate\":\"https:\/\/www.adf.org.br\/home\/?s={search_term_string}\"},\"query-input\":\"required name=search_term_string\"}],\"inLanguage\":\"pt-BR\"},{\"@type\":\"ImageObject\",\"@id\":\"https:\/\/www.adf.org.br\/home\/instagram\/#primaryimage\",\"inLanguage\":\"pt-BR\",\"url\":\"http:\/\/www.adf.org.br\/home\/wp-content\/uploads\/2016\/02\/Descubra-aqui-como-criar-sua-conta-no-Instagram2.jpg\",\"contentUrl\":\"http:\/\/www.adf.org.br\/home\/wp-content\/uploads\/2016\/02\/Descubra-aqui-como-criar-sua-conta-no-Instagram2.jpg\"},{\"@type\":\"WebPage\",\"@id\":\"https:\/\/www.adf.org.br\/home\/instagram\/#webpage\",\"url\":\"https:\/\/www.adf.org.br\/home\/instagram\/\",\"name\":\"Curta, comente e siga o Instagram da Associa\\u00e7\\u00e3o Devotos de F\\u00e1tima. O seu nome ser\\u00e1 inscrito, gr\\u00e1tis, na Missa das Gra\\u00e7as - Associa\\u00e7\\u00e3o Devotos de F\\u00e1tima\",\"isPartOf\":{\"@id\":\"https:\/\/www.adf.org.br\/home\/#website\"},\"primaryImageOfPage\":{\"@id\":\"https:\/\/www.adf.org.br\/home\/instagram\/#primaryimage\"},\"datePublished\":\"2016-02-22T21:07:02+00:00\",\"dateModified\":\"2016-02-22T21:07:02+00:00\",\"author\":{\"@id\":\"https:\/\/www.adf.org.br\/home\/#\/schema\/person\/f35a5c5aa7728a3dedf4ea9aa1fc2753\"},\"breadcrumb\":{\"@id\":\"https:\/\/www.adf.org.br\/home\/instagram\/#breadcrumb\"},\"inLanguage\":\"pt-BR\",\"potentialAction\":[{\"@type\":\"ReadAction\",\"target\":[\"https:\/\/www.adf.org.br\/home\/instagram\/\"]}]},{\"@type\":\"BreadcrumbList\",\"@id\":\"https:\/\/www.adf.org.br\/home\/instagram\/#breadcrumb\",\"itemListElement\":[{\"@type\":\"ListItem\",\"position\":1,\"name\":\"Home\",\"item\":\"https:\/\/www.adf.org.br\/home\/\"},{\"@type\":\"ListItem\",\"position\":2,\"name\":\"Curta, comente e siga o Instagram da Associa\\u00e7\\u00e3o Devotos de F\\u00e1tima. O seu nome ser\\u00e1 inscrito, gr\\u00e1tis, na Missa das Gra\\u00e7as\"}]},{\"@type\":\"Person\",\"@id\":\"https:\/\/www.adf.org.br\/home\/#\/schema\/person\/f35a5c5aa7728a3dedf4ea9aa1fc2753\",\"name\":\"Gabriel Barbosa\",\"image\":{\"@type\":\"ImageObject\",\"@id\":\"https:\/\/www.adf.org.br\/home\/#personlogo\",\"inLanguage\":\"pt-BR\",\"url\":\"https:\/\/secure.gravatar.com\/avatar\/2b2cb2f4637682c5605e8d36818f51ef?s=96&d=mm&r=g\",\"contentUrl\":\"https:\/\/secure.gravatar.com\/avatar\/2b2cb2f4637682c5605e8d36818f51ef?s=96&d=mm&r=g\",\"caption\":\"Gabriel Barbosa\"},\"url\":\"https:\/\/www.adf.org.br\/home\/author\/gabrielpmk-com-br\/\"}]}<\/script>\n<!-- \/ Yoast SEO plugin. -->","yoast_head_json":{"title":"Curta, comente e siga o Instagram da Associa\u00e7\u00e3o Devotos de F\u00e1tima. O seu nome ser\u00e1 inscrito, gr\u00e1tis, na Missa das Gra\u00e7as - Associa\u00e7\u00e3o Devotos de F\u00e1tima","robots":{"index":"index","follow":"follow","max-snippet":"max-snippet:-1","max-image-preview":"max-image-preview:large","max-video-preview":"max-video-preview:-1"},"canonical":"https:\/\/www.adf.org.br\/home\/instagram\/","og_locale":"pt_BR","og_type":"article","og_title":"Curta, comente e siga o Instagram da Associa\u00e7\u00e3o Devotos de F\u00e1tima. O seu nome ser\u00e1 inscrito, gr\u00e1tis, na Missa das Gra\u00e7as - Associa\u00e7\u00e3o Devotos de F\u00e1tima","og_description":"A Associa\u00e7\u00e3o Devotos de F\u00e1tima tamb\u00e9m est\u00e1 presente no Instagram. .\u00a0 Siga o perfil aqui: www.Instagram.com\/DevotosdeFatima &nbsp; Como retribui\u00e7\u00e3o, o seu nome ser\u00e1 lembrado na Missa das Gra\u00e7as. &nbsp; Voc\u00ea encontrar\u00e1: &nbsp; &#8211; Fotos de Nossa Senhora de F\u00e1tima &#8211; Mensagens de f\u00e9 &#8211; Ora\u00e7\u00f5es e novenas &#8211; Frases de santos cat\u00f3licos &#8211; E muito [&hellip;]","og_url":"https:\/\/www.adf.org.br\/home\/instagram\/","og_site_name":"Associa\u00e7\u00e3o Devotos de F\u00e1tima","article_published_time":"2016-02-22T21:07:02+00:00","og_image":[{"url":"http:\/\/www.adf.org.br\/home\/wp-content\/uploads\/2016\/02\/Descubra-aqui-como-criar-sua-conta-no-Instagram2.jpg"}],"twitter_card":"summary_large_image","twitter_misc":{"Escrito por":"Gabriel Barbosa","Est. tempo de leitura":"1 minuto"},"schema":{"@context":"https:\/\/schema.org","@graph":[{"@type":"WebSite","@id":"https:\/\/www.adf.org.br\/home\/#website","url":"https:\/\/www.adf.org.br\/home\/","name":"Associa\u00e7\u00e3o Devotos de F\u00e1tima","description":"Associa\u00e7\u00e3o Devotos de F\u00e1tima","potentialAction":[{"@type":"SearchAction","target":{"@type":"EntryPoint","urlTemplate":"https:\/\/www.adf.org.br\/home\/?s={search_term_string}"},"query-input":"required name=search_term_string"}],"inLanguage":"pt-BR"},{"@type":"ImageObject","@id":"https:\/\/www.adf.org.br\/home\/instagram\/#primaryimage","inLanguage":"pt-BR","url":"http:\/\/www.adf.org.br\/home\/wp-content\/uploads\/2016\/02\/Descubra-aqui-como-criar-sua-conta-no-Instagram2.jpg","contentUrl":"http:\/\/www.adf.org.br\/home\/wp-content\/uploads\/2016\/02\/Descubra-aqui-como-criar-sua-conta-no-Instagram2.jpg"},{"@type":"WebPage","@id":"https:\/\/www.adf.org.br\/home\/instagram\/#webpage","url":"https:\/\/www.adf.org.br\/home\/instagram\/","name":"Curta, comente e siga o Instagram da Associa\u00e7\u00e3o Devotos de F\u00e1tima. O seu nome ser\u00e1 inscrito, gr\u00e1tis, na Missa das Gra\u00e7as - Associa\u00e7\u00e3o Devotos de F\u00e1tima","isPartOf":{"@id":"https:\/\/www.adf.org.br\/home\/#website"},"primaryImageOfPage":{"@id":"https:\/\/www.adf.org.br\/home\/instagram\/#primaryimage"},"datePublished":"2016-02-22T21:07:02+00:00","dateModified":"2016-02-22T21:07:02+00:00","author":{"@id":"https:\/\/www.adf.org.br\/home\/#\/schema\/person\/f35a5c5aa7728a3dedf4ea9aa1fc2753"},"breadcrumb":{"@id":"https:\/\/www.adf.org.br\/home\/instagram\/#breadcrumb"},"inLanguage":"pt-BR","potentialAction":[{"@type":"ReadAction","target":["https:\/\/www.adf.org.br\/home\/instagram\/"]}]},{"@type":"BreadcrumbList","@id":"https:\/\/www.adf.org.br\/home\/instagram\/#breadcrumb","itemListElement":[{"@type":"ListItem","position":1,"name":"Home","item":"https:\/\/www.adf.org.br\/home\/"},{"@type":"ListItem","position":2,"name":"Curta, comente e siga o Instagram da Associa\u00e7\u00e3o Devotos de F\u00e1tima. O seu nome ser\u00e1 inscrito, gr\u00e1tis, na Missa das Gra\u00e7as"}]},{"@type":"Person","@id":"https:\/\/www.adf.org.br\/home\/#\/schema\/person\/f35a5c5aa7728a3dedf4ea9aa1fc2753","name":"Gabriel Barbosa","image":{"@type":"ImageObject","@id":"https:\/\/www.adf.org.br\/home\/#personlogo","inLanguage":"pt-BR","url":"https:\/\/secure.gravatar.com\/avatar\/2b2cb2f4637682c5605e8d36818f51ef?s=96&d=mm&r=g","contentUrl":"https:\/\/secure.gravatar.com\/avatar\/2b2cb2f4637682c5605e8d36818f51ef?s=96&d=mm&r=g","caption":"Gabriel Barbosa"},"url":"https:\/\/www.adf.org.br\/home\/author\/gabrielpmk-com-br\/"}]}},"_links":{"self":[{"href":"https:\/\/www.adf.org.br\/home\/wp-json\/wp\/v2\/posts\/37518"}],"collection":[{"href":"https:\/\/www.adf.org.br\/home\/wp-json\/wp\/v2\/posts"}],"about":[{"href":"https:\/\/www.adf.org.br\/home\/wp-json\/wp\/v2\/types\/post"}],"author":[{"embeddable":true,"href":"https:\/\/www.adf.org.br\/home\/wp-json\/wp\/v2\/users\/31"}],"replies":[{"embeddable":true,"href":"https:\/\/www.adf.org.br\/home\/wp-json\/wp\/v2\/comments?post=37518"}],"version-history":[{"count":0,"href":"https:\/\/www.adf.org.br\/home\/wp-json\/wp\/v2\/posts\/37518\/revisions"}],"wp:attachment":[{"href":"https:\/\/www.adf.org.br\/home\/wp-json\/wp\/v2\/media?parent=37518"}],"wp:term":[{"taxonomy":"category","embeddable":true,"href":"https:\/\/www.adf.org.br\/home\/wp-json\/wp\/v2\/categories?post=37518"},{"taxonomy":"post_tag","embeddable":true,"href":"https:\/\/www.adf.org.br\/home\/wp-json\/wp\/v2\/tags?post=37518"}],"curies":[{"name":"wp","href":"https:\/\/api.w.org\/{rel}","templated":true}]}}