{"id":3750,"date":"2010-04-20T00:00:41","date_gmt":"2010-04-20T03:00:41","guid":{"rendered":"http:\/\/www.adf.org.br\/home\/?p=3750"},"modified":"2020-06-09T10:43:34","modified_gmt":"2020-06-09T13:43:34","slug":"a-missao-da-beata-jacinta-em-salvar-a-alma-dos-pecadores-parte-final","status":"publish","type":"post","link":"https:\/\/www.adf.org.br\/home\/a-missao-da-beata-jacinta-em-salvar-a-alma-dos-pecadores-parte-final\/","title":{"rendered":"A miss\u00e3o da beata Jacinta em salvar a alma dos pecadores \u2013 Parte final"},"content":{"rendered":"<p><span style=\"text-decoration: underline;\">Poderosa intercessora diante de Nossa Senhora<\/span><\/p>\n<p><strong> <\/strong><\/p>\n<p><img loading=\"lazy\" class=\"alignleft size-full wp-image-3759\" title=\"jacint2\" src=\"http:\/\/www.adf.org.br\/home\/wp-content\/uploads\/2010\/04\/jacint2.jpg\" alt=\"jacint2\" width=\"175\" height=\"281\" \/>Tanto ardor de devo\u00e7\u00e3o ao Imaculado Cora\u00e7\u00e3o de Maria, que queimava dentro de seu peito, nos faz compreender que era procurada j\u00e1 em vida para obter gra\u00e7as especiais de Nossa Senhora. Narra L\u00facia: \u201cEncontrou-nos, um dia, uma pobre mulher e, chorando, ajoelhou-se diante de Jacinta, a pedir-lhe que obtivesse de Nossa Senhora a cura de uma terr\u00edvel doen\u00e7a. A Jacinta, ao ver de joelhos diante de si uma mulher, afligiu-se e pegou-lhe nas m\u00e3os tr\u00eamulas para a levantar. Mas vendo que n\u00e3o era capaz, ajoelhou-se tamb\u00e9m e rezou com a mulher tr\u00eas Ave-Marias; depois pediu-lhe que se levantasse, que Nossa Senhora havia de cur\u00e1-la. E n\u00e3o deixou mais de rezar todos os dias por ela, at\u00e9 que, passado algum tempo, tornou a aparecer para agradecer a Nossa Senhora a sua cura\u201d (I Mem\u00f3ria, p. 40).<\/p>\n<p>Um outro caso, dentre muitos, tamb\u00e9m narrado por L\u00facia:<\/p>\n<p>\u201cUma tia minha, casada na F\u00e1tima, de nome Vit\u00f3ria, tinha um filho que era um verdadeiro pr\u00f3digo. N\u00e3o sei por qu\u00ea, havia tempo que tinha abandonado a casa paterna, sem se saber que era feito dele. Aflita, minha tia veio um dia a Aljustrel, para eu pedir a Nossa Senhora por aquele seu filho. N\u00e3o me encontrando, fez o pedido \u00e0 Jacinta. Esta prometeu pedir por ele. Passados alguns dias, apareceu em casa a pedir perd\u00e3o aos pais, e depois foi a Aljustre contar a sua desventurada sorte.<\/p>\n<p>Depois (contava ele) de haver gastado tudo que tinha roubado, andou v\u00e1rio tempo por l\u00e1, feito vadio, at\u00e9 que foi metido na cadeia de Torres Novas. Algum tempo depois de ali estar, conseguiu uma noite escapar-se e meteu-se por entre montes e pinhais desconhecidos. Julgando-se completamente perdido, entre o susto de ser apanhado e a escurid\u00e3o da noite cerrada e tempestuosa, encontrou-se com o \u00fanico recurso da ora\u00e7\u00e3o. Caiu de joelhos e come\u00e7ou a rezar. Passados alguns minutos, afirmava ele, apareceu-lhe a Jacinta, pegou-lhe pela m\u00e3o e o conduziu \u00e0 estrada de macadame que vem do Alqueid\u00e3o ao Reguengo, fazendo-lhe sinal que continuasse por ali. Quando amanheceu, achou-se a caminho de Boleiros, reconheceu o ponto onde estava e, comovido, dirigiu-se \u00e0 casa dos pais.<\/p>\n<p>Ora bem, ele afirmava que a Jacinta lhe tinha aparecido, que a tinha reconhecido perfeitamente. Eu perguntei a Jacinta se era verdade ela l\u00e1 ter ido com ele. Respondeu-me que n\u00e3o, que nem sabia onde eram esses pinhais e montes onde ele se perdeu.<\/p>\n<p><em>\u2014 Eu s\u00f3 rezei e pedi muito a Nossa Senhora por ele, com pena da tia Vit\u00f3ria.<\/em><\/p>\n<figure id=\"attachment_3752\" aria-describedby=\"caption-attachment-3752\" style=\"width: 189px\" class=\"wp-caption alignright\"><em><em><img loading=\"lazy\" class=\"size-full wp-image-3752\" title=\"Corpo_incorrupto\" src=\"http:\/\/www.adf.org.br\/home\/wp-content\/uploads\/2010\/04\/Corpo_incorrupto.jpg\" alt=\"Corpo incorrupto de Jacinta\" width=\"189\" height=\"175\" \/><\/em><\/em><figcaption id=\"caption-attachment-3752\" class=\"wp-caption-text\">Corpo incorrupto de Jacinta<\/figcaption><\/figure>\n<p><em> <\/em><\/p>\n<p><em>\u2014 Como foi ent\u00e3o isso?<\/em><\/p>\n<p><em>\u2014 N\u00e3o sei, sabe-o Deus\u201d<\/em> (IV Mem\u00f3ria, pp. 175-176).<\/p>\n<p>Podemos imaginar perfeitamente que um anjo tomou a figura de Jacinta, para indicar ao beneficiado a intercessora de sua salva\u00e7\u00e3o!<\/p>\n<p>Se tal \u00e9 o poder de intercess\u00e3o de Jacinta junto a Nossa Senhora, os devotos de F\u00e1tima podem valer-se dela em suas necessidades materiais e espirituais, acrescentando no fim de sua ora\u00e7\u00e3o a jaculat\u00f3ria: Beata Jacinta Marto, rogai por n\u00f3s! Mas ela se identificou de tal maneira com a Mensagem de F\u00e1tima, que seria melhor invoc\u00e1-la, como a chama o Pe. Fernando Leite SJ, como Beata Jacinta de F\u00e1tima.<\/p>\n<p>Parece-nos que, neste ano do centen\u00e1rio do seu nascimento, seria esta uma homenagem que agradaria a Nossa Senhora. Julgue a Santa Igreja esta despretensiosa sugest\u00e3o!<\/p>\n<p>Fonte: <a href=\"http:\/\/www.catolicismo.com.br\/materia\/materia.cfm?IDmat=A58B4BCF-3048-313C-2EFB34D0827F9FA4&amp;mes=Mar%C3%A7o2010&amp;pag=1\">Revista Catolicismo<\/a><a href=\"http:\/\/www.adf.org.br\/home\/2010\/03\/participe-da-homenagem-ao-centenario-do-nascimento-da-beata-jacinta-de-fatima\/\"><\/a><\/p>\n<figure id=\"attachment_3754\" aria-describedby=\"caption-attachment-3754\" style=\"width: 300px\" class=\"wp-caption aligncenter\"><a href=\"http:\/\/www.adf.org.br\/home\/2010\/03\/participe-da-homenagem-ao-centenario-do-nascimento-da-beata-jacinta-de-fatima\/\"><img loading=\"lazy\" class=\"size-medium wp-image-3754\" title=\"jacinta_topo1\" src=\"http:\/\/www.adf.org.br\/home\/wp-content\/uploads\/2010\/04\/jacinta_topo14-300x87.jpg\" alt=\"Clique na imagem e saiba como receber o livro que conta a hist\u00f3ria da beata Jacinta\" width=\"300\" height=\"87\" \/><\/a><figcaption id=\"caption-attachment-3754\" class=\"wp-caption-text\">Clique na imagem e saiba como receber o livro que conta a hist\u00f3ria da beata Jacinta<\/figcaption><\/figure>\n<p><em>Bibliografia<\/em><\/p>\n<p><em>\u00b7 Mem\u00f3rias da Irm\u00e3 L\u00facia, compila\u00e7\u00e3o do Pe. Lu\u00eds Kondor SVD, Vice-Postula\u00e7\u00e3o\u2013F\u00e1tima, 6\u00aa Ed., 1990.<\/em><\/p>\n<p><em>\u00b7 C\u00f4nego Jos\u00e9 Galamba de Oliveira, Jacinta, Gr\u00e1fica de Leiria, 7\u00aa Ed., 1976.<\/em><\/p>\n<p><em>\u00b7 Padre Joaqu\u00edn Mar\u00eda Alonso CMF, Doctrina y espiritualidad del Mensaje de F\u00e1tima, Cap. VIII, Jacinta, la v\u00edctima de la reparaci\u00f3n cordimariana, Arias Montano Editores, 1990, pp. 131-147.<\/em><\/p>\n<p><em>\u00b7 Padre Fernando Leite SJ, Jacinta de F\u00e1tima, Editorial A.O., Braga, 5\u00aa Ed., 1999<\/em><\/p>\n<p><br class=\"spacer_\" \/><\/p>\n","protected":false},"excerpt":{"rendered":"<p>Poderosa intercessora diante de Nossa Senhora Tanto ardor de devo\u00e7\u00e3o ao Imaculado Cora\u00e7\u00e3o de Maria, que queimava dentro de seu peito, nos faz compreender que era procurada j\u00e1 em vida para obter gra\u00e7as especiais de Nossa Senhora. Narra L\u00facia: \u201cEncontrou-nos, um dia, uma pobre mulher e, chorando, ajoelhou-se diante de Jacinta, a pedir-lhe que obtivesse [&hellip;]<\/p>\n","protected":false},"author":27,"featured_media":0,"comment_status":"open","ping_status":"open","sticky":false,"template":"","format":"standard","meta":[],"categories":[20,118],"tags":[43,58],"yoast_head":"<!-- This site is optimized with the Yoast SEO plugin v17.4 - https:\/\/yoast.com\/wordpress\/plugins\/seo\/ -->\n<title>A miss\u00e3o da beata Jacinta em salvar a alma dos pecadores \u2013 Parte final - Associa\u00e7\u00e3o Devotos de F\u00e1tima<\/title>\n<meta name=\"robots\" content=\"index, follow, max-snippet:-1, max-image-preview:large, max-video-preview:-1\" \/>\n<link rel=\"canonical\" href=\"https:\/\/www.adf.org.br\/home\/a-missao-da-beata-jacinta-em-salvar-a-alma-dos-pecadores-parte-final\/\" \/>\n<meta property=\"og:locale\" content=\"pt_BR\" \/>\n<meta property=\"og:type\" content=\"article\" \/>\n<meta property=\"og:title\" content=\"A miss\u00e3o da beata Jacinta em salvar a alma dos pecadores \u2013 Parte final - Associa\u00e7\u00e3o Devotos de F\u00e1tima\" \/>\n<meta property=\"og:description\" content=\"Poderosa intercessora diante de Nossa Senhora Tanto ardor de devo\u00e7\u00e3o ao Imaculado Cora\u00e7\u00e3o de Maria, que queimava dentro de seu peito, nos faz compreender que era procurada j\u00e1 em vida para obter gra\u00e7as especiais de Nossa Senhora. Narra L\u00facia: \u201cEncontrou-nos, um dia, uma pobre mulher e, chorando, ajoelhou-se diante de Jacinta, a pedir-lhe que obtivesse [&hellip;]\" \/>\n<meta property=\"og:url\" content=\"https:\/\/www.adf.org.br\/home\/a-missao-da-beata-jacinta-em-salvar-a-alma-dos-pecadores-parte-final\/\" \/>\n<meta property=\"og:site_name\" content=\"Associa\u00e7\u00e3o Devotos de F\u00e1tima\" \/>\n<meta property=\"article:published_time\" content=\"2010-04-20T03:00:41+00:00\" \/>\n<meta property=\"article:modified_time\" content=\"2020-06-09T13:43:34+00:00\" \/>\n<meta property=\"og:image\" content=\"http:\/\/www.adf.org.br\/home\/wp-content\/uploads\/2010\/04\/jacint2.jpg\" \/>\n<meta name=\"twitter:card\" content=\"summary_large_image\" \/>\n<meta name=\"twitter:label1\" content=\"Escrito por\" \/>\n\t<meta name=\"twitter:data1\" content=\"Gabriel Barbosa\" \/>\n\t<meta name=\"twitter:label2\" content=\"Est. tempo de leitura\" \/>\n\t<meta name=\"twitter:data2\" content=\"4 minutos\" \/>\n<script type=\"application\/ld+json\" class=\"yoast-schema-graph\">{\"@context\":\"https:\/\/schema.org\",\"@graph\":[{\"@type\":\"WebSite\",\"@id\":\"https:\/\/www.adf.org.br\/home\/#website\",\"url\":\"https:\/\/www.adf.org.br\/home\/\",\"name\":\"Associa\\u00e7\\u00e3o Devotos de F\\u00e1tima\",\"description\":\"Associa\\u00e7\\u00e3o Devotos de F\\u00e1tima\",\"potentialAction\":[{\"@type\":\"SearchAction\",\"target\":{\"@type\":\"EntryPoint\",\"urlTemplate\":\"https:\/\/www.adf.org.br\/home\/?s={search_term_string}\"},\"query-input\":\"required name=search_term_string\"}],\"inLanguage\":\"pt-BR\"},{\"@type\":\"ImageObject\",\"@id\":\"https:\/\/www.adf.org.br\/home\/a-missao-da-beata-jacinta-em-salvar-a-alma-dos-pecadores-parte-final\/#primaryimage\",\"inLanguage\":\"pt-BR\",\"url\":\"http:\/\/www.adf.org.br\/home\/wp-content\/uploads\/2010\/04\/jacint2.jpg\",\"contentUrl\":\"http:\/\/www.adf.org.br\/home\/wp-content\/uploads\/2010\/04\/jacint2.jpg\"},{\"@type\":\"WebPage\",\"@id\":\"https:\/\/www.adf.org.br\/home\/a-missao-da-beata-jacinta-em-salvar-a-alma-dos-pecadores-parte-final\/#webpage\",\"url\":\"https:\/\/www.adf.org.br\/home\/a-missao-da-beata-jacinta-em-salvar-a-alma-dos-pecadores-parte-final\/\",\"name\":\"A miss\\u00e3o da beata Jacinta em salvar a alma dos pecadores \\u2013 Parte final - Associa\\u00e7\\u00e3o Devotos de F\\u00e1tima\",\"isPartOf\":{\"@id\":\"https:\/\/www.adf.org.br\/home\/#website\"},\"primaryImageOfPage\":{\"@id\":\"https:\/\/www.adf.org.br\/home\/a-missao-da-beata-jacinta-em-salvar-a-alma-dos-pecadores-parte-final\/#primaryimage\"},\"datePublished\":\"2010-04-20T03:00:41+00:00\",\"dateModified\":\"2020-06-09T13:43:34+00:00\",\"author\":{\"@id\":\"https:\/\/www.adf.org.br\/home\/#\/schema\/person\/affa494ecf91434f3620f5392de44327\"},\"breadcrumb\":{\"@id\":\"https:\/\/www.adf.org.br\/home\/a-missao-da-beata-jacinta-em-salvar-a-alma-dos-pecadores-parte-final\/#breadcrumb\"},\"inLanguage\":\"pt-BR\",\"potentialAction\":[{\"@type\":\"ReadAction\",\"target\":[\"https:\/\/www.adf.org.br\/home\/a-missao-da-beata-jacinta-em-salvar-a-alma-dos-pecadores-parte-final\/\"]}]},{\"@type\":\"BreadcrumbList\",\"@id\":\"https:\/\/www.adf.org.br\/home\/a-missao-da-beata-jacinta-em-salvar-a-alma-dos-pecadores-parte-final\/#breadcrumb\",\"itemListElement\":[{\"@type\":\"ListItem\",\"position\":1,\"name\":\"Home\",\"item\":\"https:\/\/www.adf.org.br\/home\/\"},{\"@type\":\"ListItem\",\"position\":2,\"name\":\"A miss\\u00e3o da beata Jacinta em salvar a alma dos pecadores \\u2013 Parte final\"}]},{\"@type\":\"Person\",\"@id\":\"https:\/\/www.adf.org.br\/home\/#\/schema\/person\/affa494ecf91434f3620f5392de44327\",\"name\":\"Gabriel Barbosa\",\"image\":{\"@type\":\"ImageObject\",\"@id\":\"https:\/\/www.adf.org.br\/home\/#personlogo\",\"inLanguage\":\"pt-BR\",\"url\":\"https:\/\/secure.gravatar.com\/avatar\/ecf2eab02e30486a7038f8b2858de06a?s=96&d=mm&r=g\",\"contentUrl\":\"https:\/\/secure.gravatar.com\/avatar\/ecf2eab02e30486a7038f8b2858de06a?s=96&d=mm&r=g\",\"caption\":\"Gabriel Barbosa\"},\"url\":\"https:\/\/www.adf.org.br\/home\/author\/gabriel-aascj\/\"}]}<\/script>\n<!-- \/ Yoast SEO plugin. -->","yoast_head_json":{"title":"A miss\u00e3o da beata Jacinta em salvar a alma dos pecadores \u2013 Parte final - Associa\u00e7\u00e3o Devotos de F\u00e1tima","robots":{"index":"index","follow":"follow","max-snippet":"max-snippet:-1","max-image-preview":"max-image-preview:large","max-video-preview":"max-video-preview:-1"},"canonical":"https:\/\/www.adf.org.br\/home\/a-missao-da-beata-jacinta-em-salvar-a-alma-dos-pecadores-parte-final\/","og_locale":"pt_BR","og_type":"article","og_title":"A miss\u00e3o da beata Jacinta em salvar a alma dos pecadores \u2013 Parte final - Associa\u00e7\u00e3o Devotos de F\u00e1tima","og_description":"Poderosa intercessora diante de Nossa Senhora Tanto ardor de devo\u00e7\u00e3o ao Imaculado Cora\u00e7\u00e3o de Maria, que queimava dentro de seu peito, nos faz compreender que era procurada j\u00e1 em vida para obter gra\u00e7as especiais de Nossa Senhora. Narra L\u00facia: \u201cEncontrou-nos, um dia, uma pobre mulher e, chorando, ajoelhou-se diante de Jacinta, a pedir-lhe que obtivesse [&hellip;]","og_url":"https:\/\/www.adf.org.br\/home\/a-missao-da-beata-jacinta-em-salvar-a-alma-dos-pecadores-parte-final\/","og_site_name":"Associa\u00e7\u00e3o Devotos de F\u00e1tima","article_published_time":"2010-04-20T03:00:41+00:00","article_modified_time":"2020-06-09T13:43:34+00:00","og_image":[{"url":"http:\/\/www.adf.org.br\/home\/wp-content\/uploads\/2010\/04\/jacint2.jpg"}],"twitter_card":"summary_large_image","twitter_misc":{"Escrito por":"Gabriel Barbosa","Est. tempo de leitura":"4 minutos"},"schema":{"@context":"https:\/\/schema.org","@graph":[{"@type":"WebSite","@id":"https:\/\/www.adf.org.br\/home\/#website","url":"https:\/\/www.adf.org.br\/home\/","name":"Associa\u00e7\u00e3o Devotos de F\u00e1tima","description":"Associa\u00e7\u00e3o Devotos de F\u00e1tima","potentialAction":[{"@type":"SearchAction","target":{"@type":"EntryPoint","urlTemplate":"https:\/\/www.adf.org.br\/home\/?s={search_term_string}"},"query-input":"required name=search_term_string"}],"inLanguage":"pt-BR"},{"@type":"ImageObject","@id":"https:\/\/www.adf.org.br\/home\/a-missao-da-beata-jacinta-em-salvar-a-alma-dos-pecadores-parte-final\/#primaryimage","inLanguage":"pt-BR","url":"http:\/\/www.adf.org.br\/home\/wp-content\/uploads\/2010\/04\/jacint2.jpg","contentUrl":"http:\/\/www.adf.org.br\/home\/wp-content\/uploads\/2010\/04\/jacint2.jpg"},{"@type":"WebPage","@id":"https:\/\/www.adf.org.br\/home\/a-missao-da-beata-jacinta-em-salvar-a-alma-dos-pecadores-parte-final\/#webpage","url":"https:\/\/www.adf.org.br\/home\/a-missao-da-beata-jacinta-em-salvar-a-alma-dos-pecadores-parte-final\/","name":"A miss\u00e3o da beata Jacinta em salvar a alma dos pecadores \u2013 Parte final - Associa\u00e7\u00e3o Devotos de F\u00e1tima","isPartOf":{"@id":"https:\/\/www.adf.org.br\/home\/#website"},"primaryImageOfPage":{"@id":"https:\/\/www.adf.org.br\/home\/a-missao-da-beata-jacinta-em-salvar-a-alma-dos-pecadores-parte-final\/#primaryimage"},"datePublished":"2010-04-20T03:00:41+00:00","dateModified":"2020-06-09T13:43:34+00:00","author":{"@id":"https:\/\/www.adf.org.br\/home\/#\/schema\/person\/affa494ecf91434f3620f5392de44327"},"breadcrumb":{"@id":"https:\/\/www.adf.org.br\/home\/a-missao-da-beata-jacinta-em-salvar-a-alma-dos-pecadores-parte-final\/#breadcrumb"},"inLanguage":"pt-BR","potentialAction":[{"@type":"ReadAction","target":["https:\/\/www.adf.org.br\/home\/a-missao-da-beata-jacinta-em-salvar-a-alma-dos-pecadores-parte-final\/"]}]},{"@type":"BreadcrumbList","@id":"https:\/\/www.adf.org.br\/home\/a-missao-da-beata-jacinta-em-salvar-a-alma-dos-pecadores-parte-final\/#breadcrumb","itemListElement":[{"@type":"ListItem","position":1,"name":"Home","item":"https:\/\/www.adf.org.br\/home\/"},{"@type":"ListItem","position":2,"name":"A miss\u00e3o da beata Jacinta em salvar a alma dos pecadores \u2013 Parte final"}]},{"@type":"Person","@id":"https:\/\/www.adf.org.br\/home\/#\/schema\/person\/affa494ecf91434f3620f5392de44327","name":"Gabriel Barbosa","image":{"@type":"ImageObject","@id":"https:\/\/www.adf.org.br\/home\/#personlogo","inLanguage":"pt-BR","url":"https:\/\/secure.gravatar.com\/avatar\/ecf2eab02e30486a7038f8b2858de06a?s=96&d=mm&r=g","contentUrl":"https:\/\/secure.gravatar.com\/avatar\/ecf2eab02e30486a7038f8b2858de06a?s=96&d=mm&r=g","caption":"Gabriel Barbosa"},"url":"https:\/\/www.adf.org.br\/home\/author\/gabriel-aascj\/"}]}},"_links":{"self":[{"href":"https:\/\/www.adf.org.br\/home\/wp-json\/wp\/v2\/posts\/3750"}],"collection":[{"href":"https:\/\/www.adf.org.br\/home\/wp-json\/wp\/v2\/posts"}],"about":[{"href":"https:\/\/www.adf.org.br\/home\/wp-json\/wp\/v2\/types\/post"}],"author":[{"embeddable":true,"href":"https:\/\/www.adf.org.br\/home\/wp-json\/wp\/v2\/users\/27"}],"replies":[{"embeddable":true,"href":"https:\/\/www.adf.org.br\/home\/wp-json\/wp\/v2\/comments?post=3750"}],"version-history":[{"count":1,"href":"https:\/\/www.adf.org.br\/home\/wp-json\/wp\/v2\/posts\/3750\/revisions"}],"predecessor-version":[{"id":7469,"href":"https:\/\/www.adf.org.br\/home\/wp-json\/wp\/v2\/posts\/3750\/revisions\/7469"}],"wp:attachment":[{"href":"https:\/\/www.adf.org.br\/home\/wp-json\/wp\/v2\/media?parent=3750"}],"wp:term":[{"taxonomy":"category","embeddable":true,"href":"https:\/\/www.adf.org.br\/home\/wp-json\/wp\/v2\/categories?post=3750"},{"taxonomy":"post_tag","embeddable":true,"href":"https:\/\/www.adf.org.br\/home\/wp-json\/wp\/v2\/tags?post=3750"}],"curies":[{"name":"wp","href":"https:\/\/api.w.org\/{rel}","templated":true}]}}