{"id":3743,"date":"2010-04-16T00:00:14","date_gmt":"2010-04-16T03:00:14","guid":{"rendered":"http:\/\/www.adf.org.br\/home\/?p=3743"},"modified":"2020-06-09T11:51:27","modified_gmt":"2020-06-09T14:51:27","slug":"a-missao-da-beata-jacinta-em-salvar-a-alma-dos-pecadores-parte-4","status":"publish","type":"post","link":"https:\/\/www.adf.org.br\/home\/a-missao-da-beata-jacinta-em-salvar-a-alma-dos-pecadores-parte-4\/","title":{"rendered":"A miss\u00e3o da beata Jacinta em salvar a alma dos pecadores \u2013 Parte 4"},"content":{"rendered":"<p><span style=\"text-decoration: underline;\">Compenetra\u00e7\u00e3o do castigo que paira sobre o mundo<\/span><\/p>\n<p><img loading=\"lazy\" class=\"alignleft size-full wp-image-3746\" title=\"jacinta\" src=\"http:\/\/www.adf.org.br\/home\/wp-content\/uploads\/2010\/04\/jacinta.jpg\" alt=\"jacinta\" width=\"150\" height=\"150\" \/>A impress\u00e3o que o segredo de F\u00e1tima causou sobre a pequena Jacinta foi t\u00e3o grande que a Irm\u00e3 L\u00facia, diante do pedido do bispo de Leiria para que pusesse por escrito tudo mais de que se lembrasse da vida de sua prima, tomou isso como um sinal do C\u00e9u de que era chegado o momento de revelar as duas primeiras partes do segredo. Pois n\u00e3o lhe era poss\u00edvel narrar certos fatos sem mencionar a grande impress\u00e3o que o segredo provocou na alma de Jacinta.<\/p>\n<p>Em primeiro lugar a vis\u00e3o do inferno, que explica o zelo dela pela salva\u00e7\u00e3o das almas, como os fatos at\u00e9\u00a0 aqui narrados demonstram de sobejo. Ademais, o castigo de guerras e persegui\u00e7\u00f5es \u00e0 Santa Igreja, que Nossa Senhora anuncia se os homens n\u00e3o cessarem de ofender a Deus. Esse fundo de quadro est\u00e1\u00a0 presente em v\u00e1rias vis\u00f5es particulares que Jacinta teve, e que denotam o fundo de suas cogita\u00e7\u00f5es.<\/p>\n<p>Assim, por exemplo, numa tarde de agosto de 1917, estando os videntes sentados nos rochedos do outeiro do Cabe\u00e7o\u00a0 \u2014 onde, no ano anterior, um Anjo lhes aparecera \u2014 Jacinta p\u00f4s-se subitamente a rezar a ora\u00e7\u00e3o que o Anjo lhes ensinara, e depois de um profundo sil\u00eancio disse \u00e0 prima: \u201cN\u00e3o v\u00eas tanta estrada, tantos caminhos e campos cheios de gente a chorar com fome e n\u00e3o t\u00eam nada para comer? E o Santo Padre numa igreja diante do Imaculado Cora\u00e7\u00e3o de Maria a rezar? E tanta gente a rezar com ele?\u201d (III Mem\u00f3ria, p. 110).<\/p>\n<p>A Irm\u00e3 L\u00facia acrescenta: \u201cPassados alguns dias, perguntou-me:<\/p>\n<p><em> \u2014 Posso dizer que vi o Santo Padre e toda aquela gente?<\/em><\/p>\n<p><em> \u2014 N\u00e3o. N\u00e3o v\u00eas que isso faz parte do segredo?! Que por a\u00ed logo se descobria?<\/em><\/p>\n<p><em> \u2014 Est\u00e1 bem. Ent\u00e3o n\u00e3o digo nada\u201d<\/em> (III Mem\u00f3ria, p. 110).<\/p>\n<p>Um dia, em casa de Jacinta, L\u00facia encontrou-a muito pensativa e interrogou-a:<\/p>\n<p><em>\u2014 \u201cJacinta, que est\u00e1s a pensar?<\/em><\/p>\n<p><em> \u2014 Na guerra que h\u00e1 de vir. H\u00e1 de morrer tanta gente! E vai quase toda para o inferno! H\u00e3o de ser arrasadas muitas casas e mortos muitos padres. Olha, eu vou para o C\u00e9u; e tu, quando vires de noite essa luz que aquela Senhora disse que vem antes, foge para l\u00e1 tamb\u00e9m\u201d <\/em>(III Mem\u00f3ria, p. 110).<\/p>\n<p><span style=\"text-decoration: underline;\">Jacinta recomendou fidelidade a L\u00facia<\/span><\/p>\n<p>A compreens\u00e3o profunda da Mensagem de F\u00e1tima v\u00ea-se em todos os pensamentos expressos por Jacinta. Como se sabe, na primeira apari\u00e7\u00e3o Nossa Senhora tinha<\/p>\n<figure id=\"attachment_3747\" aria-describedby=\"caption-attachment-3747\" style=\"width: 122px\" class=\"wp-caption alignright\"><img loading=\"lazy\" class=\"size-full wp-image-3747\" title=\"jacinta_e_lucia\" src=\"http:\/\/www.adf.org.br\/home\/wp-content\/uploads\/2010\/04\/jacinta_e_lucia.jpg\" alt=\"Jacinta (sentada) e Lucia\" width=\"122\" height=\"175\" \/><figcaption id=\"caption-attachment-3747\" class=\"wp-caption-text\">Jacinta (sentada) e Lucia<\/figcaption><\/figure>\n<p>dito que a levaria logo para o C\u00e9u. Mais tarde, em apari\u00e7\u00f5es particulares, disse-lhe que seria transferida para Lisboa e l\u00e1 morreria sozinha; mas que n\u00e3o temesse, porque a pr\u00f3pria M\u00e3e de Deus estaria com ela, como de fato aconteceu. Os livros que tratam de F\u00e1tima descrevem os fatos com pormenores. Destaquemos um.<\/p>\n<p>Pouco antes de ir para o hospital, lembrando-se de que L\u00facia fraquejara em v\u00e1rios momentos, Jacinta disse a ela: \u201cJ\u00e1 me falta pouco para ir para o C\u00e9u. Tu ficas c\u00e1\u00a0 para dizeres que Deus quer estabelecer no mundo a devo\u00e7\u00e3o ao Imaculado Cora\u00e7\u00e3o de Maria. Quando for para dizeres isso, n\u00e3o te escondas, dize a toda a gente que Deus nos concede as gra\u00e7as por meio do Cora\u00e7\u00e3o Imaculado de Maria, que lhas pe\u00e7am a Ela, que o Cora\u00e7\u00e3o de Jesus quer que, a seu lado, se venere o Cora\u00e7\u00e3o Imaculado de Maria. Que pe\u00e7am a paz ao Imaculado Cora\u00e7\u00e3o de Maria, que Deus lha entregou a Ela. Se eu pudesse meter no cora\u00e7\u00e3o de toda a gente o lume que tenho c\u00e1 dentro no peito a queimar-me e a fazer-me gostar tanto do Cora\u00e7\u00e3o de Jesus e do Cora\u00e7\u00e3o de Maria!\u201d (III Mem\u00f3ria, p. 112).<\/p>\n<p><br class=\"spacer_\" \/><\/p>\n<p style=\"text-align: right;\"><span style=\"color: #0000ff;\">continua no pr\u00f3ximo domingo&#8230;<\/span><\/p>\n<p><em>Fonte: Revista Catolicismo<\/em><\/p>\n","protected":false},"excerpt":{"rendered":"<p>Compenetra\u00e7\u00e3o do castigo que paira sobre o mundo A impress\u00e3o que o segredo de F\u00e1tima causou sobre a pequena Jacinta foi t\u00e3o grande que a Irm\u00e3 L\u00facia, diante do pedido do bispo de Leiria para que pusesse por escrito tudo mais de que se lembrasse da vida de sua prima, tomou isso como um sinal [&hellip;]<\/p>\n","protected":false},"author":27,"featured_media":0,"comment_status":"open","ping_status":"open","sticky":false,"template":"","format":"standard","meta":[],"categories":[118],"tags":[43,58],"yoast_head":"<!-- This site is optimized with the Yoast SEO plugin v17.4 - https:\/\/yoast.com\/wordpress\/plugins\/seo\/ -->\n<title>A miss\u00e3o da beata Jacinta em salvar a alma dos pecadores \u2013 Parte 4 - Associa\u00e7\u00e3o Devotos de F\u00e1tima<\/title>\n<meta name=\"robots\" content=\"index, follow, max-snippet:-1, max-image-preview:large, max-video-preview:-1\" \/>\n<link rel=\"canonical\" href=\"https:\/\/www.adf.org.br\/home\/a-missao-da-beata-jacinta-em-salvar-a-alma-dos-pecadores-parte-4\/\" \/>\n<meta property=\"og:locale\" content=\"pt_BR\" \/>\n<meta property=\"og:type\" content=\"article\" \/>\n<meta property=\"og:title\" content=\"A miss\u00e3o da beata Jacinta em salvar a alma dos pecadores \u2013 Parte 4 - Associa\u00e7\u00e3o Devotos de F\u00e1tima\" \/>\n<meta property=\"og:description\" content=\"Compenetra\u00e7\u00e3o do castigo que paira sobre o mundo A impress\u00e3o que o segredo de F\u00e1tima causou sobre a pequena Jacinta foi t\u00e3o grande que a Irm\u00e3 L\u00facia, diante do pedido do bispo de Leiria para que pusesse por escrito tudo mais de que se lembrasse da vida de sua prima, tomou isso como um sinal [&hellip;]\" \/>\n<meta property=\"og:url\" content=\"https:\/\/www.adf.org.br\/home\/a-missao-da-beata-jacinta-em-salvar-a-alma-dos-pecadores-parte-4\/\" \/>\n<meta property=\"og:site_name\" content=\"Associa\u00e7\u00e3o Devotos de F\u00e1tima\" \/>\n<meta property=\"article:published_time\" content=\"2010-04-16T03:00:14+00:00\" \/>\n<meta property=\"article:modified_time\" content=\"2020-06-09T14:51:27+00:00\" \/>\n<meta property=\"og:image\" content=\"http:\/\/www.adf.org.br\/home\/wp-content\/uploads\/2010\/04\/jacinta.jpg\" \/>\n<meta name=\"twitter:card\" content=\"summary_large_image\" \/>\n<meta name=\"twitter:label1\" content=\"Escrito por\" \/>\n\t<meta name=\"twitter:data1\" content=\"Gabriel Barbosa\" \/>\n\t<meta name=\"twitter:label2\" content=\"Est. tempo de leitura\" \/>\n\t<meta name=\"twitter:data2\" content=\"3 minutos\" \/>\n<script type=\"application\/ld+json\" class=\"yoast-schema-graph\">{\"@context\":\"https:\/\/schema.org\",\"@graph\":[{\"@type\":\"WebSite\",\"@id\":\"https:\/\/www.adf.org.br\/home\/#website\",\"url\":\"https:\/\/www.adf.org.br\/home\/\",\"name\":\"Associa\\u00e7\\u00e3o Devotos de F\\u00e1tima\",\"description\":\"Associa\\u00e7\\u00e3o Devotos de F\\u00e1tima\",\"potentialAction\":[{\"@type\":\"SearchAction\",\"target\":{\"@type\":\"EntryPoint\",\"urlTemplate\":\"https:\/\/www.adf.org.br\/home\/?s={search_term_string}\"},\"query-input\":\"required name=search_term_string\"}],\"inLanguage\":\"pt-BR\"},{\"@type\":\"ImageObject\",\"@id\":\"https:\/\/www.adf.org.br\/home\/a-missao-da-beata-jacinta-em-salvar-a-alma-dos-pecadores-parte-4\/#primaryimage\",\"inLanguage\":\"pt-BR\",\"url\":\"http:\/\/www.adf.org.br\/home\/wp-content\/uploads\/2010\/04\/jacinta.jpg\",\"contentUrl\":\"http:\/\/www.adf.org.br\/home\/wp-content\/uploads\/2010\/04\/jacinta.jpg\"},{\"@type\":\"WebPage\",\"@id\":\"https:\/\/www.adf.org.br\/home\/a-missao-da-beata-jacinta-em-salvar-a-alma-dos-pecadores-parte-4\/#webpage\",\"url\":\"https:\/\/www.adf.org.br\/home\/a-missao-da-beata-jacinta-em-salvar-a-alma-dos-pecadores-parte-4\/\",\"name\":\"A miss\\u00e3o da beata Jacinta em salvar a alma dos pecadores \\u2013 Parte 4 - Associa\\u00e7\\u00e3o Devotos de F\\u00e1tima\",\"isPartOf\":{\"@id\":\"https:\/\/www.adf.org.br\/home\/#website\"},\"primaryImageOfPage\":{\"@id\":\"https:\/\/www.adf.org.br\/home\/a-missao-da-beata-jacinta-em-salvar-a-alma-dos-pecadores-parte-4\/#primaryimage\"},\"datePublished\":\"2010-04-16T03:00:14+00:00\",\"dateModified\":\"2020-06-09T14:51:27+00:00\",\"author\":{\"@id\":\"https:\/\/www.adf.org.br\/home\/#\/schema\/person\/affa494ecf91434f3620f5392de44327\"},\"breadcrumb\":{\"@id\":\"https:\/\/www.adf.org.br\/home\/a-missao-da-beata-jacinta-em-salvar-a-alma-dos-pecadores-parte-4\/#breadcrumb\"},\"inLanguage\":\"pt-BR\",\"potentialAction\":[{\"@type\":\"ReadAction\",\"target\":[\"https:\/\/www.adf.org.br\/home\/a-missao-da-beata-jacinta-em-salvar-a-alma-dos-pecadores-parte-4\/\"]}]},{\"@type\":\"BreadcrumbList\",\"@id\":\"https:\/\/www.adf.org.br\/home\/a-missao-da-beata-jacinta-em-salvar-a-alma-dos-pecadores-parte-4\/#breadcrumb\",\"itemListElement\":[{\"@type\":\"ListItem\",\"position\":1,\"name\":\"Home\",\"item\":\"https:\/\/www.adf.org.br\/home\/\"},{\"@type\":\"ListItem\",\"position\":2,\"name\":\"A miss\\u00e3o da beata Jacinta em salvar a alma dos pecadores \\u2013 Parte 4\"}]},{\"@type\":\"Person\",\"@id\":\"https:\/\/www.adf.org.br\/home\/#\/schema\/person\/affa494ecf91434f3620f5392de44327\",\"name\":\"Gabriel Barbosa\",\"image\":{\"@type\":\"ImageObject\",\"@id\":\"https:\/\/www.adf.org.br\/home\/#personlogo\",\"inLanguage\":\"pt-BR\",\"url\":\"https:\/\/secure.gravatar.com\/avatar\/ecf2eab02e30486a7038f8b2858de06a?s=96&d=mm&r=g\",\"contentUrl\":\"https:\/\/secure.gravatar.com\/avatar\/ecf2eab02e30486a7038f8b2858de06a?s=96&d=mm&r=g\",\"caption\":\"Gabriel Barbosa\"},\"url\":\"https:\/\/www.adf.org.br\/home\/author\/gabriel-aascj\/\"}]}<\/script>\n<!-- \/ Yoast SEO plugin. -->","yoast_head_json":{"title":"A miss\u00e3o da beata Jacinta em salvar a alma dos pecadores \u2013 Parte 4 - Associa\u00e7\u00e3o Devotos de F\u00e1tima","robots":{"index":"index","follow":"follow","max-snippet":"max-snippet:-1","max-image-preview":"max-image-preview:large","max-video-preview":"max-video-preview:-1"},"canonical":"https:\/\/www.adf.org.br\/home\/a-missao-da-beata-jacinta-em-salvar-a-alma-dos-pecadores-parte-4\/","og_locale":"pt_BR","og_type":"article","og_title":"A miss\u00e3o da beata Jacinta em salvar a alma dos pecadores \u2013 Parte 4 - Associa\u00e7\u00e3o Devotos de F\u00e1tima","og_description":"Compenetra\u00e7\u00e3o do castigo que paira sobre o mundo A impress\u00e3o que o segredo de F\u00e1tima causou sobre a pequena Jacinta foi t\u00e3o grande que a Irm\u00e3 L\u00facia, diante do pedido do bispo de Leiria para que pusesse por escrito tudo mais de que se lembrasse da vida de sua prima, tomou isso como um sinal [&hellip;]","og_url":"https:\/\/www.adf.org.br\/home\/a-missao-da-beata-jacinta-em-salvar-a-alma-dos-pecadores-parte-4\/","og_site_name":"Associa\u00e7\u00e3o Devotos de F\u00e1tima","article_published_time":"2010-04-16T03:00:14+00:00","article_modified_time":"2020-06-09T14:51:27+00:00","og_image":[{"url":"http:\/\/www.adf.org.br\/home\/wp-content\/uploads\/2010\/04\/jacinta.jpg"}],"twitter_card":"summary_large_image","twitter_misc":{"Escrito por":"Gabriel Barbosa","Est. tempo de leitura":"3 minutos"},"schema":{"@context":"https:\/\/schema.org","@graph":[{"@type":"WebSite","@id":"https:\/\/www.adf.org.br\/home\/#website","url":"https:\/\/www.adf.org.br\/home\/","name":"Associa\u00e7\u00e3o Devotos de F\u00e1tima","description":"Associa\u00e7\u00e3o Devotos de F\u00e1tima","potentialAction":[{"@type":"SearchAction","target":{"@type":"EntryPoint","urlTemplate":"https:\/\/www.adf.org.br\/home\/?s={search_term_string}"},"query-input":"required name=search_term_string"}],"inLanguage":"pt-BR"},{"@type":"ImageObject","@id":"https:\/\/www.adf.org.br\/home\/a-missao-da-beata-jacinta-em-salvar-a-alma-dos-pecadores-parte-4\/#primaryimage","inLanguage":"pt-BR","url":"http:\/\/www.adf.org.br\/home\/wp-content\/uploads\/2010\/04\/jacinta.jpg","contentUrl":"http:\/\/www.adf.org.br\/home\/wp-content\/uploads\/2010\/04\/jacinta.jpg"},{"@type":"WebPage","@id":"https:\/\/www.adf.org.br\/home\/a-missao-da-beata-jacinta-em-salvar-a-alma-dos-pecadores-parte-4\/#webpage","url":"https:\/\/www.adf.org.br\/home\/a-missao-da-beata-jacinta-em-salvar-a-alma-dos-pecadores-parte-4\/","name":"A miss\u00e3o da beata Jacinta em salvar a alma dos pecadores \u2013 Parte 4 - Associa\u00e7\u00e3o Devotos de F\u00e1tima","isPartOf":{"@id":"https:\/\/www.adf.org.br\/home\/#website"},"primaryImageOfPage":{"@id":"https:\/\/www.adf.org.br\/home\/a-missao-da-beata-jacinta-em-salvar-a-alma-dos-pecadores-parte-4\/#primaryimage"},"datePublished":"2010-04-16T03:00:14+00:00","dateModified":"2020-06-09T14:51:27+00:00","author":{"@id":"https:\/\/www.adf.org.br\/home\/#\/schema\/person\/affa494ecf91434f3620f5392de44327"},"breadcrumb":{"@id":"https:\/\/www.adf.org.br\/home\/a-missao-da-beata-jacinta-em-salvar-a-alma-dos-pecadores-parte-4\/#breadcrumb"},"inLanguage":"pt-BR","potentialAction":[{"@type":"ReadAction","target":["https:\/\/www.adf.org.br\/home\/a-missao-da-beata-jacinta-em-salvar-a-alma-dos-pecadores-parte-4\/"]}]},{"@type":"BreadcrumbList","@id":"https:\/\/www.adf.org.br\/home\/a-missao-da-beata-jacinta-em-salvar-a-alma-dos-pecadores-parte-4\/#breadcrumb","itemListElement":[{"@type":"ListItem","position":1,"name":"Home","item":"https:\/\/www.adf.org.br\/home\/"},{"@type":"ListItem","position":2,"name":"A miss\u00e3o da beata Jacinta em salvar a alma dos pecadores \u2013 Parte 4"}]},{"@type":"Person","@id":"https:\/\/www.adf.org.br\/home\/#\/schema\/person\/affa494ecf91434f3620f5392de44327","name":"Gabriel Barbosa","image":{"@type":"ImageObject","@id":"https:\/\/www.adf.org.br\/home\/#personlogo","inLanguage":"pt-BR","url":"https:\/\/secure.gravatar.com\/avatar\/ecf2eab02e30486a7038f8b2858de06a?s=96&d=mm&r=g","contentUrl":"https:\/\/secure.gravatar.com\/avatar\/ecf2eab02e30486a7038f8b2858de06a?s=96&d=mm&r=g","caption":"Gabriel Barbosa"},"url":"https:\/\/www.adf.org.br\/home\/author\/gabriel-aascj\/"}]}},"_links":{"self":[{"href":"https:\/\/www.adf.org.br\/home\/wp-json\/wp\/v2\/posts\/3743"}],"collection":[{"href":"https:\/\/www.adf.org.br\/home\/wp-json\/wp\/v2\/posts"}],"about":[{"href":"https:\/\/www.adf.org.br\/home\/wp-json\/wp\/v2\/types\/post"}],"author":[{"embeddable":true,"href":"https:\/\/www.adf.org.br\/home\/wp-json\/wp\/v2\/users\/27"}],"replies":[{"embeddable":true,"href":"https:\/\/www.adf.org.br\/home\/wp-json\/wp\/v2\/comments?post=3743"}],"version-history":[{"count":1,"href":"https:\/\/www.adf.org.br\/home\/wp-json\/wp\/v2\/posts\/3743\/revisions"}],"predecessor-version":[{"id":59604,"href":"https:\/\/www.adf.org.br\/home\/wp-json\/wp\/v2\/posts\/3743\/revisions\/59604"}],"wp:attachment":[{"href":"https:\/\/www.adf.org.br\/home\/wp-json\/wp\/v2\/media?parent=3743"}],"wp:term":[{"taxonomy":"category","embeddable":true,"href":"https:\/\/www.adf.org.br\/home\/wp-json\/wp\/v2\/categories?post=3743"},{"taxonomy":"post_tag","embeddable":true,"href":"https:\/\/www.adf.org.br\/home\/wp-json\/wp\/v2\/tags?post=3743"}],"curies":[{"name":"wp","href":"https:\/\/api.w.org\/{rel}","templated":true}]}}