{"id":37130,"date":"2018-10-31T00:00:44","date_gmt":"2018-10-31T02:00:44","guid":{"rendered":"http:\/\/www.adf.org.br\/home\/?p=37130"},"modified":"2018-10-31T00:00:44","modified_gmt":"2018-10-31T02:00:44","slug":"dor-nossa-senhora-nos-ensina","status":"publish","type":"post","link":"https:\/\/www.adf.org.br\/home\/dor-nossa-senhora-nos-ensina\/","title":{"rendered":"O que a dor de Nossa Senhora pode nos ensinar sobre o amor? Veja:"},"content":{"rendered":"<figure id=\"attachment_37133\" aria-describedby=\"caption-attachment-37133\" style=\"width: 560px\" class=\"wp-caption aligncenter\"><img loading=\"lazy\" class=\"  wp-image-37133\" title=\"Nossa Senhora das Dores com Cristo morto\" src=\"http:\/\/www.adf.org.br\/home\/wp-content\/uploads\/2016\/02\/Nossa-Senhora-das-Dores-com-Cristo-morto.jpg\" width=\"560\" height=\"373\" \/><figcaption id=\"caption-attachment-37133\" class=\"wp-caption-text\">Nossa Senhora das Dores com Cristo morto.<\/figcaption><\/figure>\n<p style=\"padding-left: 90px;\"><span style=\"color: #800080;\"><strong><span style=\"font-size: medium; font-family: verdana, geneva;\"><span style=\"color: #ffffff;\">.<\/span><br \/>\n\u00c9 certo que, quanto mais se <span style=\"color: #0000ff;\"><a style=\"color: #0000ff;\" href=\"https:\/\/adf.org.br\/apostolosdefatima\/2\/?origem=4547#\" target=\"_blank\" rel=\"noopener noreferrer\">ama<\/a><\/span> uma pessoa, tanto mais se sente a pena de perd\u00ea-la. A morte de um irm\u00e3o, de um filho, aflige mais, certamente, que a de um amigo.<\/span><\/strong><\/span><\/p>\n<p><span style=\"font-size: medium; font-family: verdana, geneva; color: #000000;\"><br \/>\n<span style=\"font-size: 14pt;\"><strong>C<\/strong><\/span>orn\u00e9lio a L\u00e1pide diz, por isso: Para medir a dor de Maria pela morte do Filho, \u00e9 preciso ponderar a grandeza do amor que lhe devotava.<\/span><\/p>\n<p><span style=\"font-size: medium; font-family: verdana, geneva; color: #000000;\">Mas quem poder\u00e1 medi-lo? Era duplo o amor de Jesus no cora\u00e7\u00e3o de Maria, observa o beato Amadeu: <\/span><\/p>\n<p style=\"padding-left: 90px;\"><em><span style=\"font-size: medium; font-family: verdana, geneva; color: #000000;\"><br \/>\n&#8220;Um sobrenatural, com que <strong><span style=\"color: #0000ff;\"><a style=\"color: #0000ff;\" href=\"https:\/\/adf.org.br\/apostolosdefatima\/2\/?origem=4547#\" target=\"_blank\" rel=\"noopener noreferrer\">o amava<\/a><\/span><\/strong> como a seu Deus, e natural o outro, com que o estremecia como Filho&#8221;.<\/span><\/em><\/p>\n<p><span style=\"font-size: medium; font-family: verdana, geneva; color: #000000;\"><br \/>\nEsse duplo amor reuniu-se num s\u00f3, imenso e incalcul\u00e1vel amor, a ponto de Guilherme de Paris ousar dizer:<\/span><\/p>\n<p style=\"padding-left: 90px;\"><span style=\"color: #800080;\"><strong><span style=\"font-size: medium; font-family: verdana, geneva;\">Tanto era o amor da Sant\u00edssima Virgem a Jesus, que uma pura criatura n\u00e3o seria capaz de am\u00e1-lo mais.<\/span><\/strong><\/span><\/p>\n<p><span style=\"font-size: medium; font-family: verdana, geneva; color: #000000;\"><br \/>\nOra, conclui Ricardo de S\u00e3o Vitor, <strong>como o amor de Maria n\u00e3o comporta compara\u00e7\u00f5es, tamb\u00e9m n\u00e3o as comporta a sua dor.<\/strong><\/span><\/p>\n<p><span style=\"font-size: medium; font-family: verdana, geneva; color: #000000;\">Imenso era o amor da Senhora a Seu Filho e tamb\u00e9m incalcul\u00e1vel devia ser sua pena ao perd\u00ea-lo, observa S\u00e3o Alberto Magno.<\/span><\/p>\n<p><span style=\"font-size: medium; font-family: verdana, geneva; color: #000000;\">Imaginemos que a M\u00e3e de Deus, <span style=\"color: #0000ff;\"><a style=\"color: #0000ff;\" href=\"https:\/\/adf.org.br\/apostolosdefatima\/2\/?origem=4547#\" target=\"_blank\" rel=\"noopener noreferrer\">junto ao Filho moribundo<\/a><\/span> na cruz, nos dirige as palavras de Jeremias:<\/span><\/p>\n<p><span style=\"font-size: medium; font-family: verdana, geneva; color: #000000;\">\u00d3 v\u00f3s todos que passais pelo caminho, atendei e vede que viveis na terra, e n\u00e3o vos compadeceis de mim, parai um pouco a contemplar-me neste momento em que estou vendo morrer meu Filho dilet\u00edssimo.<\/span><\/p>\n<p><span style=\"font-size: medium; font-family: verdana, geneva; color: #000000;\">Vede em seguida se, entre todos os aflitos e atormentados, h\u00e1 dor semelhante \u00e0 minha dor.<\/span><\/p>\n<p><span style=\"color: #ffffff;\">.<\/span><br \/>\n<span style=\"font-family: verdana, geneva, sans-serif; font-size: 10pt; color: #000000;\"><em>Fonte: \u201cGl\u00f3rias de Maria\u201d. De S\u00e3o Afonso de Lig\u00f3rio.<\/em><\/span><\/p>\n<p><span style=\"color: #ffffff;\">.<\/span><br \/>\n<span style=\"color: #ffffff;\">.<\/span><\/p>\n<h5 style=\"text-align: center;\"><span style=\"color: #000000; font-size: medium; font-family: verdana, geneva;\"><strong>* \u00a0* \u00a0*<\/strong><\/span><\/h5>\n<p style=\"text-align: center;\"><span style=\"color: #ffffff;\">.<\/span><br \/>\n<span style=\"font-family: verdana, geneva, sans-serif; font-size: 12pt; color: #000000;\">Em F\u00e1tima, Nossa Senhora, ainda nos adverte o quanto seu Imaculado Cora\u00e7\u00e3o \u00e9 ainda HOJE ultrajado pelo descaso e desobedi\u00eancia da natureza humana.<\/span><\/p>\n<p style=\"text-align: center;\"><span style=\"font-family: verdana, geneva, sans-serif; font-size: 12pt; color: #000000;\">Por isso o Grupo Ap\u00f3stolos de F\u00e1tima, t\u00eam como objetivo difundir e redimir todos esse cravos lan\u00e7ados no Imaculado Cora\u00e7\u00e3o de Maria Sant\u00edssima.<\/span><\/p>\n<p style=\"text-align: center;\"><strong><span style=\"color: #0000ff; font-size: 24pt;\"><a style=\"color: #0000ff;\" href=\"https:\/\/adf.org.br\/apostolosdefatima\/2\/?origem=4547#\" target=\"_blank\" rel=\"noopener noreferrer\"><span style=\"font-family: verdana, geneva, sans-serif;\">Seja um Ap\u00f3stolo de F\u00e1tima!<\/span><\/a><\/span><\/strong><\/p>\n","protected":false},"excerpt":{"rendered":"<p>\u00c9 certo que, quanto mais se ama uma pessoa, tanto mais se sente a pena de perd\u00ea-la. A morte de um irm\u00e3o, de um filho, aflige mais, certamente, que a de um amigo.<\/p>\n","protected":false},"author":31,"featured_media":48553,"comment_status":"open","ping_status":"open","sticky":false,"template":"","format":"standard","meta":[],"categories":[20],"tags":[441,802],"yoast_head":"<!-- This site is optimized with the Yoast SEO plugin v17.4 - https:\/\/yoast.com\/wordpress\/plugins\/seo\/ -->\n<title>O que a dor de Nossa Senhora pode nos ensinar sobre o amor? Veja:<\/title>\n<meta name=\"description\" content=\"O que a dor de Nossa Senhora pode nos ensinar sobre o amor? Veja:\" \/>\n<meta name=\"robots\" content=\"index, follow, max-snippet:-1, max-image-preview:large, max-video-preview:-1\" \/>\n<link rel=\"canonical\" href=\"https:\/\/www.adf.org.br\/home\/dor-nossa-senhora-nos-ensina\/\" \/>\n<meta property=\"og:locale\" content=\"pt_BR\" \/>\n<meta property=\"og:type\" content=\"article\" \/>\n<meta property=\"og:title\" content=\"O que a dor de Nossa Senhora pode nos ensinar sobre o amor? Veja:\" \/>\n<meta property=\"og:description\" content=\"O que a dor de Nossa Senhora pode nos ensinar sobre o amor? Veja:\" \/>\n<meta property=\"og:url\" content=\"https:\/\/www.adf.org.br\/home\/dor-nossa-senhora-nos-ensina\/\" \/>\n<meta property=\"og:site_name\" content=\"Associa\u00e7\u00e3o Devotos de F\u00e1tima\" \/>\n<meta property=\"article:published_time\" content=\"2018-10-31T02:00:44+00:00\" \/>\n<meta name=\"twitter:card\" content=\"summary_large_image\" \/>\n<meta name=\"twitter:label1\" content=\"Escrito por\" \/>\n\t<meta name=\"twitter:data1\" content=\"Gabriel Barbosa\" \/>\n\t<meta name=\"twitter:label2\" content=\"Est. tempo de leitura\" \/>\n\t<meta name=\"twitter:data2\" content=\"2 minutos\" \/>\n<script type=\"application\/ld+json\" class=\"yoast-schema-graph\">{\"@context\":\"https:\/\/schema.org\",\"@graph\":[{\"@type\":\"WebSite\",\"@id\":\"https:\/\/www.adf.org.br\/home\/#website\",\"url\":\"https:\/\/www.adf.org.br\/home\/\",\"name\":\"Associa\\u00e7\\u00e3o Devotos de F\\u00e1tima\",\"description\":\"Associa\\u00e7\\u00e3o Devotos de F\\u00e1tima\",\"potentialAction\":[{\"@type\":\"SearchAction\",\"target\":{\"@type\":\"EntryPoint\",\"urlTemplate\":\"https:\/\/www.adf.org.br\/home\/?s={search_term_string}\"},\"query-input\":\"required name=search_term_string\"}],\"inLanguage\":\"pt-BR\"},{\"@type\":\"ImageObject\",\"@id\":\"https:\/\/www.adf.org.br\/home\/dor-nossa-senhora-nos-ensina\/#primaryimage\",\"inLanguage\":\"pt-BR\",\"url\":\"\",\"contentUrl\":\"\"},{\"@type\":\"WebPage\",\"@id\":\"https:\/\/www.adf.org.br\/home\/dor-nossa-senhora-nos-ensina\/#webpage\",\"url\":\"https:\/\/www.adf.org.br\/home\/dor-nossa-senhora-nos-ensina\/\",\"name\":\"O que a dor de Nossa Senhora pode nos ensinar sobre o amor? Veja:\",\"isPartOf\":{\"@id\":\"https:\/\/www.adf.org.br\/home\/#website\"},\"primaryImageOfPage\":{\"@id\":\"https:\/\/www.adf.org.br\/home\/dor-nossa-senhora-nos-ensina\/#primaryimage\"},\"datePublished\":\"2018-10-31T02:00:44+00:00\",\"dateModified\":\"2018-10-31T02:00:44+00:00\",\"author\":{\"@id\":\"https:\/\/www.adf.org.br\/home\/#\/schema\/person\/f35a5c5aa7728a3dedf4ea9aa1fc2753\"},\"description\":\"O que a dor de Nossa Senhora pode nos ensinar sobre o amor? Veja:\",\"breadcrumb\":{\"@id\":\"https:\/\/www.adf.org.br\/home\/dor-nossa-senhora-nos-ensina\/#breadcrumb\"},\"inLanguage\":\"pt-BR\",\"potentialAction\":[{\"@type\":\"ReadAction\",\"target\":[\"https:\/\/www.adf.org.br\/home\/dor-nossa-senhora-nos-ensina\/\"]}]},{\"@type\":\"BreadcrumbList\",\"@id\":\"https:\/\/www.adf.org.br\/home\/dor-nossa-senhora-nos-ensina\/#breadcrumb\",\"itemListElement\":[{\"@type\":\"ListItem\",\"position\":1,\"name\":\"Home\",\"item\":\"https:\/\/www.adf.org.br\/home\/\"},{\"@type\":\"ListItem\",\"position\":2,\"name\":\"O que a dor de Nossa Senhora pode nos ensinar sobre o amor? Veja:\"}]},{\"@type\":\"Person\",\"@id\":\"https:\/\/www.adf.org.br\/home\/#\/schema\/person\/f35a5c5aa7728a3dedf4ea9aa1fc2753\",\"name\":\"Gabriel Barbosa\",\"image\":{\"@type\":\"ImageObject\",\"@id\":\"https:\/\/www.adf.org.br\/home\/#personlogo\",\"inLanguage\":\"pt-BR\",\"url\":\"https:\/\/secure.gravatar.com\/avatar\/2b2cb2f4637682c5605e8d36818f51ef?s=96&d=mm&r=g\",\"contentUrl\":\"https:\/\/secure.gravatar.com\/avatar\/2b2cb2f4637682c5605e8d36818f51ef?s=96&d=mm&r=g\",\"caption\":\"Gabriel Barbosa\"},\"url\":\"https:\/\/www.adf.org.br\/home\/author\/gabrielpmk-com-br\/\"}]}<\/script>\n<!-- \/ Yoast SEO plugin. -->","yoast_head_json":{"title":"O que a dor de Nossa Senhora pode nos ensinar sobre o amor? Veja:","description":"O que a dor de Nossa Senhora pode nos ensinar sobre o amor? Veja:","robots":{"index":"index","follow":"follow","max-snippet":"max-snippet:-1","max-image-preview":"max-image-preview:large","max-video-preview":"max-video-preview:-1"},"canonical":"https:\/\/www.adf.org.br\/home\/dor-nossa-senhora-nos-ensina\/","og_locale":"pt_BR","og_type":"article","og_title":"O que a dor de Nossa Senhora pode nos ensinar sobre o amor? Veja:","og_description":"O que a dor de Nossa Senhora pode nos ensinar sobre o amor? Veja:","og_url":"https:\/\/www.adf.org.br\/home\/dor-nossa-senhora-nos-ensina\/","og_site_name":"Associa\u00e7\u00e3o Devotos de F\u00e1tima","article_published_time":"2018-10-31T02:00:44+00:00","twitter_card":"summary_large_image","twitter_misc":{"Escrito por":"Gabriel Barbosa","Est. tempo de leitura":"2 minutos"},"schema":{"@context":"https:\/\/schema.org","@graph":[{"@type":"WebSite","@id":"https:\/\/www.adf.org.br\/home\/#website","url":"https:\/\/www.adf.org.br\/home\/","name":"Associa\u00e7\u00e3o Devotos de F\u00e1tima","description":"Associa\u00e7\u00e3o Devotos de F\u00e1tima","potentialAction":[{"@type":"SearchAction","target":{"@type":"EntryPoint","urlTemplate":"https:\/\/www.adf.org.br\/home\/?s={search_term_string}"},"query-input":"required name=search_term_string"}],"inLanguage":"pt-BR"},{"@type":"ImageObject","@id":"https:\/\/www.adf.org.br\/home\/dor-nossa-senhora-nos-ensina\/#primaryimage","inLanguage":"pt-BR","url":"","contentUrl":""},{"@type":"WebPage","@id":"https:\/\/www.adf.org.br\/home\/dor-nossa-senhora-nos-ensina\/#webpage","url":"https:\/\/www.adf.org.br\/home\/dor-nossa-senhora-nos-ensina\/","name":"O que a dor de Nossa Senhora pode nos ensinar sobre o amor? Veja:","isPartOf":{"@id":"https:\/\/www.adf.org.br\/home\/#website"},"primaryImageOfPage":{"@id":"https:\/\/www.adf.org.br\/home\/dor-nossa-senhora-nos-ensina\/#primaryimage"},"datePublished":"2018-10-31T02:00:44+00:00","dateModified":"2018-10-31T02:00:44+00:00","author":{"@id":"https:\/\/www.adf.org.br\/home\/#\/schema\/person\/f35a5c5aa7728a3dedf4ea9aa1fc2753"},"description":"O que a dor de Nossa Senhora pode nos ensinar sobre o amor? Veja:","breadcrumb":{"@id":"https:\/\/www.adf.org.br\/home\/dor-nossa-senhora-nos-ensina\/#breadcrumb"},"inLanguage":"pt-BR","potentialAction":[{"@type":"ReadAction","target":["https:\/\/www.adf.org.br\/home\/dor-nossa-senhora-nos-ensina\/"]}]},{"@type":"BreadcrumbList","@id":"https:\/\/www.adf.org.br\/home\/dor-nossa-senhora-nos-ensina\/#breadcrumb","itemListElement":[{"@type":"ListItem","position":1,"name":"Home","item":"https:\/\/www.adf.org.br\/home\/"},{"@type":"ListItem","position":2,"name":"O que a dor de Nossa Senhora pode nos ensinar sobre o amor? Veja:"}]},{"@type":"Person","@id":"https:\/\/www.adf.org.br\/home\/#\/schema\/person\/f35a5c5aa7728a3dedf4ea9aa1fc2753","name":"Gabriel Barbosa","image":{"@type":"ImageObject","@id":"https:\/\/www.adf.org.br\/home\/#personlogo","inLanguage":"pt-BR","url":"https:\/\/secure.gravatar.com\/avatar\/2b2cb2f4637682c5605e8d36818f51ef?s=96&d=mm&r=g","contentUrl":"https:\/\/secure.gravatar.com\/avatar\/2b2cb2f4637682c5605e8d36818f51ef?s=96&d=mm&r=g","caption":"Gabriel Barbosa"},"url":"https:\/\/www.adf.org.br\/home\/author\/gabrielpmk-com-br\/"}]}},"_links":{"self":[{"href":"https:\/\/www.adf.org.br\/home\/wp-json\/wp\/v2\/posts\/37130"}],"collection":[{"href":"https:\/\/www.adf.org.br\/home\/wp-json\/wp\/v2\/posts"}],"about":[{"href":"https:\/\/www.adf.org.br\/home\/wp-json\/wp\/v2\/types\/post"}],"author":[{"embeddable":true,"href":"https:\/\/www.adf.org.br\/home\/wp-json\/wp\/v2\/users\/31"}],"replies":[{"embeddable":true,"href":"https:\/\/www.adf.org.br\/home\/wp-json\/wp\/v2\/comments?post=37130"}],"version-history":[{"count":0,"href":"https:\/\/www.adf.org.br\/home\/wp-json\/wp\/v2\/posts\/37130\/revisions"}],"wp:featuredmedia":[{"embeddable":true,"href":"https:\/\/www.adf.org.br\/home\/wp-json\/wp\/v2\/media\/48553"}],"wp:attachment":[{"href":"https:\/\/www.adf.org.br\/home\/wp-json\/wp\/v2\/media?parent=37130"}],"wp:term":[{"taxonomy":"category","embeddable":true,"href":"https:\/\/www.adf.org.br\/home\/wp-json\/wp\/v2\/categories?post=37130"},{"taxonomy":"post_tag","embeddable":true,"href":"https:\/\/www.adf.org.br\/home\/wp-json\/wp\/v2\/tags?post=37130"}],"curies":[{"name":"wp","href":"https:\/\/api.w.org\/{rel}","templated":true}]}}