{"id":37117,"date":"2018-03-06T00:00:41","date_gmt":"2018-03-06T03:00:41","guid":{"rendered":"http:\/\/www.adf.org.br\/home\/?p=37117"},"modified":"2018-03-06T00:00:41","modified_gmt":"2018-03-06T03:00:41","slug":"historia-de-nossa-senhora-de-liesse","status":"publish","type":"post","link":"https:\/\/www.adf.org.br\/home\/historia-de-nossa-senhora-de-liesse\/","title":{"rendered":"A fant\u00e1stica hist\u00f3ria de Nossa Senhora de Li\u00e8sse! Confira:"},"content":{"rendered":"<figure id=\"attachment_37120\" aria-describedby=\"caption-attachment-37120\" style=\"width: 453px\" class=\"wp-caption aligncenter\"><img loading=\"lazy\" class=\"wp-image-37120 size-full\" title=\"Santu\u00e1rio de Nossa Senhora de Li\u00e8sse\" src=\"http:\/\/www.adf.org.br\/home\/wp-content\/uploads\/2016\/02\/Santu\u00e1rio-de-Nossa-Senhora-de-Li\u00e8sse.jpg\" alt=\"Santu\u00e1rio de Nossa Senhora de Li\u00e8sse\" width=\"453\" height=\"352\" \/><figcaption id=\"caption-attachment-37120\" class=\"wp-caption-text\">Santu\u00e1rio de Nossa Senhora de Li\u00e8sse<\/figcaption><\/figure>\n<p style=\"padding-left: 90px;\"><span style=\"color: #800080;\"><strong><span style=\"font-size: medium; font-family: verdana, geneva;\"><br \/>\n<span style=\"color: #ffffff;\">.<\/span><br \/>\nNa diocese de Laon se acha o c\u00e9lebre santu\u00e1rio de Nossa Senhora de Li\u00e8sse. Este nome significa Nossa Senhora da Alegria, e foi dado em mem\u00f3ria dum acontecimento feliz que o santu\u00e1rio de Li\u00e8sse recorda.<\/span><\/strong><\/span><\/p>\n<p><span style=\"font-size: medium; font-family: verdana, geneva; color: #000000;\"><br \/>\n<span style=\"font-size: 14pt;\"><strong>D<\/strong><\/span>urante o reinado de Fulco de Anjou, quarto rei de Jerusal\u00e9m, tr\u00eas fidalgos de Laon, partidos para a Cruzada, foram feitos prisioneiros e conduzidos ao Cairo.<\/span><\/p>\n<p><span style=\"font-size: medium; font-family: verdana, geneva; color: #000000;\">O sult\u00e3o tentava, por amea\u00e7as e sedu\u00e7\u00f5es, faz\u00ea-los abjurar a sua f\u00e9. N\u00e3o conseguiu abalar a piedosa fidelidade de seus prisioneiros;<\/span><\/p>\n<p><span style=\"font-size: medium; font-family: verdana, geneva; color: #000000;\">Pelo contr\u00e1rio, estes converteram a <span style=\"color: #0000ff;\"><a style=\"color: #0000ff;\" href=\"https:\/\/adf.org.br\/apostolosdacura\/?origem=4547\" target=\"_blank\" rel=\"noopener noreferrer\">filha do pr\u00edncipe<\/a><\/span>, que decidiu n\u00e3o s\u00f3 deix\u00e1-los evadir-se, como tamb\u00e9m os acompanhou.<\/span><\/p>\n<p><span style=\"font-size: medium; font-family: verdana, geneva; color: #000000;\">A evas\u00e3o produziu-se sem embara\u00e7o, levando os fugitivos consigo uma imagem da Sant\u00edssima Virgem.<\/span><\/p>\n<p><span style=\"font-size: medium; font-family: verdana, geneva; color: #000000;\">Mas a sua situa\u00e7\u00e3o era muito perigosa, e, uma noite, abatidos pela fadiga e incertos do futuro, adormeceram desanimados.<\/span><\/p>\n<p><span style=\"font-size: medium; font-family: verdana, geneva; color: #000000;\">Ao despertar, qual n\u00e3o foi a surpresa! Reconheceram sua terra natal. Estavam em Fran\u00e7a. Em uma noite foram\u00a0transportados milagrosamente do Egito para a sua p\u00e1tria.<\/span><\/p>\n<h5 style=\"padding-left: 90px;\"><span style=\"color: #800080;\"><strong><span style=\"font-size: medium; font-family: verdana, geneva;\"><br \/>\nNo outro dia, acharam no mesmo lugar a est\u00e1tua de Nossa Senhora, que trouxeram na fuga.<\/span><\/strong><\/span><\/h5>\n<p><span style=\"font-size: medium; font-family: verdana, geneva; color: #000000;\"><br \/>\nComo explicar a sua alegria e sua gratid\u00e3o pelo milagroso livramento? Fizeram erigir \u00e0 Maria um santu\u00e1rio onde aprouve \u00e0 Virgem Sant\u00edssima multiplicar os beneficios e as gra\u00e7as.<\/span><\/p>\n<p><span style=\"font-size: medium; font-family: verdana, geneva; color: #000000;\">Pe\u00e7amos \u00e0 <span style=\"color: #0000ff;\"><a style=\"color: #0000ff;\" href=\"https:\/\/adf.org.br\/apostolosdacura\/?origem=4547\" target=\"_blank\" rel=\"noopener noreferrer\">M\u00e3e de Deus<\/a><\/span> que nos seja ref\u00fagio nas nossas tribula\u00e7\u00f5es, e confiemos todas as nossas alegrias \u00e0quela que a Igreja chama de M\u00e3e da Esperan\u00e7a e de Santa Alegria.<\/span><\/p>\n<p><span style=\"font-size: medium; font-family: verdana, geneva; color: #000000;\">N.B.: Os milagres da \u00e9poca do fato narrado acima, multiplicavam-se porque ent\u00e3o se vivia um verdadeiro Catolicismo.<\/span><\/p>\n<p style=\"text-align: center;\"><span style=\"color: #ffffff;\">.<\/span><br \/>\n<span style=\"color: #ffffff;\">.<\/span><br \/>\n<span style=\"font-size: medium; font-family: verdana, geneva; color: #000000;\"><strong>* \u00a0* \u00a0*<\/strong><\/span><\/p>\n<p style=\"text-align: left;\"><span style=\"color: #000000; font-size: medium; font-family: verdana, geneva;\"><em><span style=\"color: #ffffff;\">.<\/span><br \/>\n<span style=\"font-size: 10pt;\">Fonte: (M\u00eas de Maria, Pe. B. Bord \u2013 Editora Vozes Ltda, Petr\u00f3polis \u2013 1\u00aa. edi\u00e7\u00e3o, 1940, pp. 72 \u2013 74).<\/span><\/em><\/span><\/p>\n<p style=\"text-align: center;\"><span style=\"color: #ffffff;\">.<\/span><br \/>\n<span style=\"color: #ffffff;\">.\u00a0<\/span><\/p>\n<p style=\"text-align: center;\"><a href=\"https:\/\/adf.org.br\/minhaoferta\/?origem=6667\" target=\"_blank\" rel=\"noopener noreferrer\"><img loading=\"lazy\" class=\"aligncenter wp-image-46178 size-full\" src=\"http:\/\/www.adf.org.br\/home\/wp-content\/uploads\/2016\/02\/bt_oferta_ADF-1-1.png\" alt=\"bt_oferta_ADF-1 (1)\" width=\"600\" height=\"190\" \/><\/a><\/p>\n","protected":false},"excerpt":{"rendered":"<p>Na diocese de Laon se acha o c\u00e9lebre santu\u00e1rio de Nossa Senhora de Li\u00e8sse&#8230;<\/p>\n","protected":false},"author":31,"featured_media":46179,"comment_status":"open","ping_status":"open","sticky":false,"template":"","format":"standard","meta":[],"categories":[20],"tags":[938,38,142],"yoast_head":"<!-- This site is optimized with the Yoast SEO plugin v17.4 - https:\/\/yoast.com\/wordpress\/plugins\/seo\/ -->\n<title>A fant\u00e1stica hist\u00f3ria de Nossa Senhora de Li\u00e8sse! Confira:<\/title>\n<meta name=\"description\" content=\"A fant\u00e1stica hist\u00f3ria de Nossa Senhora de Li\u00e8sse! Confira.\" \/>\n<meta name=\"robots\" content=\"index, follow, max-snippet:-1, max-image-preview:large, max-video-preview:-1\" \/>\n<link rel=\"canonical\" href=\"https:\/\/www.adf.org.br\/home\/historia-de-nossa-senhora-de-liesse\/\" \/>\n<meta property=\"og:locale\" content=\"pt_BR\" \/>\n<meta property=\"og:type\" content=\"article\" \/>\n<meta property=\"og:title\" content=\"A fant\u00e1stica hist\u00f3ria de Nossa Senhora de Li\u00e8sse! Confira:\" \/>\n<meta property=\"og:description\" content=\"A fant\u00e1stica hist\u00f3ria de Nossa Senhora de Li\u00e8sse! Confira.\" \/>\n<meta property=\"og:url\" content=\"https:\/\/www.adf.org.br\/home\/historia-de-nossa-senhora-de-liesse\/\" \/>\n<meta property=\"og:site_name\" content=\"Associa\u00e7\u00e3o Devotos de F\u00e1tima\" \/>\n<meta property=\"article:published_time\" content=\"2018-03-06T03:00:41+00:00\" \/>\n<meta name=\"twitter:card\" content=\"summary_large_image\" \/>\n<meta name=\"twitter:label1\" content=\"Escrito por\" \/>\n\t<meta name=\"twitter:data1\" content=\"Gabriel Barbosa\" \/>\n\t<meta name=\"twitter:label2\" content=\"Est. tempo de leitura\" \/>\n\t<meta name=\"twitter:data2\" content=\"2 minutos\" \/>\n<script type=\"application\/ld+json\" class=\"yoast-schema-graph\">{\"@context\":\"https:\/\/schema.org\",\"@graph\":[{\"@type\":\"WebSite\",\"@id\":\"https:\/\/www.adf.org.br\/home\/#website\",\"url\":\"https:\/\/www.adf.org.br\/home\/\",\"name\":\"Associa\\u00e7\\u00e3o Devotos de F\\u00e1tima\",\"description\":\"Associa\\u00e7\\u00e3o Devotos de F\\u00e1tima\",\"potentialAction\":[{\"@type\":\"SearchAction\",\"target\":{\"@type\":\"EntryPoint\",\"urlTemplate\":\"https:\/\/www.adf.org.br\/home\/?s={search_term_string}\"},\"query-input\":\"required name=search_term_string\"}],\"inLanguage\":\"pt-BR\"},{\"@type\":\"ImageObject\",\"@id\":\"https:\/\/www.adf.org.br\/home\/historia-de-nossa-senhora-de-liesse\/#primaryimage\",\"inLanguage\":\"pt-BR\",\"url\":\"\",\"contentUrl\":\"\"},{\"@type\":\"WebPage\",\"@id\":\"https:\/\/www.adf.org.br\/home\/historia-de-nossa-senhora-de-liesse\/#webpage\",\"url\":\"https:\/\/www.adf.org.br\/home\/historia-de-nossa-senhora-de-liesse\/\",\"name\":\"A fant\\u00e1stica hist\\u00f3ria de Nossa Senhora de Li\\u00e8sse! Confira:\",\"isPartOf\":{\"@id\":\"https:\/\/www.adf.org.br\/home\/#website\"},\"primaryImageOfPage\":{\"@id\":\"https:\/\/www.adf.org.br\/home\/historia-de-nossa-senhora-de-liesse\/#primaryimage\"},\"datePublished\":\"2018-03-06T03:00:41+00:00\",\"dateModified\":\"2018-03-06T03:00:41+00:00\",\"author\":{\"@id\":\"https:\/\/www.adf.org.br\/home\/#\/schema\/person\/f35a5c5aa7728a3dedf4ea9aa1fc2753\"},\"description\":\"A fant\\u00e1stica hist\\u00f3ria de Nossa Senhora de Li\\u00e8sse! Confira.\",\"breadcrumb\":{\"@id\":\"https:\/\/www.adf.org.br\/home\/historia-de-nossa-senhora-de-liesse\/#breadcrumb\"},\"inLanguage\":\"pt-BR\",\"potentialAction\":[{\"@type\":\"ReadAction\",\"target\":[\"https:\/\/www.adf.org.br\/home\/historia-de-nossa-senhora-de-liesse\/\"]}]},{\"@type\":\"BreadcrumbList\",\"@id\":\"https:\/\/www.adf.org.br\/home\/historia-de-nossa-senhora-de-liesse\/#breadcrumb\",\"itemListElement\":[{\"@type\":\"ListItem\",\"position\":1,\"name\":\"Home\",\"item\":\"https:\/\/www.adf.org.br\/home\/\"},{\"@type\":\"ListItem\",\"position\":2,\"name\":\"A fant\\u00e1stica hist\\u00f3ria de Nossa Senhora de Li\\u00e8sse! Confira:\"}]},{\"@type\":\"Person\",\"@id\":\"https:\/\/www.adf.org.br\/home\/#\/schema\/person\/f35a5c5aa7728a3dedf4ea9aa1fc2753\",\"name\":\"Gabriel Barbosa\",\"image\":{\"@type\":\"ImageObject\",\"@id\":\"https:\/\/www.adf.org.br\/home\/#personlogo\",\"inLanguage\":\"pt-BR\",\"url\":\"https:\/\/secure.gravatar.com\/avatar\/2b2cb2f4637682c5605e8d36818f51ef?s=96&d=mm&r=g\",\"contentUrl\":\"https:\/\/secure.gravatar.com\/avatar\/2b2cb2f4637682c5605e8d36818f51ef?s=96&d=mm&r=g\",\"caption\":\"Gabriel Barbosa\"},\"url\":\"https:\/\/www.adf.org.br\/home\/author\/gabrielpmk-com-br\/\"}]}<\/script>\n<!-- \/ Yoast SEO plugin. -->","yoast_head_json":{"title":"A fant\u00e1stica hist\u00f3ria de Nossa Senhora de Li\u00e8sse! Confira:","description":"A fant\u00e1stica hist\u00f3ria de Nossa Senhora de Li\u00e8sse! Confira.","robots":{"index":"index","follow":"follow","max-snippet":"max-snippet:-1","max-image-preview":"max-image-preview:large","max-video-preview":"max-video-preview:-1"},"canonical":"https:\/\/www.adf.org.br\/home\/historia-de-nossa-senhora-de-liesse\/","og_locale":"pt_BR","og_type":"article","og_title":"A fant\u00e1stica hist\u00f3ria de Nossa Senhora de Li\u00e8sse! Confira:","og_description":"A fant\u00e1stica hist\u00f3ria de Nossa Senhora de Li\u00e8sse! Confira.","og_url":"https:\/\/www.adf.org.br\/home\/historia-de-nossa-senhora-de-liesse\/","og_site_name":"Associa\u00e7\u00e3o Devotos de F\u00e1tima","article_published_time":"2018-03-06T03:00:41+00:00","twitter_card":"summary_large_image","twitter_misc":{"Escrito por":"Gabriel Barbosa","Est. tempo de leitura":"2 minutos"},"schema":{"@context":"https:\/\/schema.org","@graph":[{"@type":"WebSite","@id":"https:\/\/www.adf.org.br\/home\/#website","url":"https:\/\/www.adf.org.br\/home\/","name":"Associa\u00e7\u00e3o Devotos de F\u00e1tima","description":"Associa\u00e7\u00e3o Devotos de F\u00e1tima","potentialAction":[{"@type":"SearchAction","target":{"@type":"EntryPoint","urlTemplate":"https:\/\/www.adf.org.br\/home\/?s={search_term_string}"},"query-input":"required name=search_term_string"}],"inLanguage":"pt-BR"},{"@type":"ImageObject","@id":"https:\/\/www.adf.org.br\/home\/historia-de-nossa-senhora-de-liesse\/#primaryimage","inLanguage":"pt-BR","url":"","contentUrl":""},{"@type":"WebPage","@id":"https:\/\/www.adf.org.br\/home\/historia-de-nossa-senhora-de-liesse\/#webpage","url":"https:\/\/www.adf.org.br\/home\/historia-de-nossa-senhora-de-liesse\/","name":"A fant\u00e1stica hist\u00f3ria de Nossa Senhora de Li\u00e8sse! Confira:","isPartOf":{"@id":"https:\/\/www.adf.org.br\/home\/#website"},"primaryImageOfPage":{"@id":"https:\/\/www.adf.org.br\/home\/historia-de-nossa-senhora-de-liesse\/#primaryimage"},"datePublished":"2018-03-06T03:00:41+00:00","dateModified":"2018-03-06T03:00:41+00:00","author":{"@id":"https:\/\/www.adf.org.br\/home\/#\/schema\/person\/f35a5c5aa7728a3dedf4ea9aa1fc2753"},"description":"A fant\u00e1stica hist\u00f3ria de Nossa Senhora de Li\u00e8sse! Confira.","breadcrumb":{"@id":"https:\/\/www.adf.org.br\/home\/historia-de-nossa-senhora-de-liesse\/#breadcrumb"},"inLanguage":"pt-BR","potentialAction":[{"@type":"ReadAction","target":["https:\/\/www.adf.org.br\/home\/historia-de-nossa-senhora-de-liesse\/"]}]},{"@type":"BreadcrumbList","@id":"https:\/\/www.adf.org.br\/home\/historia-de-nossa-senhora-de-liesse\/#breadcrumb","itemListElement":[{"@type":"ListItem","position":1,"name":"Home","item":"https:\/\/www.adf.org.br\/home\/"},{"@type":"ListItem","position":2,"name":"A fant\u00e1stica hist\u00f3ria de Nossa Senhora de Li\u00e8sse! Confira:"}]},{"@type":"Person","@id":"https:\/\/www.adf.org.br\/home\/#\/schema\/person\/f35a5c5aa7728a3dedf4ea9aa1fc2753","name":"Gabriel Barbosa","image":{"@type":"ImageObject","@id":"https:\/\/www.adf.org.br\/home\/#personlogo","inLanguage":"pt-BR","url":"https:\/\/secure.gravatar.com\/avatar\/2b2cb2f4637682c5605e8d36818f51ef?s=96&d=mm&r=g","contentUrl":"https:\/\/secure.gravatar.com\/avatar\/2b2cb2f4637682c5605e8d36818f51ef?s=96&d=mm&r=g","caption":"Gabriel Barbosa"},"url":"https:\/\/www.adf.org.br\/home\/author\/gabrielpmk-com-br\/"}]}},"_links":{"self":[{"href":"https:\/\/www.adf.org.br\/home\/wp-json\/wp\/v2\/posts\/37117"}],"collection":[{"href":"https:\/\/www.adf.org.br\/home\/wp-json\/wp\/v2\/posts"}],"about":[{"href":"https:\/\/www.adf.org.br\/home\/wp-json\/wp\/v2\/types\/post"}],"author":[{"embeddable":true,"href":"https:\/\/www.adf.org.br\/home\/wp-json\/wp\/v2\/users\/31"}],"replies":[{"embeddable":true,"href":"https:\/\/www.adf.org.br\/home\/wp-json\/wp\/v2\/comments?post=37117"}],"version-history":[{"count":0,"href":"https:\/\/www.adf.org.br\/home\/wp-json\/wp\/v2\/posts\/37117\/revisions"}],"wp:featuredmedia":[{"embeddable":true,"href":"https:\/\/www.adf.org.br\/home\/wp-json\/wp\/v2\/media\/46179"}],"wp:attachment":[{"href":"https:\/\/www.adf.org.br\/home\/wp-json\/wp\/v2\/media?parent=37117"}],"wp:term":[{"taxonomy":"category","embeddable":true,"href":"https:\/\/www.adf.org.br\/home\/wp-json\/wp\/v2\/categories?post=37117"},{"taxonomy":"post_tag","embeddable":true,"href":"https:\/\/www.adf.org.br\/home\/wp-json\/wp\/v2\/tags?post=37117"}],"curies":[{"name":"wp","href":"https:\/\/api.w.org\/{rel}","templated":true}]}}