{"id":36639,"date":"2016-01-26T00:00:13","date_gmt":"2016-01-26T02:00:13","guid":{"rendered":"http:\/\/www.adf.org.br\/home\/?p=36639"},"modified":"2016-01-26T00:00:13","modified_gmt":"2016-01-26T02:00:13","slug":"veja-qual-religiao-e-a-mais-perseguida-em-todo-o-mundo","status":"publish","type":"post","link":"https:\/\/www.adf.org.br\/home\/veja-qual-religiao-e-a-mais-perseguida-em-todo-o-mundo\/","title":{"rendered":"Veja qual religi\u00e3o \u00e9 a mais perseguida em todo o mundo:"},"content":{"rendered":"<figure id=\"attachment_36648\" aria-describedby=\"caption-attachment-36648\" style=\"width: 541px\" class=\"wp-caption aligncenter\"><img loading=\"lazy\" class=\"size-full wp-image-36648\" title=\"religiao-crista-a-mais-perseguida-no-mundo\" src=\"http:\/\/www.adf.org.br\/home\/wp-content\/uploads\/2016\/01\/religiao-crista-a-mais-perseguida-no-mundo.png\" alt=\"\" width=\"541\" height=\"392\" \/><figcaption id=\"caption-attachment-36648\" class=\"wp-caption-text\">Fan\u00e1ticos com \u00f3dio do cristianismo, queimam e destroem artigos religiosos.<\/figcaption><\/figure>\n<p style=\"padding-left: 90px;\"><span style=\"color: #800080;\"><strong><span style=\"font-size: medium; font-family: verdana, geneva;\"><br \/>\n<span style=\"color: #ffffff;\">.<\/span><br \/>\nDe acordo com dados publicados recentemente pela proeminente organiza\u00e7\u00e3o crist\u00e3 Open Doors, aproximadamente 100 milh\u00f5es de crist\u00e3os s\u00e3o perseguidos ao redor do mundo!<\/span><\/strong><\/span><\/p>\n<p><span style=\"color: #000000;\"><span style=\"font-size: medium; font-family: verdana, geneva;\">Por meio do aprisionamento, da tortura, do estupro e at\u00e9 da morte como consequ\u00eancia de sua f\u00e9.<\/span><\/span><\/p>\n<p><span style=\"font-size: medium; font-family: verdana, geneva; color: #000000;\">O extremismo isl\u00e2mico \u00e9 a principal fonte de persegui\u00e7\u00e3o em uma lista de 40 dos 50 pa\u00edses nos quais os crist\u00e3os sofrem mais persegui\u00e7\u00e3o.<\/span><\/p>\n<p><span style=\"font-size: medium; font-family: verdana, geneva; color: #000000;\">Durante os \u00faltimos 20 anos, essa organiza\u00e7\u00e3o monitorou <a href=\"http:\/\/oratoriodamedalhamilagrosa.org.br\/vela-da-reparacao\/?origem=1025\" target=\"_blank\" rel=\"noopener noreferrer\">a persegui\u00e7\u00e3o aos crist\u00e3o<\/a>s ao redor do mundo e elaborou uma lista dos 50 pa\u00edses onde ela \u00e9 mais severa.<\/span><\/p>\n<p><span style=\"font-size: medium; font-family: verdana, geneva; color: #000000;\">O\u00a0relat\u00f3rio\u00a0World Watch List, elaborado por Open Doors, mostra que a Coreia do Norte, pelo 13\u00ba ano consecutivo, lidera a lista por causa da persegui\u00e7\u00e3o extrema aos crist\u00e3os.<\/span><\/p>\n<p><span style=\"font-size: medium; font-family: verdana, geneva; color: #000000;\">Dos cerca de 300.000 crist\u00e3os que vivem no pa\u00eds, pelo menos 70.000 est\u00e3o presos em campos de trabalho for\u00e7ado.<\/span><\/p>\n<p style=\"padding-left: 90px;\"><span style=\"color: #800080;\"><strong><span style=\"font-size: medium; font-family: verdana, geneva;\">O Cristianismo na Coreia do Norte \u00e9 visto pelo regime n\u00e3o apenas como um \u201c\u00f3pio para as pessoas\u201d, mas tamb\u00e9m como algo profundamente ocidental e, portanto, detest\u00e1vel.<\/span><\/strong><\/span><\/p>\n<p><span style=\"font-size: medium; font-family: verdana, geneva; color: #000000;\">Os crist\u00e3os que vivem l\u00e1 escondem sua f\u00e9 at\u00e9 dos pr\u00f3prios filhos, para evitar a possibilidade de que os filhos ou eles mesmos sejam enviados a campos de trabalho.<\/span><\/p>\n<p><span style=\"font-size: medium; font-family: verdana, geneva; color: #000000;\">O Iraque \u00e9 o pa\u00eds n\u00famero 2 na lista dos 50 pa\u00edses que mais sofrem com a persegui\u00e7\u00e3o extrema \u00a0aos crist\u00e3os.<\/span><\/p>\n<p><span style=\"font-size: medium; font-family: verdana, geneva; color: #000000;\">ChurchMilitant.com j\u00e1 fez reportagens sobre a regi\u00e3o, onde centenas de milhares de crist\u00e3os foram desalojados ou at\u00e9 perderam suas vidas.<\/span><\/p>\n<p><span style=\"font-size: medium; font-family: verdana, geneva; color: #000000;\">A terceira \u00e1rea de intensa persegui\u00e7\u00e3o \u00e9 a Eritreia, na \u00c1frica, onde mais de um ter\u00e7o dos 6.7 milh\u00f5es de habitantes \u00e9 de crist\u00e3os.<\/span><\/p>\n<p><span style=\"font-size: medium; font-family: verdana, geneva; color: #000000;\">Na verdade, a Eritreia tem experimentado um r\u00e1pido <a href=\"http:\/\/oratoriodamedalhamilagrosa.org.br\/vela-da-reparacao\/?origem=1025\" target=\"_blank\" rel=\"noopener noreferrer\">crescimento da persegui\u00e7\u00e3o religiosa<\/a>. <\/span><\/p>\n<p>&nbsp;<\/p>\n<figure id=\"attachment_36659\" aria-describedby=\"caption-attachment-36659\" style=\"width: 213px\" class=\"wp-caption alignleft\"><img loading=\"lazy\" class=\" wp-image-36659   \" title=\"Reportagem sobre a persegui\u00e7\u00e3o aos crist\u00e3os.\" src=\"http:\/\/www.adf.org.br\/home\/wp-content\/uploads\/2016\/01\/mi_8635651100932591-266x300.jpg\" alt=\"\" width=\"213\" height=\"240\" \/><figcaption id=\"caption-attachment-36659\" class=\"wp-caption-text\">Dados da persegui\u00e7\u00e3o aos crist\u00e3os. Fonte: Revista Isto\u00e9 de 14 de outubro de 2011.<\/figcaption><\/figure>\n<p><span style=\"font-size: medium; font-family: verdana, geneva; color: #000000;\">O pa\u00eds entrou na lista dos 50 pa\u00edses que mais perseguem crist\u00e3os em 2002 e em apenas dois anos passou a integrar a lista dos 20 primeiros lugares.<\/span><\/p>\n<p><span style=\"font-size: medium; font-family: verdana, geneva; color: #000000;\">Especula-se que o pa\u00eds \u201cquase n\u00e3o tem jovens\u201d, j\u00e1 que muitos fogem para que n\u00e3o sejam recrutados para lutar pelo governo, que apoia grupos isl\u00e2micos como o Boko Haram e Al-Shabaab.<\/span><\/p>\n<p><span style=\"font-size: medium; font-family: verdana, geneva; color: #000000;\">Alguns dos pa\u00edses na lista, na verdade, perderam posi\u00e7\u00f5es entre 2014 e 2015. <\/span><\/p>\n<p><span style=\"font-size: medium; font-family: verdana, geneva; color: #000000;\">Lisa Pearce, CEO da organiza\u00e7\u00e3o, explicou que isso n\u00e3o \u00e9 motivo de alegria.<\/span><\/p>\n<p>&nbsp;<\/p>\n<p>&nbsp;<\/p>\n<p><span style=\"font-size: medium; font-family: verdana, geneva; color: #000000;\">\u201cMuitos pa\u00edses perderam posi\u00e7\u00f5es na lista\u201d, disse ela, \u201cn\u00e3o porque a persegui\u00e7\u00e3o l\u00e1 est\u00e1 diminuindo, mas simplesmente porque em outros lugares ela est\u00e1 piorando rapidamente. E a situa\u00e7\u00e3o j\u00e1 n\u00e3o era boa h\u00e1 tr\u00eas anos.<\/span><\/p>\n<p><span style=\"font-size: medium; font-family: verdana, geneva; color: #000000;\">Ela encerrou a coletiva de imprensa observando que&#8230;<\/span><\/p>\n<p style=\"padding-left: 90px;\"><span style=\"color: #800080;\"><strong><span style=\"font-size: medium; font-family: verdana, geneva;\">&#8230;\u201ca liberdade de cren\u00e7a e religi\u00e3o\u2026 \u00e9 o pilar dos direitos humanos \u2013 em todo o mundo, uma vez que ela \u00e9 eliminada, uma vez que ela \u00e9 destru\u00edda, outros direitos s\u00e3o abolidos rapidamente\u201d.<\/span><\/strong><\/span><\/p>\n<p><span style=\"font-size: medium; font-family: verdana, geneva; color: #000000;\">No Reino Unido, Open Doors \u00e9 presidida por Theresa Villiers, secret\u00e1ria de estado da Irlanda do Norte, onde a organiza\u00e7\u00e3o publicou as descobertas do relat\u00f3rio de 2016.<\/span><\/p>\n<p><span style=\"color: #ffffff;\">.<\/span><br \/>\n<span style=\"color: #000000; font-size: medium; font-family: verdana, geneva;\"><em>Fonte: <a href=\"http:\/\/notifam.com\/pt\/2016\/a-perseguicao-global-ao-cristianismo-chega-ao-apice\/\" target=\"_blank\" rel=\"noopener noreferrer\">http:\/\/notifam.com\/pt\/2016\/a-perseguicao-global-ao-cristianismo-chega-ao-apice\/<\/a>\u00a0<\/em><\/span><\/p>\n<p><span style=\"color: #ffffff;\">.<\/span><\/p>\n<p style=\"text-align: center;\"><span style=\"color: #ffffff;\">.<\/span><br \/>\n<strong><span style=\"color: #000000; font-size: medium; font-family: verdana, geneva;\">* \u00a0* \u00a0*<\/span><\/strong><\/p>\n<p style=\"text-align: center;\"><span style=\"color: #ffffff; font-size: medium; font-family: verdana, geneva;\">.<\/span><br \/>\n<span style=\"color: #800080; font-size: medium; font-family: verdana, geneva;\">Ligue agora para nossa Central e inclua suas inten\u00e7\u00f5es na Santa Missa dos agonizantes e lembre-se de todos os crist\u00e3os que est\u00e3o sendo perseguidos e mortos.<\/span><\/p>\n<p style=\"text-align: center;\"><span style=\"color: #ffffff; font-size: medium; font-family: verdana, geneva;\">.<\/span><br \/>\n<span style=\"font-size: large;\"><strong><span style=\"color: #000000; font-family: verdana, geneva;\">Ligue agora para:<\/span><\/strong><\/span><\/p>\n<p style=\"text-align: center;\"><span style=\"font-size: xx-large; color: #ffffff;\"><strong><span style=\"font-family: verdana, geneva;\">.<\/span><\/strong><\/span><br \/>\n<span style=\"color: #800080; font-size: xx-large;\"><strong><span style=\"font-family: verdana, geneva;\">0800 773 11 19<\/span><\/strong><\/span><br \/>\n<span style=\"color: #800080;\"><strong><span style=\"font-size: medium; font-family: verdana, geneva;\">(gr\u00e1tis para todo o Brasil)<\/span><\/strong><\/span><\/p>\n<p style=\"text-align: center;\"><span style=\"color: #ffffff; font-size: medium; font-family: verdana, geneva;\">.<\/span><br \/>\n<span style=\"color: #ffffff; font-size: medium; font-family: verdana, geneva;\">.<\/span><br \/>\n<span style=\"color: #000000; font-size: medium; font-family: verdana, geneva;\">Que Nossa Senhora de F\u00e1tima socorra os crist\u00e3os perseguidos!<\/span><\/p>\n<p style=\"text-align: center;\"><span style=\"color: #ffffff; font-size: medium; font-family: verdana, geneva;\">.<\/span><br \/>\n<span style=\"color: #ffffff;\">.\u00a0<\/span><\/p>\n","protected":false},"excerpt":{"rendered":"<p>. De acordo com dados publicados recentemente pela proeminente organiza\u00e7\u00e3o crist\u00e3 Open Doors, aproximadamente 100 milh\u00f5es de crist\u00e3os s\u00e3o perseguidos ao redor do mundo! Por meio do aprisionamento, da tortura, do estupro e at\u00e9 da morte como consequ\u00eancia de sua f\u00e9. O extremismo isl\u00e2mico \u00e9 a principal fonte de persegui\u00e7\u00e3o em uma lista de 40 [&hellip;]<\/p>\n","protected":false},"author":31,"featured_media":0,"comment_status":"open","ping_status":"open","sticky":false,"template":"","format":"standard","meta":[],"categories":[20],"tags":[190,46,32],"yoast_head":"<!-- This site is optimized with the Yoast SEO plugin v17.4 - https:\/\/yoast.com\/wordpress\/plugins\/seo\/ -->\n<title>Veja qual religi\u00e3o \u00e9 a mais perseguida em todo o mundo: - Associa\u00e7\u00e3o Devotos de F\u00e1tima<\/title>\n<meta name=\"robots\" content=\"index, follow, max-snippet:-1, max-image-preview:large, max-video-preview:-1\" \/>\n<link rel=\"canonical\" href=\"https:\/\/www.adf.org.br\/home\/veja-qual-religiao-e-a-mais-perseguida-em-todo-o-mundo\/\" \/>\n<meta property=\"og:locale\" content=\"pt_BR\" \/>\n<meta property=\"og:type\" content=\"article\" \/>\n<meta property=\"og:title\" content=\"Veja qual religi\u00e3o \u00e9 a mais perseguida em todo o mundo: - Associa\u00e7\u00e3o Devotos de F\u00e1tima\" \/>\n<meta property=\"og:description\" content=\". De acordo com dados publicados recentemente pela proeminente organiza\u00e7\u00e3o crist\u00e3 Open Doors, aproximadamente 100 milh\u00f5es de crist\u00e3os s\u00e3o perseguidos ao redor do mundo! Por meio do aprisionamento, da tortura, do estupro e at\u00e9 da morte como consequ\u00eancia de sua f\u00e9. O extremismo isl\u00e2mico \u00e9 a principal fonte de persegui\u00e7\u00e3o em uma lista de 40 [&hellip;]\" \/>\n<meta property=\"og:url\" content=\"https:\/\/www.adf.org.br\/home\/veja-qual-religiao-e-a-mais-perseguida-em-todo-o-mundo\/\" \/>\n<meta property=\"og:site_name\" content=\"Associa\u00e7\u00e3o Devotos de F\u00e1tima\" \/>\n<meta property=\"article:published_time\" content=\"2016-01-26T02:00:13+00:00\" \/>\n<meta property=\"og:image\" content=\"http:\/\/www.adf.org.br\/home\/wp-content\/uploads\/2016\/01\/religiao-crista-a-mais-perseguida-no-mundo.png\" \/>\n<meta name=\"twitter:card\" content=\"summary_large_image\" \/>\n<meta name=\"twitter:label1\" content=\"Escrito por\" \/>\n\t<meta name=\"twitter:data1\" content=\"Gabriel Barbosa\" \/>\n\t<meta name=\"twitter:label2\" content=\"Est. tempo de leitura\" \/>\n\t<meta name=\"twitter:data2\" content=\"3 minutos\" \/>\n<script type=\"application\/ld+json\" class=\"yoast-schema-graph\">{\"@context\":\"https:\/\/schema.org\",\"@graph\":[{\"@type\":\"WebSite\",\"@id\":\"https:\/\/www.adf.org.br\/home\/#website\",\"url\":\"https:\/\/www.adf.org.br\/home\/\",\"name\":\"Associa\\u00e7\\u00e3o Devotos de F\\u00e1tima\",\"description\":\"Associa\\u00e7\\u00e3o Devotos de F\\u00e1tima\",\"potentialAction\":[{\"@type\":\"SearchAction\",\"target\":{\"@type\":\"EntryPoint\",\"urlTemplate\":\"https:\/\/www.adf.org.br\/home\/?s={search_term_string}\"},\"query-input\":\"required name=search_term_string\"}],\"inLanguage\":\"pt-BR\"},{\"@type\":\"ImageObject\",\"@id\":\"https:\/\/www.adf.org.br\/home\/veja-qual-religiao-e-a-mais-perseguida-em-todo-o-mundo\/#primaryimage\",\"inLanguage\":\"pt-BR\",\"url\":\"http:\/\/www.adf.org.br\/home\/wp-content\/uploads\/2016\/01\/religiao-crista-a-mais-perseguida-no-mundo.png\",\"contentUrl\":\"http:\/\/www.adf.org.br\/home\/wp-content\/uploads\/2016\/01\/religiao-crista-a-mais-perseguida-no-mundo.png\"},{\"@type\":\"WebPage\",\"@id\":\"https:\/\/www.adf.org.br\/home\/veja-qual-religiao-e-a-mais-perseguida-em-todo-o-mundo\/#webpage\",\"url\":\"https:\/\/www.adf.org.br\/home\/veja-qual-religiao-e-a-mais-perseguida-em-todo-o-mundo\/\",\"name\":\"Veja qual religi\\u00e3o \\u00e9 a mais perseguida em todo o mundo: - Associa\\u00e7\\u00e3o Devotos de F\\u00e1tima\",\"isPartOf\":{\"@id\":\"https:\/\/www.adf.org.br\/home\/#website\"},\"primaryImageOfPage\":{\"@id\":\"https:\/\/www.adf.org.br\/home\/veja-qual-religiao-e-a-mais-perseguida-em-todo-o-mundo\/#primaryimage\"},\"datePublished\":\"2016-01-26T02:00:13+00:00\",\"dateModified\":\"2016-01-26T02:00:13+00:00\",\"author\":{\"@id\":\"https:\/\/www.adf.org.br\/home\/#\/schema\/person\/f35a5c5aa7728a3dedf4ea9aa1fc2753\"},\"breadcrumb\":{\"@id\":\"https:\/\/www.adf.org.br\/home\/veja-qual-religiao-e-a-mais-perseguida-em-todo-o-mundo\/#breadcrumb\"},\"inLanguage\":\"pt-BR\",\"potentialAction\":[{\"@type\":\"ReadAction\",\"target\":[\"https:\/\/www.adf.org.br\/home\/veja-qual-religiao-e-a-mais-perseguida-em-todo-o-mundo\/\"]}]},{\"@type\":\"BreadcrumbList\",\"@id\":\"https:\/\/www.adf.org.br\/home\/veja-qual-religiao-e-a-mais-perseguida-em-todo-o-mundo\/#breadcrumb\",\"itemListElement\":[{\"@type\":\"ListItem\",\"position\":1,\"name\":\"Home\",\"item\":\"https:\/\/www.adf.org.br\/home\/\"},{\"@type\":\"ListItem\",\"position\":2,\"name\":\"Veja qual religi\\u00e3o \\u00e9 a mais perseguida em todo o mundo:\"}]},{\"@type\":\"Person\",\"@id\":\"https:\/\/www.adf.org.br\/home\/#\/schema\/person\/f35a5c5aa7728a3dedf4ea9aa1fc2753\",\"name\":\"Gabriel Barbosa\",\"image\":{\"@type\":\"ImageObject\",\"@id\":\"https:\/\/www.adf.org.br\/home\/#personlogo\",\"inLanguage\":\"pt-BR\",\"url\":\"https:\/\/secure.gravatar.com\/avatar\/2b2cb2f4637682c5605e8d36818f51ef?s=96&d=mm&r=g\",\"contentUrl\":\"https:\/\/secure.gravatar.com\/avatar\/2b2cb2f4637682c5605e8d36818f51ef?s=96&d=mm&r=g\",\"caption\":\"Gabriel Barbosa\"},\"url\":\"https:\/\/www.adf.org.br\/home\/author\/gabrielpmk-com-br\/\"}]}<\/script>\n<!-- \/ Yoast SEO plugin. -->","yoast_head_json":{"title":"Veja qual religi\u00e3o \u00e9 a mais perseguida em todo o mundo: - Associa\u00e7\u00e3o Devotos de F\u00e1tima","robots":{"index":"index","follow":"follow","max-snippet":"max-snippet:-1","max-image-preview":"max-image-preview:large","max-video-preview":"max-video-preview:-1"},"canonical":"https:\/\/www.adf.org.br\/home\/veja-qual-religiao-e-a-mais-perseguida-em-todo-o-mundo\/","og_locale":"pt_BR","og_type":"article","og_title":"Veja qual religi\u00e3o \u00e9 a mais perseguida em todo o mundo: - Associa\u00e7\u00e3o Devotos de F\u00e1tima","og_description":". De acordo com dados publicados recentemente pela proeminente organiza\u00e7\u00e3o crist\u00e3 Open Doors, aproximadamente 100 milh\u00f5es de crist\u00e3os s\u00e3o perseguidos ao redor do mundo! Por meio do aprisionamento, da tortura, do estupro e at\u00e9 da morte como consequ\u00eancia de sua f\u00e9. O extremismo isl\u00e2mico \u00e9 a principal fonte de persegui\u00e7\u00e3o em uma lista de 40 [&hellip;]","og_url":"https:\/\/www.adf.org.br\/home\/veja-qual-religiao-e-a-mais-perseguida-em-todo-o-mundo\/","og_site_name":"Associa\u00e7\u00e3o Devotos de F\u00e1tima","article_published_time":"2016-01-26T02:00:13+00:00","og_image":[{"url":"http:\/\/www.adf.org.br\/home\/wp-content\/uploads\/2016\/01\/religiao-crista-a-mais-perseguida-no-mundo.png"}],"twitter_card":"summary_large_image","twitter_misc":{"Escrito por":"Gabriel Barbosa","Est. tempo de leitura":"3 minutos"},"schema":{"@context":"https:\/\/schema.org","@graph":[{"@type":"WebSite","@id":"https:\/\/www.adf.org.br\/home\/#website","url":"https:\/\/www.adf.org.br\/home\/","name":"Associa\u00e7\u00e3o Devotos de F\u00e1tima","description":"Associa\u00e7\u00e3o Devotos de F\u00e1tima","potentialAction":[{"@type":"SearchAction","target":{"@type":"EntryPoint","urlTemplate":"https:\/\/www.adf.org.br\/home\/?s={search_term_string}"},"query-input":"required name=search_term_string"}],"inLanguage":"pt-BR"},{"@type":"ImageObject","@id":"https:\/\/www.adf.org.br\/home\/veja-qual-religiao-e-a-mais-perseguida-em-todo-o-mundo\/#primaryimage","inLanguage":"pt-BR","url":"http:\/\/www.adf.org.br\/home\/wp-content\/uploads\/2016\/01\/religiao-crista-a-mais-perseguida-no-mundo.png","contentUrl":"http:\/\/www.adf.org.br\/home\/wp-content\/uploads\/2016\/01\/religiao-crista-a-mais-perseguida-no-mundo.png"},{"@type":"WebPage","@id":"https:\/\/www.adf.org.br\/home\/veja-qual-religiao-e-a-mais-perseguida-em-todo-o-mundo\/#webpage","url":"https:\/\/www.adf.org.br\/home\/veja-qual-religiao-e-a-mais-perseguida-em-todo-o-mundo\/","name":"Veja qual religi\u00e3o \u00e9 a mais perseguida em todo o mundo: - Associa\u00e7\u00e3o Devotos de F\u00e1tima","isPartOf":{"@id":"https:\/\/www.adf.org.br\/home\/#website"},"primaryImageOfPage":{"@id":"https:\/\/www.adf.org.br\/home\/veja-qual-religiao-e-a-mais-perseguida-em-todo-o-mundo\/#primaryimage"},"datePublished":"2016-01-26T02:00:13+00:00","dateModified":"2016-01-26T02:00:13+00:00","author":{"@id":"https:\/\/www.adf.org.br\/home\/#\/schema\/person\/f35a5c5aa7728a3dedf4ea9aa1fc2753"},"breadcrumb":{"@id":"https:\/\/www.adf.org.br\/home\/veja-qual-religiao-e-a-mais-perseguida-em-todo-o-mundo\/#breadcrumb"},"inLanguage":"pt-BR","potentialAction":[{"@type":"ReadAction","target":["https:\/\/www.adf.org.br\/home\/veja-qual-religiao-e-a-mais-perseguida-em-todo-o-mundo\/"]}]},{"@type":"BreadcrumbList","@id":"https:\/\/www.adf.org.br\/home\/veja-qual-religiao-e-a-mais-perseguida-em-todo-o-mundo\/#breadcrumb","itemListElement":[{"@type":"ListItem","position":1,"name":"Home","item":"https:\/\/www.adf.org.br\/home\/"},{"@type":"ListItem","position":2,"name":"Veja qual religi\u00e3o \u00e9 a mais perseguida em todo o mundo:"}]},{"@type":"Person","@id":"https:\/\/www.adf.org.br\/home\/#\/schema\/person\/f35a5c5aa7728a3dedf4ea9aa1fc2753","name":"Gabriel Barbosa","image":{"@type":"ImageObject","@id":"https:\/\/www.adf.org.br\/home\/#personlogo","inLanguage":"pt-BR","url":"https:\/\/secure.gravatar.com\/avatar\/2b2cb2f4637682c5605e8d36818f51ef?s=96&d=mm&r=g","contentUrl":"https:\/\/secure.gravatar.com\/avatar\/2b2cb2f4637682c5605e8d36818f51ef?s=96&d=mm&r=g","caption":"Gabriel Barbosa"},"url":"https:\/\/www.adf.org.br\/home\/author\/gabrielpmk-com-br\/"}]}},"_links":{"self":[{"href":"https:\/\/www.adf.org.br\/home\/wp-json\/wp\/v2\/posts\/36639"}],"collection":[{"href":"https:\/\/www.adf.org.br\/home\/wp-json\/wp\/v2\/posts"}],"about":[{"href":"https:\/\/www.adf.org.br\/home\/wp-json\/wp\/v2\/types\/post"}],"author":[{"embeddable":true,"href":"https:\/\/www.adf.org.br\/home\/wp-json\/wp\/v2\/users\/31"}],"replies":[{"embeddable":true,"href":"https:\/\/www.adf.org.br\/home\/wp-json\/wp\/v2\/comments?post=36639"}],"version-history":[{"count":0,"href":"https:\/\/www.adf.org.br\/home\/wp-json\/wp\/v2\/posts\/36639\/revisions"}],"wp:attachment":[{"href":"https:\/\/www.adf.org.br\/home\/wp-json\/wp\/v2\/media?parent=36639"}],"wp:term":[{"taxonomy":"category","embeddable":true,"href":"https:\/\/www.adf.org.br\/home\/wp-json\/wp\/v2\/categories?post=36639"},{"taxonomy":"post_tag","embeddable":true,"href":"https:\/\/www.adf.org.br\/home\/wp-json\/wp\/v2\/tags?post=36639"}],"curies":[{"name":"wp","href":"https:\/\/api.w.org\/{rel}","templated":true}]}}