{"id":36464,"date":"2016-01-20T00:00:29","date_gmt":"2016-01-20T02:00:29","guid":{"rendered":"http:\/\/www.adf.org.br\/home\/?p=36464"},"modified":"2016-01-20T00:00:29","modified_gmt":"2016-01-20T02:00:29","slug":"a-ganancia-pelo-dinheiro-resulta-na-morte-de-inocentes-veja","status":"publish","type":"post","link":"https:\/\/www.adf.org.br\/home\/a-ganancia-pelo-dinheiro-resulta-na-morte-de-inocentes-veja\/","title":{"rendered":"A gan\u00e2ncia pelo dinheiro resulta na morte de inocentes, veja:"},"content":{"rendered":"<p>&nbsp;<\/p>\n<figure id=\"attachment_36478\" aria-describedby=\"caption-attachment-36478\" style=\"width: 476px\" class=\"wp-caption aligncenter\"><img loading=\"lazy\" class=\" wp-image-36478 \" title=\"Aborto\" src=\"http:\/\/www.adf.org.br\/home\/wp-content\/uploads\/2016\/01\/Aborto.jpg\" alt=\"\" width=\"476\" height=\"265\" \/><figcaption id=\"caption-attachment-36478\" class=\"wp-caption-text\">Mulheres abortam propositalmente para receber indeniza\u00e7\u00e3o do governo.<\/figcaption><\/figure>\n<p style=\"padding-left: 90px;\"><span style=\"color: #ffffff;\">.<\/span><br \/>\n<strong><span style=\"font-family: verdana, geneva; font-size: medium; color: #800080;\">Segundo not\u00edcia divulgada pela \u201cacidigital\u201d, de Madri, do dia 14 deste m\u00eas, at\u00e9 o momento a Guarda Civil de Almer\u00eda (Espanha) deteve 16 pessoas relacionadas \u00e0 chamada \u201cOpera\u00e7\u00e3o Aborto\u201d;<\/span><\/strong><\/p>\n<p><span style=\"font-size: medium; font-family: verdana, geneva; color: #000000;\">Na qual, segundo alguns meios de comunica\u00e7\u00e3o, tamb\u00e9m estariam envolvidas feministas. A investiga\u00e7\u00e3o continua em andamento.<\/span><\/p>\n<p><span style=\"color: #000000;\"><span style=\"font-size: medium; font-family: verdana, geneva;\">O delegado do Governo da Andaluzia, Antonio Sanz, explicou que \u201co\u00a0<\/span><span style=\"font-family: verdana, geneva; font-size: medium;\">aborto, ao que parece, se produzia devido a ingest\u00e3o de subst\u00e2ncias qu\u00edmicas\u201d;<\/span><\/span><\/p>\n<p><span style=\"color: #000000;\"><span style=\"font-family: verdana, geneva; font-size: medium;\">E<\/span><span style=\"font-family: verdana, geneva; font-size: medium;\">\u00a0essa &#8220;dram\u00e1tica situa\u00e7\u00e3o&#8221; era ainda agravada porque as mulheres simulavam\u00a0<\/span><span style=\"font-family: verdana, geneva; font-size: medium;\">acidentes para &#8220;obter indeniza\u00e7\u00f5es&#8221; <a href=\"http:\/\/www.oratoriodamedalhamilagrosa.org.br\/vela-da-vida\/?origem=1025\" target=\"_blank\" rel=\"noopener noreferrer\">pela morte do beb\u00ea no ventre<\/a>.<\/span><\/span><\/p>\n<p><span style=\"color: #000000;\"><span style=\"font-size: medium; font-family: verdana, geneva;\">Segundo o Jornal de Almer\u00eda, o pr\u00f3prio delegado assegurou estar\u00a0<\/span><span style=\"font-family: verdana, geneva; font-size: medium;\">&#8220;impactado&#8221; por uma situa\u00e7\u00e3o que &#8220;ainda tem muitos fatos a serem\u00a0<\/span><span style=\"font-family: verdana, geneva; font-size: medium;\">esclarecidos&#8221;.<\/span><\/span><\/p>\n<p><span style=\"color: #000000;\"><span style=\"font-family: verdana, geneva; font-size: medium;\">Afirmou que se trata de uma &#8220;opera\u00e7\u00e3o importante&#8221; para p\u00f4r um\u00a0<\/span><span style=\"font-family: verdana, geneva; font-size: medium;\">fim em um caso &#8220;verdadeiramente preocupante&#8221;.<\/span><\/span><\/p>\n<p><span style=\"color: #000000;\"><span style=\"font-size: medium; font-family: verdana, geneva;\">Finalmente o delegado destacou que, al\u00e9m de investigar os casos de\u00a0<\/span><span style=\"font-family: verdana, geneva; font-size: medium;\">pagamento das seguradoras \u00e0s supostas v\u00edtimas de acidentes;<\/span><\/span><\/p>\n<p><span style=\"color: #000000;\"><span style=\"font-family: verdana, geneva; font-size: medium;\">Deve-se procurar\u00a0<\/span><span style=\"font-family: verdana, geneva; font-size: medium;\">tamb\u00e9m o respons\u00e1vel por receitar as subst\u00e2ncias abortivas a essas mulheres,\u00a0<\/span><span style=\"font-family: verdana, geneva; font-size: medium;\">j\u00e1 que na Espanha as mesmas n\u00e3o podem ser obtidas sem receita.<\/span><\/span><\/p>\n<p style=\"text-align: center;\"><span style=\"font-size: medium; font-family: verdana, geneva; color: #000000;\">* * *<\/span><\/p>\n<p><strong><span style=\"font-size: medium; font-family: verdana, geneva; color: #000000;\">Coment\u00e1rios: <\/span><\/strong><\/p>\n<p><span style=\"color: #000000;\"><span style=\"font-size: medium; font-family: verdana, geneva;\">1) A not\u00edcia ilustra bem a afirma\u00e7\u00e3o de um pensador\u00a0<\/span><span style=\"font-family: verdana, geneva; font-size: medium;\">espanhol que, devido ao pecado original, \u201co homem tem sede de absurdo e de\u00a0<\/span><span style=\"font-family: verdana, geneva; font-size: medium;\">pecado\u201d.<\/span><\/span><\/p>\n<p><span style=\"color: #000000;\"><span style=\"font-family: verdana, geneva; font-size: medium;\">Por isto, quando as pessoas consentem na pr\u00e1tica de um pecado elas\u00a0<\/span><span style=\"font-family: verdana, geneva; font-size: medium;\">caminham para o extremo da abomina\u00e7\u00e3o.<\/span><\/span><\/p>\n<p><span style=\"color: #000000;\"><span style=\"font-family: verdana, geneva; font-size: medium;\">Essas abortistas (apoiadas e\u00a0<\/span><span style=\"font-family: verdana, geneva; font-size: medium;\">estimuladas pelo movimento feminista), al\u00e9m de serem <a href=\"http:\/\/www.oratoriodamedalhamilagrosa.org.br\/vela-da-vida\/?origem=1025\" target=\"_blank\" rel=\"noopener noreferrer\">assassinas de seus\u00a0<\/a><\/span><span style=\"font-family: verdana, geneva; font-size: medium;\"><a href=\"http:\/\/www.oratoriodamedalhamilagrosa.org.br\/vela-da-vida\/?origem=1025\" target=\"_blank\" rel=\"noopener noreferrer\">pr\u00f3prios filhos ainda no vente<\/a>, desavergonhadamente cometem tamb\u00e9m o\u00a0<\/span><span style=\"font-family: verdana, geneva; font-size: medium;\">crime da ladroagem.<\/span><\/span><\/p>\n<p><span style=\"color: #000000;\"><span style=\"font-size: medium; font-family: verdana, geneva;\">2) Com certeza n\u00e3o se deter\u00e3o nisso. Como consequ\u00eancia ir\u00e3o para as\u00a0<\/span><span style=\"font-family: verdana, geneva; font-size: medium;\">drogas, para o latroc\u00ednio, at\u00e9 \u00e0s piores degrada\u00e7\u00f5es.<\/span><\/span><\/p>\n<p><span style=\"color: #000000;\"><span style=\"font-family: verdana, geneva; font-size: medium;\">As aberra\u00e7\u00f5es n\u00e3o t\u00eam\u00a0<\/span><span style=\"font-family: verdana, geneva; font-size: medium;\">limites enquanto n\u00e3o chegarem \u00e0s profana\u00e7\u00f5es de lugares ou objetos sagrados\u00a0<\/span><span style=\"font-family: verdana, geneva; font-size: medium;\">e por fim ao culto de satan\u00e1s&#8230;, ainda nesta vida.<\/span><\/span><\/p>\n<p><span style=\"color: #000000;\"><span style=\"font-size: medium; font-family: verdana, geneva;\">3) O aborto \u00e9 um pecado que atrai mais dem\u00f4nios para a terra e faz com\u00a0<\/span><span style=\"font-family: verdana, geneva; font-size: medium;\">que Deus lhes conceda mais poder sobre as pessoas.\u00a0<\/span><\/span><\/p>\n<p><span style=\"color: #ffffff;\">.<\/span><\/p>\n<p style=\"text-align: center;\"><span style=\"font-family: verdana, geneva; color: #000000;\"><strong><span style=\"font-size: medium;\">* \u00a0* \u00a0*<\/span><\/strong><\/span><\/p>\n<p style=\"text-align: center;\"><span style=\"color: #ffffff;\">.<a href=\"http:\/\/www.oratoriodamedalhamilagrosa.org.br\/vela-da-vida\/?origem=1025\"><img loading=\"lazy\" class=\"aligncenter  wp-image-36493\" title=\"vela da vida\" src=\"http:\/\/www.adf.org.br\/home\/wp-content\/uploads\/2016\/01\/vela-da-vida4.jpg\" alt=\"\" width=\"612\" height=\"246\" \/><\/a><\/span><\/p>\n<p style=\"text-align: left;\"><span style=\"color: #ffffff;\">.<\/span><br \/>\n<span style=\"font-size: medium; font-family: verdana, geneva;\"><em>Fonte: <a href=\"http:\/\/www.acidigital.com\/noticias\/mulheres-espanholas-engravidavam-e-abortavam-de-proposito-para-cobrar-indenizacao-do-seguro-95243\/\" target=\"_blank\" rel=\"noopener noreferrer\">http:\/\/www.acidigital.com\/noticias\/mulheres-espanholas-engravidavam-e-abortavam-de-proposito-para-cobrar-indenizacao-do-seguro-95243\/\u00a0<\/a>\u00a0\u00a0<\/em><\/span><\/p>\n<p style=\"text-align: left;\"><span style=\"color: #ffffff;\">.<\/span><\/p>\n","protected":false},"excerpt":{"rendered":"<p>&nbsp; . Segundo not\u00edcia divulgada pela \u201cacidigital\u201d, de Madri, do dia 14 deste m\u00eas, at\u00e9 o momento a Guarda Civil de Almer\u00eda (Espanha) deteve 16 pessoas relacionadas \u00e0 chamada \u201cOpera\u00e7\u00e3o Aborto\u201d; Na qual, segundo alguns meios de comunica\u00e7\u00e3o, tamb\u00e9m estariam envolvidas feministas. A investiga\u00e7\u00e3o continua em andamento. O delegado do Governo da Andaluzia, Antonio Sanz, [&hellip;]<\/p>\n","protected":false},"author":31,"featured_media":0,"comment_status":"open","ping_status":"open","sticky":false,"template":"","format":"standard","meta":[],"categories":[20],"tags":[83,38,490],"yoast_head":"<!-- This site is optimized with the Yoast SEO plugin v17.4 - https:\/\/yoast.com\/wordpress\/plugins\/seo\/ -->\n<title>A gan\u00e2ncia pelo dinheiro resulta na morte de inocentes, veja: - Associa\u00e7\u00e3o Devotos de F\u00e1tima<\/title>\n<meta name=\"robots\" content=\"index, follow, max-snippet:-1, max-image-preview:large, max-video-preview:-1\" \/>\n<link rel=\"canonical\" href=\"https:\/\/www.adf.org.br\/home\/a-ganancia-pelo-dinheiro-resulta-na-morte-de-inocentes-veja\/\" \/>\n<meta property=\"og:locale\" content=\"pt_BR\" \/>\n<meta property=\"og:type\" content=\"article\" \/>\n<meta property=\"og:title\" content=\"A gan\u00e2ncia pelo dinheiro resulta na morte de inocentes, veja: - Associa\u00e7\u00e3o Devotos de F\u00e1tima\" \/>\n<meta property=\"og:description\" content=\"&nbsp; . Segundo not\u00edcia divulgada pela \u201cacidigital\u201d, de Madri, do dia 14 deste m\u00eas, at\u00e9 o momento a Guarda Civil de Almer\u00eda (Espanha) deteve 16 pessoas relacionadas \u00e0 chamada \u201cOpera\u00e7\u00e3o Aborto\u201d; Na qual, segundo alguns meios de comunica\u00e7\u00e3o, tamb\u00e9m estariam envolvidas feministas. A investiga\u00e7\u00e3o continua em andamento. O delegado do Governo da Andaluzia, Antonio Sanz, [&hellip;]\" \/>\n<meta property=\"og:url\" content=\"https:\/\/www.adf.org.br\/home\/a-ganancia-pelo-dinheiro-resulta-na-morte-de-inocentes-veja\/\" \/>\n<meta property=\"og:site_name\" content=\"Associa\u00e7\u00e3o Devotos de F\u00e1tima\" \/>\n<meta property=\"article:published_time\" content=\"2016-01-20T02:00:29+00:00\" \/>\n<meta property=\"og:image\" content=\"http:\/\/www.adf.org.br\/home\/wp-content\/uploads\/2016\/01\/Aborto.jpg\" \/>\n<meta name=\"twitter:card\" content=\"summary_large_image\" \/>\n<meta name=\"twitter:label1\" content=\"Escrito por\" \/>\n\t<meta name=\"twitter:data1\" content=\"Gabriel Barbosa\" \/>\n\t<meta name=\"twitter:label2\" content=\"Est. tempo de leitura\" \/>\n\t<meta name=\"twitter:data2\" content=\"2 minutos\" \/>\n<script type=\"application\/ld+json\" class=\"yoast-schema-graph\">{\"@context\":\"https:\/\/schema.org\",\"@graph\":[{\"@type\":\"WebSite\",\"@id\":\"https:\/\/www.adf.org.br\/home\/#website\",\"url\":\"https:\/\/www.adf.org.br\/home\/\",\"name\":\"Associa\\u00e7\\u00e3o Devotos de F\\u00e1tima\",\"description\":\"Associa\\u00e7\\u00e3o Devotos de F\\u00e1tima\",\"potentialAction\":[{\"@type\":\"SearchAction\",\"target\":{\"@type\":\"EntryPoint\",\"urlTemplate\":\"https:\/\/www.adf.org.br\/home\/?s={search_term_string}\"},\"query-input\":\"required name=search_term_string\"}],\"inLanguage\":\"pt-BR\"},{\"@type\":\"ImageObject\",\"@id\":\"https:\/\/www.adf.org.br\/home\/a-ganancia-pelo-dinheiro-resulta-na-morte-de-inocentes-veja\/#primaryimage\",\"inLanguage\":\"pt-BR\",\"url\":\"http:\/\/www.adf.org.br\/home\/wp-content\/uploads\/2016\/01\/Aborto.jpg\",\"contentUrl\":\"http:\/\/www.adf.org.br\/home\/wp-content\/uploads\/2016\/01\/Aborto.jpg\"},{\"@type\":\"WebPage\",\"@id\":\"https:\/\/www.adf.org.br\/home\/a-ganancia-pelo-dinheiro-resulta-na-morte-de-inocentes-veja\/#webpage\",\"url\":\"https:\/\/www.adf.org.br\/home\/a-ganancia-pelo-dinheiro-resulta-na-morte-de-inocentes-veja\/\",\"name\":\"A gan\\u00e2ncia pelo dinheiro resulta na morte de inocentes, veja: - Associa\\u00e7\\u00e3o Devotos de F\\u00e1tima\",\"isPartOf\":{\"@id\":\"https:\/\/www.adf.org.br\/home\/#website\"},\"primaryImageOfPage\":{\"@id\":\"https:\/\/www.adf.org.br\/home\/a-ganancia-pelo-dinheiro-resulta-na-morte-de-inocentes-veja\/#primaryimage\"},\"datePublished\":\"2016-01-20T02:00:29+00:00\",\"dateModified\":\"2016-01-20T02:00:29+00:00\",\"author\":{\"@id\":\"https:\/\/www.adf.org.br\/home\/#\/schema\/person\/f35a5c5aa7728a3dedf4ea9aa1fc2753\"},\"breadcrumb\":{\"@id\":\"https:\/\/www.adf.org.br\/home\/a-ganancia-pelo-dinheiro-resulta-na-morte-de-inocentes-veja\/#breadcrumb\"},\"inLanguage\":\"pt-BR\",\"potentialAction\":[{\"@type\":\"ReadAction\",\"target\":[\"https:\/\/www.adf.org.br\/home\/a-ganancia-pelo-dinheiro-resulta-na-morte-de-inocentes-veja\/\"]}]},{\"@type\":\"BreadcrumbList\",\"@id\":\"https:\/\/www.adf.org.br\/home\/a-ganancia-pelo-dinheiro-resulta-na-morte-de-inocentes-veja\/#breadcrumb\",\"itemListElement\":[{\"@type\":\"ListItem\",\"position\":1,\"name\":\"Home\",\"item\":\"https:\/\/www.adf.org.br\/home\/\"},{\"@type\":\"ListItem\",\"position\":2,\"name\":\"A gan\\u00e2ncia pelo dinheiro resulta na morte de inocentes, veja:\"}]},{\"@type\":\"Person\",\"@id\":\"https:\/\/www.adf.org.br\/home\/#\/schema\/person\/f35a5c5aa7728a3dedf4ea9aa1fc2753\",\"name\":\"Gabriel Barbosa\",\"image\":{\"@type\":\"ImageObject\",\"@id\":\"https:\/\/www.adf.org.br\/home\/#personlogo\",\"inLanguage\":\"pt-BR\",\"url\":\"https:\/\/secure.gravatar.com\/avatar\/2b2cb2f4637682c5605e8d36818f51ef?s=96&d=mm&r=g\",\"contentUrl\":\"https:\/\/secure.gravatar.com\/avatar\/2b2cb2f4637682c5605e8d36818f51ef?s=96&d=mm&r=g\",\"caption\":\"Gabriel Barbosa\"},\"url\":\"https:\/\/www.adf.org.br\/home\/author\/gabrielpmk-com-br\/\"}]}<\/script>\n<!-- \/ Yoast SEO plugin. -->","yoast_head_json":{"title":"A gan\u00e2ncia pelo dinheiro resulta na morte de inocentes, veja: - Associa\u00e7\u00e3o Devotos de F\u00e1tima","robots":{"index":"index","follow":"follow","max-snippet":"max-snippet:-1","max-image-preview":"max-image-preview:large","max-video-preview":"max-video-preview:-1"},"canonical":"https:\/\/www.adf.org.br\/home\/a-ganancia-pelo-dinheiro-resulta-na-morte-de-inocentes-veja\/","og_locale":"pt_BR","og_type":"article","og_title":"A gan\u00e2ncia pelo dinheiro resulta na morte de inocentes, veja: - Associa\u00e7\u00e3o Devotos de F\u00e1tima","og_description":"&nbsp; . Segundo not\u00edcia divulgada pela \u201cacidigital\u201d, de Madri, do dia 14 deste m\u00eas, at\u00e9 o momento a Guarda Civil de Almer\u00eda (Espanha) deteve 16 pessoas relacionadas \u00e0 chamada \u201cOpera\u00e7\u00e3o Aborto\u201d; Na qual, segundo alguns meios de comunica\u00e7\u00e3o, tamb\u00e9m estariam envolvidas feministas. A investiga\u00e7\u00e3o continua em andamento. O delegado do Governo da Andaluzia, Antonio Sanz, [&hellip;]","og_url":"https:\/\/www.adf.org.br\/home\/a-ganancia-pelo-dinheiro-resulta-na-morte-de-inocentes-veja\/","og_site_name":"Associa\u00e7\u00e3o Devotos de F\u00e1tima","article_published_time":"2016-01-20T02:00:29+00:00","og_image":[{"url":"http:\/\/www.adf.org.br\/home\/wp-content\/uploads\/2016\/01\/Aborto.jpg"}],"twitter_card":"summary_large_image","twitter_misc":{"Escrito por":"Gabriel Barbosa","Est. tempo de leitura":"2 minutos"},"schema":{"@context":"https:\/\/schema.org","@graph":[{"@type":"WebSite","@id":"https:\/\/www.adf.org.br\/home\/#website","url":"https:\/\/www.adf.org.br\/home\/","name":"Associa\u00e7\u00e3o Devotos de F\u00e1tima","description":"Associa\u00e7\u00e3o Devotos de F\u00e1tima","potentialAction":[{"@type":"SearchAction","target":{"@type":"EntryPoint","urlTemplate":"https:\/\/www.adf.org.br\/home\/?s={search_term_string}"},"query-input":"required name=search_term_string"}],"inLanguage":"pt-BR"},{"@type":"ImageObject","@id":"https:\/\/www.adf.org.br\/home\/a-ganancia-pelo-dinheiro-resulta-na-morte-de-inocentes-veja\/#primaryimage","inLanguage":"pt-BR","url":"http:\/\/www.adf.org.br\/home\/wp-content\/uploads\/2016\/01\/Aborto.jpg","contentUrl":"http:\/\/www.adf.org.br\/home\/wp-content\/uploads\/2016\/01\/Aborto.jpg"},{"@type":"WebPage","@id":"https:\/\/www.adf.org.br\/home\/a-ganancia-pelo-dinheiro-resulta-na-morte-de-inocentes-veja\/#webpage","url":"https:\/\/www.adf.org.br\/home\/a-ganancia-pelo-dinheiro-resulta-na-morte-de-inocentes-veja\/","name":"A gan\u00e2ncia pelo dinheiro resulta na morte de inocentes, veja: - Associa\u00e7\u00e3o Devotos de F\u00e1tima","isPartOf":{"@id":"https:\/\/www.adf.org.br\/home\/#website"},"primaryImageOfPage":{"@id":"https:\/\/www.adf.org.br\/home\/a-ganancia-pelo-dinheiro-resulta-na-morte-de-inocentes-veja\/#primaryimage"},"datePublished":"2016-01-20T02:00:29+00:00","dateModified":"2016-01-20T02:00:29+00:00","author":{"@id":"https:\/\/www.adf.org.br\/home\/#\/schema\/person\/f35a5c5aa7728a3dedf4ea9aa1fc2753"},"breadcrumb":{"@id":"https:\/\/www.adf.org.br\/home\/a-ganancia-pelo-dinheiro-resulta-na-morte-de-inocentes-veja\/#breadcrumb"},"inLanguage":"pt-BR","potentialAction":[{"@type":"ReadAction","target":["https:\/\/www.adf.org.br\/home\/a-ganancia-pelo-dinheiro-resulta-na-morte-de-inocentes-veja\/"]}]},{"@type":"BreadcrumbList","@id":"https:\/\/www.adf.org.br\/home\/a-ganancia-pelo-dinheiro-resulta-na-morte-de-inocentes-veja\/#breadcrumb","itemListElement":[{"@type":"ListItem","position":1,"name":"Home","item":"https:\/\/www.adf.org.br\/home\/"},{"@type":"ListItem","position":2,"name":"A gan\u00e2ncia pelo dinheiro resulta na morte de inocentes, veja:"}]},{"@type":"Person","@id":"https:\/\/www.adf.org.br\/home\/#\/schema\/person\/f35a5c5aa7728a3dedf4ea9aa1fc2753","name":"Gabriel Barbosa","image":{"@type":"ImageObject","@id":"https:\/\/www.adf.org.br\/home\/#personlogo","inLanguage":"pt-BR","url":"https:\/\/secure.gravatar.com\/avatar\/2b2cb2f4637682c5605e8d36818f51ef?s=96&d=mm&r=g","contentUrl":"https:\/\/secure.gravatar.com\/avatar\/2b2cb2f4637682c5605e8d36818f51ef?s=96&d=mm&r=g","caption":"Gabriel Barbosa"},"url":"https:\/\/www.adf.org.br\/home\/author\/gabrielpmk-com-br\/"}]}},"_links":{"self":[{"href":"https:\/\/www.adf.org.br\/home\/wp-json\/wp\/v2\/posts\/36464"}],"collection":[{"href":"https:\/\/www.adf.org.br\/home\/wp-json\/wp\/v2\/posts"}],"about":[{"href":"https:\/\/www.adf.org.br\/home\/wp-json\/wp\/v2\/types\/post"}],"author":[{"embeddable":true,"href":"https:\/\/www.adf.org.br\/home\/wp-json\/wp\/v2\/users\/31"}],"replies":[{"embeddable":true,"href":"https:\/\/www.adf.org.br\/home\/wp-json\/wp\/v2\/comments?post=36464"}],"version-history":[{"count":0,"href":"https:\/\/www.adf.org.br\/home\/wp-json\/wp\/v2\/posts\/36464\/revisions"}],"wp:attachment":[{"href":"https:\/\/www.adf.org.br\/home\/wp-json\/wp\/v2\/media?parent=36464"}],"wp:term":[{"taxonomy":"category","embeddable":true,"href":"https:\/\/www.adf.org.br\/home\/wp-json\/wp\/v2\/categories?post=36464"},{"taxonomy":"post_tag","embeddable":true,"href":"https:\/\/www.adf.org.br\/home\/wp-json\/wp\/v2\/tags?post=36464"}],"curies":[{"name":"wp","href":"https:\/\/api.w.org\/{rel}","templated":true}]}}