{"id":35230,"date":"2015-11-12T00:00:23","date_gmt":"2015-11-12T02:00:23","guid":{"rendered":"http:\/\/www.adf.org.br\/home\/?p=35230"},"modified":"2015-11-12T00:00:23","modified_gmt":"2015-11-12T02:00:23","slug":"video-abjeto-e-blasfemo-proteste-contra-o-ataque-dos-abortistas-da-globo-a-nossa-senhora","status":"publish","type":"post","link":"https:\/\/www.adf.org.br\/home\/video-abjeto-e-blasfemo-proteste-contra-o-ataque-dos-abortistas-da-globo-a-nossa-senhora\/","title":{"rendered":"V\u00eddeo abjeto e blasfemo &#8211; proteste contra o ataque dos abortistas da Globo a Nossa Senhora:"},"content":{"rendered":"<figure id=\"attachment_35231\" aria-describedby=\"caption-attachment-35231\" style=\"width: 250px\" class=\"wp-caption aligncenter\"><a href=\"http:\/\/www.adf.org.br\/home\/2015\/11\/video-abjeto-e-blasfemo-proteste-contra-o-ataque-dos-abortistas-da-globo-a-nossa-senhora\/imagem-de-nossa-senhora-de-fatima-vertendo-lagrimas-verdadeiras\/\" rel=\"attachment wp-att-35231\"><img loading=\"lazy\" class=\"size-full wp-image-35231\" title=\"Imagem de Nossa Senhora de F\u00e1tima vertendo l\u00e1grimas verdadeiras.\" src=\"http:\/\/www.adf.org.br\/home\/wp-content\/uploads\/2015\/11\/Imagem-de-Nossa-Senhora-de-F\u00e1tima-vertendo-l\u00e1grimas-verdadeiras..jpg\" alt=\"\" width=\"250\" height=\"313\" \/><\/a><figcaption id=\"caption-attachment-35231\" class=\"wp-caption-text\">Imagem de Nossa Senhora de F\u00e1tima vertendo l\u00e1grimas verdadeiras.<\/figcaption><\/figure>\n<p>&nbsp;<\/p>\n<p style=\"text-align: right;\"><span style=\"font-family: verdana, geneva; font-size: medium; color: #000000;\"><em>Por\u00a0<\/em><\/span><span style=\"font-family: verdana, geneva; font-size: medium;\"><em><a href=\"http:\/\/ipco.org.br\/ipco\/author\/acaojovemipco\/\" rel=\"author\">A\u00e7\u00e3o Jovem do IPCO<\/a><\/em><\/span><span style=\"font-family: verdana, geneva; font-size: medium;\"><em>\u00a0<\/em><\/span><\/p>\n<p><span style=\"font-family: verdana, geneva; font-size: medium; color: #ffffff;\">.<\/span><\/p>\n<p style=\"padding-left: 90px;\"><span style=\"font-size: large; color: #800080;\"><strong><span style=\"font-family: verdana, geneva;\">Um grupo de atores da Rede Globo de televis\u00e3o gravou um v\u00eddeo, <\/span><\/strong><\/span><\/p>\n<p><span style=\"font-family: verdana, geneva; font-size: medium; color: #000000;\">Publicado em um canal do Youtube no \u00faltimo dia 3\/11, que tem como resultado promover o aborto, negando assim o direito \u00e0 vida de crian\u00e7as inocentes. <\/span><\/p>\n<p><span style=\"font-family: verdana, geneva; font-size: medium; color: #000000;\">Ademais de contrariar frontalmente a F\u00e9 Cat\u00f3lica, professada pela maioria da popula\u00e7\u00e3o brasileira, o aborto \u00e9 crime pela legisla\u00e7\u00e3o brasileira.<\/span><\/p>\n<p><span style=\"font-family: verdana, geneva; font-size: medium; color: #000000;\">Trata-se de um document\u00e1rio, Olmo e a Gaivota, lan\u00e7ado no \u00faltimo dia 05\/11, que apresenta o aborto \u2013 assassinato de crian\u00e7as inocentes \u2013 como um direito da mulher. (e o direito \u00e0 vida da crian\u00e7a?)<\/span><\/p>\n<p><span style=\"font-family: verdana, geneva; font-size: medium; color: #000000;\">A \u201cpe\u00e7a publicit\u00e1ria\u201d \u2013 que recebeu o pr\u00eamio de Melhor Document\u00e1rio do J\u00fari Oficial do Festival do Rio \u2013 \u00e9 ademais de extremo mau gosto.<\/span><\/p>\n<p style=\"padding-left: 60px;\"><strong><span style=\"font-family: verdana, geneva; font-size: medium; color: #800080;\">Logo no in\u00edcio do v\u00eddeo os atores mostram-se extremamente incomodados com a virgindade de Nossa Senhora, e a criticam abertamente. <\/span><\/strong><\/p>\n<p><span style=\"font-family: verdana, geneva; font-size: medium; color: #000000;\">Parecem sentir-se atormentados pela pureza imaculada da Virgem Sant\u00edssima. Dizem:<\/span><\/p>\n<blockquote><p><span style=\"font-family: verdana, geneva; font-size: medium; color: #000000;\">\u201cFalar de gravidez \u00e9 um tabu milenar. Contam como se tudo fosse maravilhoso, cor de rosa, sublime. Isso vem desde Nossa Senhora, [\u2026] <\/span><\/p>\n<p><span style=\"font-family: verdana, geneva; font-size: medium; color: #000000;\">Esse lance de virgindade [de Nossa Senhora]\u2026 \u00e9 erro de tradu\u00e7\u00e3o! E enquanto ficam discutindo isso eu fico gerando esse ser humano inteiro dentro de mim!\u201d<\/span><\/p><\/blockquote>\n<p><span style=\"color: #ffffff;\">.<\/span><\/p>\n<p><strong><span style=\"font-family: verdana, geneva; font-size: medium; color: #000000;\">Tal \u00e9 a abomin\u00e1vel natureza desse v\u00eddeo!<\/span><\/strong><\/p>\n<p><span style=\"font-family: verdana, geneva; font-size: medium; color: #000000;\">Segundo a descri\u00e7\u00e3o do v\u00eddeo no Youtube, ele \u201cfoi feito tamb\u00e9m em resposta a agress\u00f5es verbais que recebemos na nossa p\u00e1gina de Facebook depois do discurso feito pela diretora [do filme Olmo e a Gaivota] na premia\u00e7\u00e3o do Festival do Rio\u201d.<\/span><\/p>\n<p><span style=\"font-family: verdana, geneva; font-size: medium; color: #000000;\">Em uma das cenas, a atriz principal assim se refere a uma crian\u00e7a que est\u00e1 gerando: \u201cSinto que tem um alien dentro de mim, que se nutre de mim e me imp\u00f5e as regras do jogo\u201d. <\/span><\/p>\n<p><span style=\"font-family: verdana, geneva; font-size: medium; color: #000000;\">Esse \u00e9 o modo de uma m\u00e3e se referir a seu pr\u00f3prio filho? Na frase n\u00e3o se nota nenhum carinho pelo fruto de suas entranhas, n\u00e3o h\u00e1 amor, s\u00f3 desagrado por esse \u201cintruso\u201d. <\/span><\/p>\n<p><span style=\"font-family: verdana, geneva; font-size: medium; color: #000000;\">Merece o nome de m\u00e3e quem assim pensa? At\u00e9 as feras tratam com carinho suas crias. <\/span><\/p>\n<p><span style=\"font-family: verdana, geneva; font-size: medium; color: #000000;\">Al\u00e9m do que, as \u201cregras do jogo\u201d n\u00e3o s\u00e3o impostas pela crian\u00e7a, mas sim por Deus Nosso Senhor que criou a maternidade como um dom para a mulher. Aqui transparece o \u00f3dio \u00e0 ordem posta por Deus.<\/span><\/p>\n<p><span style=\"font-family: verdana, geneva; font-size: medium; color: #000000;\">Enquanto escrevemos, no canal do YouTube em que est\u00e1 postado, o trailer j\u00e1 ultrapassou os 34.919 \u201cN\u00e3o gostei\u201d contra apenas 4.474 \u201cGostei\u201d.<\/span><\/p>\n<p><span style=\"font-family: verdana, geneva; font-size: medium; color: #ffffff;\">.<\/span><\/p>\n<p><span style=\"font-family: verdana, geneva; font-size: medium; color: #000000;\">Convidamos a todos os nossos amigos e leitores a tamb\u00e9m protestarem contra essa abomin\u00e1vel iniciativa, que s\u00f3 pode contar com a nossa mais en\u00e9rgica repulsa:<\/span><\/p>\n<p><span style=\"color: #ffffff;\">.<\/span><\/p>\n<p style=\"text-align: center;\"><span style=\"font-family: verdana, geneva; font-size: large; color: #000000;\">Marque a op\u00e7\u00e3o \u201cn\u00e3o gostei\u201d do v\u00eddeo em sua p\u00e1gina no YouTube. <\/span><\/p>\n<p style=\"text-align: center;\"><span style=\"font-size: large;\"><span style=\"font-family: verdana, geneva; color: #000000;\">Para isso, <\/span><strong><span style=\"font-family: verdana, geneva;\"><a href=\"https:\/\/www.youtube.com\/watch?v=CafzeA-9Qz8\" target=\"_blank\" rel=\"noopener noreferrer\">basta clicar aqui.<\/a><\/span><\/strong><\/span><\/p>\n<p><span style=\"font-family: verdana, geneva; font-size: medium; color: #ffffff;\">.<\/span><\/p>\n<p style=\"text-align: center;\"><span style=\"font-size: large;\"><span style=\"font-family: verdana, geneva; color: #000000;\">Tamb\u00e9m h\u00e1 uma peti\u00e7\u00e3o on-line contra o document\u00e1rio. <\/span><\/span><\/p>\n<p style=\"text-align: center;\"><span style=\"font-size: large;\"><span style=\"font-family: verdana, geneva; color: #000000;\">Para acess\u00e1-la, <\/span><strong><span style=\"font-family: verdana, geneva;\"><a href=\"http:\/\/www.citizengo.org\/pt-pt\/lf\/node%3Anid%5D-repudio-campanha-abortista-atores-globais\" target=\"_blank\" rel=\"noopener noreferrer\">clique aqui<\/a>.<\/span><\/strong><\/span><\/p>\n<p style=\"text-align: center;\"><span style=\"font-family: verdana, geneva; font-size: small; color: #ffffff;\">.<\/span><\/p>\n<p style=\"text-align: center;\"><strong><span style=\"font-family: verdana, geneva; font-size: small;\">* \u00a0 * \u00a0 *<\/span><\/strong><\/p>\n<p><span style=\"font-family: verdana, geneva; font-size: small; color: #ffffff;\">.<\/span><\/p>\n<p><em><span style=\"font-family: verdana, geneva; font-size: medium; color: #000000;\">Fonte:<\/span><span style=\"font-family: verdana, geneva; font-size: medium;\"><a href=\"http:\/\/ipco.org.br\/ipco\/familia\/revolucao-cultural-familia\/aborto\/nota-de-repudio-meu-corpo-minhas-regras-promocao-do-aborto-e-blasfemo-e-inaceitavel-ataque-a-virgindade-perpetua-de-nossa-senhora\" target=\"_blank\" rel=\"noopener noreferrer\"> http:\/\/ipco.org.br\/<\/a><\/span><\/em><\/p>\n<p><span style=\"font-family: verdana, geneva; font-size: medium; color: #ffffff;\">.<\/span><\/p>\n","protected":false},"excerpt":{"rendered":"<p>&nbsp; Por\u00a0A\u00e7\u00e3o Jovem do IPCO\u00a0 . Um grupo de atores da Rede Globo de televis\u00e3o gravou um v\u00eddeo, Publicado em um canal do Youtube no \u00faltimo dia 3\/11, que tem como resultado promover o aborto, negando assim o direito \u00e0 vida de crian\u00e7as inocentes. Ademais de contrariar frontalmente a F\u00e9 Cat\u00f3lica, professada pela maioria da [&hellip;]<\/p>\n","protected":false},"author":12,"featured_media":0,"comment_status":"open","ping_status":"open","sticky":false,"template":"","format":"standard","meta":[],"categories":[20],"tags":[47,1675,36,1999],"yoast_head":"<!-- This site is optimized with the Yoast SEO plugin v17.4 - https:\/\/yoast.com\/wordpress\/plugins\/seo\/ -->\n<title>V\u00eddeo abjeto e blasfemo - proteste contra o ataque dos abortistas da Globo a Nossa Senhora: - Associa\u00e7\u00e3o Devotos de F\u00e1tima<\/title>\n<meta name=\"robots\" content=\"index, follow, max-snippet:-1, max-image-preview:large, max-video-preview:-1\" \/>\n<link rel=\"canonical\" href=\"https:\/\/www.adf.org.br\/home\/video-abjeto-e-blasfemo-proteste-contra-o-ataque-dos-abortistas-da-globo-a-nossa-senhora\/\" \/>\n<meta property=\"og:locale\" content=\"pt_BR\" \/>\n<meta property=\"og:type\" content=\"article\" \/>\n<meta property=\"og:title\" content=\"V\u00eddeo abjeto e blasfemo - proteste contra o ataque dos abortistas da Globo a Nossa Senhora: - Associa\u00e7\u00e3o Devotos de F\u00e1tima\" \/>\n<meta property=\"og:description\" content=\"&nbsp; Por\u00a0A\u00e7\u00e3o Jovem do IPCO\u00a0 . Um grupo de atores da Rede Globo de televis\u00e3o gravou um v\u00eddeo, Publicado em um canal do Youtube no \u00faltimo dia 3\/11, que tem como resultado promover o aborto, negando assim o direito \u00e0 vida de crian\u00e7as inocentes. Ademais de contrariar frontalmente a F\u00e9 Cat\u00f3lica, professada pela maioria da [&hellip;]\" \/>\n<meta property=\"og:url\" content=\"https:\/\/www.adf.org.br\/home\/video-abjeto-e-blasfemo-proteste-contra-o-ataque-dos-abortistas-da-globo-a-nossa-senhora\/\" \/>\n<meta property=\"og:site_name\" content=\"Associa\u00e7\u00e3o Devotos de F\u00e1tima\" \/>\n<meta property=\"article:published_time\" content=\"2015-11-12T02:00:23+00:00\" \/>\n<meta property=\"og:image\" content=\"http:\/\/www.adf.org.br\/home\/wp-content\/uploads\/2015\/11\/Imagem-de-Nossa-Senhora-de-F\u00e1tima-vertendo-l\u00e1grimas-verdadeiras..jpg\" \/>\n<meta name=\"twitter:card\" content=\"summary_large_image\" \/>\n<meta name=\"twitter:label1\" content=\"Escrito por\" \/>\n\t<meta name=\"twitter:data1\" content=\"luiz.fernando\" \/>\n\t<meta name=\"twitter:label2\" content=\"Est. tempo de leitura\" \/>\n\t<meta name=\"twitter:data2\" content=\"3 minutos\" \/>\n<script type=\"application\/ld+json\" class=\"yoast-schema-graph\">{\"@context\":\"https:\/\/schema.org\",\"@graph\":[{\"@type\":\"WebSite\",\"@id\":\"https:\/\/www.adf.org.br\/home\/#website\",\"url\":\"https:\/\/www.adf.org.br\/home\/\",\"name\":\"Associa\\u00e7\\u00e3o Devotos de F\\u00e1tima\",\"description\":\"Associa\\u00e7\\u00e3o Devotos de F\\u00e1tima\",\"potentialAction\":[{\"@type\":\"SearchAction\",\"target\":{\"@type\":\"EntryPoint\",\"urlTemplate\":\"https:\/\/www.adf.org.br\/home\/?s={search_term_string}\"},\"query-input\":\"required name=search_term_string\"}],\"inLanguage\":\"pt-BR\"},{\"@type\":\"ImageObject\",\"@id\":\"https:\/\/www.adf.org.br\/home\/video-abjeto-e-blasfemo-proteste-contra-o-ataque-dos-abortistas-da-globo-a-nossa-senhora\/#primaryimage\",\"inLanguage\":\"pt-BR\",\"url\":\"http:\/\/www.adf.org.br\/home\/wp-content\/uploads\/2015\/11\/Imagem-de-Nossa-Senhora-de-F\\u00e1tima-vertendo-l\\u00e1grimas-verdadeiras..jpg\",\"contentUrl\":\"http:\/\/www.adf.org.br\/home\/wp-content\/uploads\/2015\/11\/Imagem-de-Nossa-Senhora-de-F\\u00e1tima-vertendo-l\\u00e1grimas-verdadeiras..jpg\"},{\"@type\":\"WebPage\",\"@id\":\"https:\/\/www.adf.org.br\/home\/video-abjeto-e-blasfemo-proteste-contra-o-ataque-dos-abortistas-da-globo-a-nossa-senhora\/#webpage\",\"url\":\"https:\/\/www.adf.org.br\/home\/video-abjeto-e-blasfemo-proteste-contra-o-ataque-dos-abortistas-da-globo-a-nossa-senhora\/\",\"name\":\"V\\u00eddeo abjeto e blasfemo - proteste contra o ataque dos abortistas da Globo a Nossa Senhora: - Associa\\u00e7\\u00e3o Devotos de F\\u00e1tima\",\"isPartOf\":{\"@id\":\"https:\/\/www.adf.org.br\/home\/#website\"},\"primaryImageOfPage\":{\"@id\":\"https:\/\/www.adf.org.br\/home\/video-abjeto-e-blasfemo-proteste-contra-o-ataque-dos-abortistas-da-globo-a-nossa-senhora\/#primaryimage\"},\"datePublished\":\"2015-11-12T02:00:23+00:00\",\"dateModified\":\"2015-11-12T02:00:23+00:00\",\"author\":{\"@id\":\"https:\/\/www.adf.org.br\/home\/#\/schema\/person\/4eb0499131c1962e974297eff367a715\"},\"breadcrumb\":{\"@id\":\"https:\/\/www.adf.org.br\/home\/video-abjeto-e-blasfemo-proteste-contra-o-ataque-dos-abortistas-da-globo-a-nossa-senhora\/#breadcrumb\"},\"inLanguage\":\"pt-BR\",\"potentialAction\":[{\"@type\":\"ReadAction\",\"target\":[\"https:\/\/www.adf.org.br\/home\/video-abjeto-e-blasfemo-proteste-contra-o-ataque-dos-abortistas-da-globo-a-nossa-senhora\/\"]}]},{\"@type\":\"BreadcrumbList\",\"@id\":\"https:\/\/www.adf.org.br\/home\/video-abjeto-e-blasfemo-proteste-contra-o-ataque-dos-abortistas-da-globo-a-nossa-senhora\/#breadcrumb\",\"itemListElement\":[{\"@type\":\"ListItem\",\"position\":1,\"name\":\"Home\",\"item\":\"https:\/\/www.adf.org.br\/home\/\"},{\"@type\":\"ListItem\",\"position\":2,\"name\":\"V\\u00eddeo abjeto e blasfemo &#8211; proteste contra o ataque dos abortistas da Globo a Nossa Senhora:\"}]},{\"@type\":\"Person\",\"@id\":\"https:\/\/www.adf.org.br\/home\/#\/schema\/person\/4eb0499131c1962e974297eff367a715\",\"name\":\"luiz.fernando\",\"image\":{\"@type\":\"ImageObject\",\"@id\":\"https:\/\/www.adf.org.br\/home\/#personlogo\",\"inLanguage\":\"pt-BR\",\"url\":\"https:\/\/secure.gravatar.com\/avatar\/4e9dcdc2a00e06e1d9189a84f6908f28?s=96&d=mm&r=g\",\"contentUrl\":\"https:\/\/secure.gravatar.com\/avatar\/4e9dcdc2a00e06e1d9189a84f6908f28?s=96&d=mm&r=g\",\"caption\":\"luiz.fernando\"},\"url\":\"https:\/\/www.adf.org.br\/home\/author\/luiz-fernando\/\"}]}<\/script>\n<!-- \/ Yoast SEO plugin. -->","yoast_head_json":{"title":"V\u00eddeo abjeto e blasfemo - proteste contra o ataque dos abortistas da Globo a Nossa Senhora: - Associa\u00e7\u00e3o Devotos de F\u00e1tima","robots":{"index":"index","follow":"follow","max-snippet":"max-snippet:-1","max-image-preview":"max-image-preview:large","max-video-preview":"max-video-preview:-1"},"canonical":"https:\/\/www.adf.org.br\/home\/video-abjeto-e-blasfemo-proteste-contra-o-ataque-dos-abortistas-da-globo-a-nossa-senhora\/","og_locale":"pt_BR","og_type":"article","og_title":"V\u00eddeo abjeto e blasfemo - proteste contra o ataque dos abortistas da Globo a Nossa Senhora: - Associa\u00e7\u00e3o Devotos de F\u00e1tima","og_description":"&nbsp; Por\u00a0A\u00e7\u00e3o Jovem do IPCO\u00a0 . Um grupo de atores da Rede Globo de televis\u00e3o gravou um v\u00eddeo, Publicado em um canal do Youtube no \u00faltimo dia 3\/11, que tem como resultado promover o aborto, negando assim o direito \u00e0 vida de crian\u00e7as inocentes. Ademais de contrariar frontalmente a F\u00e9 Cat\u00f3lica, professada pela maioria da [&hellip;]","og_url":"https:\/\/www.adf.org.br\/home\/video-abjeto-e-blasfemo-proteste-contra-o-ataque-dos-abortistas-da-globo-a-nossa-senhora\/","og_site_name":"Associa\u00e7\u00e3o Devotos de F\u00e1tima","article_published_time":"2015-11-12T02:00:23+00:00","og_image":[{"url":"http:\/\/www.adf.org.br\/home\/wp-content\/uploads\/2015\/11\/Imagem-de-Nossa-Senhora-de-F\u00e1tima-vertendo-l\u00e1grimas-verdadeiras..jpg"}],"twitter_card":"summary_large_image","twitter_misc":{"Escrito por":"luiz.fernando","Est. tempo de leitura":"3 minutos"},"schema":{"@context":"https:\/\/schema.org","@graph":[{"@type":"WebSite","@id":"https:\/\/www.adf.org.br\/home\/#website","url":"https:\/\/www.adf.org.br\/home\/","name":"Associa\u00e7\u00e3o Devotos de F\u00e1tima","description":"Associa\u00e7\u00e3o Devotos de F\u00e1tima","potentialAction":[{"@type":"SearchAction","target":{"@type":"EntryPoint","urlTemplate":"https:\/\/www.adf.org.br\/home\/?s={search_term_string}"},"query-input":"required name=search_term_string"}],"inLanguage":"pt-BR"},{"@type":"ImageObject","@id":"https:\/\/www.adf.org.br\/home\/video-abjeto-e-blasfemo-proteste-contra-o-ataque-dos-abortistas-da-globo-a-nossa-senhora\/#primaryimage","inLanguage":"pt-BR","url":"http:\/\/www.adf.org.br\/home\/wp-content\/uploads\/2015\/11\/Imagem-de-Nossa-Senhora-de-F\u00e1tima-vertendo-l\u00e1grimas-verdadeiras..jpg","contentUrl":"http:\/\/www.adf.org.br\/home\/wp-content\/uploads\/2015\/11\/Imagem-de-Nossa-Senhora-de-F\u00e1tima-vertendo-l\u00e1grimas-verdadeiras..jpg"},{"@type":"WebPage","@id":"https:\/\/www.adf.org.br\/home\/video-abjeto-e-blasfemo-proteste-contra-o-ataque-dos-abortistas-da-globo-a-nossa-senhora\/#webpage","url":"https:\/\/www.adf.org.br\/home\/video-abjeto-e-blasfemo-proteste-contra-o-ataque-dos-abortistas-da-globo-a-nossa-senhora\/","name":"V\u00eddeo abjeto e blasfemo - proteste contra o ataque dos abortistas da Globo a Nossa Senhora: - Associa\u00e7\u00e3o Devotos de F\u00e1tima","isPartOf":{"@id":"https:\/\/www.adf.org.br\/home\/#website"},"primaryImageOfPage":{"@id":"https:\/\/www.adf.org.br\/home\/video-abjeto-e-blasfemo-proteste-contra-o-ataque-dos-abortistas-da-globo-a-nossa-senhora\/#primaryimage"},"datePublished":"2015-11-12T02:00:23+00:00","dateModified":"2015-11-12T02:00:23+00:00","author":{"@id":"https:\/\/www.adf.org.br\/home\/#\/schema\/person\/4eb0499131c1962e974297eff367a715"},"breadcrumb":{"@id":"https:\/\/www.adf.org.br\/home\/video-abjeto-e-blasfemo-proteste-contra-o-ataque-dos-abortistas-da-globo-a-nossa-senhora\/#breadcrumb"},"inLanguage":"pt-BR","potentialAction":[{"@type":"ReadAction","target":["https:\/\/www.adf.org.br\/home\/video-abjeto-e-blasfemo-proteste-contra-o-ataque-dos-abortistas-da-globo-a-nossa-senhora\/"]}]},{"@type":"BreadcrumbList","@id":"https:\/\/www.adf.org.br\/home\/video-abjeto-e-blasfemo-proteste-contra-o-ataque-dos-abortistas-da-globo-a-nossa-senhora\/#breadcrumb","itemListElement":[{"@type":"ListItem","position":1,"name":"Home","item":"https:\/\/www.adf.org.br\/home\/"},{"@type":"ListItem","position":2,"name":"V\u00eddeo abjeto e blasfemo &#8211; proteste contra o ataque dos abortistas da Globo a Nossa Senhora:"}]},{"@type":"Person","@id":"https:\/\/www.adf.org.br\/home\/#\/schema\/person\/4eb0499131c1962e974297eff367a715","name":"luiz.fernando","image":{"@type":"ImageObject","@id":"https:\/\/www.adf.org.br\/home\/#personlogo","inLanguage":"pt-BR","url":"https:\/\/secure.gravatar.com\/avatar\/4e9dcdc2a00e06e1d9189a84f6908f28?s=96&d=mm&r=g","contentUrl":"https:\/\/secure.gravatar.com\/avatar\/4e9dcdc2a00e06e1d9189a84f6908f28?s=96&d=mm&r=g","caption":"luiz.fernando"},"url":"https:\/\/www.adf.org.br\/home\/author\/luiz-fernando\/"}]}},"_links":{"self":[{"href":"https:\/\/www.adf.org.br\/home\/wp-json\/wp\/v2\/posts\/35230"}],"collection":[{"href":"https:\/\/www.adf.org.br\/home\/wp-json\/wp\/v2\/posts"}],"about":[{"href":"https:\/\/www.adf.org.br\/home\/wp-json\/wp\/v2\/types\/post"}],"author":[{"embeddable":true,"href":"https:\/\/www.adf.org.br\/home\/wp-json\/wp\/v2\/users\/12"}],"replies":[{"embeddable":true,"href":"https:\/\/www.adf.org.br\/home\/wp-json\/wp\/v2\/comments?post=35230"}],"version-history":[{"count":0,"href":"https:\/\/www.adf.org.br\/home\/wp-json\/wp\/v2\/posts\/35230\/revisions"}],"wp:attachment":[{"href":"https:\/\/www.adf.org.br\/home\/wp-json\/wp\/v2\/media?parent=35230"}],"wp:term":[{"taxonomy":"category","embeddable":true,"href":"https:\/\/www.adf.org.br\/home\/wp-json\/wp\/v2\/categories?post=35230"},{"taxonomy":"post_tag","embeddable":true,"href":"https:\/\/www.adf.org.br\/home\/wp-json\/wp\/v2\/tags?post=35230"}],"curies":[{"name":"wp","href":"https:\/\/api.w.org\/{rel}","templated":true}]}}