{"id":35146,"date":"2015-11-04T00:00:26","date_gmt":"2015-11-04T02:00:26","guid":{"rendered":"http:\/\/www.adf.org.br\/home\/?p=35146"},"modified":"2015-11-04T00:00:26","modified_gmt":"2015-11-04T02:00:26","slug":"veja-como-baixar-gratis-este-livro-de-oracoes-resolva-os-seus-problemas-pela-oracao","status":"publish","type":"post","link":"https:\/\/www.adf.org.br\/home\/veja-como-baixar-gratis-este-livro-de-oracoes-resolva-os-seus-problemas-pela-oracao\/","title":{"rendered":"Veja como baixar GR\u00c1TIS este Livro de Ora\u00e7\u00f5es! Resolva os seus problemas pela Ora\u00e7\u00e3o:"},"content":{"rendered":"<p>&nbsp;<\/p>\n<p style=\"text-align: center;\"><span style=\"font-size: x-large;\"><strong><span style=\"font-family: verdana, geneva; color: #000000;\">Livro de Ora\u00e7\u00f5es Cat\u00f3licas <span style=\"text-decoration: underline;\"><span style=\"color: #ff0000; text-decoration: underline;\">GR\u00c1TIS!<\/span><\/span><\/span><\/strong><\/span><\/p>\n<p style=\"text-align: center;\"><a href=\"http:\/\/www.tratamentoespiritual.com.br\/ebook1\/?origem=1025\"><img loading=\"lazy\" class=\"aligncenter size-full wp-image-35147\" title=\"Clique aqui para baixar \" src=\"http:\/\/www.adf.org.br\/home\/wp-content\/uploads\/2015\/11\/Clique-aqui-para-baixar-2.jpg\" alt=\"\" width=\"355\" height=\"164\" \/><\/a><\/p>\n<p style=\"text-align: center;\"><span style=\"font-family: verdana, geneva; font-size: medium; color: #ffffff;\">.<\/span><\/p>\n<p style=\"text-align: left;\"><span style=\"font-family: verdana, geneva; font-size: medium; color: #000000;\">A Associa\u00e7\u00e3o Devotos de F\u00e1tima apoia esta iniciativa!<\/span><\/p>\n<p style=\"text-align: left;\"><span style=\"font-family: verdana, geneva; font-size: medium;\"><a href=\"http:\/\/blog.knowload.com.br\/\" target=\"_blank\" rel=\"noopener noreferrer\">O Knowload<\/a><\/span><span style=\"font-family: verdana, geneva; font-size: medium; color: #000000;\"> &#8211; blog onde voc\u00ea pode encontrar variados e-books (livros digitais), semin\u00e1rios e cursos online para baixar &#8211; inaugurou uma cole\u00e7\u00e3o de e-books cat\u00f3licos de alta qualidade, todos embasados fielmente na Doutrina Cat\u00f3lica: a cole\u00e7\u00e3o &#8220;O Livro Cat\u00f3lico&#8221;.<\/span><\/p>\n<p style=\"text-align: left;\"><span style=\"font-family: verdana, geneva; font-size: medium; color: #000000;\">E logo de cara fizeram um lan\u00e7amento fenomenal, com a s\u00e9rie &#8220;Tratamento Espiritual &#8211; a solu\u00e7\u00e3o pela ora\u00e7\u00e3o&#8221;. <\/span><span style=\"font-family: verdana, geneva; font-size: medium;\"><a href=\"http:\/\/blog.knowload.com.br\/2015\/10\/tratamento-espiritual-mais-uma-serie-de.html\" target=\"_blank\" rel=\"noopener noreferrer\">Clique aqui<\/a><\/span><span style=\"font-family: verdana, geneva; font-size: medium; color: #000000;\"> para ver todos os livros digitais desta s\u00e9rie.<\/span><\/p>\n<p style=\"text-align: left;\"><span style=\"font-family: verdana, geneva; font-size: medium; color: #000000;\">Nela, eles mostram que a melhor solu\u00e7\u00e3o para os problemas mais comuns do seu dia-a-dia \u00e9 apenas uma, a Ora\u00e7\u00e3o.<\/span><\/p>\n<p style=\"text-align: left;\"><span style=\"font-family: verdana, geneva; font-size: medium; color: #000000;\">Imposs\u00edvel n\u00e3o concordar, n\u00e3o \u00e9? Por isso, a Associa\u00e7\u00e3o Devotos de F\u00e1tima incentiva a todos os leitores e membros da associa\u00e7\u00e3o a conferirem este trabalho edificante do Knowload.<\/span><\/p>\n<p style=\"text-align: left;\"><span style=\"color: #ffffff;\">.<\/span><\/p>\n<p style=\"text-align: left;\"><span style=\"font-family: verdana, geneva; font-size: medium; color: #000000;\"><span style=\"font-size: large;\"><strong>F\u00e1cil, r\u00e1pido, simples<\/strong><\/span> &#8211; a ora\u00e7\u00e3o \u00e9 o melhor meio de se viver, porque tudo se alcan\u00e7a de Deus, que ouve sempre os rogos daqueles que O obedecem e vivem de acordo com Sua vontade.<\/span><\/p>\n<p style=\"text-align: left;\"><span style=\"color: #ffffff;\">.<\/span><\/p>\n<p style=\"text-align: left;\"><span style=\"font-family: verdana, geneva; font-size: medium; color: #000000;\">Seja para o trabalho, para a fam\u00edlia, para os neg\u00f3cios, na sa\u00fade, na doen\u00e7a, na tristeza, na ang\u00fastia, e at\u00e9 para agradecer os momentos mais felizes; essa s\u00e9rie traz ora\u00e7\u00f5es para situa\u00e7\u00f5es que voc\u00ea talvez nem imagine, mas que podem acabar acontecendo com VOC\u00ca.<\/span><\/p>\n<p style=\"text-align: left;\"><span style=\"color: #ffffff;\">.<\/span><\/p>\n<p style=\"text-align: center;\"><a href=\"http:\/\/www.tratamentoespiritual.com.br\/ebook1\/?origem=1025\" target=\"_blank\" rel=\"noopener noreferrer\"><span style=\"font-size: large;\"><strong><span style=\"font-family: verdana, geneva;\">O primeiro livro da s\u00e9rie \u00e9 GR\u00c1TIS nos pr\u00f3ximos 10 dias.<br \/>\n<\/span><\/strong><\/span><strong><span style=\"font-family: verdana, geneva; font-size: large;\"><span style=\"color: #ff0000;\">Clique aqui<\/span> e veja como baixar o primeiro livro digital, sem pagar nada.<\/span><\/strong><\/a><\/p>\n<p style=\"text-align: center;\"><span style=\"color: #ffffff;\">.<\/span><\/p>\n<p style=\"text-align: center;\"><span style=\"font-family: verdana, geneva; font-size: medium; color: #000000;\">Aproveite esta oportunidade: fa\u00e7a como a Associa\u00e7\u00e3o de Devotos de F\u00e1tima e apoie esta bela iniciativa.<\/span><\/p>\n<p style=\"text-align: center;\"><span style=\"color: #ffffff;\">.<\/span><\/p>\n","protected":false},"excerpt":{"rendered":"<p>&nbsp; Livro de Ora\u00e7\u00f5es Cat\u00f3licas GR\u00c1TIS! . A Associa\u00e7\u00e3o Devotos de F\u00e1tima apoia esta iniciativa! O Knowload &#8211; blog onde voc\u00ea pode encontrar variados e-books (livros digitais), semin\u00e1rios e cursos online para baixar &#8211; inaugurou uma cole\u00e7\u00e3o de e-books cat\u00f3licos de alta qualidade, todos embasados fielmente na Doutrina Cat\u00f3lica: a cole\u00e7\u00e3o &#8220;O Livro Cat\u00f3lico&#8221;. E [&hellip;]<\/p>\n","protected":false},"author":12,"featured_media":0,"comment_status":"open","ping_status":"open","sticky":false,"template":"","format":"standard","meta":[],"categories":[20],"tags":[1987,1988,1989],"yoast_head":"<!-- This site is optimized with the Yoast SEO plugin v17.4 - https:\/\/yoast.com\/wordpress\/plugins\/seo\/ -->\n<title>Veja como baixar GR\u00c1TIS este Livro de Ora\u00e7\u00f5es! Resolva os seus problemas pela Ora\u00e7\u00e3o: - Associa\u00e7\u00e3o Devotos de F\u00e1tima<\/title>\n<meta name=\"robots\" content=\"index, follow, max-snippet:-1, max-image-preview:large, max-video-preview:-1\" \/>\n<link rel=\"canonical\" href=\"https:\/\/www.adf.org.br\/home\/veja-como-baixar-gratis-este-livro-de-oracoes-resolva-os-seus-problemas-pela-oracao\/\" \/>\n<meta property=\"og:locale\" content=\"pt_BR\" \/>\n<meta property=\"og:type\" content=\"article\" \/>\n<meta property=\"og:title\" content=\"Veja como baixar GR\u00c1TIS este Livro de Ora\u00e7\u00f5es! Resolva os seus problemas pela Ora\u00e7\u00e3o: - Associa\u00e7\u00e3o Devotos de F\u00e1tima\" \/>\n<meta property=\"og:description\" content=\"&nbsp; Livro de Ora\u00e7\u00f5es Cat\u00f3licas GR\u00c1TIS! . A Associa\u00e7\u00e3o Devotos de F\u00e1tima apoia esta iniciativa! O Knowload &#8211; blog onde voc\u00ea pode encontrar variados e-books (livros digitais), semin\u00e1rios e cursos online para baixar &#8211; inaugurou uma cole\u00e7\u00e3o de e-books cat\u00f3licos de alta qualidade, todos embasados fielmente na Doutrina Cat\u00f3lica: a cole\u00e7\u00e3o &#8220;O Livro Cat\u00f3lico&#8221;. E [&hellip;]\" \/>\n<meta property=\"og:url\" content=\"https:\/\/www.adf.org.br\/home\/veja-como-baixar-gratis-este-livro-de-oracoes-resolva-os-seus-problemas-pela-oracao\/\" \/>\n<meta property=\"og:site_name\" content=\"Associa\u00e7\u00e3o Devotos de F\u00e1tima\" \/>\n<meta property=\"article:published_time\" content=\"2015-11-04T02:00:26+00:00\" \/>\n<meta property=\"og:image\" content=\"http:\/\/www.adf.org.br\/home\/wp-content\/uploads\/2015\/11\/Clique-aqui-para-baixar-2.jpg\" \/>\n<meta name=\"twitter:card\" content=\"summary_large_image\" \/>\n<meta name=\"twitter:label1\" content=\"Escrito por\" \/>\n\t<meta name=\"twitter:data1\" content=\"luiz.fernando\" \/>\n\t<meta name=\"twitter:label2\" content=\"Est. tempo de leitura\" \/>\n\t<meta name=\"twitter:data2\" content=\"1 minuto\" \/>\n<script type=\"application\/ld+json\" class=\"yoast-schema-graph\">{\"@context\":\"https:\/\/schema.org\",\"@graph\":[{\"@type\":\"WebSite\",\"@id\":\"https:\/\/www.adf.org.br\/home\/#website\",\"url\":\"https:\/\/www.adf.org.br\/home\/\",\"name\":\"Associa\\u00e7\\u00e3o Devotos de F\\u00e1tima\",\"description\":\"Associa\\u00e7\\u00e3o Devotos de F\\u00e1tima\",\"potentialAction\":[{\"@type\":\"SearchAction\",\"target\":{\"@type\":\"EntryPoint\",\"urlTemplate\":\"https:\/\/www.adf.org.br\/home\/?s={search_term_string}\"},\"query-input\":\"required name=search_term_string\"}],\"inLanguage\":\"pt-BR\"},{\"@type\":\"ImageObject\",\"@id\":\"https:\/\/www.adf.org.br\/home\/veja-como-baixar-gratis-este-livro-de-oracoes-resolva-os-seus-problemas-pela-oracao\/#primaryimage\",\"inLanguage\":\"pt-BR\",\"url\":\"http:\/\/www.adf.org.br\/home\/wp-content\/uploads\/2015\/11\/Clique-aqui-para-baixar-2.jpg\",\"contentUrl\":\"http:\/\/www.adf.org.br\/home\/wp-content\/uploads\/2015\/11\/Clique-aqui-para-baixar-2.jpg\"},{\"@type\":\"WebPage\",\"@id\":\"https:\/\/www.adf.org.br\/home\/veja-como-baixar-gratis-este-livro-de-oracoes-resolva-os-seus-problemas-pela-oracao\/#webpage\",\"url\":\"https:\/\/www.adf.org.br\/home\/veja-como-baixar-gratis-este-livro-de-oracoes-resolva-os-seus-problemas-pela-oracao\/\",\"name\":\"Veja como baixar GR\\u00c1TIS este Livro de Ora\\u00e7\\u00f5es! Resolva os seus problemas pela Ora\\u00e7\\u00e3o: - Associa\\u00e7\\u00e3o Devotos de F\\u00e1tima\",\"isPartOf\":{\"@id\":\"https:\/\/www.adf.org.br\/home\/#website\"},\"primaryImageOfPage\":{\"@id\":\"https:\/\/www.adf.org.br\/home\/veja-como-baixar-gratis-este-livro-de-oracoes-resolva-os-seus-problemas-pela-oracao\/#primaryimage\"},\"datePublished\":\"2015-11-04T02:00:26+00:00\",\"dateModified\":\"2015-11-04T02:00:26+00:00\",\"author\":{\"@id\":\"https:\/\/www.adf.org.br\/home\/#\/schema\/person\/4eb0499131c1962e974297eff367a715\"},\"breadcrumb\":{\"@id\":\"https:\/\/www.adf.org.br\/home\/veja-como-baixar-gratis-este-livro-de-oracoes-resolva-os-seus-problemas-pela-oracao\/#breadcrumb\"},\"inLanguage\":\"pt-BR\",\"potentialAction\":[{\"@type\":\"ReadAction\",\"target\":[\"https:\/\/www.adf.org.br\/home\/veja-como-baixar-gratis-este-livro-de-oracoes-resolva-os-seus-problemas-pela-oracao\/\"]}]},{\"@type\":\"BreadcrumbList\",\"@id\":\"https:\/\/www.adf.org.br\/home\/veja-como-baixar-gratis-este-livro-de-oracoes-resolva-os-seus-problemas-pela-oracao\/#breadcrumb\",\"itemListElement\":[{\"@type\":\"ListItem\",\"position\":1,\"name\":\"Home\",\"item\":\"https:\/\/www.adf.org.br\/home\/\"},{\"@type\":\"ListItem\",\"position\":2,\"name\":\"Veja como baixar GR\\u00c1TIS este Livro de Ora\\u00e7\\u00f5es! Resolva os seus problemas pela Ora\\u00e7\\u00e3o:\"}]},{\"@type\":\"Person\",\"@id\":\"https:\/\/www.adf.org.br\/home\/#\/schema\/person\/4eb0499131c1962e974297eff367a715\",\"name\":\"luiz.fernando\",\"image\":{\"@type\":\"ImageObject\",\"@id\":\"https:\/\/www.adf.org.br\/home\/#personlogo\",\"inLanguage\":\"pt-BR\",\"url\":\"https:\/\/secure.gravatar.com\/avatar\/4e9dcdc2a00e06e1d9189a84f6908f28?s=96&d=mm&r=g\",\"contentUrl\":\"https:\/\/secure.gravatar.com\/avatar\/4e9dcdc2a00e06e1d9189a84f6908f28?s=96&d=mm&r=g\",\"caption\":\"luiz.fernando\"},\"url\":\"https:\/\/www.adf.org.br\/home\/author\/luiz-fernando\/\"}]}<\/script>\n<!-- \/ Yoast SEO plugin. -->","yoast_head_json":{"title":"Veja como baixar GR\u00c1TIS este Livro de Ora\u00e7\u00f5es! Resolva os seus problemas pela Ora\u00e7\u00e3o: - Associa\u00e7\u00e3o Devotos de F\u00e1tima","robots":{"index":"index","follow":"follow","max-snippet":"max-snippet:-1","max-image-preview":"max-image-preview:large","max-video-preview":"max-video-preview:-1"},"canonical":"https:\/\/www.adf.org.br\/home\/veja-como-baixar-gratis-este-livro-de-oracoes-resolva-os-seus-problemas-pela-oracao\/","og_locale":"pt_BR","og_type":"article","og_title":"Veja como baixar GR\u00c1TIS este Livro de Ora\u00e7\u00f5es! Resolva os seus problemas pela Ora\u00e7\u00e3o: - Associa\u00e7\u00e3o Devotos de F\u00e1tima","og_description":"&nbsp; Livro de Ora\u00e7\u00f5es Cat\u00f3licas GR\u00c1TIS! . A Associa\u00e7\u00e3o Devotos de F\u00e1tima apoia esta iniciativa! O Knowload &#8211; blog onde voc\u00ea pode encontrar variados e-books (livros digitais), semin\u00e1rios e cursos online para baixar &#8211; inaugurou uma cole\u00e7\u00e3o de e-books cat\u00f3licos de alta qualidade, todos embasados fielmente na Doutrina Cat\u00f3lica: a cole\u00e7\u00e3o &#8220;O Livro Cat\u00f3lico&#8221;. E [&hellip;]","og_url":"https:\/\/www.adf.org.br\/home\/veja-como-baixar-gratis-este-livro-de-oracoes-resolva-os-seus-problemas-pela-oracao\/","og_site_name":"Associa\u00e7\u00e3o Devotos de F\u00e1tima","article_published_time":"2015-11-04T02:00:26+00:00","og_image":[{"url":"http:\/\/www.adf.org.br\/home\/wp-content\/uploads\/2015\/11\/Clique-aqui-para-baixar-2.jpg"}],"twitter_card":"summary_large_image","twitter_misc":{"Escrito por":"luiz.fernando","Est. tempo de leitura":"1 minuto"},"schema":{"@context":"https:\/\/schema.org","@graph":[{"@type":"WebSite","@id":"https:\/\/www.adf.org.br\/home\/#website","url":"https:\/\/www.adf.org.br\/home\/","name":"Associa\u00e7\u00e3o Devotos de F\u00e1tima","description":"Associa\u00e7\u00e3o Devotos de F\u00e1tima","potentialAction":[{"@type":"SearchAction","target":{"@type":"EntryPoint","urlTemplate":"https:\/\/www.adf.org.br\/home\/?s={search_term_string}"},"query-input":"required name=search_term_string"}],"inLanguage":"pt-BR"},{"@type":"ImageObject","@id":"https:\/\/www.adf.org.br\/home\/veja-como-baixar-gratis-este-livro-de-oracoes-resolva-os-seus-problemas-pela-oracao\/#primaryimage","inLanguage":"pt-BR","url":"http:\/\/www.adf.org.br\/home\/wp-content\/uploads\/2015\/11\/Clique-aqui-para-baixar-2.jpg","contentUrl":"http:\/\/www.adf.org.br\/home\/wp-content\/uploads\/2015\/11\/Clique-aqui-para-baixar-2.jpg"},{"@type":"WebPage","@id":"https:\/\/www.adf.org.br\/home\/veja-como-baixar-gratis-este-livro-de-oracoes-resolva-os-seus-problemas-pela-oracao\/#webpage","url":"https:\/\/www.adf.org.br\/home\/veja-como-baixar-gratis-este-livro-de-oracoes-resolva-os-seus-problemas-pela-oracao\/","name":"Veja como baixar GR\u00c1TIS este Livro de Ora\u00e7\u00f5es! Resolva os seus problemas pela Ora\u00e7\u00e3o: - Associa\u00e7\u00e3o Devotos de F\u00e1tima","isPartOf":{"@id":"https:\/\/www.adf.org.br\/home\/#website"},"primaryImageOfPage":{"@id":"https:\/\/www.adf.org.br\/home\/veja-como-baixar-gratis-este-livro-de-oracoes-resolva-os-seus-problemas-pela-oracao\/#primaryimage"},"datePublished":"2015-11-04T02:00:26+00:00","dateModified":"2015-11-04T02:00:26+00:00","author":{"@id":"https:\/\/www.adf.org.br\/home\/#\/schema\/person\/4eb0499131c1962e974297eff367a715"},"breadcrumb":{"@id":"https:\/\/www.adf.org.br\/home\/veja-como-baixar-gratis-este-livro-de-oracoes-resolva-os-seus-problemas-pela-oracao\/#breadcrumb"},"inLanguage":"pt-BR","potentialAction":[{"@type":"ReadAction","target":["https:\/\/www.adf.org.br\/home\/veja-como-baixar-gratis-este-livro-de-oracoes-resolva-os-seus-problemas-pela-oracao\/"]}]},{"@type":"BreadcrumbList","@id":"https:\/\/www.adf.org.br\/home\/veja-como-baixar-gratis-este-livro-de-oracoes-resolva-os-seus-problemas-pela-oracao\/#breadcrumb","itemListElement":[{"@type":"ListItem","position":1,"name":"Home","item":"https:\/\/www.adf.org.br\/home\/"},{"@type":"ListItem","position":2,"name":"Veja como baixar GR\u00c1TIS este Livro de Ora\u00e7\u00f5es! Resolva os seus problemas pela Ora\u00e7\u00e3o:"}]},{"@type":"Person","@id":"https:\/\/www.adf.org.br\/home\/#\/schema\/person\/4eb0499131c1962e974297eff367a715","name":"luiz.fernando","image":{"@type":"ImageObject","@id":"https:\/\/www.adf.org.br\/home\/#personlogo","inLanguage":"pt-BR","url":"https:\/\/secure.gravatar.com\/avatar\/4e9dcdc2a00e06e1d9189a84f6908f28?s=96&d=mm&r=g","contentUrl":"https:\/\/secure.gravatar.com\/avatar\/4e9dcdc2a00e06e1d9189a84f6908f28?s=96&d=mm&r=g","caption":"luiz.fernando"},"url":"https:\/\/www.adf.org.br\/home\/author\/luiz-fernando\/"}]}},"_links":{"self":[{"href":"https:\/\/www.adf.org.br\/home\/wp-json\/wp\/v2\/posts\/35146"}],"collection":[{"href":"https:\/\/www.adf.org.br\/home\/wp-json\/wp\/v2\/posts"}],"about":[{"href":"https:\/\/www.adf.org.br\/home\/wp-json\/wp\/v2\/types\/post"}],"author":[{"embeddable":true,"href":"https:\/\/www.adf.org.br\/home\/wp-json\/wp\/v2\/users\/12"}],"replies":[{"embeddable":true,"href":"https:\/\/www.adf.org.br\/home\/wp-json\/wp\/v2\/comments?post=35146"}],"version-history":[{"count":0,"href":"https:\/\/www.adf.org.br\/home\/wp-json\/wp\/v2\/posts\/35146\/revisions"}],"wp:attachment":[{"href":"https:\/\/www.adf.org.br\/home\/wp-json\/wp\/v2\/media?parent=35146"}],"wp:term":[{"taxonomy":"category","embeddable":true,"href":"https:\/\/www.adf.org.br\/home\/wp-json\/wp\/v2\/categories?post=35146"},{"taxonomy":"post_tag","embeddable":true,"href":"https:\/\/www.adf.org.br\/home\/wp-json\/wp\/v2\/tags?post=35146"}],"curies":[{"name":"wp","href":"https:\/\/api.w.org\/{rel}","templated":true}]}}