{"id":3447,"date":"2010-03-30T00:01:20","date_gmt":"2010-03-30T03:01:20","guid":{"rendered":"http:\/\/www.adf.org.br\/home\/?p=3447"},"modified":"2020-06-09T11:52:12","modified_gmt":"2020-06-09T14:52:12","slug":"movimentos-pela-vida-divulgam-declaracao-contra-pndh-3","status":"publish","type":"post","link":"https:\/\/www.adf.org.br\/home\/movimentos-pela-vida-divulgam-declaracao-contra-pndh-3\/","title":{"rendered":"Movimentos pela vida divulgam declara\u00e7\u00e3o contra PNDH-3"},"content":{"rendered":"<p><img loading=\"lazy\" class=\"alignleft size-full wp-image-3448\" title=\"Crian\u00e7a espanhola sauda Reis Magos\" src=\"http:\/\/www.adf.org.br\/home\/wp-content\/uploads\/2010\/03\/Crian\u00e7a-espanhola-sauda-Reis-Magos.jpg\" alt=\"Crian\u00e7a espanhola sauda Reis Magos\" width=\"330\" height=\"258\" \/>Movimentos sociais em defesa da vida, de todo o Brasil, reunidos em Bras\u00edlia (DF) neste final de semana, divulgaram uma declara\u00e7\u00e3o sobre o Programa Nacional de Direitos Humanos (PNDH-3), onde manifestam seu rep\u00fadio ao programa que, dentre outras coisas, quer legalizar o aborto no Brasil.<\/p>\n<p>De acordo com os representantes dos movimentos sociais, al\u00e9m do aborto, o PNDH-3 promove a distor\u00e7\u00e3o do conceito de fam\u00edlia, a limita\u00e7\u00e3o da liberdade de imprensa e a proibi\u00e7\u00e3o de expor s\u00edmbolos religiosos em \u00f3rg\u00e3os p\u00fablicos.<\/p>\n<p>A declara\u00e7\u00e3o, afirma ainda, que o Programa Nacional \u00e9 autorit\u00e1rio e representa a desconstru\u00e7\u00e3o da democracia brasileira. O texto encerra com um pedido ao presidente Lula e ao Congresso Nacional para revogarem o decreto que aprova o PNDH-3.<\/p>\n<p>Leia a declara\u00e7\u00e3o na \u00edntegra:<\/p>\n<p><strong>Declara\u00e7\u00e3o dos movimentos sociais que participaram do VI Encontro Nacional dos Movimentos em Defesa da Vida sobre o Programa Nacional de Direitos Humanos (PNDH-3)<\/strong><\/p>\n<p>Os movimentos sociais em Defesa da Vida de todo o Brasil, reunidos entre os dias 12 a 14 de mar\u00e7o de 2010, em Bras\u00edlia (DF), para discutirem a atual conjuntura pol\u00edtico-s\u00f3cio-cultural no tocante \u00e0 valoriza\u00e7\u00e3o da vida humana, decidiram em assembl\u00e9ia plen\u00e1ria emitir a seguinte declara\u00e7\u00e3o sobre o Programa Nacional de Direitos Humanos (PNDH-3):<\/p>\n<p>1.O PNDH-3 \u00e9 um Programa que fere o direito fundamental de todo cidad\u00e3o, ou seja, o direito de nascer. Isso acontece porque o PNDH-3 deseja legalizar totalmente o aborto no Brasil. S\u00f3 por isso o PNDH-3 j\u00e1 deveria ser rejeitado.<\/p>\n<p>2.Al\u00e9m disso, o PNDH-3 traz outras amea\u00e7as \u00e0 vida, das quais citamos:<\/p>\n<p>a)Constitui\u00e7\u00e3o de uma \u201cComiss\u00e3o da Verdade\u201d, a qual poder\u00e1 investigar, sem pr\u00e9via den\u00fancia, a vida privada do cidad\u00e3o. A implanta\u00e7\u00e3o dessa comiss\u00e3o representa uma invas\u00e3o direta do Estado na vida dos cidad\u00e3os e, por conseguinte, a limita\u00e7\u00e3o e at\u00e9 mesmo o fim da liberdade individual.<br \/>\nb)Proibi\u00e7\u00e3o da exposi\u00e7\u00e3o p\u00fablica de s\u00edmbolos religiosos. Essa proibi\u00e7\u00e3o representa uma grave limita\u00e7\u00e3o da liberdade religiosa, garantida pela Constitui\u00e7\u00e3o, e tamb\u00e9m da liberdade de express\u00e3o do indiv\u00edduo, desprezando os valores hist\u00f3ricos e culturais do pa\u00eds. <br \/>\nc)Limita\u00e7\u00e3o \u00e0 liberdade de imprensa, \u00e0 propriedade privada e \u00e0 autonomia do Judici\u00e1rio.<br \/>\nd)Distor\u00e7\u00e3o do conceito de fam\u00edlia por meio do reconhecimento da uni\u00e3o civil de pessoas do mesmo sexo, com direito \u00e0 ado\u00e7\u00e3o de crian\u00e7as.<br \/>\ne)Ataque \u00e0 prote\u00e7\u00e3o da fam\u00edlia e \u00e0 dignidade da pessoa humana por meio da profissionaliza\u00e7\u00e3o da prostitui\u00e7\u00e3o.<\/p>\n<p>3.Pelo que foi exposto, afirmamos que o PNDH-3 \u00e9 um Programa autorit\u00e1rio e representa a desconstru\u00e7\u00e3o da democracia brasileira em dire\u00e7\u00e3o ao Estado totalit\u00e1rio, usurpador dos direitos inalien\u00e1veis de todos os cidad\u00e3os.<\/p>\n<p>4.Afirmamos a total e plena rejei\u00e7\u00e3o ao PNDH-3.<\/p>\n<p>5.Solicitamos que o Presidente da Rep\u00fablica, o Secret\u00e1rio Nacional de Direitos Humanos, a C\u00e2mara dos Deputados, o Senado Federal e as demais autoridades competentes revoguem imediatamente o Decreto 7037\/2009, que aprova o PNDH-3 e, a partir desse ato, reafirmem, juntamente com a sociedade civil brasileira, pol\u00edticas de direitos humanos que valorizem a vida e a dignidade da pessoa humana.<\/p>\n<p>Bras\u00edlia-DF, 14 de mar\u00e7o de 2010.<\/p>\n<p>Assinam essa Declara\u00e7\u00e3o:<\/p>\n<p>Apostolado da Divina Miseric\u00f3rdia em Defesa da Vida<br \/>\nAssocia\u00e7\u00e3o Casa M\u00e3e<br \/>\nAssocia\u00e7\u00e3o Cultural Brasil pela Vida<br \/>\nAssocia\u00e7\u00e3o de Apoio ao Ser Humano e \u00e0 Fam\u00edlia (ABRACE)<br \/>\nAssocia\u00e7\u00e3o Direito de Nascer<br \/>\nAssocia\u00e7\u00e3o Mulheres Mineiras em A\u00e7\u00e3o<br \/>\nAssocia\u00e7\u00e3o Nacional de Mulheres pela Vida<br \/>\nAssocia\u00e7\u00e3o Nacional Pr\u00f3-Vida e Pr\u00f3-Fam\u00edlia (PROVIDAFAM\u00cdLIA)<br \/>\nAssocia\u00e7\u00e3o Nascer \u00e9 um Direito<br \/>\nAssocia\u00e7\u00e3o Vida Humana<br \/>\nAssocia\u00e7\u00e3o Vida Plena <br \/>\nCentro de Ajuda \u00e0 Mulher<br \/>\nComiss\u00e3o de Defesa da Vida (S\u00e3o Jos\u00e9 dos Campos-SP)<br \/>\nComiss\u00e3o de Promo\u00e7\u00e3o e Defesa da Vida (Rio de Janeiro-RJ)<br \/>\nComiss\u00e3o em Defesa da Vida (Bel\u00e9m-PA)<br \/>\nComiss\u00e3o em Defesa da Vida (Guarulhos-SP)<br \/>\nComiss\u00e3o em Defesa da Vida (Santo Andr\u00e9-SP)<br \/>\nComiss\u00e3o em Defesa da Vida (S\u00e3o Bento do Sapuca\u00ed-SP)<br \/>\nComiss\u00e3o Regional em Defesa da Vida (Regional Sul 1 da CNBB)<br \/>\nComunh\u00e3o e Liberta\u00e7\u00e3o<br \/>\nComunidade Fam\u00edlia de Nazar\u00e9<br \/>\nFedera\u00e7\u00e3o dos Movimentos de Defesa da Vida (FEMOV)<br \/>\nF\u00f3rum de Defesa da Vida<br \/>\nFrente Nacional de Defesa da Vida<br \/>\nGrupo Pr\u00f3-Vida do Semin\u00e1rio Maior de Bras\u00edlia<br \/>\nInstituto Eu Defendo<br \/>\nMovimento de Cidadania de Defesa da Vida<br \/>\nMovimento Legisla\u00e7\u00e3o e Vida<br \/>\nMovimento Nacional Brasil sem Aborto <br \/>\nPr\u00f3-Vida de An\u00e1polis<br \/>\nRede Nacional em Defesa da Vida<br \/>\nUni\u00e3o Nacional para a Promo\u00e7\u00e3o e Defesa da Fam\u00edlia (PRODEF)<\/p>\n<p><strong>Fonte: <\/strong><a href=\"http:\/\/revculturalfamilia.blogspot.com\/2010\/03\/o-brasil-reage-ante-escalada-da.html?utm_source=feedburner&amp;utm_medium=email&amp;utm_campaign=Feed%3A+ValoresInegociveisRespeitoVidaFamliaEReligio+%28Valores+inegoci%C3%A1veis%3A+respeito+%C3%A0+vida%2C+%C3%A0+fam%C3%ADlia+e+%C3%A0+religi%C3%A3o%29\" target=\"_blank\" rel=\"noopener noreferrer\"><strong>Blog\u00a0&#8216;Valores inegoci\u00e1veis: respeito \u00e0 vida, \u00e0 fam\u00edlia e \u00e0 religi\u00e3o&#8217;<\/strong>\u00a0<\/a><\/p>\n<p><a href=\"http:\/\/www.adf.org.br\/home\/tag\/plano-nacional-dos-direitos-humanos\/\" target=\"_blank\" rel=\"noopener noreferrer\"><span style=\"color: #ff0000;\">Leia mais sobre o Programa Nacional de Direitos Humanos (PNDH-3)<\/span><\/a><\/p>\n","protected":false},"excerpt":{"rendered":"<p>Movimentos sociais em defesa da vida, de todo o Brasil, reunidos em Bras\u00edlia (DF) neste final de semana, divulgaram uma declara\u00e7\u00e3o sobre o Programa Nacional de Direitos Humanos (PNDH-3), onde manifestam seu rep\u00fadio ao programa que, dentre outras coisas, quer legalizar o aborto no Brasil. De acordo com os representantes dos movimentos sociais, al\u00e9m do [&hellip;]<\/p>\n","protected":false},"author":27,"featured_media":0,"comment_status":"open","ping_status":"open","sticky":false,"template":"","format":"standard","meta":[],"categories":[20],"tags":[28,96,48],"yoast_head":"<!-- This site is optimized with the Yoast SEO plugin v17.4 - https:\/\/yoast.com\/wordpress\/plugins\/seo\/ -->\n<title>Movimentos pela vida divulgam declara\u00e7\u00e3o contra PNDH-3 - Associa\u00e7\u00e3o Devotos de F\u00e1tima<\/title>\n<meta name=\"robots\" content=\"index, follow, max-snippet:-1, max-image-preview:large, max-video-preview:-1\" \/>\n<link rel=\"canonical\" href=\"https:\/\/www.adf.org.br\/home\/movimentos-pela-vida-divulgam-declaracao-contra-pndh-3\/\" \/>\n<meta property=\"og:locale\" content=\"pt_BR\" \/>\n<meta property=\"og:type\" content=\"article\" \/>\n<meta property=\"og:title\" content=\"Movimentos pela vida divulgam declara\u00e7\u00e3o contra PNDH-3 - Associa\u00e7\u00e3o Devotos de F\u00e1tima\" \/>\n<meta property=\"og:description\" content=\"Movimentos sociais em defesa da vida, de todo o Brasil, reunidos em Bras\u00edlia (DF) neste final de semana, divulgaram uma declara\u00e7\u00e3o sobre o Programa Nacional de Direitos Humanos (PNDH-3), onde manifestam seu rep\u00fadio ao programa que, dentre outras coisas, quer legalizar o aborto no Brasil. De acordo com os representantes dos movimentos sociais, al\u00e9m do [&hellip;]\" \/>\n<meta property=\"og:url\" content=\"https:\/\/www.adf.org.br\/home\/movimentos-pela-vida-divulgam-declaracao-contra-pndh-3\/\" \/>\n<meta property=\"og:site_name\" content=\"Associa\u00e7\u00e3o Devotos de F\u00e1tima\" \/>\n<meta property=\"article:published_time\" content=\"2010-03-30T03:01:20+00:00\" \/>\n<meta property=\"article:modified_time\" content=\"2020-06-09T14:52:12+00:00\" \/>\n<meta property=\"og:image\" content=\"http:\/\/www.adf.org.br\/home\/wp-content\/uploads\/2010\/03\/Crian\u00e7a-espanhola-sauda-Reis-Magos.jpg\" \/>\n<meta name=\"twitter:card\" content=\"summary_large_image\" \/>\n<meta name=\"twitter:label1\" content=\"Escrito por\" \/>\n\t<meta name=\"twitter:data1\" content=\"Gabriel Barbosa\" \/>\n\t<meta name=\"twitter:label2\" content=\"Est. tempo de leitura\" \/>\n\t<meta name=\"twitter:data2\" content=\"4 minutos\" \/>\n<script type=\"application\/ld+json\" class=\"yoast-schema-graph\">{\"@context\":\"https:\/\/schema.org\",\"@graph\":[{\"@type\":\"WebSite\",\"@id\":\"https:\/\/www.adf.org.br\/home\/#website\",\"url\":\"https:\/\/www.adf.org.br\/home\/\",\"name\":\"Associa\\u00e7\\u00e3o Devotos de F\\u00e1tima\",\"description\":\"Associa\\u00e7\\u00e3o Devotos de F\\u00e1tima\",\"potentialAction\":[{\"@type\":\"SearchAction\",\"target\":{\"@type\":\"EntryPoint\",\"urlTemplate\":\"https:\/\/www.adf.org.br\/home\/?s={search_term_string}\"},\"query-input\":\"required name=search_term_string\"}],\"inLanguage\":\"pt-BR\"},{\"@type\":\"ImageObject\",\"@id\":\"https:\/\/www.adf.org.br\/home\/movimentos-pela-vida-divulgam-declaracao-contra-pndh-3\/#primaryimage\",\"inLanguage\":\"pt-BR\",\"url\":\"http:\/\/www.adf.org.br\/home\/wp-content\/uploads\/2010\/03\/Crian\\u00e7a-espanhola-sauda-Reis-Magos.jpg\",\"contentUrl\":\"http:\/\/www.adf.org.br\/home\/wp-content\/uploads\/2010\/03\/Crian\\u00e7a-espanhola-sauda-Reis-Magos.jpg\"},{\"@type\":\"WebPage\",\"@id\":\"https:\/\/www.adf.org.br\/home\/movimentos-pela-vida-divulgam-declaracao-contra-pndh-3\/#webpage\",\"url\":\"https:\/\/www.adf.org.br\/home\/movimentos-pela-vida-divulgam-declaracao-contra-pndh-3\/\",\"name\":\"Movimentos pela vida divulgam declara\\u00e7\\u00e3o contra PNDH-3 - Associa\\u00e7\\u00e3o Devotos de F\\u00e1tima\",\"isPartOf\":{\"@id\":\"https:\/\/www.adf.org.br\/home\/#website\"},\"primaryImageOfPage\":{\"@id\":\"https:\/\/www.adf.org.br\/home\/movimentos-pela-vida-divulgam-declaracao-contra-pndh-3\/#primaryimage\"},\"datePublished\":\"2010-03-30T03:01:20+00:00\",\"dateModified\":\"2020-06-09T14:52:12+00:00\",\"author\":{\"@id\":\"https:\/\/www.adf.org.br\/home\/#\/schema\/person\/affa494ecf91434f3620f5392de44327\"},\"breadcrumb\":{\"@id\":\"https:\/\/www.adf.org.br\/home\/movimentos-pela-vida-divulgam-declaracao-contra-pndh-3\/#breadcrumb\"},\"inLanguage\":\"pt-BR\",\"potentialAction\":[{\"@type\":\"ReadAction\",\"target\":[\"https:\/\/www.adf.org.br\/home\/movimentos-pela-vida-divulgam-declaracao-contra-pndh-3\/\"]}]},{\"@type\":\"BreadcrumbList\",\"@id\":\"https:\/\/www.adf.org.br\/home\/movimentos-pela-vida-divulgam-declaracao-contra-pndh-3\/#breadcrumb\",\"itemListElement\":[{\"@type\":\"ListItem\",\"position\":1,\"name\":\"Home\",\"item\":\"https:\/\/www.adf.org.br\/home\/\"},{\"@type\":\"ListItem\",\"position\":2,\"name\":\"Movimentos pela vida divulgam declara\\u00e7\\u00e3o contra PNDH-3\"}]},{\"@type\":\"Person\",\"@id\":\"https:\/\/www.adf.org.br\/home\/#\/schema\/person\/affa494ecf91434f3620f5392de44327\",\"name\":\"Gabriel Barbosa\",\"image\":{\"@type\":\"ImageObject\",\"@id\":\"https:\/\/www.adf.org.br\/home\/#personlogo\",\"inLanguage\":\"pt-BR\",\"url\":\"https:\/\/secure.gravatar.com\/avatar\/ecf2eab02e30486a7038f8b2858de06a?s=96&d=mm&r=g\",\"contentUrl\":\"https:\/\/secure.gravatar.com\/avatar\/ecf2eab02e30486a7038f8b2858de06a?s=96&d=mm&r=g\",\"caption\":\"Gabriel Barbosa\"},\"url\":\"https:\/\/www.adf.org.br\/home\/author\/gabriel-aascj\/\"}]}<\/script>\n<!-- \/ Yoast SEO plugin. -->","yoast_head_json":{"title":"Movimentos pela vida divulgam declara\u00e7\u00e3o contra PNDH-3 - Associa\u00e7\u00e3o Devotos de F\u00e1tima","robots":{"index":"index","follow":"follow","max-snippet":"max-snippet:-1","max-image-preview":"max-image-preview:large","max-video-preview":"max-video-preview:-1"},"canonical":"https:\/\/www.adf.org.br\/home\/movimentos-pela-vida-divulgam-declaracao-contra-pndh-3\/","og_locale":"pt_BR","og_type":"article","og_title":"Movimentos pela vida divulgam declara\u00e7\u00e3o contra PNDH-3 - Associa\u00e7\u00e3o Devotos de F\u00e1tima","og_description":"Movimentos sociais em defesa da vida, de todo o Brasil, reunidos em Bras\u00edlia (DF) neste final de semana, divulgaram uma declara\u00e7\u00e3o sobre o Programa Nacional de Direitos Humanos (PNDH-3), onde manifestam seu rep\u00fadio ao programa que, dentre outras coisas, quer legalizar o aborto no Brasil. De acordo com os representantes dos movimentos sociais, al\u00e9m do [&hellip;]","og_url":"https:\/\/www.adf.org.br\/home\/movimentos-pela-vida-divulgam-declaracao-contra-pndh-3\/","og_site_name":"Associa\u00e7\u00e3o Devotos de F\u00e1tima","article_published_time":"2010-03-30T03:01:20+00:00","article_modified_time":"2020-06-09T14:52:12+00:00","og_image":[{"url":"http:\/\/www.adf.org.br\/home\/wp-content\/uploads\/2010\/03\/Crian\u00e7a-espanhola-sauda-Reis-Magos.jpg"}],"twitter_card":"summary_large_image","twitter_misc":{"Escrito por":"Gabriel Barbosa","Est. tempo de leitura":"4 minutos"},"schema":{"@context":"https:\/\/schema.org","@graph":[{"@type":"WebSite","@id":"https:\/\/www.adf.org.br\/home\/#website","url":"https:\/\/www.adf.org.br\/home\/","name":"Associa\u00e7\u00e3o Devotos de F\u00e1tima","description":"Associa\u00e7\u00e3o Devotos de F\u00e1tima","potentialAction":[{"@type":"SearchAction","target":{"@type":"EntryPoint","urlTemplate":"https:\/\/www.adf.org.br\/home\/?s={search_term_string}"},"query-input":"required name=search_term_string"}],"inLanguage":"pt-BR"},{"@type":"ImageObject","@id":"https:\/\/www.adf.org.br\/home\/movimentos-pela-vida-divulgam-declaracao-contra-pndh-3\/#primaryimage","inLanguage":"pt-BR","url":"http:\/\/www.adf.org.br\/home\/wp-content\/uploads\/2010\/03\/Crian\u00e7a-espanhola-sauda-Reis-Magos.jpg","contentUrl":"http:\/\/www.adf.org.br\/home\/wp-content\/uploads\/2010\/03\/Crian\u00e7a-espanhola-sauda-Reis-Magos.jpg"},{"@type":"WebPage","@id":"https:\/\/www.adf.org.br\/home\/movimentos-pela-vida-divulgam-declaracao-contra-pndh-3\/#webpage","url":"https:\/\/www.adf.org.br\/home\/movimentos-pela-vida-divulgam-declaracao-contra-pndh-3\/","name":"Movimentos pela vida divulgam declara\u00e7\u00e3o contra PNDH-3 - Associa\u00e7\u00e3o Devotos de F\u00e1tima","isPartOf":{"@id":"https:\/\/www.adf.org.br\/home\/#website"},"primaryImageOfPage":{"@id":"https:\/\/www.adf.org.br\/home\/movimentos-pela-vida-divulgam-declaracao-contra-pndh-3\/#primaryimage"},"datePublished":"2010-03-30T03:01:20+00:00","dateModified":"2020-06-09T14:52:12+00:00","author":{"@id":"https:\/\/www.adf.org.br\/home\/#\/schema\/person\/affa494ecf91434f3620f5392de44327"},"breadcrumb":{"@id":"https:\/\/www.adf.org.br\/home\/movimentos-pela-vida-divulgam-declaracao-contra-pndh-3\/#breadcrumb"},"inLanguage":"pt-BR","potentialAction":[{"@type":"ReadAction","target":["https:\/\/www.adf.org.br\/home\/movimentos-pela-vida-divulgam-declaracao-contra-pndh-3\/"]}]},{"@type":"BreadcrumbList","@id":"https:\/\/www.adf.org.br\/home\/movimentos-pela-vida-divulgam-declaracao-contra-pndh-3\/#breadcrumb","itemListElement":[{"@type":"ListItem","position":1,"name":"Home","item":"https:\/\/www.adf.org.br\/home\/"},{"@type":"ListItem","position":2,"name":"Movimentos pela vida divulgam declara\u00e7\u00e3o contra PNDH-3"}]},{"@type":"Person","@id":"https:\/\/www.adf.org.br\/home\/#\/schema\/person\/affa494ecf91434f3620f5392de44327","name":"Gabriel Barbosa","image":{"@type":"ImageObject","@id":"https:\/\/www.adf.org.br\/home\/#personlogo","inLanguage":"pt-BR","url":"https:\/\/secure.gravatar.com\/avatar\/ecf2eab02e30486a7038f8b2858de06a?s=96&d=mm&r=g","contentUrl":"https:\/\/secure.gravatar.com\/avatar\/ecf2eab02e30486a7038f8b2858de06a?s=96&d=mm&r=g","caption":"Gabriel Barbosa"},"url":"https:\/\/www.adf.org.br\/home\/author\/gabriel-aascj\/"}]}},"_links":{"self":[{"href":"https:\/\/www.adf.org.br\/home\/wp-json\/wp\/v2\/posts\/3447"}],"collection":[{"href":"https:\/\/www.adf.org.br\/home\/wp-json\/wp\/v2\/posts"}],"about":[{"href":"https:\/\/www.adf.org.br\/home\/wp-json\/wp\/v2\/types\/post"}],"author":[{"embeddable":true,"href":"https:\/\/www.adf.org.br\/home\/wp-json\/wp\/v2\/users\/27"}],"replies":[{"embeddable":true,"href":"https:\/\/www.adf.org.br\/home\/wp-json\/wp\/v2\/comments?post=3447"}],"version-history":[{"count":1,"href":"https:\/\/www.adf.org.br\/home\/wp-json\/wp\/v2\/posts\/3447\/revisions"}],"predecessor-version":[{"id":59640,"href":"https:\/\/www.adf.org.br\/home\/wp-json\/wp\/v2\/posts\/3447\/revisions\/59640"}],"wp:attachment":[{"href":"https:\/\/www.adf.org.br\/home\/wp-json\/wp\/v2\/media?parent=3447"}],"wp:term":[{"taxonomy":"category","embeddable":true,"href":"https:\/\/www.adf.org.br\/home\/wp-json\/wp\/v2\/categories?post=3447"},{"taxonomy":"post_tag","embeddable":true,"href":"https:\/\/www.adf.org.br\/home\/wp-json\/wp\/v2\/tags?post=3447"}],"curies":[{"name":"wp","href":"https:\/\/api.w.org\/{rel}","templated":true}]}}