{"id":34160,"date":"2015-10-05T00:00:06","date_gmt":"2015-10-05T03:00:06","guid":{"rendered":"http:\/\/www.adf.org.br\/home\/?p=34160"},"modified":"2015-10-05T00:00:06","modified_gmt":"2015-10-05T03:00:06","slug":"intencoes-da-semana-oratorio-da-medalha-milagrosa-5-a-11-de-outubro","status":"publish","type":"post","link":"https:\/\/www.adf.org.br\/home\/intencoes-da-semana-oratorio-da-medalha-milagrosa-5-a-11-de-outubro\/","title":{"rendered":"Inten\u00e7\u00f5es da Semana Orat\u00f3rio da Medalha Milagrosa \u2013 5 a 11 de outubro."},"content":{"rendered":"<p><a href=\"http:\/\/oratoriodamedalhamilagrosa.org.br\/home\/acenda-sua-vela-30\/?origem=1025\"><img loading=\"lazy\" class=\"aligncenter size-full wp-image-34161\" title=\"Clique aqui! Veja como acender uma Vela Virtual:\" src=\"http:\/\/www.adf.org.br\/home\/wp-content\/uploads\/2015\/10\/intencoes_oratorio.jpg\" alt=\"\" width=\"600\" height=\"297\" \/><\/a><\/p>\n<p>&nbsp;<\/p>\n<p style=\"text-align: center;\"><span style=\"font-family: verdana, geneva; font-size: large; color: #800080;\"><strong>Cat\u00f3lico!\u00a0Vale a pena rezar por estas inten\u00e7\u00f5es!<\/strong><\/span><\/p>\n<p style=\"text-align: center;\"><span style=\"font-family: verdana, geneva; font-size: medium; color: #ffffff;\">.<\/span><\/p>\n<p style=\"text-align: left;\"><span style=\"font-family: verdana, geneva; font-size: medium; color: #000000;\">1) Para que todos os cat\u00f3licos rezem um Ros\u00e1rio no dia 07\/10 &#8211; Dia de Nossa Senhora do Ros\u00e1rio.<\/span><\/p>\n<p style=\"text-align: left;\"><span style=\"font-family: verdana, geneva; font-size: medium; color: #000000;\">Agrade\u00e7amos por esta arma incr\u00edvel que Nossa Senhora nos deu &#8211; o Ros\u00e1rio &#8211; que derrotou todas as Heresias antigas, e ainda h\u00e1 de derrotar todas as Heresias modernas, salvou \u00a0Europa das invas\u00f5es e a Santa Igreja em todo o mundo!<\/span><\/p>\n<p style=\"text-align: left;\"><span style=\"font-family: verdana, geneva; font-size: medium; color: #000000;\">E n\u00e3o se esque\u00e7a de que o que Nossa Senhora mais pediu em F\u00e1tima, e em tantas outras apari\u00e7\u00f5es, foi a ora\u00e7\u00e3o de ao menos um Ter\u00e7o por dia&#8230;<\/span><\/p>\n<p style=\"text-align: left;\"><span style=\"font-family: verdana, geneva; font-size: medium; color: #ffffff;\">.<\/span><\/p>\n<p style=\"text-align: left;\"><span style=\"font-family: verdana, geneva; font-size: medium; color: #000000;\">2) Rezemos todos os dias em inten\u00e7\u00e3o do S\u00ednodo (a Confer\u00eancia do Papa com os Cardeais e Prelados);<\/span><\/p>\n<p style=\"text-align: left;\"><span style=\"font-family: verdana, geneva; font-size: medium; color: #000000;\">Neste S\u00ednodo, que acontecer\u00e1 do dia 4 ao 25 de Outubro, ser\u00e3o tomadas decis\u00f5es \u00e0 respeito do Matrim\u00f4nio que envolvem diretamente todas as fam\u00edlias cat\u00f3licas do mundo, a sua fam\u00edlia!<\/span><\/p>\n<p style=\"text-align: left;\"><span style=\"font-family: verdana, geneva; font-size: medium; color: #000000;\">Reze o m\u00e1ximo que for poss\u00edvel para que o Papa <\/span><span style=\"font-family: verdana, geneva; font-size: medium;\"><a href=\"http:\/\/www.adf.org.br\/catecismofamilia\/?origem=1025\" target=\"_blank\" rel=\"noopener noreferrer\">n\u00e3o ceda \u00e0s press\u00f5es e n\u00e3o aprove<\/a><\/span><span style=\"font-family: verdana, geneva; font-size: medium; color: #000000;\"> nada que seja contr\u00e1rio aos ensinamentos de Nosso Senhor Jesus Cristo; pois o que Ele ensinou n\u00e3o muda jamais.<\/span><\/p>\n<p style=\"text-align: left;\"><span style=\"font-family: verdana, geneva; font-size: medium; color: #ffffff;\">.<\/span><\/p>\n<p style=\"text-align: center;\"><span style=\"font-family: verdana, geneva; font-size: medium;\"><strong><a href=\"http:\/\/oratoriodamedalhamilagrosa.org.br\/home\/acenda-sua-vela-30\/?origem=1025\" target=\"_blank\" rel=\"noopener noreferrer\">Voc\u00ea tamb\u00e9m pode colocar o seu nome e as suas inten\u00e7\u00f5es pessoais\u00a0nas inten\u00e7\u00f5es das Santas Missas da semana;\u00a0<\/a><\/strong><\/span><\/p>\n<p><span style=\"font-family: verdana, geneva; font-size: medium; color: #ffffff;\">.<\/span><\/p>\n<p style=\"text-align: left;\"><span style=\"font-family: verdana, geneva; font-size: medium; color: #000000;\">3) Por todas as gestantes do mundo.<\/span><\/p>\n<p style=\"text-align: left;\"><span style=\"font-family: verdana, geneva; font-size: medium; color: #000000;\">Que elas possam ter sa\u00fade no per\u00edodo de gravidez, mas que, sobretudo, deem uma educa\u00e7\u00e3o cat\u00f3lica a seus filhos, e se preocupem antes em preparar habitantes para o C\u00e9u que cidad\u00e3os da terra.<\/span><\/p>\n<p style=\"text-align: left;\"><span style=\"font-family: verdana, geneva; font-size: medium; color: #ffffff;\">.<\/span><\/p>\n<p><span style=\"font-family: verdana, geneva; font-size: medium; color: #800080;\"><strong>4) Por todas as inten\u00e7\u00f5es pessoais de todos os que pedirem no telefone abaixo, com F\u00e9 e arrependimento dos seus pecados:<\/strong><\/span><\/p>\n<p><span style=\"font-family: verdana, geneva; font-size: medium; color: #ffffff;\">.<\/span><\/p>\n<p style=\"text-align: center;\"><span style=\"font-family: verdana, geneva; font-size: xx-large; color: #0000ff;\"><strong>0800 773 1119<\/strong><\/span><\/p>\n<p style=\"text-align: center;\"><span style=\"font-family: verdana, geneva; font-size: medium; color: #ffffff;\">.<\/span><\/p>\n<p style=\"text-align: center;\"><span style=\"font-family: verdana, geneva; font-size: large;\"><strong><a href=\"http:\/\/oratoriodamedalhamilagrosa.org.br\/home\/acenda-sua-vela-30\/?origem=1025\" target=\"_blank\" rel=\"noopener noreferrer\">Nossa Senhora das Gra\u00e7as est\u00e1 aguardando a sua ora\u00e7\u00e3o:<\/a><\/strong><\/span><\/p>\n<p style=\"text-align: center;\"><span style=\"font-family: verdana, geneva; font-size: large;\"><strong><a href=\"http:\/\/oratoriodamedalhamilagrosa.org.br\/home\/acenda-sua-vela-30\/?origem=1025\" target=\"_blank\" rel=\"noopener noreferrer\">\u2026Para enviar do C\u00e9u a gra\u00e7a que voc\u00ea mais precisa\u2026<\/a><\/strong><\/span><\/p>\n<p style=\"text-align: center;\"><span style=\"font-family: verdana, geneva; font-size: large; color: #ffffff;\"><strong>.<\/strong><\/span><\/p>\n<p style=\"text-align: center;\"><span style=\"font-family: verdana, geneva; font-size: large; color: #000000;\"><strong>O Maria Concebida sem pecados, rogai por n\u00f3s que recorremos a V\u00f3s!<\/strong><\/span><\/p>\n<p style=\"text-align: left;\"><span style=\"color: #ffffff;\">.<\/span><\/p>\n","protected":false},"excerpt":{"rendered":"<p>&nbsp; Cat\u00f3lico!\u00a0Vale a pena rezar por estas inten\u00e7\u00f5es! . 1) Para que todos os cat\u00f3licos rezem um Ros\u00e1rio no dia 07\/10 &#8211; Dia de Nossa Senhora do Ros\u00e1rio. Agrade\u00e7amos por esta arma incr\u00edvel que Nossa Senhora nos deu &#8211; o Ros\u00e1rio &#8211; que derrotou todas as Heresias antigas, e ainda h\u00e1 de derrotar todas as [&hellip;]<\/p>\n","protected":false},"author":12,"featured_media":0,"comment_status":"closed","ping_status":"open","sticky":false,"template":"","format":"standard","meta":[],"categories":[60],"tags":[61],"yoast_head":"<!-- This site is optimized with the Yoast SEO plugin v17.4 - https:\/\/yoast.com\/wordpress\/plugins\/seo\/ -->\n<title>Inten\u00e7\u00f5es da Semana Orat\u00f3rio da Medalha Milagrosa \u2013 5 a 11 de outubro. - Associa\u00e7\u00e3o Devotos de F\u00e1tima<\/title>\n<meta name=\"robots\" content=\"index, follow, max-snippet:-1, max-image-preview:large, max-video-preview:-1\" \/>\n<link rel=\"canonical\" href=\"https:\/\/www.adf.org.br\/home\/intencoes-da-semana-oratorio-da-medalha-milagrosa-5-a-11-de-outubro\/\" \/>\n<meta property=\"og:locale\" content=\"pt_BR\" \/>\n<meta property=\"og:type\" content=\"article\" \/>\n<meta property=\"og:title\" content=\"Inten\u00e7\u00f5es da Semana Orat\u00f3rio da Medalha Milagrosa \u2013 5 a 11 de outubro. - Associa\u00e7\u00e3o Devotos de F\u00e1tima\" \/>\n<meta property=\"og:description\" content=\"&nbsp; Cat\u00f3lico!\u00a0Vale a pena rezar por estas inten\u00e7\u00f5es! . 1) Para que todos os cat\u00f3licos rezem um Ros\u00e1rio no dia 07\/10 &#8211; Dia de Nossa Senhora do Ros\u00e1rio. Agrade\u00e7amos por esta arma incr\u00edvel que Nossa Senhora nos deu &#8211; o Ros\u00e1rio &#8211; que derrotou todas as Heresias antigas, e ainda h\u00e1 de derrotar todas as [&hellip;]\" \/>\n<meta property=\"og:url\" content=\"https:\/\/www.adf.org.br\/home\/intencoes-da-semana-oratorio-da-medalha-milagrosa-5-a-11-de-outubro\/\" \/>\n<meta property=\"og:site_name\" content=\"Associa\u00e7\u00e3o Devotos de F\u00e1tima\" \/>\n<meta property=\"article:published_time\" content=\"2015-10-05T03:00:06+00:00\" \/>\n<meta property=\"og:image\" content=\"http:\/\/www.adf.org.br\/home\/wp-content\/uploads\/2015\/10\/intencoes_oratorio.jpg\" \/>\n<meta name=\"twitter:card\" content=\"summary_large_image\" \/>\n<meta name=\"twitter:label1\" content=\"Escrito por\" \/>\n\t<meta name=\"twitter:data1\" content=\"luiz.fernando\" \/>\n\t<meta name=\"twitter:label2\" content=\"Est. tempo de leitura\" \/>\n\t<meta name=\"twitter:data2\" content=\"2 minutos\" \/>\n<script type=\"application\/ld+json\" class=\"yoast-schema-graph\">{\"@context\":\"https:\/\/schema.org\",\"@graph\":[{\"@type\":\"WebSite\",\"@id\":\"https:\/\/www.adf.org.br\/home\/#website\",\"url\":\"https:\/\/www.adf.org.br\/home\/\",\"name\":\"Associa\\u00e7\\u00e3o Devotos de F\\u00e1tima\",\"description\":\"Associa\\u00e7\\u00e3o Devotos de F\\u00e1tima\",\"potentialAction\":[{\"@type\":\"SearchAction\",\"target\":{\"@type\":\"EntryPoint\",\"urlTemplate\":\"https:\/\/www.adf.org.br\/home\/?s={search_term_string}\"},\"query-input\":\"required name=search_term_string\"}],\"inLanguage\":\"pt-BR\"},{\"@type\":\"ImageObject\",\"@id\":\"https:\/\/www.adf.org.br\/home\/intencoes-da-semana-oratorio-da-medalha-milagrosa-5-a-11-de-outubro\/#primaryimage\",\"inLanguage\":\"pt-BR\",\"url\":\"http:\/\/www.adf.org.br\/home\/wp-content\/uploads\/2015\/10\/intencoes_oratorio.jpg\",\"contentUrl\":\"http:\/\/www.adf.org.br\/home\/wp-content\/uploads\/2015\/10\/intencoes_oratorio.jpg\"},{\"@type\":\"WebPage\",\"@id\":\"https:\/\/www.adf.org.br\/home\/intencoes-da-semana-oratorio-da-medalha-milagrosa-5-a-11-de-outubro\/#webpage\",\"url\":\"https:\/\/www.adf.org.br\/home\/intencoes-da-semana-oratorio-da-medalha-milagrosa-5-a-11-de-outubro\/\",\"name\":\"Inten\\u00e7\\u00f5es da Semana Orat\\u00f3rio da Medalha Milagrosa \\u2013 5 a 11 de outubro. - Associa\\u00e7\\u00e3o Devotos de F\\u00e1tima\",\"isPartOf\":{\"@id\":\"https:\/\/www.adf.org.br\/home\/#website\"},\"primaryImageOfPage\":{\"@id\":\"https:\/\/www.adf.org.br\/home\/intencoes-da-semana-oratorio-da-medalha-milagrosa-5-a-11-de-outubro\/#primaryimage\"},\"datePublished\":\"2015-10-05T03:00:06+00:00\",\"dateModified\":\"2015-10-05T03:00:06+00:00\",\"author\":{\"@id\":\"https:\/\/www.adf.org.br\/home\/#\/schema\/person\/4eb0499131c1962e974297eff367a715\"},\"breadcrumb\":{\"@id\":\"https:\/\/www.adf.org.br\/home\/intencoes-da-semana-oratorio-da-medalha-milagrosa-5-a-11-de-outubro\/#breadcrumb\"},\"inLanguage\":\"pt-BR\",\"potentialAction\":[{\"@type\":\"ReadAction\",\"target\":[\"https:\/\/www.adf.org.br\/home\/intencoes-da-semana-oratorio-da-medalha-milagrosa-5-a-11-de-outubro\/\"]}]},{\"@type\":\"BreadcrumbList\",\"@id\":\"https:\/\/www.adf.org.br\/home\/intencoes-da-semana-oratorio-da-medalha-milagrosa-5-a-11-de-outubro\/#breadcrumb\",\"itemListElement\":[{\"@type\":\"ListItem\",\"position\":1,\"name\":\"Home\",\"item\":\"https:\/\/www.adf.org.br\/home\/\"},{\"@type\":\"ListItem\",\"position\":2,\"name\":\"Inten\\u00e7\\u00f5es da Semana Orat\\u00f3rio da Medalha Milagrosa \\u2013 5 a 11 de outubro.\"}]},{\"@type\":\"Person\",\"@id\":\"https:\/\/www.adf.org.br\/home\/#\/schema\/person\/4eb0499131c1962e974297eff367a715\",\"name\":\"luiz.fernando\",\"image\":{\"@type\":\"ImageObject\",\"@id\":\"https:\/\/www.adf.org.br\/home\/#personlogo\",\"inLanguage\":\"pt-BR\",\"url\":\"https:\/\/secure.gravatar.com\/avatar\/4e9dcdc2a00e06e1d9189a84f6908f28?s=96&d=mm&r=g\",\"contentUrl\":\"https:\/\/secure.gravatar.com\/avatar\/4e9dcdc2a00e06e1d9189a84f6908f28?s=96&d=mm&r=g\",\"caption\":\"luiz.fernando\"},\"url\":\"https:\/\/www.adf.org.br\/home\/author\/luiz-fernando\/\"}]}<\/script>\n<!-- \/ Yoast SEO plugin. -->","yoast_head_json":{"title":"Inten\u00e7\u00f5es da Semana Orat\u00f3rio da Medalha Milagrosa \u2013 5 a 11 de outubro. - Associa\u00e7\u00e3o Devotos de F\u00e1tima","robots":{"index":"index","follow":"follow","max-snippet":"max-snippet:-1","max-image-preview":"max-image-preview:large","max-video-preview":"max-video-preview:-1"},"canonical":"https:\/\/www.adf.org.br\/home\/intencoes-da-semana-oratorio-da-medalha-milagrosa-5-a-11-de-outubro\/","og_locale":"pt_BR","og_type":"article","og_title":"Inten\u00e7\u00f5es da Semana Orat\u00f3rio da Medalha Milagrosa \u2013 5 a 11 de outubro. - Associa\u00e7\u00e3o Devotos de F\u00e1tima","og_description":"&nbsp; Cat\u00f3lico!\u00a0Vale a pena rezar por estas inten\u00e7\u00f5es! . 1) Para que todos os cat\u00f3licos rezem um Ros\u00e1rio no dia 07\/10 &#8211; Dia de Nossa Senhora do Ros\u00e1rio. Agrade\u00e7amos por esta arma incr\u00edvel que Nossa Senhora nos deu &#8211; o Ros\u00e1rio &#8211; que derrotou todas as Heresias antigas, e ainda h\u00e1 de derrotar todas as [&hellip;]","og_url":"https:\/\/www.adf.org.br\/home\/intencoes-da-semana-oratorio-da-medalha-milagrosa-5-a-11-de-outubro\/","og_site_name":"Associa\u00e7\u00e3o Devotos de F\u00e1tima","article_published_time":"2015-10-05T03:00:06+00:00","og_image":[{"url":"http:\/\/www.adf.org.br\/home\/wp-content\/uploads\/2015\/10\/intencoes_oratorio.jpg"}],"twitter_card":"summary_large_image","twitter_misc":{"Escrito por":"luiz.fernando","Est. tempo de leitura":"2 minutos"},"schema":{"@context":"https:\/\/schema.org","@graph":[{"@type":"WebSite","@id":"https:\/\/www.adf.org.br\/home\/#website","url":"https:\/\/www.adf.org.br\/home\/","name":"Associa\u00e7\u00e3o Devotos de F\u00e1tima","description":"Associa\u00e7\u00e3o Devotos de F\u00e1tima","potentialAction":[{"@type":"SearchAction","target":{"@type":"EntryPoint","urlTemplate":"https:\/\/www.adf.org.br\/home\/?s={search_term_string}"},"query-input":"required name=search_term_string"}],"inLanguage":"pt-BR"},{"@type":"ImageObject","@id":"https:\/\/www.adf.org.br\/home\/intencoes-da-semana-oratorio-da-medalha-milagrosa-5-a-11-de-outubro\/#primaryimage","inLanguage":"pt-BR","url":"http:\/\/www.adf.org.br\/home\/wp-content\/uploads\/2015\/10\/intencoes_oratorio.jpg","contentUrl":"http:\/\/www.adf.org.br\/home\/wp-content\/uploads\/2015\/10\/intencoes_oratorio.jpg"},{"@type":"WebPage","@id":"https:\/\/www.adf.org.br\/home\/intencoes-da-semana-oratorio-da-medalha-milagrosa-5-a-11-de-outubro\/#webpage","url":"https:\/\/www.adf.org.br\/home\/intencoes-da-semana-oratorio-da-medalha-milagrosa-5-a-11-de-outubro\/","name":"Inten\u00e7\u00f5es da Semana Orat\u00f3rio da Medalha Milagrosa \u2013 5 a 11 de outubro. - Associa\u00e7\u00e3o Devotos de F\u00e1tima","isPartOf":{"@id":"https:\/\/www.adf.org.br\/home\/#website"},"primaryImageOfPage":{"@id":"https:\/\/www.adf.org.br\/home\/intencoes-da-semana-oratorio-da-medalha-milagrosa-5-a-11-de-outubro\/#primaryimage"},"datePublished":"2015-10-05T03:00:06+00:00","dateModified":"2015-10-05T03:00:06+00:00","author":{"@id":"https:\/\/www.adf.org.br\/home\/#\/schema\/person\/4eb0499131c1962e974297eff367a715"},"breadcrumb":{"@id":"https:\/\/www.adf.org.br\/home\/intencoes-da-semana-oratorio-da-medalha-milagrosa-5-a-11-de-outubro\/#breadcrumb"},"inLanguage":"pt-BR","potentialAction":[{"@type":"ReadAction","target":["https:\/\/www.adf.org.br\/home\/intencoes-da-semana-oratorio-da-medalha-milagrosa-5-a-11-de-outubro\/"]}]},{"@type":"BreadcrumbList","@id":"https:\/\/www.adf.org.br\/home\/intencoes-da-semana-oratorio-da-medalha-milagrosa-5-a-11-de-outubro\/#breadcrumb","itemListElement":[{"@type":"ListItem","position":1,"name":"Home","item":"https:\/\/www.adf.org.br\/home\/"},{"@type":"ListItem","position":2,"name":"Inten\u00e7\u00f5es da Semana Orat\u00f3rio da Medalha Milagrosa \u2013 5 a 11 de outubro."}]},{"@type":"Person","@id":"https:\/\/www.adf.org.br\/home\/#\/schema\/person\/4eb0499131c1962e974297eff367a715","name":"luiz.fernando","image":{"@type":"ImageObject","@id":"https:\/\/www.adf.org.br\/home\/#personlogo","inLanguage":"pt-BR","url":"https:\/\/secure.gravatar.com\/avatar\/4e9dcdc2a00e06e1d9189a84f6908f28?s=96&d=mm&r=g","contentUrl":"https:\/\/secure.gravatar.com\/avatar\/4e9dcdc2a00e06e1d9189a84f6908f28?s=96&d=mm&r=g","caption":"luiz.fernando"},"url":"https:\/\/www.adf.org.br\/home\/author\/luiz-fernando\/"}]}},"_links":{"self":[{"href":"https:\/\/www.adf.org.br\/home\/wp-json\/wp\/v2\/posts\/34160"}],"collection":[{"href":"https:\/\/www.adf.org.br\/home\/wp-json\/wp\/v2\/posts"}],"about":[{"href":"https:\/\/www.adf.org.br\/home\/wp-json\/wp\/v2\/types\/post"}],"author":[{"embeddable":true,"href":"https:\/\/www.adf.org.br\/home\/wp-json\/wp\/v2\/users\/12"}],"replies":[{"embeddable":true,"href":"https:\/\/www.adf.org.br\/home\/wp-json\/wp\/v2\/comments?post=34160"}],"version-history":[{"count":0,"href":"https:\/\/www.adf.org.br\/home\/wp-json\/wp\/v2\/posts\/34160\/revisions"}],"wp:attachment":[{"href":"https:\/\/www.adf.org.br\/home\/wp-json\/wp\/v2\/media?parent=34160"}],"wp:term":[{"taxonomy":"category","embeddable":true,"href":"https:\/\/www.adf.org.br\/home\/wp-json\/wp\/v2\/categories?post=34160"},{"taxonomy":"post_tag","embeddable":true,"href":"https:\/\/www.adf.org.br\/home\/wp-json\/wp\/v2\/tags?post=34160"}],"curies":[{"name":"wp","href":"https:\/\/api.w.org\/{rel}","templated":true}]}}