{"id":3397,"date":"2010-04-02T00:10:02","date_gmt":"2010-04-02T03:10:02","guid":{"rendered":"http:\/\/www.adf.org.br\/home\/?p=3397"},"modified":"2022-07-07T10:49:44","modified_gmt":"2022-07-07T13:49:44","slug":"inscreva-seu-nome-na-santa-missa-de-pascoa-e-tempo-de-agradecer","status":"publish","type":"post","link":"https:\/\/www.adf.org.br\/home\/inscreva-seu-nome-na-santa-missa-de-pascoa-e-tempo-de-agradecer\/","title":{"rendered":"INSCREVA SEU NOME NA SANTA MISSA DE P\u00c1SCOA, \u00c9 TEMPO DE AGRADECER"},"content":{"rendered":"<p><img loading=\"lazy\" class=\"aligncenter wp-image-67333 size-full\" title=\"Missa_de_pascoa_007\" src=\"https:\/\/www.adf.org.br\/home\/wp-content\/uploads\/2022\/02\/missa-adf.jpg\" alt=\"\" width=\"600\" height=\"350\" srcset=\"https:\/\/www.adf.org.br\/home\/wp-content\/uploads\/2022\/02\/missa-adf.jpg 600w, https:\/\/www.adf.org.br\/home\/wp-content\/uploads\/2022\/02\/missa-adf-300x175.jpg 300w\" sizes=\"(max-width: 600px) 100vw, 600px\" \/><\/p>\n<p>O ap\u00f3stolo Paulo, conhecido como 13\u00ba disc\u00edpulo de Jesus, sempre dava gra\u00e7as a Deus pela salva\u00e7\u00e3o em Cristo, mesmo passando por in\u00fameras dificuldades.<\/p>\n<p>Em sua carta para a igreja de Colossenses, ele diz: <em>\u201cDando gra\u00e7as ao Pai que nos fez id\u00f4neos para participar da heran\u00e7a dos santos na luz; O qual nos tirou da potestade das trevas, e nos transportou para o reino do Filho do seu amor; Em quem temos a reden\u00e7\u00e3o pelo seu sangue, a saber, a remiss\u00e3o dos pecados;\u201d (Colossenses 1. 12-14).<\/em><\/p>\n<p>\u00c9 tempo de dar gra\u00e7as. A Semana Santa se aproxima e com ela a maravilhosa comemora\u00e7\u00e3o da vit\u00f3ria de Cristo na cruz, vencendo a morte para nos dar a vida eterna. Voc\u00ea j\u00e1 parou para pensar nisso?<\/p>\n<p>Milhares pelo mundo esquecem de Jesus e Seu sacrif\u00edcio por n\u00f3s, e aguardam a chegada da P\u00e1scoa apenas para se deliciar com ovos de chocolate, descansar e se divertir no feriado prolongado.<\/p>\n<p>E voc\u00ea? Lembra-se de agradecer a Jesus por Sua prova de amor t\u00e3o grande? Creio que sim!<\/p>\n<p>Por esta raz\u00e3o, a Associa\u00e7\u00e3o Devotos de F\u00e1tima far\u00e1 celebrar a <strong><span style=\"color: #ff0000;\">Missa de P\u00e1scoa<\/span><\/strong>, no dia 4 de abril (pr\u00f3ximo domingo), em louvor a Nosso Senhor Jesus Cristo. <strong>Esta \u00e9 sua chance de agradecer e inscrever suas inten\u00e7\u00f5es nesta Missa. <\/strong><\/p>\n<p>Ligue agora mesmo para <strong>0800 773 1119 (ou 4368 2253, se estiver em S\u00e3o Paulo) <\/strong>e participe. N\u00e3o tem custo algum.<\/p>\n<p>\u00c9 tempo de rezar e celebrar! Vamos unir nossas preces a Virgem Maria, meditando sobre o infinito amor de Deus por n\u00f3s, que enviou Seu Filho \u00fanico para remir os nossos pecados.<\/p>\n<p>N\u00e3o perca tempo: ligue para <strong>0800 773 1119 (ou 4368 2253, se estiver em S\u00e3o Paulo) <\/strong>e participe de nossa Missa de P\u00e1scoa.<\/p>\n<p>Que Jesus e Sua M\u00e3e lhe aben\u00e7oem.<\/p>\n","protected":false},"excerpt":{"rendered":"<p>O ap\u00f3stolo Paulo, conhecido como 13\u00ba disc\u00edpulo de Jesus, sempre dava gra\u00e7as a Deus pela salva\u00e7\u00e3o em Cristo, mesmo passando por in\u00fameras dificuldades. Em sua carta para a igreja de Colossenses, ele diz: \u201cDando gra\u00e7as ao Pai que nos fez id\u00f4neos para participar da heran\u00e7a dos santos na luz; O qual nos tirou da potestade [&hellip;]<\/p>\n","protected":false},"author":27,"featured_media":67333,"comment_status":"open","ping_status":"open","sticky":false,"template":"","format":"standard","meta":[],"categories":[20],"tags":[107,26,102],"yoast_head":"<!-- This site is optimized with the Yoast SEO plugin v17.4 - https:\/\/yoast.com\/wordpress\/plugins\/seo\/ -->\n<title>INSCREVA SEU NOME NA SANTA MISSA DE P\u00c1SCOA, \u00c9 TEMPO DE AGRADECER - Associa\u00e7\u00e3o Devotos de F\u00e1tima<\/title>\n<meta name=\"robots\" content=\"index, follow, max-snippet:-1, max-image-preview:large, max-video-preview:-1\" \/>\n<link rel=\"canonical\" href=\"https:\/\/www.adf.org.br\/home\/inscreva-seu-nome-na-santa-missa-de-pascoa-e-tempo-de-agradecer\/\" \/>\n<meta property=\"og:locale\" content=\"pt_BR\" \/>\n<meta property=\"og:type\" content=\"article\" \/>\n<meta property=\"og:title\" content=\"INSCREVA SEU NOME NA SANTA MISSA DE P\u00c1SCOA, \u00c9 TEMPO DE AGRADECER - Associa\u00e7\u00e3o Devotos de F\u00e1tima\" \/>\n<meta property=\"og:description\" content=\"O ap\u00f3stolo Paulo, conhecido como 13\u00ba disc\u00edpulo de Jesus, sempre dava gra\u00e7as a Deus pela salva\u00e7\u00e3o em Cristo, mesmo passando por in\u00fameras dificuldades. Em sua carta para a igreja de Colossenses, ele diz: \u201cDando gra\u00e7as ao Pai que nos fez id\u00f4neos para participar da heran\u00e7a dos santos na luz; O qual nos tirou da potestade [&hellip;]\" \/>\n<meta property=\"og:url\" content=\"https:\/\/www.adf.org.br\/home\/inscreva-seu-nome-na-santa-missa-de-pascoa-e-tempo-de-agradecer\/\" \/>\n<meta property=\"og:site_name\" content=\"Associa\u00e7\u00e3o Devotos de F\u00e1tima\" \/>\n<meta property=\"article:published_time\" content=\"2010-04-02T03:10:02+00:00\" \/>\n<meta property=\"article:modified_time\" content=\"2022-07-07T13:49:44+00:00\" \/>\n<meta property=\"og:image\" content=\"https:\/\/www.adf.org.br\/home\/wp-content\/uploads\/2022\/02\/missa-adf.jpg\" \/>\n\t<meta property=\"og:image:width\" content=\"600\" \/>\n\t<meta property=\"og:image:height\" content=\"350\" \/>\n<meta name=\"twitter:card\" content=\"summary_large_image\" \/>\n<meta name=\"twitter:label1\" content=\"Escrito por\" \/>\n\t<meta name=\"twitter:data1\" content=\"Gabriel Barbosa\" \/>\n\t<meta name=\"twitter:label2\" content=\"Est. tempo de leitura\" \/>\n\t<meta name=\"twitter:data2\" content=\"2 minutos\" \/>\n<script type=\"application\/ld+json\" class=\"yoast-schema-graph\">{\"@context\":\"https:\/\/schema.org\",\"@graph\":[{\"@type\":\"WebSite\",\"@id\":\"https:\/\/www.adf.org.br\/home\/#website\",\"url\":\"https:\/\/www.adf.org.br\/home\/\",\"name\":\"Associa\\u00e7\\u00e3o Devotos de F\\u00e1tima\",\"description\":\"Associa\\u00e7\\u00e3o Devotos de F\\u00e1tima\",\"potentialAction\":[{\"@type\":\"SearchAction\",\"target\":{\"@type\":\"EntryPoint\",\"urlTemplate\":\"https:\/\/www.adf.org.br\/home\/?s={search_term_string}\"},\"query-input\":\"required name=search_term_string\"}],\"inLanguage\":\"pt-BR\"},{\"@type\":\"ImageObject\",\"@id\":\"https:\/\/www.adf.org.br\/home\/inscreva-seu-nome-na-santa-missa-de-pascoa-e-tempo-de-agradecer\/#primaryimage\",\"inLanguage\":\"pt-BR\",\"url\":\"https:\/\/www.adf.org.br\/home\/wp-content\/uploads\/2022\/02\/missa-adf.jpg\",\"contentUrl\":\"https:\/\/www.adf.org.br\/home\/wp-content\/uploads\/2022\/02\/missa-adf.jpg\",\"width\":600,\"height\":350},{\"@type\":\"WebPage\",\"@id\":\"https:\/\/www.adf.org.br\/home\/inscreva-seu-nome-na-santa-missa-de-pascoa-e-tempo-de-agradecer\/#webpage\",\"url\":\"https:\/\/www.adf.org.br\/home\/inscreva-seu-nome-na-santa-missa-de-pascoa-e-tempo-de-agradecer\/\",\"name\":\"INSCREVA SEU NOME NA SANTA MISSA DE P\\u00c1SCOA, \\u00c9 TEMPO DE AGRADECER - Associa\\u00e7\\u00e3o Devotos de F\\u00e1tima\",\"isPartOf\":{\"@id\":\"https:\/\/www.adf.org.br\/home\/#website\"},\"primaryImageOfPage\":{\"@id\":\"https:\/\/www.adf.org.br\/home\/inscreva-seu-nome-na-santa-missa-de-pascoa-e-tempo-de-agradecer\/#primaryimage\"},\"datePublished\":\"2010-04-02T03:10:02+00:00\",\"dateModified\":\"2022-07-07T13:49:44+00:00\",\"author\":{\"@id\":\"https:\/\/www.adf.org.br\/home\/#\/schema\/person\/affa494ecf91434f3620f5392de44327\"},\"breadcrumb\":{\"@id\":\"https:\/\/www.adf.org.br\/home\/inscreva-seu-nome-na-santa-missa-de-pascoa-e-tempo-de-agradecer\/#breadcrumb\"},\"inLanguage\":\"pt-BR\",\"potentialAction\":[{\"@type\":\"ReadAction\",\"target\":[\"https:\/\/www.adf.org.br\/home\/inscreva-seu-nome-na-santa-missa-de-pascoa-e-tempo-de-agradecer\/\"]}]},{\"@type\":\"BreadcrumbList\",\"@id\":\"https:\/\/www.adf.org.br\/home\/inscreva-seu-nome-na-santa-missa-de-pascoa-e-tempo-de-agradecer\/#breadcrumb\",\"itemListElement\":[{\"@type\":\"ListItem\",\"position\":1,\"name\":\"Home\",\"item\":\"https:\/\/www.adf.org.br\/home\/\"},{\"@type\":\"ListItem\",\"position\":2,\"name\":\"INSCREVA SEU NOME NA SANTA MISSA DE P\\u00c1SCOA, \\u00c9 TEMPO DE AGRADECER\"}]},{\"@type\":\"Person\",\"@id\":\"https:\/\/www.adf.org.br\/home\/#\/schema\/person\/affa494ecf91434f3620f5392de44327\",\"name\":\"Gabriel Barbosa\",\"image\":{\"@type\":\"ImageObject\",\"@id\":\"https:\/\/www.adf.org.br\/home\/#personlogo\",\"inLanguage\":\"pt-BR\",\"url\":\"https:\/\/secure.gravatar.com\/avatar\/ecf2eab02e30486a7038f8b2858de06a?s=96&d=mm&r=g\",\"contentUrl\":\"https:\/\/secure.gravatar.com\/avatar\/ecf2eab02e30486a7038f8b2858de06a?s=96&d=mm&r=g\",\"caption\":\"Gabriel Barbosa\"},\"url\":\"https:\/\/www.adf.org.br\/home\/author\/gabriel-aascj\/\"}]}<\/script>\n<!-- \/ Yoast SEO plugin. -->","yoast_head_json":{"title":"INSCREVA SEU NOME NA SANTA MISSA DE P\u00c1SCOA, \u00c9 TEMPO DE AGRADECER - Associa\u00e7\u00e3o Devotos de F\u00e1tima","robots":{"index":"index","follow":"follow","max-snippet":"max-snippet:-1","max-image-preview":"max-image-preview:large","max-video-preview":"max-video-preview:-1"},"canonical":"https:\/\/www.adf.org.br\/home\/inscreva-seu-nome-na-santa-missa-de-pascoa-e-tempo-de-agradecer\/","og_locale":"pt_BR","og_type":"article","og_title":"INSCREVA SEU NOME NA SANTA MISSA DE P\u00c1SCOA, \u00c9 TEMPO DE AGRADECER - Associa\u00e7\u00e3o Devotos de F\u00e1tima","og_description":"O ap\u00f3stolo Paulo, conhecido como 13\u00ba disc\u00edpulo de Jesus, sempre dava gra\u00e7as a Deus pela salva\u00e7\u00e3o em Cristo, mesmo passando por in\u00fameras dificuldades. Em sua carta para a igreja de Colossenses, ele diz: \u201cDando gra\u00e7as ao Pai que nos fez id\u00f4neos para participar da heran\u00e7a dos santos na luz; O qual nos tirou da potestade [&hellip;]","og_url":"https:\/\/www.adf.org.br\/home\/inscreva-seu-nome-na-santa-missa-de-pascoa-e-tempo-de-agradecer\/","og_site_name":"Associa\u00e7\u00e3o Devotos de F\u00e1tima","article_published_time":"2010-04-02T03:10:02+00:00","article_modified_time":"2022-07-07T13:49:44+00:00","og_image":[{"width":600,"height":350,"url":"https:\/\/www.adf.org.br\/home\/wp-content\/uploads\/2022\/02\/missa-adf.jpg","type":"image\/jpeg"}],"twitter_card":"summary_large_image","twitter_misc":{"Escrito por":"Gabriel Barbosa","Est. tempo de leitura":"2 minutos"},"schema":{"@context":"https:\/\/schema.org","@graph":[{"@type":"WebSite","@id":"https:\/\/www.adf.org.br\/home\/#website","url":"https:\/\/www.adf.org.br\/home\/","name":"Associa\u00e7\u00e3o Devotos de F\u00e1tima","description":"Associa\u00e7\u00e3o Devotos de F\u00e1tima","potentialAction":[{"@type":"SearchAction","target":{"@type":"EntryPoint","urlTemplate":"https:\/\/www.adf.org.br\/home\/?s={search_term_string}"},"query-input":"required name=search_term_string"}],"inLanguage":"pt-BR"},{"@type":"ImageObject","@id":"https:\/\/www.adf.org.br\/home\/inscreva-seu-nome-na-santa-missa-de-pascoa-e-tempo-de-agradecer\/#primaryimage","inLanguage":"pt-BR","url":"https:\/\/www.adf.org.br\/home\/wp-content\/uploads\/2022\/02\/missa-adf.jpg","contentUrl":"https:\/\/www.adf.org.br\/home\/wp-content\/uploads\/2022\/02\/missa-adf.jpg","width":600,"height":350},{"@type":"WebPage","@id":"https:\/\/www.adf.org.br\/home\/inscreva-seu-nome-na-santa-missa-de-pascoa-e-tempo-de-agradecer\/#webpage","url":"https:\/\/www.adf.org.br\/home\/inscreva-seu-nome-na-santa-missa-de-pascoa-e-tempo-de-agradecer\/","name":"INSCREVA SEU NOME NA SANTA MISSA DE P\u00c1SCOA, \u00c9 TEMPO DE AGRADECER - Associa\u00e7\u00e3o Devotos de F\u00e1tima","isPartOf":{"@id":"https:\/\/www.adf.org.br\/home\/#website"},"primaryImageOfPage":{"@id":"https:\/\/www.adf.org.br\/home\/inscreva-seu-nome-na-santa-missa-de-pascoa-e-tempo-de-agradecer\/#primaryimage"},"datePublished":"2010-04-02T03:10:02+00:00","dateModified":"2022-07-07T13:49:44+00:00","author":{"@id":"https:\/\/www.adf.org.br\/home\/#\/schema\/person\/affa494ecf91434f3620f5392de44327"},"breadcrumb":{"@id":"https:\/\/www.adf.org.br\/home\/inscreva-seu-nome-na-santa-missa-de-pascoa-e-tempo-de-agradecer\/#breadcrumb"},"inLanguage":"pt-BR","potentialAction":[{"@type":"ReadAction","target":["https:\/\/www.adf.org.br\/home\/inscreva-seu-nome-na-santa-missa-de-pascoa-e-tempo-de-agradecer\/"]}]},{"@type":"BreadcrumbList","@id":"https:\/\/www.adf.org.br\/home\/inscreva-seu-nome-na-santa-missa-de-pascoa-e-tempo-de-agradecer\/#breadcrumb","itemListElement":[{"@type":"ListItem","position":1,"name":"Home","item":"https:\/\/www.adf.org.br\/home\/"},{"@type":"ListItem","position":2,"name":"INSCREVA SEU NOME NA SANTA MISSA DE P\u00c1SCOA, \u00c9 TEMPO DE AGRADECER"}]},{"@type":"Person","@id":"https:\/\/www.adf.org.br\/home\/#\/schema\/person\/affa494ecf91434f3620f5392de44327","name":"Gabriel Barbosa","image":{"@type":"ImageObject","@id":"https:\/\/www.adf.org.br\/home\/#personlogo","inLanguage":"pt-BR","url":"https:\/\/secure.gravatar.com\/avatar\/ecf2eab02e30486a7038f8b2858de06a?s=96&d=mm&r=g","contentUrl":"https:\/\/secure.gravatar.com\/avatar\/ecf2eab02e30486a7038f8b2858de06a?s=96&d=mm&r=g","caption":"Gabriel Barbosa"},"url":"https:\/\/www.adf.org.br\/home\/author\/gabriel-aascj\/"}]}},"_links":{"self":[{"href":"https:\/\/www.adf.org.br\/home\/wp-json\/wp\/v2\/posts\/3397"}],"collection":[{"href":"https:\/\/www.adf.org.br\/home\/wp-json\/wp\/v2\/posts"}],"about":[{"href":"https:\/\/www.adf.org.br\/home\/wp-json\/wp\/v2\/types\/post"}],"author":[{"embeddable":true,"href":"https:\/\/www.adf.org.br\/home\/wp-json\/wp\/v2\/users\/27"}],"replies":[{"embeddable":true,"href":"https:\/\/www.adf.org.br\/home\/wp-json\/wp\/v2\/comments?post=3397"}],"version-history":[{"count":3,"href":"https:\/\/www.adf.org.br\/home\/wp-json\/wp\/v2\/posts\/3397\/revisions"}],"predecessor-version":[{"id":68737,"href":"https:\/\/www.adf.org.br\/home\/wp-json\/wp\/v2\/posts\/3397\/revisions\/68737"}],"wp:featuredmedia":[{"embeddable":true,"href":"https:\/\/www.adf.org.br\/home\/wp-json\/wp\/v2\/media\/67333"}],"wp:attachment":[{"href":"https:\/\/www.adf.org.br\/home\/wp-json\/wp\/v2\/media?parent=3397"}],"wp:term":[{"taxonomy":"category","embeddable":true,"href":"https:\/\/www.adf.org.br\/home\/wp-json\/wp\/v2\/categories?post=3397"},{"taxonomy":"post_tag","embeddable":true,"href":"https:\/\/www.adf.org.br\/home\/wp-json\/wp\/v2\/tags?post=3397"}],"curies":[{"name":"wp","href":"https:\/\/api.w.org\/{rel}","templated":true}]}}