{"id":33809,"date":"2015-09-14T00:00:22","date_gmt":"2015-09-14T03:00:22","guid":{"rendered":"http:\/\/www.adf.org.br\/home\/?p=33809"},"modified":"2015-09-14T00:00:22","modified_gmt":"2015-09-14T03:00:22","slug":"a-ideologia-de-genero-no-banco-dos-reus-literalmente-veja-o-porque","status":"publish","type":"post","link":"https:\/\/www.adf.org.br\/home\/a-ideologia-de-genero-no-banco-dos-reus-literalmente-veja-o-porque\/","title":{"rendered":"A Ideologia de G\u00eanero no banco dos r\u00e9us&#8230; Literalmente! Veja o porqu\u00ea:"},"content":{"rendered":"<figure id=\"attachment_33811\" aria-describedby=\"caption-attachment-33811\" style=\"width: 491px\" class=\"wp-caption aligncenter\"><a href=\"http:\/\/www.adf.org.br\/home\/2015\/09\/a-ideologia-de-genero-no-banco-dos-reus-literalmente-veja-o-porque\/miguel-nagib-advogado-e-coordenador-da-ong-escola-sem-partido\/\" rel=\"attachment wp-att-33811\"><img loading=\"lazy\" class=\" wp-image-33811  \" title=\"Miguel Nagib; Advogado e Coordenador da ONG \u2013 Escola sem Partido.\" src=\"http:\/\/www.adf.org.br\/home\/wp-content\/uploads\/2015\/09\/Miguel-Nagib-Advogado-e-Coordenador-da-ONG-\u2013-Escola-sem-Partido..jpg\" alt=\"\" width=\"491\" height=\"326\" \/><\/a><figcaption id=\"caption-attachment-33811\" class=\"wp-caption-text\">Miguel Nagib; Advogado e Coordenador da ONG \u2013 Escola sem Partido.<\/figcaption><\/figure>\n<p style=\"text-align: right;\"><span style=\"color: #ffffff;\">.<\/span><\/p>\n<p style=\"text-align: right;\"><span style=\"color: #000000;\"><em><span style=\"font-family: verdana, geneva; font-size: medium;\">Miguel Nagib<\/span><\/em><\/span><\/p>\n<p><span style=\"font-family: verdana, geneva; font-size: medium; color: #ffffff;\">.<\/span><\/p>\n<p style=\"padding-left: 90px;\"><span style=\"color: #800080;\"><strong><span style=\"font-family: verdana, geneva; font-size: large;\">Confesso minha ignor\u00e2ncia: <\/span><\/strong><\/span><\/p>\n<p><span style=\"font-family: verdana, geneva; font-size: medium; color: #000000;\">At\u00e9 ontem, nunca tinha ouvido falar de Judith Butler, uma fil\u00f3sofa americana, feminista radical, que veio ao Brasil para participar de um megaevento sobre sexualidade, feminismo e quest\u00f5es de g\u00eanero na Universidade Federal da Bahia (UFBA), em Salvador, de 4 a 7 de setembro. <\/span><\/p>\n<p><span style=\"font-family: verdana, geneva; font-size: medium; color: #000000;\">O 2.\u00ba Semin\u00e1rio Internacional \u201cDesfazendo G\u00eanero\u201d.\u00a0<\/span><\/p>\n<p><span style=\"font-family: verdana, geneva; font-size: medium; color: #000000;\"><em>\u201cEm quatro dias\u201d,<\/em>\u00a0promete o coordenador do evento,\u00a0<em>\u201ciremos produzir muitas reflex\u00f5es, babados, gritarias, confus\u00f5es, afetos, la\u00e7os e rupturas\u201d.<\/em>\u00a0<\/span><\/p>\n<p><span style=\"font-family: verdana, geneva; font-size: medium;\"><a href=\"http:\/\/www.minhacartaaberta.com.br\/aospaiscatolicosdobrasil\/?origem=1025\" target=\"_blank\" rel=\"noopener noreferrer\">Tudo com o nosso dinheiro, claro.<\/a><\/span><\/p>\n<p><span style=\"font-family: verdana, geneva; font-size: medium; color: #000000;\">A tem\u00e1tica desse evento vem sendo repetida\u00a0<em>ad nauseam\u00a0<\/em>em milhares de congressos, semin\u00e1rios, encontros, simp\u00f3sios, mesas-redondas etc. realizados todos os anos pelas universidades e secretarias estaduais e municipais de Educa\u00e7\u00e3o. <\/span><\/p>\n<p><span style=\"font-family: verdana, geneva; font-size: medium; color: #000000;\">O p\u00fablico-alvo quase sempre \u00e9 formado por professores da educa\u00e7\u00e3o b\u00e1sica (infantil, fundamental e m\u00e9dio); e o objetivo \u2013 que est\u00e1 sendo plenamente alcan\u00e7ado \u2014 n\u00e3o podia ser mais claro: <span style=\"text-decoration: underline;\">martelar esses assuntos nas cabe\u00e7as dos professores para que eles os martelem nas cabe\u00e7as dos alunos.\u00a0<\/span><\/span><\/p>\n<p><span style=\"font-family: verdana, geneva; font-size: medium; color: #000000;\">A obsess\u00e3o dessa turma, como se sabe, \u00e9 a chamada teoria (ou ideologia) de g\u00eanero. <\/span><\/p>\n<p><span style=\"font-family: verdana, geneva; font-size: medium; color: #000000;\">Indiferente \u00e0s decis\u00f5es soberanas do Congresso Nacional e da imensa maioria das Assembleias Legislativas e C\u00e2maras de Vereadores \u2014 que se negaram a incluir a ideologia de g\u00eanero nos seus respectivos planos de educa\u00e7\u00e3o \u2014, a burocracia do ensino continua utilizando a m\u00e1quina do Estado para promover suas pr\u00f3prias convic\u00e7\u00f5es, induzindo professores desavisados a violar o direito dos pais dos alunos sobre a educa\u00e7\u00e3o moral dos seus filhos.<\/span><\/p>\n<p><span style=\"color: #ffffff;\">.<\/span><\/p>\n<p><span style=\"color: #000000;\"><strong><span style=\"font-family: verdana, geneva; font-size: medium;\">Professor: n\u00e3o caia na conversa do MEC!<\/span><\/strong><\/span><\/p>\n<p><span style=\"font-family: verdana, geneva; font-size: medium; color: #000000;\">Ao cair nessa conversa\u00a0e tratar seus alunos como cobaias da teoria de g\u00eanero,\u00a0esses professores est\u00e3o correndo um alt\u00edssimo risco.\u00a0<\/span><\/p>\n<p><span style=\"font-family: verdana, geneva; font-size: medium; color: #000000;\">Refiro-me \u00e0 possibilidade de os pais dos seus alunos entenderem que essa pr\u00e1tica pedag\u00f3gica implica algum tipo de dano aos seus filhos ou ao seu direito de dar a eles a educa\u00e7\u00e3o moral que esteja de acordo com suas pr\u00f3prias convic\u00e7\u00f5es \u2014 direito previsto no artigo 12, IV, da Conven\u00e7\u00e3o Americana sobre Direitos Humanos.\u00a0<\/span><\/p>\n<p style=\"padding-left: 60px;\"><strong><span style=\"font-family: verdana, geneva; font-size: medium; color: #800080;\">Se isso acontecer,\u00a0os professores poder\u00e3o vir a ser processados por danos morais\u00a0pelos pais dos seus alunos. <\/span><\/strong><\/p>\n<p><span style=\"font-family: verdana, geneva; font-size: medium; color: #000000;\">Ser r\u00e9u numa \u00fanica a\u00e7\u00e3o judicial j\u00e1 \u00e9 motivo de dor de cabe\u00e7a. Imagine figurar como r\u00e9u em dezenas de processos ajuizados por dezenas de pais de alunos!\u00a0<\/span><\/p>\n<p><span style=\"font-family: verdana, geneva; font-size: medium; color: #000000;\">A lei facilita enormemente a propositura dessas a\u00e7\u00f5es de repara\u00e7\u00e3o de dano.<\/span><\/p>\n<p><span style=\"font-family: verdana, geneva; font-size: medium; color: #000000;\"> As causas cujo valor n\u00e3o exceda 40 sal\u00e1rios m\u00ednimos podem ser ajuizadas perante os juizados especiais c\u00edveis; nessas a\u00e7\u00f5es, nem sequer \u00e9 necess\u00e1rio estar assistido por advogado (se o valor da indeniza\u00e7\u00e3o pleiteada for igual ou inferior a 20 sal\u00e1rios m\u00ednimos, atualmente R$ 15.760). <\/span><\/p>\n<p><span style=\"font-family: verdana, geneva; font-size: medium; color: #000000;\">Al\u00e9m disso, n\u00e3o h\u00e1 cobran\u00e7a de custas judiciais nem se a demanda for julgada improcedente, bem como condena\u00e7\u00e3o ao pagamento de honor\u00e1rios ao advogado da parte contr\u00e1ria (a n\u00e3o ser que o juiz reconhe\u00e7a a litig\u00e2ncia de m\u00e1-f\u00e9). <\/span><\/p>\n<p><span style=\"font-family: verdana, geneva; font-size: medium; color: #000000;\">Caso haja recurso da senten\u00e7a, a\u00ed, sim, a parte vencida ser\u00e1 condenada a pagar custas e honor\u00e1rios advocat\u00edcios.\u00a0<\/span><\/p>\n<p style=\"padding-left: 60px;\"><span style=\"font-family: verdana, geneva; font-size: medium; color: #800080;\"><strong>O professor \u00e9 pessoalmente respons\u00e1vel pelos danos que causar no exerc\u00edcio das suas fun\u00e7\u00f5es.<\/strong>\u00a0<\/span><\/p>\n<p><span style=\"font-family: verdana, geneva; font-size: medium; color: #000000;\">Por isso,\u00a0\u00e9 melhor ficar esperto\u00a0e <span style=\"text-decoration: underline;\">pensar duas vezes antes de seguir as recomenda\u00e7\u00f5es do MEC<\/span>. Na d\u00favida, vale consultar um advogado.\u00a0<\/span><\/p>\n<p><span style=\"font-family: verdana, geneva; font-size: medium; color: #ffffff;\">.<\/span><\/p>\n<p style=\"text-align: center;\"><span style=\"font-family: verdana, geneva; font-size: medium; color: #000000;\">* \u00a0 * \u00a0 *<\/span><\/p>\n<p style=\"text-align: center;\"><span style=\"font-family: verdana, geneva; font-size: medium; color: #ffffff;\">.<\/span><\/p>\n<p style=\"text-align: center;\"><span style=\"color: #000000;\"><strong><span style=\"font-family: verdana, geneva; font-size: medium;\">Impe\u00e7a que os seus filhos sejam sexualmente pervertidos<br \/>\nnas Escolas.<\/span><\/strong><\/span><\/p>\n<p style=\"text-align: center;\"><strong><span style=\"font-family: verdana, geneva; font-size: medium;\"><span style=\"color: #ff0000;\">Clique na imagem abaixo<\/span> <span style=\"color: #000000;\">e veja como voc\u00ea pode defend\u00ea-los:<\/span><\/span><\/strong><\/p>\n<p style=\"text-align: center;\"><span style=\"color: #ffffff;\">.<\/span><\/p>\n<p style=\"text-align: center;\"><a href=\"http:\/\/www.minhacartaaberta.com.br\/aospaiscatolicosdobrasil\/?origem=1025\"><img loading=\"lazy\" class=\"aligncenter  wp-image-33810\" title=\"Compartilhe esta carta aberta, mobilize-se contra esse absurdo!\" src=\"http:\/\/www.adf.org.br\/home\/wp-content\/uploads\/2015\/09\/Compartilhe-esta-carta-aberta-mobilize-se-contra-esse-absurdo2.jpg\" alt=\"\" width=\"603\" height=\"300\" \/><\/a><\/p>\n<p style=\"text-align: center;\"><span style=\"font-family: verdana, geneva; font-size: medium; color: #ffffff;\">.<\/span><\/p>\n<blockquote><p><span style=\"font-family: verdana, geneva; font-size: medium; color: #000000;\">Miguel Nagib, advogado, \u00e9 coordenador da <\/span><span style=\"font-family: verdana, geneva; font-size: medium;\"><a href=\"http:\/\/www.escolasempartido.org\/\" target=\"_blank\" rel=\"noopener noreferrer\">Escola sem Partido<\/a><\/span><span style=\"font-family: verdana, geneva; font-size: medium; color: #000000;\">, associa\u00e7\u00e3o sem fins lucrativos.<\/span><\/p><\/blockquote>\n<p><span style=\"font-family: verdana, geneva; font-size: medium; color: #ffffff;\">.<\/span><\/p>\n<p><span style=\"font-family: verdana, geneva; font-size: medium;\"><em><span style=\"color: #000000;\">Fonte:<\/span><a href=\"http:\/\/blogdafamiliacatolica.blogspot.com.br\/2015\/09\/a-ideologia-de-genero-no-banco-dos-reus.html\" target=\"_blank\" rel=\"noopener noreferrer\">\u00a0http:\/\/blogdafamiliacatolica.blogspot.com.br\/<\/a><\/em><\/span><\/p>\n","protected":false},"excerpt":{"rendered":"<p>. Miguel Nagib . Confesso minha ignor\u00e2ncia: At\u00e9 ontem, nunca tinha ouvido falar de Judith Butler, uma fil\u00f3sofa americana, feminista radical, que veio ao Brasil para participar de um megaevento sobre sexualidade, feminismo e quest\u00f5es de g\u00eanero na Universidade Federal da Bahia (UFBA), em Salvador, de 4 a 7 de setembro. O 2.\u00ba Semin\u00e1rio Internacional [&hellip;]<\/p>\n","protected":false},"author":12,"featured_media":0,"comment_status":"open","ping_status":"open","sticky":false,"template":"","format":"standard","meta":[],"categories":[20],"tags":[232,882,1921,1610,1592,1584],"yoast_head":"<!-- This site is optimized with the Yoast SEO plugin v17.4 - https:\/\/yoast.com\/wordpress\/plugins\/seo\/ -->\n<title>A Ideologia de G\u00eanero no banco dos r\u00e9us... Literalmente! Veja o porqu\u00ea: - Associa\u00e7\u00e3o Devotos de F\u00e1tima<\/title>\n<meta name=\"robots\" content=\"index, follow, max-snippet:-1, max-image-preview:large, max-video-preview:-1\" \/>\n<link rel=\"canonical\" href=\"https:\/\/www.adf.org.br\/home\/a-ideologia-de-genero-no-banco-dos-reus-literalmente-veja-o-porque\/\" \/>\n<meta property=\"og:locale\" content=\"pt_BR\" \/>\n<meta property=\"og:type\" content=\"article\" \/>\n<meta property=\"og:title\" content=\"A Ideologia de G\u00eanero no banco dos r\u00e9us... Literalmente! Veja o porqu\u00ea: - Associa\u00e7\u00e3o Devotos de F\u00e1tima\" \/>\n<meta property=\"og:description\" content=\". Miguel Nagib . Confesso minha ignor\u00e2ncia: At\u00e9 ontem, nunca tinha ouvido falar de Judith Butler, uma fil\u00f3sofa americana, feminista radical, que veio ao Brasil para participar de um megaevento sobre sexualidade, feminismo e quest\u00f5es de g\u00eanero na Universidade Federal da Bahia (UFBA), em Salvador, de 4 a 7 de setembro. O 2.\u00ba Semin\u00e1rio Internacional [&hellip;]\" \/>\n<meta property=\"og:url\" content=\"https:\/\/www.adf.org.br\/home\/a-ideologia-de-genero-no-banco-dos-reus-literalmente-veja-o-porque\/\" \/>\n<meta property=\"og:site_name\" content=\"Associa\u00e7\u00e3o Devotos de F\u00e1tima\" \/>\n<meta property=\"article:published_time\" content=\"2015-09-14T03:00:22+00:00\" \/>\n<meta property=\"og:image\" content=\"http:\/\/www.adf.org.br\/home\/wp-content\/uploads\/2015\/09\/Miguel-Nagib-Advogado-e-Coordenador-da-ONG-\u2013-Escola-sem-Partido..jpg\" \/>\n<meta name=\"twitter:card\" content=\"summary_large_image\" \/>\n<meta name=\"twitter:label1\" content=\"Escrito por\" \/>\n\t<meta name=\"twitter:data1\" content=\"luiz.fernando\" \/>\n\t<meta name=\"twitter:label2\" content=\"Est. tempo de leitura\" \/>\n\t<meta name=\"twitter:data2\" content=\"3 minutos\" \/>\n<script type=\"application\/ld+json\" class=\"yoast-schema-graph\">{\"@context\":\"https:\/\/schema.org\",\"@graph\":[{\"@type\":\"WebSite\",\"@id\":\"https:\/\/www.adf.org.br\/home\/#website\",\"url\":\"https:\/\/www.adf.org.br\/home\/\",\"name\":\"Associa\\u00e7\\u00e3o Devotos de F\\u00e1tima\",\"description\":\"Associa\\u00e7\\u00e3o Devotos de F\\u00e1tima\",\"potentialAction\":[{\"@type\":\"SearchAction\",\"target\":{\"@type\":\"EntryPoint\",\"urlTemplate\":\"https:\/\/www.adf.org.br\/home\/?s={search_term_string}\"},\"query-input\":\"required name=search_term_string\"}],\"inLanguage\":\"pt-BR\"},{\"@type\":\"ImageObject\",\"@id\":\"https:\/\/www.adf.org.br\/home\/a-ideologia-de-genero-no-banco-dos-reus-literalmente-veja-o-porque\/#primaryimage\",\"inLanguage\":\"pt-BR\",\"url\":\"http:\/\/www.adf.org.br\/home\/wp-content\/uploads\/2015\/09\/Miguel-Nagib-Advogado-e-Coordenador-da-ONG-\\u2013-Escola-sem-Partido..jpg\",\"contentUrl\":\"http:\/\/www.adf.org.br\/home\/wp-content\/uploads\/2015\/09\/Miguel-Nagib-Advogado-e-Coordenador-da-ONG-\\u2013-Escola-sem-Partido..jpg\"},{\"@type\":\"WebPage\",\"@id\":\"https:\/\/www.adf.org.br\/home\/a-ideologia-de-genero-no-banco-dos-reus-literalmente-veja-o-porque\/#webpage\",\"url\":\"https:\/\/www.adf.org.br\/home\/a-ideologia-de-genero-no-banco-dos-reus-literalmente-veja-o-porque\/\",\"name\":\"A Ideologia de G\\u00eanero no banco dos r\\u00e9us... Literalmente! Veja o porqu\\u00ea: - Associa\\u00e7\\u00e3o Devotos de F\\u00e1tima\",\"isPartOf\":{\"@id\":\"https:\/\/www.adf.org.br\/home\/#website\"},\"primaryImageOfPage\":{\"@id\":\"https:\/\/www.adf.org.br\/home\/a-ideologia-de-genero-no-banco-dos-reus-literalmente-veja-o-porque\/#primaryimage\"},\"datePublished\":\"2015-09-14T03:00:22+00:00\",\"dateModified\":\"2015-09-14T03:00:22+00:00\",\"author\":{\"@id\":\"https:\/\/www.adf.org.br\/home\/#\/schema\/person\/4eb0499131c1962e974297eff367a715\"},\"breadcrumb\":{\"@id\":\"https:\/\/www.adf.org.br\/home\/a-ideologia-de-genero-no-banco-dos-reus-literalmente-veja-o-porque\/#breadcrumb\"},\"inLanguage\":\"pt-BR\",\"potentialAction\":[{\"@type\":\"ReadAction\",\"target\":[\"https:\/\/www.adf.org.br\/home\/a-ideologia-de-genero-no-banco-dos-reus-literalmente-veja-o-porque\/\"]}]},{\"@type\":\"BreadcrumbList\",\"@id\":\"https:\/\/www.adf.org.br\/home\/a-ideologia-de-genero-no-banco-dos-reus-literalmente-veja-o-porque\/#breadcrumb\",\"itemListElement\":[{\"@type\":\"ListItem\",\"position\":1,\"name\":\"Home\",\"item\":\"https:\/\/www.adf.org.br\/home\/\"},{\"@type\":\"ListItem\",\"position\":2,\"name\":\"A Ideologia de G\\u00eanero no banco dos r\\u00e9us&#8230; Literalmente! Veja o porqu\\u00ea:\"}]},{\"@type\":\"Person\",\"@id\":\"https:\/\/www.adf.org.br\/home\/#\/schema\/person\/4eb0499131c1962e974297eff367a715\",\"name\":\"luiz.fernando\",\"image\":{\"@type\":\"ImageObject\",\"@id\":\"https:\/\/www.adf.org.br\/home\/#personlogo\",\"inLanguage\":\"pt-BR\",\"url\":\"https:\/\/secure.gravatar.com\/avatar\/4e9dcdc2a00e06e1d9189a84f6908f28?s=96&d=mm&r=g\",\"contentUrl\":\"https:\/\/secure.gravatar.com\/avatar\/4e9dcdc2a00e06e1d9189a84f6908f28?s=96&d=mm&r=g\",\"caption\":\"luiz.fernando\"},\"url\":\"https:\/\/www.adf.org.br\/home\/author\/luiz-fernando\/\"}]}<\/script>\n<!-- \/ Yoast SEO plugin. -->","yoast_head_json":{"title":"A Ideologia de G\u00eanero no banco dos r\u00e9us... Literalmente! Veja o porqu\u00ea: - Associa\u00e7\u00e3o Devotos de F\u00e1tima","robots":{"index":"index","follow":"follow","max-snippet":"max-snippet:-1","max-image-preview":"max-image-preview:large","max-video-preview":"max-video-preview:-1"},"canonical":"https:\/\/www.adf.org.br\/home\/a-ideologia-de-genero-no-banco-dos-reus-literalmente-veja-o-porque\/","og_locale":"pt_BR","og_type":"article","og_title":"A Ideologia de G\u00eanero no banco dos r\u00e9us... Literalmente! Veja o porqu\u00ea: - Associa\u00e7\u00e3o Devotos de F\u00e1tima","og_description":". Miguel Nagib . Confesso minha ignor\u00e2ncia: At\u00e9 ontem, nunca tinha ouvido falar de Judith Butler, uma fil\u00f3sofa americana, feminista radical, que veio ao Brasil para participar de um megaevento sobre sexualidade, feminismo e quest\u00f5es de g\u00eanero na Universidade Federal da Bahia (UFBA), em Salvador, de 4 a 7 de setembro. O 2.\u00ba Semin\u00e1rio Internacional [&hellip;]","og_url":"https:\/\/www.adf.org.br\/home\/a-ideologia-de-genero-no-banco-dos-reus-literalmente-veja-o-porque\/","og_site_name":"Associa\u00e7\u00e3o Devotos de F\u00e1tima","article_published_time":"2015-09-14T03:00:22+00:00","og_image":[{"url":"http:\/\/www.adf.org.br\/home\/wp-content\/uploads\/2015\/09\/Miguel-Nagib-Advogado-e-Coordenador-da-ONG-\u2013-Escola-sem-Partido..jpg"}],"twitter_card":"summary_large_image","twitter_misc":{"Escrito por":"luiz.fernando","Est. tempo de leitura":"3 minutos"},"schema":{"@context":"https:\/\/schema.org","@graph":[{"@type":"WebSite","@id":"https:\/\/www.adf.org.br\/home\/#website","url":"https:\/\/www.adf.org.br\/home\/","name":"Associa\u00e7\u00e3o Devotos de F\u00e1tima","description":"Associa\u00e7\u00e3o Devotos de F\u00e1tima","potentialAction":[{"@type":"SearchAction","target":{"@type":"EntryPoint","urlTemplate":"https:\/\/www.adf.org.br\/home\/?s={search_term_string}"},"query-input":"required name=search_term_string"}],"inLanguage":"pt-BR"},{"@type":"ImageObject","@id":"https:\/\/www.adf.org.br\/home\/a-ideologia-de-genero-no-banco-dos-reus-literalmente-veja-o-porque\/#primaryimage","inLanguage":"pt-BR","url":"http:\/\/www.adf.org.br\/home\/wp-content\/uploads\/2015\/09\/Miguel-Nagib-Advogado-e-Coordenador-da-ONG-\u2013-Escola-sem-Partido..jpg","contentUrl":"http:\/\/www.adf.org.br\/home\/wp-content\/uploads\/2015\/09\/Miguel-Nagib-Advogado-e-Coordenador-da-ONG-\u2013-Escola-sem-Partido..jpg"},{"@type":"WebPage","@id":"https:\/\/www.adf.org.br\/home\/a-ideologia-de-genero-no-banco-dos-reus-literalmente-veja-o-porque\/#webpage","url":"https:\/\/www.adf.org.br\/home\/a-ideologia-de-genero-no-banco-dos-reus-literalmente-veja-o-porque\/","name":"A Ideologia de G\u00eanero no banco dos r\u00e9us... Literalmente! Veja o porqu\u00ea: - Associa\u00e7\u00e3o Devotos de F\u00e1tima","isPartOf":{"@id":"https:\/\/www.adf.org.br\/home\/#website"},"primaryImageOfPage":{"@id":"https:\/\/www.adf.org.br\/home\/a-ideologia-de-genero-no-banco-dos-reus-literalmente-veja-o-porque\/#primaryimage"},"datePublished":"2015-09-14T03:00:22+00:00","dateModified":"2015-09-14T03:00:22+00:00","author":{"@id":"https:\/\/www.adf.org.br\/home\/#\/schema\/person\/4eb0499131c1962e974297eff367a715"},"breadcrumb":{"@id":"https:\/\/www.adf.org.br\/home\/a-ideologia-de-genero-no-banco-dos-reus-literalmente-veja-o-porque\/#breadcrumb"},"inLanguage":"pt-BR","potentialAction":[{"@type":"ReadAction","target":["https:\/\/www.adf.org.br\/home\/a-ideologia-de-genero-no-banco-dos-reus-literalmente-veja-o-porque\/"]}]},{"@type":"BreadcrumbList","@id":"https:\/\/www.adf.org.br\/home\/a-ideologia-de-genero-no-banco-dos-reus-literalmente-veja-o-porque\/#breadcrumb","itemListElement":[{"@type":"ListItem","position":1,"name":"Home","item":"https:\/\/www.adf.org.br\/home\/"},{"@type":"ListItem","position":2,"name":"A Ideologia de G\u00eanero no banco dos r\u00e9us&#8230; Literalmente! Veja o porqu\u00ea:"}]},{"@type":"Person","@id":"https:\/\/www.adf.org.br\/home\/#\/schema\/person\/4eb0499131c1962e974297eff367a715","name":"luiz.fernando","image":{"@type":"ImageObject","@id":"https:\/\/www.adf.org.br\/home\/#personlogo","inLanguage":"pt-BR","url":"https:\/\/secure.gravatar.com\/avatar\/4e9dcdc2a00e06e1d9189a84f6908f28?s=96&d=mm&r=g","contentUrl":"https:\/\/secure.gravatar.com\/avatar\/4e9dcdc2a00e06e1d9189a84f6908f28?s=96&d=mm&r=g","caption":"luiz.fernando"},"url":"https:\/\/www.adf.org.br\/home\/author\/luiz-fernando\/"}]}},"_links":{"self":[{"href":"https:\/\/www.adf.org.br\/home\/wp-json\/wp\/v2\/posts\/33809"}],"collection":[{"href":"https:\/\/www.adf.org.br\/home\/wp-json\/wp\/v2\/posts"}],"about":[{"href":"https:\/\/www.adf.org.br\/home\/wp-json\/wp\/v2\/types\/post"}],"author":[{"embeddable":true,"href":"https:\/\/www.adf.org.br\/home\/wp-json\/wp\/v2\/users\/12"}],"replies":[{"embeddable":true,"href":"https:\/\/www.adf.org.br\/home\/wp-json\/wp\/v2\/comments?post=33809"}],"version-history":[{"count":0,"href":"https:\/\/www.adf.org.br\/home\/wp-json\/wp\/v2\/posts\/33809\/revisions"}],"wp:attachment":[{"href":"https:\/\/www.adf.org.br\/home\/wp-json\/wp\/v2\/media?parent=33809"}],"wp:term":[{"taxonomy":"category","embeddable":true,"href":"https:\/\/www.adf.org.br\/home\/wp-json\/wp\/v2\/categories?post=33809"},{"taxonomy":"post_tag","embeddable":true,"href":"https:\/\/www.adf.org.br\/home\/wp-json\/wp\/v2\/tags?post=33809"}],"curies":[{"name":"wp","href":"https:\/\/api.w.org\/{rel}","templated":true}]}}