{"id":33791,"date":"2015-09-12T00:00:31","date_gmt":"2015-09-12T03:00:31","guid":{"rendered":"http:\/\/www.adf.org.br\/home\/?p=33791"},"modified":"2015-09-12T00:00:31","modified_gmt":"2015-09-12T03:00:31","slug":"pela-primeira-vez-nos-eua-uma-mulher-e-presa-por-defender-sua-fe-veja-o-que-aconteceu","status":"publish","type":"post","link":"https:\/\/www.adf.org.br\/home\/pela-primeira-vez-nos-eua-uma-mulher-e-presa-por-defender-sua-fe-veja-o-que-aconteceu\/","title":{"rendered":"Pela primeira vez nos EUA: uma mulher \u00e9 presa por defender sua F\u00e9. Veja o que aconteceu:"},"content":{"rendered":"<figure id=\"attachment_33793\" aria-describedby=\"caption-attachment-33793\" style=\"width: 400px\" class=\"wp-caption aligncenter\"><a href=\"http:\/\/www.adf.org.br\/home\/2015\/09\/pela-primeira-vez-nos-eua-uma-mulher-e-presa-por-defender-sua-fe-veja-o-que-aconteceu\/kim-davis-funcionaria-de-um-cartorio-presa-por-se-recusar-a-ofender-gravemente-a-deus\/\" rel=\"attachment wp-att-33793\"><img loading=\"lazy\" class=\"size-full wp-image-33793\" title=\"Kim Davis, funcion\u00e1ria de um Cart\u00f3rio, presa por se recusar a ofender gravemente a Deus.\" src=\"http:\/\/www.adf.org.br\/home\/wp-content\/uploads\/2015\/09\/Kim-Davis-funcion\u00e1ria-de-um-Cart\u00f3rio-presa-por-se-recusar-a-ofender-gravemente-a-Deus..jpg\" alt=\"\" width=\"400\" height=\"224\" \/><\/a><figcaption id=\"caption-attachment-33793\" class=\"wp-caption-text\">Kim Davis, funcion\u00e1ria de um Cart\u00f3rio, presa por se recusar a ofender gravemente a Deus.<\/figcaption><\/figure>\n<p style=\"padding-left: 90px;\"><span style=\"color: #ffffff;\">.<\/span><\/p>\n<p style=\"padding-left: 90px;\"><span style=\"color: #800080;\"><strong><span style=\"font-family: verdana, geneva; font-size: medium;\">Kim Davis, do Kentucky, que trabalha em cart\u00f3rio, recusou-se a fornecer licen\u00e7a de casamento para um casal gay, por ser contra seus princ\u00edpios crist\u00e3os. <\/span><\/strong><\/span><\/p>\n<p><span style=\"font-family: verdana, geneva; font-size: medium; color: #000000;\">Na audi\u00eancia, ela falou de sua f\u00e9 crist\u00e3 e que &#8220;n\u00e3o se pode separar o cora\u00e7\u00e3o da alma&#8221;. <\/span><\/p>\n<p><span style=\"font-family: verdana, geneva; font-size: medium; color: #000000;\">Onde muitos bispos se rebaixaram, ela se levantou.<\/span><\/p>\n<p><span style=\"font-family: verdana, geneva; font-size: medium; color: #000000;\">O juiz, David Bunning, <a href=\"http:\/\/oratoriodamedalhamilagrosa.org.br\/home\/acenda-sua-vela-30\/?origem=1025\" target=\"_blank\" rel=\"noopener noreferrer\">mandou prend\u00ea-la<\/a> at\u00e9 que ela aceite emitir essas licen\u00e7as. E ainda disse que a f\u00e9 dela n\u00e3o serve como justificativa.<\/span><\/p>\n<p><span style=\"font-family: verdana, geneva; font-size: medium; color: #000000;\">N\u00e3o se pode deixar de lembrar do que disse o Cardeal Francis George, antes de morrer:<\/span><\/p>\n<blockquote><p><span style=\"font-family: verdana, geneva; font-size: medium; color: #000000;\">&#8220;Eu espero morrer numa cama; meu sucessor morrer\u00e1 na pris\u00e3o e o sucessor dele morrer\u00e1 como m\u00e1rtir em pra\u00e7a p\u00fablica.<\/span><\/p>\n<p><span style=\"font-family: verdana, geneva; font-size: medium; color: #000000;\"> O sucessor desse pegar\u00e1 os cacos da sociedade arruinada e lentamente reconstruir\u00e1 a civiliza\u00e7\u00e3o, como a Igreja tem feito tantas vezes na hist\u00f3ria&#8221;.<\/span><\/p><\/blockquote>\n<p><span style=\"font-family: verdana, geneva; font-size: medium; color: #000000;\">O candidato a presidente dos Estados Unidos, Ted Cruz, defendeu Kim Davies; disse que o houve \u00e9 terr\u00edvel e fundamentalmente errado. <\/span><\/p>\n<p style=\"padding-left: 60px;\"><strong><span style=\"font-family: verdana, geneva; font-size: medium; color: #800080;\">Pela primeira vez os Estados Unidos est\u00e3o mandando uma crist\u00e3 para a cadeia, porque ela defendeu sua f\u00e9. <\/span><\/strong><\/p>\n<p><span style=\"font-family: verdana, geneva; font-size: medium; color: #000000;\">Ele disse que estava do lado de Kim Davies. Estava do lado de qualquer um que seja perseguido pelo Estado por conta de sua f\u00e9. <\/span><\/p>\n<p><span style=\"font-family: verdana, geneva; font-size: medium; color: #000000;\">O que houve, segundo Cruz, \u00e9 inconsistente com a Constitui\u00e7\u00e3o dos Estados Unidos.\u00a0<\/span><span style=\"font-family: verdana, geneva; font-size: medium; color: #000000;\">E que \u00e9 muito impactante. <\/span><\/p>\n<p><span style=\"font-family: verdana, geneva; font-size: medium; color: #000000;\">Para ele, o juiz est\u00e1 dizendo que o Estado pode determinar o que a f\u00e9 significa. Onde est\u00e3o aquelas vozes que <\/span><span style=\"font-family: verdana, geneva; font-size: medium;\"><a href=\"http:\/\/oratoriodamedalhamilagrosa.org.br\/home\/acenda-sua-vela-30\/?origem=1025\" target=\"_blank\" rel=\"noopener noreferrer\">defendem os oprimidos?<\/a><\/span><\/p>\n<p><span style=\"color: #ffffff;\">.<\/span><\/p>\n<p style=\"text-align: center;\"><span style=\"font-family: verdana, geneva; font-size: medium; color: #000000;\"><strong>* \u00a0 * \u00a0 *<\/strong><\/span><\/p>\n<p style=\"text-align: center;\"><span style=\"font-family: verdana, geneva; font-size: medium; color: #ffffff;\">.<\/span><\/p>\n<p style=\"text-align: center;\"><span style=\"font-family: verdana, geneva; font-size: large;\"><span style=\"color: #ff0000;\">Clique na imagem<\/span> <span style=\"color: #000000;\">para acender uma Vela Virtual por todos os seus irm\u00e3os crist\u00e3os perseguidos no mundo:<\/span><\/span><\/p>\n<p style=\"text-align: center;\"><span style=\"color: #ffffff;\">.<\/span><\/p>\n<p style=\"text-align: center;\"><a href=\"http:\/\/oratoriodamedalhamilagrosa.org.br\/home\/acenda-sua-vela-30\/?origem=1025\"><img loading=\"lazy\" class=\"aligncenter  wp-image-33792\" title=\"Clique aqui para acender uma Vela Virtual pelos crist\u00e3os perseguidos em todo o mundo:\" src=\"http:\/\/www.adf.org.br\/home\/wp-content\/uploads\/2015\/09\/persegui\u00e7\u00e3o-religiosa2-1024x265.jpg\" alt=\"\" width=\"717\" height=\"186\" \/><\/a><\/p>\n<p style=\"text-align: center;\"><span style=\"font-family: verdana, geneva; font-size: medium; color: #ffffff;\">.<\/span><\/p>\n<p><span style=\"font-family: verdana, geneva; font-size: medium; color: #000000;\"><em>Fonte:<\/em><\/span><span style=\"font-family: verdana, geneva; font-size: medium;\"><em>\u00a0<\/em><\/span><span style=\"font-family: verdana, geneva; font-size: medium;\"><em><a href=\"http:\/\/www.ofielcatolico.com.br\/2005\/09\/pela-primeira-vez-os-estados-unidos.html\" target=\"_blank\" rel=\"noopener noreferrer\">http:\/\/www.ofielcatolico.com.br\/<\/a><\/em><\/span><\/p>\n","protected":false},"excerpt":{"rendered":"<p>. Kim Davis, do Kentucky, que trabalha em cart\u00f3rio, recusou-se a fornecer licen\u00e7a de casamento para um casal gay, por ser contra seus princ\u00edpios crist\u00e3os. Na audi\u00eancia, ela falou de sua f\u00e9 crist\u00e3 e que &#8220;n\u00e3o se pode separar o cora\u00e7\u00e3o da alma&#8221;. Onde muitos bispos se rebaixaram, ela se levantou. O juiz, David Bunning, [&hellip;]<\/p>\n","protected":false},"author":12,"featured_media":0,"comment_status":"open","ping_status":"open","sticky":false,"template":"","format":"standard","meta":[],"categories":[20],"tags":[117,408,1016,32],"yoast_head":"<!-- This site is optimized with the Yoast SEO plugin v17.4 - https:\/\/yoast.com\/wordpress\/plugins\/seo\/ -->\n<title>Pela primeira vez nos EUA: uma mulher \u00e9 presa por defender sua F\u00e9. Veja o que aconteceu: - Associa\u00e7\u00e3o Devotos de F\u00e1tima<\/title>\n<meta name=\"robots\" content=\"index, follow, max-snippet:-1, max-image-preview:large, max-video-preview:-1\" \/>\n<link rel=\"canonical\" href=\"https:\/\/www.adf.org.br\/home\/pela-primeira-vez-nos-eua-uma-mulher-e-presa-por-defender-sua-fe-veja-o-que-aconteceu\/\" \/>\n<meta property=\"og:locale\" content=\"pt_BR\" \/>\n<meta property=\"og:type\" content=\"article\" \/>\n<meta property=\"og:title\" content=\"Pela primeira vez nos EUA: uma mulher \u00e9 presa por defender sua F\u00e9. Veja o que aconteceu: - Associa\u00e7\u00e3o Devotos de F\u00e1tima\" \/>\n<meta property=\"og:description\" content=\". Kim Davis, do Kentucky, que trabalha em cart\u00f3rio, recusou-se a fornecer licen\u00e7a de casamento para um casal gay, por ser contra seus princ\u00edpios crist\u00e3os. Na audi\u00eancia, ela falou de sua f\u00e9 crist\u00e3 e que &#8220;n\u00e3o se pode separar o cora\u00e7\u00e3o da alma&#8221;. Onde muitos bispos se rebaixaram, ela se levantou. O juiz, David Bunning, [&hellip;]\" \/>\n<meta property=\"og:url\" content=\"https:\/\/www.adf.org.br\/home\/pela-primeira-vez-nos-eua-uma-mulher-e-presa-por-defender-sua-fe-veja-o-que-aconteceu\/\" \/>\n<meta property=\"og:site_name\" content=\"Associa\u00e7\u00e3o Devotos de F\u00e1tima\" \/>\n<meta property=\"article:published_time\" content=\"2015-09-12T03:00:31+00:00\" \/>\n<meta property=\"og:image\" content=\"http:\/\/www.adf.org.br\/home\/wp-content\/uploads\/2015\/09\/Kim-Davis-funcion\u00e1ria-de-um-Cart\u00f3rio-presa-por-se-recusar-a-ofender-gravemente-a-Deus..jpg\" \/>\n<meta name=\"twitter:card\" content=\"summary_large_image\" \/>\n<meta name=\"twitter:label1\" content=\"Escrito por\" \/>\n\t<meta name=\"twitter:data1\" content=\"luiz.fernando\" \/>\n\t<meta name=\"twitter:label2\" content=\"Est. tempo de leitura\" \/>\n\t<meta name=\"twitter:data2\" content=\"2 minutos\" \/>\n<script type=\"application\/ld+json\" class=\"yoast-schema-graph\">{\"@context\":\"https:\/\/schema.org\",\"@graph\":[{\"@type\":\"WebSite\",\"@id\":\"https:\/\/www.adf.org.br\/home\/#website\",\"url\":\"https:\/\/www.adf.org.br\/home\/\",\"name\":\"Associa\\u00e7\\u00e3o Devotos de F\\u00e1tima\",\"description\":\"Associa\\u00e7\\u00e3o Devotos de F\\u00e1tima\",\"potentialAction\":[{\"@type\":\"SearchAction\",\"target\":{\"@type\":\"EntryPoint\",\"urlTemplate\":\"https:\/\/www.adf.org.br\/home\/?s={search_term_string}\"},\"query-input\":\"required name=search_term_string\"}],\"inLanguage\":\"pt-BR\"},{\"@type\":\"ImageObject\",\"@id\":\"https:\/\/www.adf.org.br\/home\/pela-primeira-vez-nos-eua-uma-mulher-e-presa-por-defender-sua-fe-veja-o-que-aconteceu\/#primaryimage\",\"inLanguage\":\"pt-BR\",\"url\":\"http:\/\/www.adf.org.br\/home\/wp-content\/uploads\/2015\/09\/Kim-Davis-funcion\\u00e1ria-de-um-Cart\\u00f3rio-presa-por-se-recusar-a-ofender-gravemente-a-Deus..jpg\",\"contentUrl\":\"http:\/\/www.adf.org.br\/home\/wp-content\/uploads\/2015\/09\/Kim-Davis-funcion\\u00e1ria-de-um-Cart\\u00f3rio-presa-por-se-recusar-a-ofender-gravemente-a-Deus..jpg\"},{\"@type\":\"WebPage\",\"@id\":\"https:\/\/www.adf.org.br\/home\/pela-primeira-vez-nos-eua-uma-mulher-e-presa-por-defender-sua-fe-veja-o-que-aconteceu\/#webpage\",\"url\":\"https:\/\/www.adf.org.br\/home\/pela-primeira-vez-nos-eua-uma-mulher-e-presa-por-defender-sua-fe-veja-o-que-aconteceu\/\",\"name\":\"Pela primeira vez nos EUA: uma mulher \\u00e9 presa por defender sua F\\u00e9. Veja o que aconteceu: - Associa\\u00e7\\u00e3o Devotos de F\\u00e1tima\",\"isPartOf\":{\"@id\":\"https:\/\/www.adf.org.br\/home\/#website\"},\"primaryImageOfPage\":{\"@id\":\"https:\/\/www.adf.org.br\/home\/pela-primeira-vez-nos-eua-uma-mulher-e-presa-por-defender-sua-fe-veja-o-que-aconteceu\/#primaryimage\"},\"datePublished\":\"2015-09-12T03:00:31+00:00\",\"dateModified\":\"2015-09-12T03:00:31+00:00\",\"author\":{\"@id\":\"https:\/\/www.adf.org.br\/home\/#\/schema\/person\/4eb0499131c1962e974297eff367a715\"},\"breadcrumb\":{\"@id\":\"https:\/\/www.adf.org.br\/home\/pela-primeira-vez-nos-eua-uma-mulher-e-presa-por-defender-sua-fe-veja-o-que-aconteceu\/#breadcrumb\"},\"inLanguage\":\"pt-BR\",\"potentialAction\":[{\"@type\":\"ReadAction\",\"target\":[\"https:\/\/www.adf.org.br\/home\/pela-primeira-vez-nos-eua-uma-mulher-e-presa-por-defender-sua-fe-veja-o-que-aconteceu\/\"]}]},{\"@type\":\"BreadcrumbList\",\"@id\":\"https:\/\/www.adf.org.br\/home\/pela-primeira-vez-nos-eua-uma-mulher-e-presa-por-defender-sua-fe-veja-o-que-aconteceu\/#breadcrumb\",\"itemListElement\":[{\"@type\":\"ListItem\",\"position\":1,\"name\":\"Home\",\"item\":\"https:\/\/www.adf.org.br\/home\/\"},{\"@type\":\"ListItem\",\"position\":2,\"name\":\"Pela primeira vez nos EUA: uma mulher \\u00e9 presa por defender sua F\\u00e9. Veja o que aconteceu:\"}]},{\"@type\":\"Person\",\"@id\":\"https:\/\/www.adf.org.br\/home\/#\/schema\/person\/4eb0499131c1962e974297eff367a715\",\"name\":\"luiz.fernando\",\"image\":{\"@type\":\"ImageObject\",\"@id\":\"https:\/\/www.adf.org.br\/home\/#personlogo\",\"inLanguage\":\"pt-BR\",\"url\":\"https:\/\/secure.gravatar.com\/avatar\/4e9dcdc2a00e06e1d9189a84f6908f28?s=96&d=mm&r=g\",\"contentUrl\":\"https:\/\/secure.gravatar.com\/avatar\/4e9dcdc2a00e06e1d9189a84f6908f28?s=96&d=mm&r=g\",\"caption\":\"luiz.fernando\"},\"url\":\"https:\/\/www.adf.org.br\/home\/author\/luiz-fernando\/\"}]}<\/script>\n<!-- \/ Yoast SEO plugin. -->","yoast_head_json":{"title":"Pela primeira vez nos EUA: uma mulher \u00e9 presa por defender sua F\u00e9. Veja o que aconteceu: - Associa\u00e7\u00e3o Devotos de F\u00e1tima","robots":{"index":"index","follow":"follow","max-snippet":"max-snippet:-1","max-image-preview":"max-image-preview:large","max-video-preview":"max-video-preview:-1"},"canonical":"https:\/\/www.adf.org.br\/home\/pela-primeira-vez-nos-eua-uma-mulher-e-presa-por-defender-sua-fe-veja-o-que-aconteceu\/","og_locale":"pt_BR","og_type":"article","og_title":"Pela primeira vez nos EUA: uma mulher \u00e9 presa por defender sua F\u00e9. Veja o que aconteceu: - Associa\u00e7\u00e3o Devotos de F\u00e1tima","og_description":". Kim Davis, do Kentucky, que trabalha em cart\u00f3rio, recusou-se a fornecer licen\u00e7a de casamento para um casal gay, por ser contra seus princ\u00edpios crist\u00e3os. Na audi\u00eancia, ela falou de sua f\u00e9 crist\u00e3 e que &#8220;n\u00e3o se pode separar o cora\u00e7\u00e3o da alma&#8221;. Onde muitos bispos se rebaixaram, ela se levantou. O juiz, David Bunning, [&hellip;]","og_url":"https:\/\/www.adf.org.br\/home\/pela-primeira-vez-nos-eua-uma-mulher-e-presa-por-defender-sua-fe-veja-o-que-aconteceu\/","og_site_name":"Associa\u00e7\u00e3o Devotos de F\u00e1tima","article_published_time":"2015-09-12T03:00:31+00:00","og_image":[{"url":"http:\/\/www.adf.org.br\/home\/wp-content\/uploads\/2015\/09\/Kim-Davis-funcion\u00e1ria-de-um-Cart\u00f3rio-presa-por-se-recusar-a-ofender-gravemente-a-Deus..jpg"}],"twitter_card":"summary_large_image","twitter_misc":{"Escrito por":"luiz.fernando","Est. tempo de leitura":"2 minutos"},"schema":{"@context":"https:\/\/schema.org","@graph":[{"@type":"WebSite","@id":"https:\/\/www.adf.org.br\/home\/#website","url":"https:\/\/www.adf.org.br\/home\/","name":"Associa\u00e7\u00e3o Devotos de F\u00e1tima","description":"Associa\u00e7\u00e3o Devotos de F\u00e1tima","potentialAction":[{"@type":"SearchAction","target":{"@type":"EntryPoint","urlTemplate":"https:\/\/www.adf.org.br\/home\/?s={search_term_string}"},"query-input":"required name=search_term_string"}],"inLanguage":"pt-BR"},{"@type":"ImageObject","@id":"https:\/\/www.adf.org.br\/home\/pela-primeira-vez-nos-eua-uma-mulher-e-presa-por-defender-sua-fe-veja-o-que-aconteceu\/#primaryimage","inLanguage":"pt-BR","url":"http:\/\/www.adf.org.br\/home\/wp-content\/uploads\/2015\/09\/Kim-Davis-funcion\u00e1ria-de-um-Cart\u00f3rio-presa-por-se-recusar-a-ofender-gravemente-a-Deus..jpg","contentUrl":"http:\/\/www.adf.org.br\/home\/wp-content\/uploads\/2015\/09\/Kim-Davis-funcion\u00e1ria-de-um-Cart\u00f3rio-presa-por-se-recusar-a-ofender-gravemente-a-Deus..jpg"},{"@type":"WebPage","@id":"https:\/\/www.adf.org.br\/home\/pela-primeira-vez-nos-eua-uma-mulher-e-presa-por-defender-sua-fe-veja-o-que-aconteceu\/#webpage","url":"https:\/\/www.adf.org.br\/home\/pela-primeira-vez-nos-eua-uma-mulher-e-presa-por-defender-sua-fe-veja-o-que-aconteceu\/","name":"Pela primeira vez nos EUA: uma mulher \u00e9 presa por defender sua F\u00e9. Veja o que aconteceu: - Associa\u00e7\u00e3o Devotos de F\u00e1tima","isPartOf":{"@id":"https:\/\/www.adf.org.br\/home\/#website"},"primaryImageOfPage":{"@id":"https:\/\/www.adf.org.br\/home\/pela-primeira-vez-nos-eua-uma-mulher-e-presa-por-defender-sua-fe-veja-o-que-aconteceu\/#primaryimage"},"datePublished":"2015-09-12T03:00:31+00:00","dateModified":"2015-09-12T03:00:31+00:00","author":{"@id":"https:\/\/www.adf.org.br\/home\/#\/schema\/person\/4eb0499131c1962e974297eff367a715"},"breadcrumb":{"@id":"https:\/\/www.adf.org.br\/home\/pela-primeira-vez-nos-eua-uma-mulher-e-presa-por-defender-sua-fe-veja-o-que-aconteceu\/#breadcrumb"},"inLanguage":"pt-BR","potentialAction":[{"@type":"ReadAction","target":["https:\/\/www.adf.org.br\/home\/pela-primeira-vez-nos-eua-uma-mulher-e-presa-por-defender-sua-fe-veja-o-que-aconteceu\/"]}]},{"@type":"BreadcrumbList","@id":"https:\/\/www.adf.org.br\/home\/pela-primeira-vez-nos-eua-uma-mulher-e-presa-por-defender-sua-fe-veja-o-que-aconteceu\/#breadcrumb","itemListElement":[{"@type":"ListItem","position":1,"name":"Home","item":"https:\/\/www.adf.org.br\/home\/"},{"@type":"ListItem","position":2,"name":"Pela primeira vez nos EUA: uma mulher \u00e9 presa por defender sua F\u00e9. Veja o que aconteceu:"}]},{"@type":"Person","@id":"https:\/\/www.adf.org.br\/home\/#\/schema\/person\/4eb0499131c1962e974297eff367a715","name":"luiz.fernando","image":{"@type":"ImageObject","@id":"https:\/\/www.adf.org.br\/home\/#personlogo","inLanguage":"pt-BR","url":"https:\/\/secure.gravatar.com\/avatar\/4e9dcdc2a00e06e1d9189a84f6908f28?s=96&d=mm&r=g","contentUrl":"https:\/\/secure.gravatar.com\/avatar\/4e9dcdc2a00e06e1d9189a84f6908f28?s=96&d=mm&r=g","caption":"luiz.fernando"},"url":"https:\/\/www.adf.org.br\/home\/author\/luiz-fernando\/"}]}},"_links":{"self":[{"href":"https:\/\/www.adf.org.br\/home\/wp-json\/wp\/v2\/posts\/33791"}],"collection":[{"href":"https:\/\/www.adf.org.br\/home\/wp-json\/wp\/v2\/posts"}],"about":[{"href":"https:\/\/www.adf.org.br\/home\/wp-json\/wp\/v2\/types\/post"}],"author":[{"embeddable":true,"href":"https:\/\/www.adf.org.br\/home\/wp-json\/wp\/v2\/users\/12"}],"replies":[{"embeddable":true,"href":"https:\/\/www.adf.org.br\/home\/wp-json\/wp\/v2\/comments?post=33791"}],"version-history":[{"count":0,"href":"https:\/\/www.adf.org.br\/home\/wp-json\/wp\/v2\/posts\/33791\/revisions"}],"wp:attachment":[{"href":"https:\/\/www.adf.org.br\/home\/wp-json\/wp\/v2\/media?parent=33791"}],"wp:term":[{"taxonomy":"category","embeddable":true,"href":"https:\/\/www.adf.org.br\/home\/wp-json\/wp\/v2\/categories?post=33791"},{"taxonomy":"post_tag","embeddable":true,"href":"https:\/\/www.adf.org.br\/home\/wp-json\/wp\/v2\/tags?post=33791"}],"curies":[{"name":"wp","href":"https:\/\/api.w.org\/{rel}","templated":true}]}}