{"id":33778,"date":"2015-09-11T00:00:31","date_gmt":"2015-09-11T03:00:31","guid":{"rendered":"http:\/\/www.adf.org.br\/home\/?p=33778"},"modified":"2015-09-11T00:00:31","modified_gmt":"2015-09-11T03:00:31","slug":"veja-que-fantastico-cientistas-encontram-a-cidade-golias-o-gigante-que-desafiou-davi","status":"publish","type":"post","link":"https:\/\/www.adf.org.br\/home\/veja-que-fantastico-cientistas-encontram-a-cidade-golias-o-gigante-que-desafiou-davi\/","title":{"rendered":"Veja que fant\u00e1stico! Cientistas encontram a cidade Golias &#8211; o gigante que desafiou Davi."},"content":{"rendered":"<figure id=\"attachment_33780\" aria-describedby=\"caption-attachment-33780\" style=\"width: 512px\" class=\"wp-caption aligncenter\"><a href=\"http:\/\/www.adf.org.br\/home\/2015\/09\/veja-que-fantastico-cientistas-encontram-a-cidade-golias-o-gigante-que-desafiou-davi\/gate-um-altar-desenterrado-e-o-chefe-da-expedicao-prof-aren-maeir\/\" rel=\"attachment wp-att-33780\"><img loading=\"lazy\" class=\" wp-image-33780 \" title=\"Gate: um altar desenterrado e o chefe da expedi\u00e7\u00e3o prof. Aren Maeir.\" src=\"http:\/\/www.adf.org.br\/home\/wp-content\/uploads\/2015\/09\/Gate-um-altar-desenterrado-e-o-chefe-da-expedi\u00e7\u00e3o-prof.-Aren-Maeir..jpg\" alt=\"\" width=\"512\" height=\"439\" \/><\/a><figcaption id=\"caption-attachment-33780\" class=\"wp-caption-text\">Gate: um altar desenterrado e o chefe da expedi\u00e7\u00e3o prof. Aren Maeir.<\/figcaption><\/figure>\n<p><span style=\"font-family: verdana, geneva; font-size: medium; color: #ffffff;\">.<\/span><\/p>\n<p style=\"padding-left: 90px;\"><span style=\"font-size: large; color: #800080;\"><strong><span style=\"font-family: verdana, geneva;\">Gate, ou Get, a cidade de Golias, foi uma das maiores metr\u00f3poles da Filisteia, regi\u00e3o cont\u00edgua a Israel, hoje parte da faixa de Gaza.\u00a0<\/span><\/strong><\/span><\/p>\n<p><span style=\"font-family: verdana, geneva; font-size: medium; color: #000000;\">Gate estava ocupada desde o s\u00e9culo IX antes de Cristo. O Antigo Testamento tamb\u00e9m se refere a ela, s\u00f3 que com o nome de Golias.<\/span><\/p>\n<p><span style=\"font-family: verdana, geneva; font-size: medium; color: #000000;\">O mesmo nome do gigante nela nascido e que o jovem Davi, futuro rei de Israel, derrubou com sua funda e em seguida degolou com a espada.<\/span><\/p>\n<p><span style=\"font-family: verdana, geneva; font-size: medium; color: #000000;\">Os filisteus eram inimigos de morte dos israelitas e sua inimizade como que revive no atual conflito de Gaza. <\/span><\/p>\n<p><span style=\"font-family: verdana, geneva; font-size: medium; color: #000000;\"><a href=\"http:\/\/www.adf.org.br\/viasacra\/?origem=1025\" target=\"_blank\" rel=\"noopener noreferrer\">A Hist\u00f3ria se repete<\/a> e \u00e9 mestra da vida.<\/span><\/p>\n<p><span style=\"font-family: verdana, geneva; font-size: medium; color: #000000;\">Os eg\u00edpcios foram os primeiros a falar dos filisteus, incluindo-os entre os \u201cpovos do mar\u201d, levas de imigrantes que atravessaram o Mediterr\u00e2neo e desembarcaram no atual Egito. Tamb\u00e9m aqui a Hist\u00f3ria se repete.<\/span><\/p>\n<p><span style=\"font-family: verdana, geneva; font-size: medium; color: #000000;\">Por fim, o fara\u00f3 Rams\u00e9s III os derrotou e eles foram procurar terras costeiras perto de Israel, onde fundaram cinco cidades: Asdode, Ascal\u00e3o, Ecrom, Gaza e, a maior delas, Gate [= Get]. As cinco formaram a Pent\u00e1polis Filisteia.<\/span><\/p>\n<p><span style=\"font-family: verdana, geneva; font-size: medium; color: #000000;\">Os filisteus eram mestres na metalurgia, fato que conferia aos seus soldados uma grande superioridade.\u00a0<\/span><\/p>\n<p style=\"padding-left: 60px;\"><strong><span style=\"font-family: verdana, geneva; font-size: medium; color: #800080;\">Mas adoravam deuses perversos, entre eles Baal, mencionado na B\u00edblia como sin\u00f4nimo do dem\u00f4nio e de cujo nome deriva Belzebu.<\/span><\/strong><\/p>\n<p><span style=\"font-family: verdana, geneva; font-size: medium; color: #000000;\">Baal era representado e cultuado como um deus cruel, com raios na m\u00e3o pronto a fulminar e que exige <span style=\"text-decoration: underline;\">sacrif\u00edcios humanos, s\u00e1dicos ou obscenos<\/span>.\u00a0<\/span><\/p>\n<p style=\"padding-left: 60px;\"><strong><span style=\"font-family: verdana, geneva; font-size: medium; color: #800080;\">Crian\u00e7as de ambos os sexos eram queimadas em sacrif\u00edcios imoral\u00edssimos, durante os quais os sacerdotes se feriam com facas e punhais, em ritos sadomasoquistas. <\/span><\/strong><\/p>\n<p><span style=\"color: #ffffff;\">.<\/span><\/p>\n<p><span style=\"font-size: large;\"><strong><span style=\"font-family: verdana, geneva; color: #000000;\">A \u2018cultura da morte\u2019 da \u00e9poca&#8230;<\/span><\/strong><\/span><\/p>\n<p><span style=\"font-family: verdana, geneva; font-size: medium; color: #000000;\">Outros deuses eram\u00a0<em>Astarte\u00a0<\/em>\u2013 deusa da impureza e do erotismo,<br \/>\ninvocada pelo satanismo at\u00e9 nossos dias \u2013 e\u00a0<em>Dagon<\/em>, metade homem, metade peixe, de significado f\u00e1lico, cujo templo em Gaza foi destru\u00eddo<br \/>\npor Sans\u00e3o.<\/span><\/p>\n<p><span style=\"font-family: verdana, geneva; font-size: medium; color: #000000;\">Em 587 a.C. o rei caldeu Nabucodonosor \u2013 que conquistou Jerusal\u00e9m e levou seus habitantes escravos para Babil\u00f4nia \u2013 fez o mesmo com as cidades filisteias de Asdode, Ascal\u00e3o e Ecrom (Gate j\u00e1 havia sido destru\u00edda 200 anos antes).<\/span><\/p>\n<p><span style=\"font-family: verdana, geneva; font-size: medium; color: #000000;\">Os filisteus desapareceram da Hist\u00f3ria. Ainda n\u00e3o se sabe como e<br \/>\npor que. <\/span><\/p>\n<p><span style=\"font-family: verdana, geneva; font-size: medium; color: #000000;\">Acreditam alguns que teriam se dissolvido e misturado culturalmente com os caldeus durante a sua estadia na Babil\u00f4nia.<\/span><\/p>\n<p style=\"padding-left: 60px;\"><strong><span style=\"font-family: verdana, geneva; font-size: medium; color: #800080;\">Nada restou da Filisteia, pa\u00eds dominado por falsos \u00eddolos e governado por l\u00edderes do mal.<\/span><\/strong><\/p>\n<p><span style=\"font-family: verdana, geneva; font-size: medium; color: #000000;\">Aquele reinado prefigurou, sob muitos aspectos, o mundo moderno anticrist\u00e3o, ao qual talvez esteja reservada sorte semelhante.<\/span><\/p>\n<p><span style=\"font-family: verdana, geneva; font-size: medium; color: #000000;\">Arque\u00f3logos chefiados pelo professor Aren Maeir, da Universidade Bar-Ilan de Israel, julgam ter achado os fundamentos da impressionante urbe filisteia de Gate, de onde saiu Golias.<\/span><\/p>\n<p><span style=\"font-family: verdana, geneva; font-size: medium; color: #000000;\">\u201cSab\u00edamos que entre os s\u00e9culos X e IX a.C. a cidade filisteia de Gate era uma grande aglomera\u00e7\u00e3o, talvez a maior da regi\u00e3o naquela \u00e9poca. <\/span><\/p>\n<p><span style=\"font-family: verdana, geneva; font-size: medium; color: #000000;\">As monumentais fortifica\u00e7\u00f5es sublinham qu\u00e3o ampla e poderosa foi a cidade\u201d, disse Maeir ao site<\/span><span style=\"font-family: verdana, geneva; font-size: medium;\">\u00a0<\/span><span style=\"font-family: verdana, geneva; font-size: medium;\"><a href=\"http:\/\/www.livescience.com\/51737-goliath-city-gates-uncovered-israel.html\" target=\"_blank\" rel=\"noopener noreferrer\"><em>Live Scienc<\/em><\/a><\/span><span style=\"font-family: verdana, geneva; font-size: medium;\"><a href=\"http:\/\/www.livescience.com\/51737-goliath-city-gates-uncovered-israel.html\" target=\"_blank\" rel=\"noopener noreferrer\"><em>e<\/em><\/a><\/span><span style=\"font-family: verdana, geneva; font-size: medium; color: #000000;\">.<\/span><\/p>\n<p><span style=\"font-family: verdana, geneva; font-size: medium; color: #000000;\">Os arque\u00f3logos israelenses desenterraram um p\u00f3rtico em Tell es-Safi (ex-Gate), utilizado durante 5.000 anos at\u00e9 1948, quando uma aldeia \u00e1rabe existente no local foi abandonada, disse Maeir.<\/span><\/p>\n<p><span style=\"font-family: verdana, geneva; font-size: medium; color: #000000;\">Os arque\u00f3logos escavavam o local desde 1899, mas s\u00f3 nas \u00faltimas d\u00e9cadas se deram conta da import\u00e2ncia dos restos da Idade do Ferro<br \/>\nali encerrada.\u00a0<\/span><\/p>\n<p><span style=\"font-family: verdana, geneva; font-size: medium; color: #000000;\">As caracter\u00edsticas da cidade que est\u00e1 sendo exumada coincidem com as narra\u00e7\u00f5es b\u00edblicas acerca da hist\u00f3rica Gate da \u00e9poca dos reinos de Jud\u00e1<br \/>\ne Israel.\u00a0<\/span><\/p>\n<p><span style=\"font-family: verdana, geneva; font-size: medium; color: #000000;\">A equipe localizou a parte superior de uma porta monumental e das fortifica\u00e7\u00f5es.<\/span><\/p>\n<p><span style=\"font-family: verdana, geneva; font-size: medium; color: #000000;\">Mas elas s\u00e3o t\u00e3o gigantescas que levar\u00e1 v\u00e1rios anos para desenterr\u00e1-las por completo, disse Maeir.<\/span><\/p>\n<p><span style=\"font-family: verdana, geneva; font-size: medium; color: #000000;\">O topo, agora vis\u00edvel, dessas estruturas j\u00e1 permite conjecturar sua dimens\u00e3o total. Uma fortifica\u00e7\u00e3o t\u00e3o poderosa provavelmente visava desanimar o Reino de Jud\u00e1 de qualquer empresa de expans\u00e3o.\u00a0<\/span><\/p>\n<p><span style=\"font-family: verdana, geneva; font-size: medium; color: #000000;\">Perto da Porta Monumental foram encontrados, al\u00e9m dos objetos de ferro, um templo filisteu e pe\u00e7as de cer\u00e2mica t\u00edpicas de seu culto, nas quais se pode notar a influ\u00eancia da cultura judaica.<\/span><\/p>\n<p><span style=\"color: #ffffff;\">.<\/span><\/p>\n<p><span style=\"font-size: large; color: #000000;\"><strong><span style=\"font-family: verdana, geneva;\">O culto ao dem\u00f4nio<\/span><\/strong><\/span><\/p>\n<p><span style=\"font-family: verdana, geneva; font-size: medium; color: #000000;\">De fato, <a href=\"http:\/\/www.adf.org.br\/viasacra\/?origem=1025\" target=\"_blank\" rel=\"noopener noreferrer\">nos per\u00edodos de diminui\u00e7\u00e3o da f\u00e9<\/a>, o culto de Baal penetrou entre os judeus decadentes.<\/span><\/p>\n<p><span style=\"font-family: verdana, geneva; font-size: medium; color: #000000;\">Por obra da rainha Jezabel, esposa do rei Acab (entre 874 e 853 a.C.),<br \/>\no deus s\u00edmbolo do dem\u00f4nio chegou a ser cultuado no Templo de Jerusal\u00e9m.\u00a0<\/span><\/p>\n<p><span style=\"font-family: verdana, geneva; font-size: medium; color: #000000;\">Jezabel era fen\u00edcia de nascimento. Seu nome significa \u201cBaal \u00e9 marido de\u201d.<\/span><\/p>\n<p><span style=\"font-family: verdana, geneva; font-size: medium; color: #000000;\">Ela imp\u00f4s o culto de Baal e de Astarte e perseguiu os adoradores do verdadeiro Deus.<\/span><\/p>\n<p style=\"padding-left: 60px;\"><strong><span style=\"font-family: verdana, geneva; font-size: medium; color: #800080;\">Contra a idolatria e a profana\u00e7\u00e3o, \u201ccomo uma chama do fogo sagrado de indigna\u00e7\u00e3o\u201d levantou-se o Profeta Elias, cujo nome significa \u201co Senhor \u00e9 Deus!\u201d.<\/span><\/strong><\/p>\n<p><span style=\"font-family: verdana, geneva; font-size: medium; color: #000000;\">Ap\u00f3s vencer 700 cru\u00e9is sacerdotes de Baal em um duelo durante o qual fez descer fogo do c\u00e9u sobre o altar do sacrif\u00edcio no Monte Carmelo, Elias os degolou.<\/span><\/p>\n<p><span style=\"font-family: verdana, geneva; font-size: medium; color: #000000;\">Jehu, seu seguidor, jogou Jezabel pela janela e seu corpo foi disputado pelos cachorros da rua, como Elias profetizara. (II Reis 9, 10)<\/span><\/p>\n<p><span style=\"font-family: verdana, geneva; font-size: medium; color: #000000;\">Por\u00e9m, a not\u00edcia da descoberta dos restos de Gate nos remete para o combate b\u00edblico de David contra Golias.<\/span><\/p>\n<p><span style=\"color: #ffffff;\">.<\/span><\/p>\n<p><span style=\"font-size: large; color: #000000;\"><strong><span style=\"font-family: verdana, geneva;\">De onde veio o gigante Golias<\/span><\/strong><\/span><\/p>\n<p><span style=\"font-family: verdana, geneva; font-size: medium; color: #000000;\">Os arque\u00f3logos acham que realmente descobriram a cidade natal do gigante do mal em Israel, segundo o\u00a0<\/span><span style=\"font-family: verdana, geneva; font-size: medium;\"><a href=\"http:\/\/www.dailytelegraph.com.au\/technology\/science\/archaeologists-claim-to-have-found-the-lost-city-of-gath-home-to-goliath\/story-fnjwl0ds-1227482732271?nk=e245ba8141fed942733bf2c598503bcb-1440124688\" target=\"_blank\" rel=\"noopener noreferrer\"><em>Daily Telegraph<\/em><\/a><\/span><span style=\"font-family: verdana, geneva; font-size: medium; color: #000000;\">, de Londres.\u00a0<\/span><\/p>\n<p><span style=\"font-family: verdana, geneva; font-size: medium; color: #000000;\">A expedi\u00e7\u00e3o da Universidade de Bar-Ilan, conduzida pelo professor Aren Maeir, localizou os restos perdidos de Gate em escava\u00e7\u00f5es numa \u00e1rea dividida pelo conflito entre Palestina e Israel.<\/span><\/p>\n<p><span style=\"font-family: verdana, geneva; font-size: medium; color: #000000;\">Segundo o Antigo Testamento, Gate foi uma das cinco cidades que formavam a Pent\u00e1polis filisteia na Terra Santa, de onde veio Golias<br \/>\n(I Samuel 17, 4).\u00a0<\/span><\/p>\n<p><span style=\"font-family: verdana, geneva; font-size: medium; color: #000000;\">Para Louise Hitchcock, professora assistente da Universidade de Melbourne, Austr\u00e1lia, a descoberta do P\u00f3rtico de Entrada da cidade b\u00edblica foi um dos maiores achados j\u00e1 feitos por um investigador.<\/span><\/p>\n<blockquote><p><span style=\"font-family: verdana, geneva; font-size: medium; color: #000000;\">Acredita-se que esse p\u00f3rtico corresponde \u00e0 descri\u00e7\u00e3o das portas mencionadas no I Livro de Samuel, cap. 21:\u00a0<\/span><\/p>\n<p><span style=\"font-family: verdana, geneva; font-size: medium; color: #000000;\">10. Levantou-se Davi e prosseguiu sua fuga diante de Saul, indo para junto de Aquis, rei de Get [=Gate].<\/span><\/p>\n<p><span style=\"font-family: verdana, geneva; font-size: medium; color: #000000;\">11. Os servos de Aquis disseram ao rei: <a href=\"http:\/\/www.adf.org.br\/viasacra\/?origem=1025\" target=\"_blank\" rel=\"noopener noreferrer\">N\u00e3o \u00e9 este Davi, o rei da terra?<\/a> Aquele de quem cantavam em coro: Saul matou seus milhares, mas Davi seus dez milhares?<\/span><\/p>\n<p><span style=\"font-family: verdana, geneva; font-size: medium; color: #000000;\">12. Davi, impressionado com essas palavras, teve medo de Aquis, rei de Get [=Gate].<\/span><\/p>\n<p><span style=\"font-family: verdana, geneva; font-size: medium; color: #000000;\">13. Simulou loucura diante deles, comportando-se como demente: tamborilava nos batentes da porta e deixava correr saliva pela barba.<\/span><\/p><\/blockquote>\n<p><span style=\"font-family: verdana, geneva; font-size: medium; color: #000000;\">A professora Hitchcock acrescentou que fez uma s\u00e9rie de outras descobertas que convergem com essa teoria. Inclusive uma inscri\u00e7\u00e3o do nome Golias, de templos filisteus, altares e objetos rituais.<\/span><\/p>\n<p><span style=\"font-family: verdana, geneva; font-size: medium; color: #ffffff;\">.<\/span><\/p>\n<p style=\"text-align: center;\"><span style=\"font-family: verdana, geneva; font-size: medium; color: #000000;\"><strong>* \u00a0 * \u00a0 *<\/strong><\/span><\/p>\n<p style=\"text-align: center;\"><span style=\"font-family: verdana, geneva; font-size: medium; color: #ffffff;\">.<\/span><\/p>\n<p style=\"text-align: center;\"><span style=\"color: #000000;\"><strong><span style=\"font-size: large; font-family: verdana, geneva;\">Medite com esta bel\u00edssima grava\u00e7\u00e3o da Via Sacra!<\/span><\/strong><\/span><\/p>\n<p style=\"text-align: center;\"><strong><span style=\"font-size: large; font-family: verdana, geneva;\"><span style=\"color: #ff0000;\">\u00c9 comprovado:<\/span> <span style=\"color: #000000;\">por meio dela pode se alcan\u00e7ar<br \/>\ngrandes gra\u00e7as.<\/span><\/span><\/strong><\/p>\n<p style=\"text-align: center;\"><span style=\"color: #ffffff;\">.<\/span><\/p>\n<p style=\"text-align: center;\"><a href=\"http:\/\/www.adf.org.br\/viasacra\/?origem=1025\"><img loading=\"lazy\" class=\"aligncenter size-full wp-image-33779\" title=\"Clique aqui e veja como receber um CD da Via Sacra!\" src=\"http:\/\/www.adf.org.br\/home\/wp-content\/uploads\/2015\/09\/cd-via-sacra-p-quaresma.jpg\" alt=\"\" width=\"440\" height=\"170\" \/><\/a><\/p>\n<p style=\"text-align: center;\"><span style=\"font-family: verdana, geneva; font-size: medium; color: #ffffff;\">.<\/span><\/p>\n<p><span style=\"font-family: verdana, geneva; font-size: medium; color: #000000;\"><em>Fonte:<\/em><\/span><span style=\"font-family: verdana, geneva; font-size: medium;\"><em><a href=\"http:\/\/cienciaconfirmaigreja.blogspot.com.br\/2015\/08\/desenterrado-o-portico-de-acesso-cidade.html\" target=\"_blank\" rel=\"noopener noreferrer\">\u00a0http:\/\/cienciaconfirmaigreja.blogspot.com.br\/<\/a><\/em><\/span><\/p>\n","protected":false},"excerpt":{"rendered":"<p>. Gate, ou Get, a cidade de Golias, foi uma das maiores metr\u00f3poles da Filisteia, regi\u00e3o cont\u00edgua a Israel, hoje parte da faixa de Gaza.\u00a0 Gate estava ocupada desde o s\u00e9culo IX antes de Cristo. O Antigo Testamento tamb\u00e9m se refere a ela, s\u00f3 que com o nome de Golias. O mesmo nome do gigante [&hellip;]<\/p>\n","protected":false},"author":12,"featured_media":0,"comment_status":"open","ping_status":"open","sticky":false,"template":"","format":"standard","meta":[],"categories":[20],"tags":[1910,1911,1912,1913,1914,1915,1916,1917],"yoast_head":"<!-- This site is optimized with the Yoast SEO plugin v17.4 - https:\/\/yoast.com\/wordpress\/plugins\/seo\/ -->\n<title>Veja que fant\u00e1stico! Cientistas encontram a cidade Golias - o gigante que desafiou Davi. - Associa\u00e7\u00e3o Devotos de F\u00e1tima<\/title>\n<meta name=\"robots\" content=\"index, follow, max-snippet:-1, max-image-preview:large, max-video-preview:-1\" \/>\n<link rel=\"canonical\" href=\"https:\/\/www.adf.org.br\/home\/veja-que-fantastico-cientistas-encontram-a-cidade-golias-o-gigante-que-desafiou-davi\/\" \/>\n<meta property=\"og:locale\" content=\"pt_BR\" \/>\n<meta property=\"og:type\" content=\"article\" \/>\n<meta property=\"og:title\" content=\"Veja que fant\u00e1stico! Cientistas encontram a cidade Golias - o gigante que desafiou Davi. - Associa\u00e7\u00e3o Devotos de F\u00e1tima\" \/>\n<meta property=\"og:description\" content=\". Gate, ou Get, a cidade de Golias, foi uma das maiores metr\u00f3poles da Filisteia, regi\u00e3o cont\u00edgua a Israel, hoje parte da faixa de Gaza.\u00a0 Gate estava ocupada desde o s\u00e9culo IX antes de Cristo. O Antigo Testamento tamb\u00e9m se refere a ela, s\u00f3 que com o nome de Golias. O mesmo nome do gigante [&hellip;]\" \/>\n<meta property=\"og:url\" content=\"https:\/\/www.adf.org.br\/home\/veja-que-fantastico-cientistas-encontram-a-cidade-golias-o-gigante-que-desafiou-davi\/\" \/>\n<meta property=\"og:site_name\" content=\"Associa\u00e7\u00e3o Devotos de F\u00e1tima\" \/>\n<meta property=\"article:published_time\" content=\"2015-09-11T03:00:31+00:00\" \/>\n<meta property=\"og:image\" content=\"http:\/\/www.adf.org.br\/home\/wp-content\/uploads\/2015\/09\/Gate-um-altar-desenterrado-e-o-chefe-da-expedi\u00e7\u00e3o-prof.-Aren-Maeir..jpg\" \/>\n<meta name=\"twitter:card\" content=\"summary_large_image\" \/>\n<meta name=\"twitter:label1\" content=\"Escrito por\" \/>\n\t<meta name=\"twitter:data1\" content=\"luiz.fernando\" \/>\n\t<meta name=\"twitter:label2\" content=\"Est. tempo de leitura\" \/>\n\t<meta name=\"twitter:data2\" content=\"6 minutos\" \/>\n<script type=\"application\/ld+json\" class=\"yoast-schema-graph\">{\"@context\":\"https:\/\/schema.org\",\"@graph\":[{\"@type\":\"WebSite\",\"@id\":\"https:\/\/www.adf.org.br\/home\/#website\",\"url\":\"https:\/\/www.adf.org.br\/home\/\",\"name\":\"Associa\\u00e7\\u00e3o Devotos de F\\u00e1tima\",\"description\":\"Associa\\u00e7\\u00e3o Devotos de F\\u00e1tima\",\"potentialAction\":[{\"@type\":\"SearchAction\",\"target\":{\"@type\":\"EntryPoint\",\"urlTemplate\":\"https:\/\/www.adf.org.br\/home\/?s={search_term_string}\"},\"query-input\":\"required name=search_term_string\"}],\"inLanguage\":\"pt-BR\"},{\"@type\":\"ImageObject\",\"@id\":\"https:\/\/www.adf.org.br\/home\/veja-que-fantastico-cientistas-encontram-a-cidade-golias-o-gigante-que-desafiou-davi\/#primaryimage\",\"inLanguage\":\"pt-BR\",\"url\":\"http:\/\/www.adf.org.br\/home\/wp-content\/uploads\/2015\/09\/Gate-um-altar-desenterrado-e-o-chefe-da-expedi\\u00e7\\u00e3o-prof.-Aren-Maeir..jpg\",\"contentUrl\":\"http:\/\/www.adf.org.br\/home\/wp-content\/uploads\/2015\/09\/Gate-um-altar-desenterrado-e-o-chefe-da-expedi\\u00e7\\u00e3o-prof.-Aren-Maeir..jpg\"},{\"@type\":\"WebPage\",\"@id\":\"https:\/\/www.adf.org.br\/home\/veja-que-fantastico-cientistas-encontram-a-cidade-golias-o-gigante-que-desafiou-davi\/#webpage\",\"url\":\"https:\/\/www.adf.org.br\/home\/veja-que-fantastico-cientistas-encontram-a-cidade-golias-o-gigante-que-desafiou-davi\/\",\"name\":\"Veja que fant\\u00e1stico! Cientistas encontram a cidade Golias - o gigante que desafiou Davi. - Associa\\u00e7\\u00e3o Devotos de F\\u00e1tima\",\"isPartOf\":{\"@id\":\"https:\/\/www.adf.org.br\/home\/#website\"},\"primaryImageOfPage\":{\"@id\":\"https:\/\/www.adf.org.br\/home\/veja-que-fantastico-cientistas-encontram-a-cidade-golias-o-gigante-que-desafiou-davi\/#primaryimage\"},\"datePublished\":\"2015-09-11T03:00:31+00:00\",\"dateModified\":\"2015-09-11T03:00:31+00:00\",\"author\":{\"@id\":\"https:\/\/www.adf.org.br\/home\/#\/schema\/person\/4eb0499131c1962e974297eff367a715\"},\"breadcrumb\":{\"@id\":\"https:\/\/www.adf.org.br\/home\/veja-que-fantastico-cientistas-encontram-a-cidade-golias-o-gigante-que-desafiou-davi\/#breadcrumb\"},\"inLanguage\":\"pt-BR\",\"potentialAction\":[{\"@type\":\"ReadAction\",\"target\":[\"https:\/\/www.adf.org.br\/home\/veja-que-fantastico-cientistas-encontram-a-cidade-golias-o-gigante-que-desafiou-davi\/\"]}]},{\"@type\":\"BreadcrumbList\",\"@id\":\"https:\/\/www.adf.org.br\/home\/veja-que-fantastico-cientistas-encontram-a-cidade-golias-o-gigante-que-desafiou-davi\/#breadcrumb\",\"itemListElement\":[{\"@type\":\"ListItem\",\"position\":1,\"name\":\"Home\",\"item\":\"https:\/\/www.adf.org.br\/home\/\"},{\"@type\":\"ListItem\",\"position\":2,\"name\":\"Veja que fant\\u00e1stico! Cientistas encontram a cidade Golias &#8211; o gigante que desafiou Davi.\"}]},{\"@type\":\"Person\",\"@id\":\"https:\/\/www.adf.org.br\/home\/#\/schema\/person\/4eb0499131c1962e974297eff367a715\",\"name\":\"luiz.fernando\",\"image\":{\"@type\":\"ImageObject\",\"@id\":\"https:\/\/www.adf.org.br\/home\/#personlogo\",\"inLanguage\":\"pt-BR\",\"url\":\"https:\/\/secure.gravatar.com\/avatar\/4e9dcdc2a00e06e1d9189a84f6908f28?s=96&d=mm&r=g\",\"contentUrl\":\"https:\/\/secure.gravatar.com\/avatar\/4e9dcdc2a00e06e1d9189a84f6908f28?s=96&d=mm&r=g\",\"caption\":\"luiz.fernando\"},\"url\":\"https:\/\/www.adf.org.br\/home\/author\/luiz-fernando\/\"}]}<\/script>\n<!-- \/ Yoast SEO plugin. -->","yoast_head_json":{"title":"Veja que fant\u00e1stico! Cientistas encontram a cidade Golias - o gigante que desafiou Davi. - Associa\u00e7\u00e3o Devotos de F\u00e1tima","robots":{"index":"index","follow":"follow","max-snippet":"max-snippet:-1","max-image-preview":"max-image-preview:large","max-video-preview":"max-video-preview:-1"},"canonical":"https:\/\/www.adf.org.br\/home\/veja-que-fantastico-cientistas-encontram-a-cidade-golias-o-gigante-que-desafiou-davi\/","og_locale":"pt_BR","og_type":"article","og_title":"Veja que fant\u00e1stico! Cientistas encontram a cidade Golias - o gigante que desafiou Davi. - Associa\u00e7\u00e3o Devotos de F\u00e1tima","og_description":". Gate, ou Get, a cidade de Golias, foi uma das maiores metr\u00f3poles da Filisteia, regi\u00e3o cont\u00edgua a Israel, hoje parte da faixa de Gaza.\u00a0 Gate estava ocupada desde o s\u00e9culo IX antes de Cristo. O Antigo Testamento tamb\u00e9m se refere a ela, s\u00f3 que com o nome de Golias. O mesmo nome do gigante [&hellip;]","og_url":"https:\/\/www.adf.org.br\/home\/veja-que-fantastico-cientistas-encontram-a-cidade-golias-o-gigante-que-desafiou-davi\/","og_site_name":"Associa\u00e7\u00e3o Devotos de F\u00e1tima","article_published_time":"2015-09-11T03:00:31+00:00","og_image":[{"url":"http:\/\/www.adf.org.br\/home\/wp-content\/uploads\/2015\/09\/Gate-um-altar-desenterrado-e-o-chefe-da-expedi\u00e7\u00e3o-prof.-Aren-Maeir..jpg"}],"twitter_card":"summary_large_image","twitter_misc":{"Escrito por":"luiz.fernando","Est. tempo de leitura":"6 minutos"},"schema":{"@context":"https:\/\/schema.org","@graph":[{"@type":"WebSite","@id":"https:\/\/www.adf.org.br\/home\/#website","url":"https:\/\/www.adf.org.br\/home\/","name":"Associa\u00e7\u00e3o Devotos de F\u00e1tima","description":"Associa\u00e7\u00e3o Devotos de F\u00e1tima","potentialAction":[{"@type":"SearchAction","target":{"@type":"EntryPoint","urlTemplate":"https:\/\/www.adf.org.br\/home\/?s={search_term_string}"},"query-input":"required name=search_term_string"}],"inLanguage":"pt-BR"},{"@type":"ImageObject","@id":"https:\/\/www.adf.org.br\/home\/veja-que-fantastico-cientistas-encontram-a-cidade-golias-o-gigante-que-desafiou-davi\/#primaryimage","inLanguage":"pt-BR","url":"http:\/\/www.adf.org.br\/home\/wp-content\/uploads\/2015\/09\/Gate-um-altar-desenterrado-e-o-chefe-da-expedi\u00e7\u00e3o-prof.-Aren-Maeir..jpg","contentUrl":"http:\/\/www.adf.org.br\/home\/wp-content\/uploads\/2015\/09\/Gate-um-altar-desenterrado-e-o-chefe-da-expedi\u00e7\u00e3o-prof.-Aren-Maeir..jpg"},{"@type":"WebPage","@id":"https:\/\/www.adf.org.br\/home\/veja-que-fantastico-cientistas-encontram-a-cidade-golias-o-gigante-que-desafiou-davi\/#webpage","url":"https:\/\/www.adf.org.br\/home\/veja-que-fantastico-cientistas-encontram-a-cidade-golias-o-gigante-que-desafiou-davi\/","name":"Veja que fant\u00e1stico! Cientistas encontram a cidade Golias - o gigante que desafiou Davi. - Associa\u00e7\u00e3o Devotos de F\u00e1tima","isPartOf":{"@id":"https:\/\/www.adf.org.br\/home\/#website"},"primaryImageOfPage":{"@id":"https:\/\/www.adf.org.br\/home\/veja-que-fantastico-cientistas-encontram-a-cidade-golias-o-gigante-que-desafiou-davi\/#primaryimage"},"datePublished":"2015-09-11T03:00:31+00:00","dateModified":"2015-09-11T03:00:31+00:00","author":{"@id":"https:\/\/www.adf.org.br\/home\/#\/schema\/person\/4eb0499131c1962e974297eff367a715"},"breadcrumb":{"@id":"https:\/\/www.adf.org.br\/home\/veja-que-fantastico-cientistas-encontram-a-cidade-golias-o-gigante-que-desafiou-davi\/#breadcrumb"},"inLanguage":"pt-BR","potentialAction":[{"@type":"ReadAction","target":["https:\/\/www.adf.org.br\/home\/veja-que-fantastico-cientistas-encontram-a-cidade-golias-o-gigante-que-desafiou-davi\/"]}]},{"@type":"BreadcrumbList","@id":"https:\/\/www.adf.org.br\/home\/veja-que-fantastico-cientistas-encontram-a-cidade-golias-o-gigante-que-desafiou-davi\/#breadcrumb","itemListElement":[{"@type":"ListItem","position":1,"name":"Home","item":"https:\/\/www.adf.org.br\/home\/"},{"@type":"ListItem","position":2,"name":"Veja que fant\u00e1stico! Cientistas encontram a cidade Golias &#8211; o gigante que desafiou Davi."}]},{"@type":"Person","@id":"https:\/\/www.adf.org.br\/home\/#\/schema\/person\/4eb0499131c1962e974297eff367a715","name":"luiz.fernando","image":{"@type":"ImageObject","@id":"https:\/\/www.adf.org.br\/home\/#personlogo","inLanguage":"pt-BR","url":"https:\/\/secure.gravatar.com\/avatar\/4e9dcdc2a00e06e1d9189a84f6908f28?s=96&d=mm&r=g","contentUrl":"https:\/\/secure.gravatar.com\/avatar\/4e9dcdc2a00e06e1d9189a84f6908f28?s=96&d=mm&r=g","caption":"luiz.fernando"},"url":"https:\/\/www.adf.org.br\/home\/author\/luiz-fernando\/"}]}},"_links":{"self":[{"href":"https:\/\/www.adf.org.br\/home\/wp-json\/wp\/v2\/posts\/33778"}],"collection":[{"href":"https:\/\/www.adf.org.br\/home\/wp-json\/wp\/v2\/posts"}],"about":[{"href":"https:\/\/www.adf.org.br\/home\/wp-json\/wp\/v2\/types\/post"}],"author":[{"embeddable":true,"href":"https:\/\/www.adf.org.br\/home\/wp-json\/wp\/v2\/users\/12"}],"replies":[{"embeddable":true,"href":"https:\/\/www.adf.org.br\/home\/wp-json\/wp\/v2\/comments?post=33778"}],"version-history":[{"count":0,"href":"https:\/\/www.adf.org.br\/home\/wp-json\/wp\/v2\/posts\/33778\/revisions"}],"wp:attachment":[{"href":"https:\/\/www.adf.org.br\/home\/wp-json\/wp\/v2\/media?parent=33778"}],"wp:term":[{"taxonomy":"category","embeddable":true,"href":"https:\/\/www.adf.org.br\/home\/wp-json\/wp\/v2\/categories?post=33778"},{"taxonomy":"post_tag","embeddable":true,"href":"https:\/\/www.adf.org.br\/home\/wp-json\/wp\/v2\/tags?post=33778"}],"curies":[{"name":"wp","href":"https:\/\/api.w.org\/{rel}","templated":true}]}}