{"id":33735,"date":"2015-09-08T00:00:36","date_gmt":"2015-09-08T03:00:36","guid":{"rendered":"http:\/\/www.adf.org.br\/home\/?p=33735"},"modified":"2015-09-08T00:00:36","modified_gmt":"2015-09-08T03:00:36","slug":"duas-horas-de-viagem-para-comprar-um-frango-conheca-as-maravilhas-do-socialismo","status":"publish","type":"post","link":"https:\/\/www.adf.org.br\/home\/duas-horas-de-viagem-para-comprar-um-frango-conheca-as-maravilhas-do-socialismo\/","title":{"rendered":"Duas horas de viagem para comprar um frango&#8230; Conhe\u00e7a as &#8220;maravilhas&#8221; do Socialismo:"},"content":{"rendered":"<figure id=\"attachment_33736\" aria-describedby=\"caption-attachment-33736\" style=\"width: 288px\" class=\"wp-caption aligncenter\"><a href=\"http:\/\/www.adf.org.br\/home\/2015\/09\/duas-horas-de-viagem-para-comprar-um-frango-conheca-as-maravilhas-do-socialismo\/aguardando-no-supermercado-bicentenario-onze-horas-de-fila\/\" rel=\"attachment wp-att-33736\"><img loading=\"lazy\" class=\" wp-image-33736 \" title=\"Aguardando no supermercado Bicenten\u00e1rio: onze horas de fila!\" src=\"http:\/\/www.adf.org.br\/home\/wp-content\/uploads\/2015\/09\/Aguardando-no-supermercado-Bicentenario-onze-horas-de-fila.jpg\" alt=\"\" width=\"288\" height=\"512\" \/><\/a><figcaption id=\"caption-attachment-33736\" class=\"wp-caption-text\">Aguardando no supermercado Bicenten\u00e1rio: onze horas de fila!<\/figcaption><\/figure>\n<p style=\"text-align: right;\"><span style=\"color: #ffffff;\">.<\/span><\/p>\n<p style=\"text-align: right;\"><span style=\"font-size: medium; font-family: verdana, geneva; color: #000000;\"><em>Luis Dufaur<\/em><\/span><\/p>\n<p style=\"text-align: right;\"><span style=\"font-size: medium; font-family: verdana, geneva; color: #ffffff;\">.<\/span><\/p>\n<p style=\"text-align: left; padding-left: 90px;\"><span style=\"color: #800080;\"><strong><span style=\"font-size: large; font-family: verdana, geneva;\">O calv\u00e1rio de Carla Aguirre come\u00e7a \u00e0s 6:00<br \/>\nda manh\u00e3.<\/span><\/strong><\/span><\/p>\n<p style=\"text-align: left;\"><span style=\"font-size: medium; font-family: verdana, geneva; color: #000000;\">Ele \u00e9 bem conhecido dos cidad\u00e3os venezuelanos, mas tamb\u00e9m dos cubanos e outrora dos homens escravizados detr\u00e1s da Cortina de<br \/>\nFerro sovi\u00e9tica.<\/span><\/p>\n<p style=\"text-align: left;\"><span style=\"font-size: medium; font-family: verdana, geneva; color: #000000;\">Filas, filas, filas&#8230; para obter o b\u00e1sico e \u00e0s vezes voltar para casa com as m\u00e3os vazias. Carla procura carne na rede de alimentos do governo chamada\u00a0<em>Mercal<\/em>, em La Trinidad, Caracas.\u00a0<\/span><\/p>\n<p style=\"text-align: left;\"><span style=\"font-size: medium; font-family: verdana, geneva; color: #000000;\">Ela n\u00e3o pode pegar sua filha na escola, pois fica esperando sob o sol, obedecendo \u00e0s ordens dos militares.<\/span><\/p>\n<p style=\"text-align: left;\"><span style=\"font-size: medium; font-family: verdana, geneva; color: #000000;\">Ela ganha pouco mais de um m\u00ednimo, equivalente a R$ 4.248,30 pela cota\u00e7\u00e3o oficial, mas que no paralelo s\u00f3 representa R$ 39,60, contou o jornal<\/span><span style=\"font-size: medium; font-family: verdana, geneva;\"><em><strong><a href=\"http:\/\/www.elmundo.es\/internacional\/2015\/08\/02\/55be3c77268e3e863e8b4578.html\" target=\"_blank\" rel=\"noopener noreferrer\">\u00a0El Mundo<\/a>\u00a0<\/strong><\/em><\/span><span style=\"font-size: medium; font-family: verdana, geneva; color: #000000;\">de Madri.\u00a0<\/span><\/p>\n<p style=\"text-align: left;\"><span style=\"font-size: medium; font-family: verdana, geneva; color: #000000;\">\u201cEu moro com duas pessoas que n\u00e3o trabalham: minha filha e minha m\u00e3e. Compramos perto de tr\u00eas quilos de carne cada quinze dias\u201d.<\/span><\/p>\n<p style=\"text-align: left; padding-left: 60px;\"><strong><span style=\"font-size: medium; font-family: verdana, geneva; color: #800080;\">Se ela comprasse num supermercado particular os seis quilos de carne que sua fam\u00edlia consome por m\u00eas, gastaria todo o seu ordenado.<\/span><\/strong><\/p>\n<p style=\"text-align: left;\"><span style=\"font-size: medium; font-family: verdana, geneva; color: #000000;\">Quando chegou seu turno, por volta das 16 horas, as prateleiras estavam desertas. O pessoal tinha levado tudo o que podia.<\/span><\/p>\n<p style=\"text-align: left;\"><span style=\"font-size: medium; font-family: verdana, geneva; color: #000000;\">S\u00f3 ficava carne mo\u00edda de segunda qualidade e o cheiro no local era nauseabundo. As prateleiras congeladas estavam cheias de sangue.<\/span><\/p>\n<p style=\"text-align: left;\"><span style=\"font-size: medium; font-family: verdana, geneva; color: #000000;\">Por cima delas, numa parede <\/span><span style=\"font-size: medium; font-family: verdana, geneva;\"><a href=\"http:\/\/oratoriodamedalhamilagrosa.org.br\/home\/acenda-sua-vela-30\/?origem=1025\" target=\"_blank\" rel=\"noopener noreferrer\">tamb\u00e9m manchada de sangue<\/a><\/span><span style=\"font-size: medium; font-family: verdana, geneva; color: #000000;\">, reinava<br \/>\numa foto do presidente Nicol\u00e1s Maduro e outra de \u201cseu pai espiritual\u201d, Hugo Ch\u00e1vez.<\/span><\/p>\n<p style=\"text-align: left;\"><span style=\"color: #ffffff;\">.<\/span><\/p>\n<p style=\"text-align: left;\"><span style=\"color: #000000;\"><strong><span style=\"font-family: verdana, geneva; font-size: large;\">Voc\u00ea viajaria duas horas para comprar um frango?<\/span><\/strong><\/span><\/p>\n<p style=\"text-align: left;\"><span style=\"font-size: medium; font-family: verdana, geneva; color: #000000;\">Carla \u00e9 uma cidad\u00e3 do socialismo do s\u00e9culo XXI no ano da miseric\u00f3rdia do Senhor de 2015, quando a Teologia da Liberta\u00e7\u00e3o lan\u00e7a sua derradeira ofensiva contra os ricos capitalistas.<\/span><\/p>\n<p style=\"text-align: left;\"><span style=\"font-size: medium; font-family: verdana, geneva; color: #000000;\">Na semana anterior, um jovem morreu durante o saque de um mercadinho na cidade de San F\u00e9lix, estado de Bol\u00edvar, sudeste do pa\u00eds.<\/span><\/p>\n<p style=\"text-align: left;\"><span style=\"font-size: medium; font-family: verdana, geneva; color: #000000;\">O presidente Maduro, mais uma vez, n\u00e3o teve vergonha e p\u00f4s a culpa na \u201cdireita que recebe ordens dos EUA\u201d.<\/span><\/p>\n<p style=\"text-align: left;\"><span style=\"font-size: medium; font-family: verdana, geneva; color: #000000;\">Segundo o\u00a0<em>Centro de Documentaci\u00f3n y An\u00e1lisis Social<\/em>, pelo fim do ano a infla\u00e7\u00e3o ter\u00e1 atingido 200%. Outras fontes falam de at\u00e9 500%.\u00a0<\/span><\/p>\n<p style=\"text-align: left;\"><span style=\"font-size: medium; font-family: verdana, geneva; color: #000000;\">Em qualquer caso, a disparada da infla\u00e7\u00e3o tornou irris\u00f3rio o valor das notas, mesmo as que t\u00eam maior de face. Isso obriga os cidad\u00e3os a carregar muitas para a vida di\u00e1ria.<\/span><\/p>\n<p style=\"text-align: left;\"><span style=\"font-size: medium; font-family: verdana, geneva; color: #000000;\">No Brasil, a\u00a0<\/span><span style=\"font-size: medium; font-family: verdana, geneva;\"><a href=\"http:\/\/economia.uol.com.br\/financas-pessoais\/noticias\/redacao\/2015\/07\/01\/em-21-anos-real-perde-poder-de-compra-e-nota-de-r-100-vale-agora-r-1990.htm\" target=\"_blank\" rel=\"noopener noreferrer\"><em><strong>UOL economia<\/strong><\/em><\/a><\/span><span style=\"font-size: medium; font-family: verdana, geneva; color: #000000;\">\u00a0estima que o valor de uma nota de 100 reais em 21 anos encolheu para efetivos R$19,90.\u00a0<\/span><\/p>\n<p style=\"text-align: left;\"><span style=\"font-size: medium; font-family: verdana, geneva; color: #000000;\">Mas na Venezuela, a pulveriza\u00e7\u00e3o do valor do dinheiro aconteceu em breves anos bolivarianos. O governo aduz que falta papel no pa\u00eds.<\/span><\/p>\n<p style=\"text-align: left; padding-left: 60px;\"><strong><span style=\"color: #800080;\"><span style=\"font-size: medium; font-family: verdana, geneva;\">A maior parte dos alimentos \u00e9 importada, pois o socialismo arruinou a agropecu\u00e1ria e fecha as f\u00e1bricas dos particulares \u201ccapitalistas\u201d e \u201cinimigos do povo\u201d.<\/span><\/span><\/strong><\/p>\n<p style=\"text-align: left;\"><span style=\"font-size: medium; font-family: verdana, geneva; color: #000000;\">Sabrina \u2013 n\u00e3o declinou seu sobrenome \u2013 foi fazer compras numa<br \/>\nter\u00e7a-feira.<\/span><\/p>\n<p style=\"text-align: left;\"><span style=\"font-size: medium; font-family: verdana, geneva; color: #000000;\"> \u00c9 quando est\u00e1 autorizada pelo \u00faltimo n\u00famero de sua carteira de identidade para comprar artigos b\u00e1sicos, como farinha, leite, shampoo, papel higi\u00eanico e outros itens, todos racionados.<\/span><\/p>\n<p style=\"text-align: left;\"><span style=\"font-size: medium; font-family: verdana, geneva; color: #000000;\">Em alguns postos \u00e9 preciso deixar a impress\u00e3o digital.\u00a0<\/span><\/p>\n<p style=\"text-align: left;\"><span style=\"font-size: medium; font-family: verdana, geneva; color: #000000;\">A especula\u00e7\u00e3o grassa sob os olhares c\u00famplices dos agentes bolivarianos.<\/span><\/p>\n<p style=\"text-align: left;\"><span style=\"font-size: medium; font-family: verdana, geneva; color: #000000;\">O mesmo shampoo controlado pelo governo, que quando existe na prateleira \u00e9 vendido por 100 bol\u00edvares, custa 600 no mercado paralelo.<\/span><\/p>\n<p style=\"text-align: left;\"><span style=\"font-size: medium; font-family: verdana, geneva; color: #000000;\">No supermercado\u00a0<em>Bicentenario\u00a0<\/em>de Las Mercedes, em Caracas, o jornalista de El Mundo de Madri n\u00e3o p\u00f4de usar a c\u00e2mera.<\/span><\/p>\n<p style=\"text-align: left;\"><span style=\"font-size: medium; font-family: verdana, geneva; color: #000000;\">\u201cSe tirares fotos, cairemos encima na pedrada. N\u00f3s somos chavistas. Maduro \u00e9 quem nos traz a comida\u201d, advertiu uma militante idosa que fazia fila desde as 6 da manh\u00e3 (e j\u00e1 era por volta das 17 horas).<\/span><\/p>\n<p style=\"text-align: left;\"><span style=\"font-size: medium; font-family: verdana, geneva; color: #000000;\">Na rua, a poucos metros do supermercado, as pessoas tinham coragem de falar. Tr\u00eas mulheres viajaram duas horas para comprar uma sacola de frango, leite, arroz, massa, atum e farinha.\u00a0<\/span><\/p>\n<p style=\"text-align: left;\"><span style=\"font-size: medium; font-family: verdana, geneva; color: #000000;\">Em San Antonio de los Altos, contavam elas, \u201cn\u00e3o h\u00e1 nada. \u00c0s vezes a gente viaja desde as 4 da manh\u00e3, chega e n\u00e3o tem frango,<\/span><span style=\"font-size: medium; font-family: verdana, geneva;\"><a href=\"http:\/\/oratoriodamedalhamilagrosa.org.br\/home\/acenda-sua-vela-30\/?origem=1025\" target=\"_blank\" rel=\"noopener noreferrer\"> a gente perde o dia<\/a><\/span><span style=\"font-size: medium; font-family: verdana, geneva; color: #000000;\">\u201d, explicou Rosario Mart\u00ednez.\u00a0<\/span><\/p>\n<p style=\"text-align: left;\"><span style=\"color: #ffffff;\">.<\/span><\/p>\n<p style=\"text-align: left;\"><span style=\"color: #000000;\"><strong><span style=\"font-size: large; font-family: verdana, geneva;\">E o sal\u00e1rio n\u00e3o d\u00e1 nem para comprar o b\u00e1sico&#8230;<\/span><\/strong><\/span><\/p>\n<p style=\"text-align: left;\"><span style=\"font-size: medium; font-family: verdana, geneva; color: #000000;\">Jacqueline Acosta, cabeleireira do centro comercial onde est\u00e1 o supermercado<em>Bicentenario<\/em>, contou que quando as pessoas perdem a paci\u00eancia, \u201ccome\u00e7am a quebrar as vidra\u00e7as. Hoje eu deveria atender mais de 20 senhoras, mas s\u00f3 atendi duas. Elas t\u00eam medo de vir\u201d.<\/span><\/p>\n<p style=\"text-align: left;\"><span style=\"font-size: medium; font-family: verdana, geneva; color: #000000;\">Naief Al Kuntar tem um filho, Gael, de apenas 3 meses, hospitalizado na terapia intensiva do hospital\u00a0<em>Miguel P\u00e9rez Carre\u00f1o<\/em>, em Caracas.<\/span><\/p>\n<p style=\"text-align: left;\"><span style=\"font-size: medium; font-family: verdana, geneva; color: #000000;\">Todos os dias Naief percorre as farm\u00e1cias da capital para procurar coisas b\u00e1sicas como um antibi\u00f3tico, porque <\/span><span style=\"font-size: medium; font-family: verdana, geneva;\"><a href=\"http:\/\/oratoriodamedalhamilagrosa.org.br\/home\/acenda-sua-vela-30\/?origem=1025\" target=\"_blank\" rel=\"noopener noreferrer\">n\u00e3o h\u00e1 no hospital.<\/a><\/span><\/p>\n<p style=\"text-align: left;\"><span style=\"font-size: medium; font-family: verdana, geneva; color: #000000;\">Seu ordenado n\u00e3o \u00e9 suficiente para pagar os rem\u00e9dios do filho. Nos hospitais n\u00e3o h\u00e1 material para exames.<\/span><\/p>\n<p><span style=\"font-size: medium; font-family: verdana, geneva; color: #000000;\">\u201cDesde que o beb\u00ea ficou doente, tivemos que deixar de ir ao cinema. O dinheiro agora d\u00e1 apenas para alimentar a fam\u00edlia, mas a infla\u00e7\u00e3o cresce a cada semana\u201d, explica.<\/span><\/p>\n<p style=\"text-align: left;\"><span style=\"font-size: medium; font-family: verdana, geneva; color: #000000;\">Numa farm\u00e1cia foi poss\u00edvel encontrar um vidro importado de \u00d4mega 3 pelo pre\u00e7o de meio sal\u00e1rio m\u00ednimo.\u00a0<\/span><\/p>\n<p style=\"text-align: left; padding-left: 60px;\"><strong><span style=\"color: #800080;\"><span style=\"font-size: medium; font-family: verdana, geneva;\">Nas altas esferas do lulopetismo, a Venezuela vai pelo bom caminho: o da vetusta e fracassada URSS.<\/span><\/span><\/strong><\/p>\n<p style=\"text-align: center;\"><span style=\"color: #ffffff;\">.<\/span><\/p>\n<p style=\"text-align: center;\"><span style=\"font-size: medium; font-family: verdana, geneva;\"><strong>* \u00a0 * \u00a0 *<\/strong><\/span><\/p>\n<p><span style=\"font-size: medium; font-family: verdana, geneva; color: #ffffff;\">.<\/span><\/p>\n<p><span style=\"font-size: medium; font-family: verdana, geneva;\"><em><span style=\"color: #000000;\">Fonte:<\/span>\u00a0<a href=\"http:\/\/esta-acontecendo.blogspot.com.br\/2015\/08\/socialismo-venezuelano-onde-se-geme-de.html\" target=\"_blank\" rel=\"noopener noreferrer\">http:\/\/esta-acontecendo.blogspot.com.br\/<\/a><\/em><\/span><\/p>\n<p><span style=\"font-size: medium; font-family: verdana, geneva; color: #ffffff;\">.<\/span><\/p>\n<p style=\"text-align: center;\"><span style=\"font-family: verdana, geneva; font-size: large; color: #000000;\">Acenda uma Vela Virtual para que o Comunismo n\u00e3o se espalhe ainda mais na Am\u00e9rica Latina:<\/span><\/p>\n<p><a href=\"http:\/\/oratoriodamedalhamilagrosa.org.br\/home\/acenda-sua-vela-30\/?origem=1025\"><img loading=\"lazy\" class=\"aligncenter size-full wp-image-33743\" title=\"Clique aqui para acender uma Vela Virtual!\" src=\"http:\/\/www.adf.org.br\/home\/wp-content\/uploads\/2015\/09\/Bot\u00e3o-Clique-aqui.jpg\" alt=\"\" width=\"352\" height=\"113\" \/><\/a><\/p>\n<p style=\"text-align: center;\"><span style=\"color: #ffffff;\">.<\/span><\/p>\n","protected":false},"excerpt":{"rendered":"<p>. Luis Dufaur . O calv\u00e1rio de Carla Aguirre come\u00e7a \u00e0s 6:00 da manh\u00e3. Ele \u00e9 bem conhecido dos cidad\u00e3os venezuelanos, mas tamb\u00e9m dos cubanos e outrora dos homens escravizados detr\u00e1s da Cortina de Ferro sovi\u00e9tica. Filas, filas, filas&#8230; para obter o b\u00e1sico e \u00e0s vezes voltar para casa com as m\u00e3os vazias. Carla procura [&hellip;]<\/p>\n","protected":false},"author":12,"featured_media":0,"comment_status":"open","ping_status":"open","sticky":false,"template":"","format":"standard","meta":[],"categories":[20],"tags":[81,1905,1906,274,1907,275],"yoast_head":"<!-- This site is optimized with the Yoast SEO plugin v17.4 - https:\/\/yoast.com\/wordpress\/plugins\/seo\/ -->\n<title>Duas horas de viagem para comprar um frango... Conhe\u00e7a as &quot;maravilhas&quot; do Socialismo: - Associa\u00e7\u00e3o Devotos de F\u00e1tima<\/title>\n<meta name=\"robots\" content=\"index, follow, max-snippet:-1, max-image-preview:large, max-video-preview:-1\" \/>\n<link rel=\"canonical\" href=\"https:\/\/www.adf.org.br\/home\/duas-horas-de-viagem-para-comprar-um-frango-conheca-as-maravilhas-do-socialismo\/\" \/>\n<meta property=\"og:locale\" content=\"pt_BR\" \/>\n<meta property=\"og:type\" content=\"article\" \/>\n<meta property=\"og:title\" content=\"Duas horas de viagem para comprar um frango... Conhe\u00e7a as &quot;maravilhas&quot; do Socialismo: - Associa\u00e7\u00e3o Devotos de F\u00e1tima\" \/>\n<meta property=\"og:description\" content=\". Luis Dufaur . O calv\u00e1rio de Carla Aguirre come\u00e7a \u00e0s 6:00 da manh\u00e3. Ele \u00e9 bem conhecido dos cidad\u00e3os venezuelanos, mas tamb\u00e9m dos cubanos e outrora dos homens escravizados detr\u00e1s da Cortina de Ferro sovi\u00e9tica. Filas, filas, filas&#8230; para obter o b\u00e1sico e \u00e0s vezes voltar para casa com as m\u00e3os vazias. Carla procura [&hellip;]\" \/>\n<meta property=\"og:url\" content=\"https:\/\/www.adf.org.br\/home\/duas-horas-de-viagem-para-comprar-um-frango-conheca-as-maravilhas-do-socialismo\/\" \/>\n<meta property=\"og:site_name\" content=\"Associa\u00e7\u00e3o Devotos de F\u00e1tima\" \/>\n<meta property=\"article:published_time\" content=\"2015-09-08T03:00:36+00:00\" \/>\n<meta property=\"og:image\" content=\"http:\/\/www.adf.org.br\/home\/wp-content\/uploads\/2015\/09\/Aguardando-no-supermercado-Bicentenario-onze-horas-de-fila.jpg\" \/>\n<meta name=\"twitter:card\" content=\"summary_large_image\" \/>\n<meta name=\"twitter:label1\" content=\"Escrito por\" \/>\n\t<meta name=\"twitter:data1\" content=\"luiz.fernando\" \/>\n\t<meta name=\"twitter:label2\" content=\"Est. tempo de leitura\" \/>\n\t<meta name=\"twitter:data2\" content=\"4 minutos\" \/>\n<script type=\"application\/ld+json\" class=\"yoast-schema-graph\">{\"@context\":\"https:\/\/schema.org\",\"@graph\":[{\"@type\":\"WebSite\",\"@id\":\"https:\/\/www.adf.org.br\/home\/#website\",\"url\":\"https:\/\/www.adf.org.br\/home\/\",\"name\":\"Associa\\u00e7\\u00e3o Devotos de F\\u00e1tima\",\"description\":\"Associa\\u00e7\\u00e3o Devotos de F\\u00e1tima\",\"potentialAction\":[{\"@type\":\"SearchAction\",\"target\":{\"@type\":\"EntryPoint\",\"urlTemplate\":\"https:\/\/www.adf.org.br\/home\/?s={search_term_string}\"},\"query-input\":\"required name=search_term_string\"}],\"inLanguage\":\"pt-BR\"},{\"@type\":\"ImageObject\",\"@id\":\"https:\/\/www.adf.org.br\/home\/duas-horas-de-viagem-para-comprar-um-frango-conheca-as-maravilhas-do-socialismo\/#primaryimage\",\"inLanguage\":\"pt-BR\",\"url\":\"http:\/\/www.adf.org.br\/home\/wp-content\/uploads\/2015\/09\/Aguardando-no-supermercado-Bicentenario-onze-horas-de-fila.jpg\",\"contentUrl\":\"http:\/\/www.adf.org.br\/home\/wp-content\/uploads\/2015\/09\/Aguardando-no-supermercado-Bicentenario-onze-horas-de-fila.jpg\"},{\"@type\":\"WebPage\",\"@id\":\"https:\/\/www.adf.org.br\/home\/duas-horas-de-viagem-para-comprar-um-frango-conheca-as-maravilhas-do-socialismo\/#webpage\",\"url\":\"https:\/\/www.adf.org.br\/home\/duas-horas-de-viagem-para-comprar-um-frango-conheca-as-maravilhas-do-socialismo\/\",\"name\":\"Duas horas de viagem para comprar um frango... Conhe\\u00e7a as \\\"maravilhas\\\" do Socialismo: - Associa\\u00e7\\u00e3o Devotos de F\\u00e1tima\",\"isPartOf\":{\"@id\":\"https:\/\/www.adf.org.br\/home\/#website\"},\"primaryImageOfPage\":{\"@id\":\"https:\/\/www.adf.org.br\/home\/duas-horas-de-viagem-para-comprar-um-frango-conheca-as-maravilhas-do-socialismo\/#primaryimage\"},\"datePublished\":\"2015-09-08T03:00:36+00:00\",\"dateModified\":\"2015-09-08T03:00:36+00:00\",\"author\":{\"@id\":\"https:\/\/www.adf.org.br\/home\/#\/schema\/person\/4eb0499131c1962e974297eff367a715\"},\"breadcrumb\":{\"@id\":\"https:\/\/www.adf.org.br\/home\/duas-horas-de-viagem-para-comprar-um-frango-conheca-as-maravilhas-do-socialismo\/#breadcrumb\"},\"inLanguage\":\"pt-BR\",\"potentialAction\":[{\"@type\":\"ReadAction\",\"target\":[\"https:\/\/www.adf.org.br\/home\/duas-horas-de-viagem-para-comprar-um-frango-conheca-as-maravilhas-do-socialismo\/\"]}]},{\"@type\":\"BreadcrumbList\",\"@id\":\"https:\/\/www.adf.org.br\/home\/duas-horas-de-viagem-para-comprar-um-frango-conheca-as-maravilhas-do-socialismo\/#breadcrumb\",\"itemListElement\":[{\"@type\":\"ListItem\",\"position\":1,\"name\":\"Home\",\"item\":\"https:\/\/www.adf.org.br\/home\/\"},{\"@type\":\"ListItem\",\"position\":2,\"name\":\"Duas horas de viagem para comprar um frango&#8230; Conhe\\u00e7a as &#8220;maravilhas&#8221; do Socialismo:\"}]},{\"@type\":\"Person\",\"@id\":\"https:\/\/www.adf.org.br\/home\/#\/schema\/person\/4eb0499131c1962e974297eff367a715\",\"name\":\"luiz.fernando\",\"image\":{\"@type\":\"ImageObject\",\"@id\":\"https:\/\/www.adf.org.br\/home\/#personlogo\",\"inLanguage\":\"pt-BR\",\"url\":\"https:\/\/secure.gravatar.com\/avatar\/4e9dcdc2a00e06e1d9189a84f6908f28?s=96&d=mm&r=g\",\"contentUrl\":\"https:\/\/secure.gravatar.com\/avatar\/4e9dcdc2a00e06e1d9189a84f6908f28?s=96&d=mm&r=g\",\"caption\":\"luiz.fernando\"},\"url\":\"https:\/\/www.adf.org.br\/home\/author\/luiz-fernando\/\"}]}<\/script>\n<!-- \/ Yoast SEO plugin. -->","yoast_head_json":{"title":"Duas horas de viagem para comprar um frango... Conhe\u00e7a as \"maravilhas\" do Socialismo: - Associa\u00e7\u00e3o Devotos de F\u00e1tima","robots":{"index":"index","follow":"follow","max-snippet":"max-snippet:-1","max-image-preview":"max-image-preview:large","max-video-preview":"max-video-preview:-1"},"canonical":"https:\/\/www.adf.org.br\/home\/duas-horas-de-viagem-para-comprar-um-frango-conheca-as-maravilhas-do-socialismo\/","og_locale":"pt_BR","og_type":"article","og_title":"Duas horas de viagem para comprar um frango... Conhe\u00e7a as \"maravilhas\" do Socialismo: - Associa\u00e7\u00e3o Devotos de F\u00e1tima","og_description":". Luis Dufaur . O calv\u00e1rio de Carla Aguirre come\u00e7a \u00e0s 6:00 da manh\u00e3. Ele \u00e9 bem conhecido dos cidad\u00e3os venezuelanos, mas tamb\u00e9m dos cubanos e outrora dos homens escravizados detr\u00e1s da Cortina de Ferro sovi\u00e9tica. Filas, filas, filas&#8230; para obter o b\u00e1sico e \u00e0s vezes voltar para casa com as m\u00e3os vazias. Carla procura [&hellip;]","og_url":"https:\/\/www.adf.org.br\/home\/duas-horas-de-viagem-para-comprar-um-frango-conheca-as-maravilhas-do-socialismo\/","og_site_name":"Associa\u00e7\u00e3o Devotos de F\u00e1tima","article_published_time":"2015-09-08T03:00:36+00:00","og_image":[{"url":"http:\/\/www.adf.org.br\/home\/wp-content\/uploads\/2015\/09\/Aguardando-no-supermercado-Bicentenario-onze-horas-de-fila.jpg"}],"twitter_card":"summary_large_image","twitter_misc":{"Escrito por":"luiz.fernando","Est. tempo de leitura":"4 minutos"},"schema":{"@context":"https:\/\/schema.org","@graph":[{"@type":"WebSite","@id":"https:\/\/www.adf.org.br\/home\/#website","url":"https:\/\/www.adf.org.br\/home\/","name":"Associa\u00e7\u00e3o Devotos de F\u00e1tima","description":"Associa\u00e7\u00e3o Devotos de F\u00e1tima","potentialAction":[{"@type":"SearchAction","target":{"@type":"EntryPoint","urlTemplate":"https:\/\/www.adf.org.br\/home\/?s={search_term_string}"},"query-input":"required name=search_term_string"}],"inLanguage":"pt-BR"},{"@type":"ImageObject","@id":"https:\/\/www.adf.org.br\/home\/duas-horas-de-viagem-para-comprar-um-frango-conheca-as-maravilhas-do-socialismo\/#primaryimage","inLanguage":"pt-BR","url":"http:\/\/www.adf.org.br\/home\/wp-content\/uploads\/2015\/09\/Aguardando-no-supermercado-Bicentenario-onze-horas-de-fila.jpg","contentUrl":"http:\/\/www.adf.org.br\/home\/wp-content\/uploads\/2015\/09\/Aguardando-no-supermercado-Bicentenario-onze-horas-de-fila.jpg"},{"@type":"WebPage","@id":"https:\/\/www.adf.org.br\/home\/duas-horas-de-viagem-para-comprar-um-frango-conheca-as-maravilhas-do-socialismo\/#webpage","url":"https:\/\/www.adf.org.br\/home\/duas-horas-de-viagem-para-comprar-um-frango-conheca-as-maravilhas-do-socialismo\/","name":"Duas horas de viagem para comprar um frango... Conhe\u00e7a as \"maravilhas\" do Socialismo: - Associa\u00e7\u00e3o Devotos de F\u00e1tima","isPartOf":{"@id":"https:\/\/www.adf.org.br\/home\/#website"},"primaryImageOfPage":{"@id":"https:\/\/www.adf.org.br\/home\/duas-horas-de-viagem-para-comprar-um-frango-conheca-as-maravilhas-do-socialismo\/#primaryimage"},"datePublished":"2015-09-08T03:00:36+00:00","dateModified":"2015-09-08T03:00:36+00:00","author":{"@id":"https:\/\/www.adf.org.br\/home\/#\/schema\/person\/4eb0499131c1962e974297eff367a715"},"breadcrumb":{"@id":"https:\/\/www.adf.org.br\/home\/duas-horas-de-viagem-para-comprar-um-frango-conheca-as-maravilhas-do-socialismo\/#breadcrumb"},"inLanguage":"pt-BR","potentialAction":[{"@type":"ReadAction","target":["https:\/\/www.adf.org.br\/home\/duas-horas-de-viagem-para-comprar-um-frango-conheca-as-maravilhas-do-socialismo\/"]}]},{"@type":"BreadcrumbList","@id":"https:\/\/www.adf.org.br\/home\/duas-horas-de-viagem-para-comprar-um-frango-conheca-as-maravilhas-do-socialismo\/#breadcrumb","itemListElement":[{"@type":"ListItem","position":1,"name":"Home","item":"https:\/\/www.adf.org.br\/home\/"},{"@type":"ListItem","position":2,"name":"Duas horas de viagem para comprar um frango&#8230; Conhe\u00e7a as &#8220;maravilhas&#8221; do Socialismo:"}]},{"@type":"Person","@id":"https:\/\/www.adf.org.br\/home\/#\/schema\/person\/4eb0499131c1962e974297eff367a715","name":"luiz.fernando","image":{"@type":"ImageObject","@id":"https:\/\/www.adf.org.br\/home\/#personlogo","inLanguage":"pt-BR","url":"https:\/\/secure.gravatar.com\/avatar\/4e9dcdc2a00e06e1d9189a84f6908f28?s=96&d=mm&r=g","contentUrl":"https:\/\/secure.gravatar.com\/avatar\/4e9dcdc2a00e06e1d9189a84f6908f28?s=96&d=mm&r=g","caption":"luiz.fernando"},"url":"https:\/\/www.adf.org.br\/home\/author\/luiz-fernando\/"}]}},"_links":{"self":[{"href":"https:\/\/www.adf.org.br\/home\/wp-json\/wp\/v2\/posts\/33735"}],"collection":[{"href":"https:\/\/www.adf.org.br\/home\/wp-json\/wp\/v2\/posts"}],"about":[{"href":"https:\/\/www.adf.org.br\/home\/wp-json\/wp\/v2\/types\/post"}],"author":[{"embeddable":true,"href":"https:\/\/www.adf.org.br\/home\/wp-json\/wp\/v2\/users\/12"}],"replies":[{"embeddable":true,"href":"https:\/\/www.adf.org.br\/home\/wp-json\/wp\/v2\/comments?post=33735"}],"version-history":[{"count":0,"href":"https:\/\/www.adf.org.br\/home\/wp-json\/wp\/v2\/posts\/33735\/revisions"}],"wp:attachment":[{"href":"https:\/\/www.adf.org.br\/home\/wp-json\/wp\/v2\/media?parent=33735"}],"wp:term":[{"taxonomy":"category","embeddable":true,"href":"https:\/\/www.adf.org.br\/home\/wp-json\/wp\/v2\/categories?post=33735"},{"taxonomy":"post_tag","embeddable":true,"href":"https:\/\/www.adf.org.br\/home\/wp-json\/wp\/v2\/tags?post=33735"}],"curies":[{"name":"wp","href":"https:\/\/api.w.org\/{rel}","templated":true}]}}