{"id":33584,"date":"2015-08-28T00:00:18","date_gmt":"2015-08-28T03:00:18","guid":{"rendered":"http:\/\/www.adf.org.br\/home\/?p=33584"},"modified":"2015-08-28T00:00:18","modified_gmt":"2015-08-28T03:00:18","slug":"entenda-o-risco-que-a-familia-catolica-corre-neste-proximo-sinodo-conferencia-do-papa","status":"publish","type":"post","link":"https:\/\/www.adf.org.br\/home\/entenda-o-risco-que-a-familia-catolica-corre-neste-proximo-sinodo-conferencia-do-papa\/","title":{"rendered":"Entenda o risco que a Fam\u00edlia Cat\u00f3lica corre neste pr\u00f3ximo S\u00ednodo (confer\u00eancia) do Papa:"},"content":{"rendered":"<figure id=\"attachment_33586\" aria-describedby=\"caption-attachment-33586\" style=\"width: 486px\" class=\"wp-caption aligncenter\"><a href=\"http:\/\/www.adf.org.br\/home\/2015\/08\/entenda-o-risco-que-a-familia-catolica-corre-neste-proximo-sinodo-conferencia-do-papa\/cardiais-e-bispos-afileiram-se-na-primeira-secao-da-basilica-de-sao-pedro-durante-a-missa-de-abertura-do-sinodo-extraordinario-sobre-a-familia-em-outubro-de-2014\/\" rel=\"attachment wp-att-33586\"><img loading=\"lazy\" class=\" wp-image-33586 \" title=\"Cardiais e Bispos afileiram-se na primeira se\u00e7\u00e3o da Bas\u00edlica de S\u00e3o Pedro durante a Missa de abertura do S\u00ednodo Extraordin\u00e1rio sobre a Fam\u00edlia, em outubro de 2014.\" src=\"http:\/\/www.adf.org.br\/home\/wp-content\/uploads\/2015\/08\/Cardiais-e-Bispos-afileiram-se-na-primeira-se\u00e7\u00e3o-da-Bas\u00edlica-de-S\u00e3o-Pedro-durante-a-Missa-de-abertura-do-S\u00ednodo-Extraordin\u00e1rio-sobre-a-Fam\u00edlia-em-outubro-de-2014..jpg\" alt=\"\" width=\"486\" height=\"300\" \/><\/a><figcaption id=\"caption-attachment-33586\" class=\"wp-caption-text\">Cardiais e Bispos afileiram-se na primeira se\u00e7\u00e3o da Bas\u00edlica de S\u00e3o Pedro durante a Missa de abertura do S\u00ednodo Extraordin\u00e1rio sobre a Fam\u00edlia, em outubro de 2014.<\/figcaption><\/figure>\n<p style=\"padding-left: 90px;\"><span style=\"color: #ffffff;\">.<\/span><\/p>\n<p style=\"padding-left: 90px;\"><span style=\"font-size: medium; color: #800080;\"><strong><span style=\"font-family: verdana, geneva;\">A Voz da Fam\u00edlia (\u201cVoice of the Family\u201d), uma coaliz\u00e3o leiga internacional formada pelas principais organiza\u00e7\u00f5es pr\u00f3-vida e pr\u00f3-fam\u00edlia, <\/span><\/strong><\/span><\/p>\n<p><span style=\"font-family: verdana, geneva; color: #000000;\">Alertou para o fato de que o\u00a0documento preparat\u00f3rio do Vaticano\u00a0para o S\u00ednodo de outubro sobre a Fam\u00edlia \u201camea\u00e7a toda a estrutura da doutrina cat\u00f3lica sobre o matrim\u00f4nio, a fam\u00edlia e a sexualidade humana.\u201d <\/span><\/p>\n<p><span style=\"font-family: verdana, geneva; color: #000000;\">Em uma\u00a0an\u00e1lise abrangente\u00a0do documento\u00a0<em>Instrumentum Laboris<\/em>,\u00a0de 77 p\u00e1ginas, do Vaticano, a Voz da Fam\u00edlia aponta diversos pontos em que omiss\u00f5es e ambiguidade na reda\u00e7\u00e3o do texto est\u00e3o conduzindo para <a href=\"http:\/\/www.adf.org.br\/filialsuplica\/?origem=1025\" target=\"_blank\" rel=\"noopener noreferrer\">um caminho perigoso para a f\u00e9 e para a fam\u00edlia.<\/a><\/span><\/p>\n<p style=\"padding-left: 60px;\"><strong><span style=\"font-family: verdana, geneva; color: #3366ff;\">A estrat\u00e9gia\u00a0de introduzir ambiguidades nos textos foi revelada pelo Cardeal Walter Kasper, figura central do S\u00ednodo, que lan\u00e7ou a pol\u00eamica com suas propostas para a comunh\u00e3o a cat\u00f3licos divorciados e recasados. <\/span><\/strong><\/p>\n<p><span style=\"font-family: verdana, geneva; color: #000000;\">Em uma\u00a0entrevista na EWTN\u00a0com\u00a0Raymond Arroyo, em junho, ele divulgou uma abordagem para superar a oposi\u00e7\u00e3o crescente aos seus planos heterodoxos.<\/span><\/p>\n<p><span style=\"font-family: verdana, geneva; color: #000000;\">\u201cRecebo muitas anu\u00eancias, mas tamb\u00e9m muitas cr\u00edticas, e h\u00e1 tens\u00f5es\u201d, Kasper reconheceu. \u201cAgora, proponho aos que prepararam o S\u00ednodo que elaborem um texto que obtenha a aceita\u00e7\u00e3o\u00a0de todo mundo, da grande maioria. <\/span><\/p>\n<p style=\"padding-left: 60px;\"><strong><span style=\"font-family: verdana, geneva; color: #800080;\">\u00c9 o mesmo m\u00e9todo que tivemos no Conc\u00edlio [Vaticano II]\u201d. <\/span><\/strong><\/p>\n<p><span style=\"font-family: verdana, geneva; color: #000000;\">Posteriormente, ele repetiu: \u201cMinha sugest\u00e3o \u00e9 encontrar agora uma f\u00f3rmula em que a grande maioria possa aderir\u201d.<\/span><\/p>\n<p><span style=\"font-family: verdana, geneva; color: #000000;\">O Conc\u00edlio Vaticano II\u00a0tamb\u00e9m se deparou com desafios tanto \u00e0 doutrina quanto \u00e0 pr\u00e1tica cat\u00f3lica tradicional, que foram contestadas por grande n\u00famero de bispos. <\/span><\/p>\n<p><span style=\"font-family: verdana, geneva; color: #000000;\">Apesar da oposi\u00e7\u00e3o, muitos itens da ordem do dia dos bispos ultraliberais foram contemplados\u00a0pelo uso de <a href=\"http:\/\/www.adf.org.br\/filialsuplica\/?origem=1025\" target=\"_blank\" rel=\"noopener noreferrer\">linguagem frequentemente vaga, amb\u00edgua e at\u00e9 mesmo aparentemente conflitante<\/a>, que parece agradar a ambos os lados. <\/span><\/p>\n<p><span style=\"font-family: verdana, geneva; color: #000000;\">Mais tarde, essas express\u00f5es foram chamadas de \u201cbombas rel\u00f3gio\u201d, que alguns te\u00f3logos puderam explorar ap\u00f3s o Conc\u00edlio com a finalidade de minar a doutrina tradicional da Igreja.<\/span><\/p>\n<p><span style=\"font-family: verdana, geneva; color: #000000;\">A\u00a0an\u00e1lise da Voz da Fam\u00edlia\u00a0explica que \u201cest\u00e1 claro que o\u00a0<em>Instrumentum Laboris<\/em>\u00a0deixa de afirmar claramente a doutrina cat\u00f3lica, mas, antes, atrav\u00e9s de termos amb\u00edguos a mina gravemente.\u201d<\/span><\/p>\n<p><span style=\"font-family: verdana, geneva; color: #000000;\">John Smeaton, co-fundador da Voz da Fam\u00edlia, disse: \u201cO documento mina a doutrina da\u00a0Humanae Vitae\u00a0sobre contracep\u00e7\u00e3o.\u201d <\/span><\/p>\n<p><span style=\"font-family: verdana, geneva; color: #000000;\">A\u00a0an\u00e1lise cr\u00edtica\u00a0de 19 p\u00e1ginas do\u00a0<em>Instrumentum Laboris<\/em>\u00a0escrita por Matthew McCusker, da Voz da Fam\u00edlia, observa que o documento preparat\u00f3rio do Vaticano para o S\u00ednodo \u201crecusa-se a utilizar a palavra \u00a0\u2018contracep\u00e7\u00e3o\u2019 ou a fazer qualquer refer\u00eancia a qualquer m\u00e9todo contraceptivo;<\/span><\/p>\n<p><span style=\"font-family: verdana, geneva; color: #000000;\">Apesar das consequ\u00eancias devastadoras do uso de <a href=\"http:\/\/www.adf.org.br\/home\/2015\/08\/se-fosse-moda-tomar-veneno-voce-tomaria-entao-porque-tantas-mulheres-tomam-este\/\" target=\"_blank\" rel=\"noopener noreferrer\">contraceptivos<\/a> em muitas \u00e1reas da vida humana, n\u00e3o menos importante que o assassinato de crian\u00e7as nascituras por m\u00e9todos abortivos.\u201d<\/span><\/p>\n<p><span style=\"color: #ffffff;\">.<\/span><\/p>\n<p><span style=\"font-family: verdana, geneva; color: #000000; font-size: medium;\"><strong>Revolu\u00e7\u00e3o, no pior sentido da palavra&#8230;.<\/strong><\/span><\/p>\n<p><span style=\"font-family: verdana, geneva; color: #000000;\">Mais do que isso, o\u00a0<em>Instrumentum Laboris<\/em>\u00a0deturpa a Humanae Vitae, deixando de fora o fato de que ela condena a contracep\u00e7\u00e3o. <\/span><\/p>\n<p><span style=\"font-family: verdana, geneva; color: #000000;\">O documento sinodal declara que os \u201cdois pontos principais\u201d da enc\u00edclica s\u00e3o primeiramente sobre o papel de consci\u00eancia e, em segundo lugar, \u201cuma norma moral objetiva\u201d, sem nunca definir essa norma moral.<\/span><\/p>\n<p style=\"padding-left: 60px;\"><strong><span style=\"font-family: verdana, geneva; color: #3366ff;\"> \u2013 Ou seja, a Humanae Vitae declara moralmente inadmiss\u00edvel \u201cqualquer a\u00e7\u00e3o \u2014 antes, durante ou depois da rela\u00e7\u00e3o sexual \u2013especificamente destinada a impedir a procria\u00e7\u00e3o \u2013 seja como fim ou como meio.\u201d<\/span><\/strong><\/p>\n<p><span style=\"font-family: verdana, geneva; color: #000000;\">\u201cO\u00a0<em>Instrumentum Laboris<\/em>\u00a0tamb\u00e9m ressuscita as propostas desacreditadas de Kasper sobre\u00a0a Sagrada Comunh\u00e3o aos ad\u00falteros n\u00e3o arrependidos, reduz a indissolubilidade do matrim\u00f4nio a um simples \u2018ideal\u2019 e mina a posi\u00e7\u00e3o dos pais como primeiros educadores de seus filhos \u201c, acrescentou Smeaton.<\/span><\/p>\n<p><span style=\"font-family: verdana, geneva; color: #000000;\">No que diz respeito \u00e0 doutrina da Igreja de que os pais s\u00e3o os primeiros educadores dos filhos, o\u00a0<em>Instrumentum Laboris<\/em>\u00a0insinua o contr\u00e1rio. <\/span><\/p>\n<p style=\"padding-left: 60px;\"><strong><span style=\"font-family: verdana, geneva; color: #800080;\">O par\u00e1grafo 86 afirma que \u201ca fam\u00edlia, ao passo que mant\u00e9m a sua posi\u00e7\u00e3o privilegiada na educa\u00e7\u00e3o, n\u00e3o pode ser o \u00fanico lugar para ensinar sexualidade\u201d. <\/span><\/strong><\/p>\n<p><span style=\"font-family: verdana, geneva; color: #000000;\">A an\u00e1lise da Voz da Fam\u00edlia observa que a \u201cdeclara\u00e7\u00e3o \u00e9 <a href=\"http:\/\/www.adf.org.br\/filialsuplica\/?origem=1025\" target=\"_blank\" rel=\"noopener noreferrer\">diretamente contr\u00e1ria \u00e0 doutrina cat\u00f3lica<\/a>\u201d, citando o ensino de Papa Jo\u00e3o Paulo II na Exorta\u00e7\u00e3o Apost\u00f3lica Familiaris Consortio, onde o papa deixa em aberto a possibilidade de que a educa\u00e7\u00e3o sexual possa ser feito exclusivamente em casa. <\/span><\/p>\n<p style=\"padding-left: 60px;\"><span style=\"color: #3366ff;\"><strong><span style=\"font-family: verdana, geneva;\">Ele escreveu: \u201cA educa\u00e7\u00e3o sexual, que \u00e9 um direito e dever fundamental dos pais, deve ser realizada sempre sob a sua orienta\u00e7\u00e3o sol\u00edcita, seja no lar, seja nos centros educativos escolhidos e controlados por eles.\u201d<\/span><\/strong><\/span><\/p>\n<p><span style=\"font-family: verdana, geneva; color: #000000;\">\u201cA Voz da Fam\u00edlia exorta os cat\u00f3licos a n\u00e3o serem complacentes ou cederem a um <strong><a href=\"http:\/\/www.adf.org.br\/filialsuplica\/?origem=1025\" target=\"_blank\" rel=\"noopener noreferrer\">falso senso de obedi\u00eancia<\/a><\/strong>, em face dos ataques aos princ\u00edpios fundamentais da lei natural\u201d, concluiu Smeaton. <\/span><\/p>\n<p><span style=\"font-family: verdana, geneva; color: #000000;\">\u201cOs cat\u00f3licos t\u00eam o dever de se opor \u00e0 dire\u00e7\u00e3o que est\u00e1 sendo tomada no S\u00ednodo. <\/span><\/p>\n<p style=\"padding-left: 60px;\"><strong><span style=\"font-family: verdana, geneva; color: #800080;\">Se essa dire\u00e7\u00e3o n\u00e3o for revertida, as maiores v\u00edtimas ser\u00e3o os mais vulner\u00e1veis, especialmente, as crian\u00e7as, nascidas e nascituras.\u201d<\/span><\/strong><\/p>\n<p style=\"text-align: center;\"><span style=\"font-family: verdana, geneva; color: #000000;\"><strong>* \u00a0 * \u00a0 *<\/strong><\/span><\/p>\n<p><span style=\"font-family: verdana, geneva; color: #000000;\"><em>Fonte:<\/em><\/span><span style=\"font-family: verdana, geneva;\"><em><a href=\"http:\/\/fratresinunum.com\/2015\/08\/19\/documento-preparatorio-do-sinodo-apresenta-um-perigo-muito-real-para-a-familia-diz-coalizao-voz-da-familia\/\" target=\"_blank\" rel=\"noopener noreferrer\">\u00a0http:\/\/fratresinunum.com\/<\/a><\/em><\/span><\/p>\n<p><span style=\"color: #ffffff;\">.<\/span><\/p>\n<p><a href=\"http:\/\/www.adf.org.br\/filialsuplica\/?origem=1025\"><img loading=\"lazy\" class=\"aligncenter size-full wp-image-33585\" title=\"Clique aqui para assinar esta Filial S\u00faplica ao Papa Francisco!\" src=\"http:\/\/www.adf.org.br\/home\/wp-content\/uploads\/2015\/08\/Clique-aqui-para-assinar-esta-Filial-S\u00faplica-ao-Papa-Francisco.jpg\" alt=\"\" width=\"399\" height=\"212\" \/><\/a><\/p>\n","protected":false},"excerpt":{"rendered":"<p>. A Voz da Fam\u00edlia (\u201cVoice of the Family\u201d), uma coaliz\u00e3o leiga internacional formada pelas principais organiza\u00e7\u00f5es pr\u00f3-vida e pr\u00f3-fam\u00edlia, Alertou para o fato de que o\u00a0documento preparat\u00f3rio do Vaticano\u00a0para o S\u00ednodo de outubro sobre a Fam\u00edlia \u201camea\u00e7a toda a estrutura da doutrina cat\u00f3lica sobre o matrim\u00f4nio, a fam\u00edlia e a sexualidade humana.\u201d Em uma\u00a0an\u00e1lise [&hellip;]<\/p>\n","protected":false},"author":12,"featured_media":0,"comment_status":"open","ping_status":"open","sticky":false,"template":"","format":"standard","meta":[],"categories":[20],"tags":[1022,1087,1129,1339,1340,1593,1023,1633,1865],"yoast_head":"<!-- This site is optimized with the Yoast SEO plugin v17.4 - https:\/\/yoast.com\/wordpress\/plugins\/seo\/ -->\n<title>Entenda o risco que a Fam\u00edlia Cat\u00f3lica corre neste pr\u00f3ximo S\u00ednodo (confer\u00eancia) do Papa: - Associa\u00e7\u00e3o Devotos de F\u00e1tima<\/title>\n<meta name=\"robots\" content=\"index, follow, max-snippet:-1, max-image-preview:large, max-video-preview:-1\" \/>\n<link rel=\"canonical\" href=\"https:\/\/www.adf.org.br\/home\/entenda-o-risco-que-a-familia-catolica-corre-neste-proximo-sinodo-conferencia-do-papa\/\" \/>\n<meta property=\"og:locale\" content=\"pt_BR\" \/>\n<meta property=\"og:type\" content=\"article\" \/>\n<meta property=\"og:title\" content=\"Entenda o risco que a Fam\u00edlia Cat\u00f3lica corre neste pr\u00f3ximo S\u00ednodo (confer\u00eancia) do Papa: - Associa\u00e7\u00e3o Devotos de F\u00e1tima\" \/>\n<meta property=\"og:description\" content=\". A Voz da Fam\u00edlia (\u201cVoice of the Family\u201d), uma coaliz\u00e3o leiga internacional formada pelas principais organiza\u00e7\u00f5es pr\u00f3-vida e pr\u00f3-fam\u00edlia, Alertou para o fato de que o\u00a0documento preparat\u00f3rio do Vaticano\u00a0para o S\u00ednodo de outubro sobre a Fam\u00edlia \u201camea\u00e7a toda a estrutura da doutrina cat\u00f3lica sobre o matrim\u00f4nio, a fam\u00edlia e a sexualidade humana.\u201d Em uma\u00a0an\u00e1lise [&hellip;]\" \/>\n<meta property=\"og:url\" content=\"https:\/\/www.adf.org.br\/home\/entenda-o-risco-que-a-familia-catolica-corre-neste-proximo-sinodo-conferencia-do-papa\/\" \/>\n<meta property=\"og:site_name\" content=\"Associa\u00e7\u00e3o Devotos de F\u00e1tima\" \/>\n<meta property=\"article:published_time\" content=\"2015-08-28T03:00:18+00:00\" \/>\n<meta property=\"og:image\" content=\"http:\/\/www.adf.org.br\/home\/wp-content\/uploads\/2015\/08\/Cardiais-e-Bispos-afileiram-se-na-primeira-se\u00e7\u00e3o-da-Bas\u00edlica-de-S\u00e3o-Pedro-durante-a-Missa-de-abertura-do-S\u00ednodo-Extraordin\u00e1rio-sobre-a-Fam\u00edlia-em-outubro-de-2014..jpg\" \/>\n<meta name=\"twitter:card\" content=\"summary_large_image\" \/>\n<meta name=\"twitter:label1\" content=\"Escrito por\" \/>\n\t<meta name=\"twitter:data1\" content=\"luiz.fernando\" \/>\n\t<meta name=\"twitter:label2\" content=\"Est. tempo de leitura\" \/>\n\t<meta name=\"twitter:data2\" content=\"4 minutos\" \/>\n<script type=\"application\/ld+json\" class=\"yoast-schema-graph\">{\"@context\":\"https:\/\/schema.org\",\"@graph\":[{\"@type\":\"WebSite\",\"@id\":\"https:\/\/www.adf.org.br\/home\/#website\",\"url\":\"https:\/\/www.adf.org.br\/home\/\",\"name\":\"Associa\\u00e7\\u00e3o Devotos de F\\u00e1tima\",\"description\":\"Associa\\u00e7\\u00e3o Devotos de F\\u00e1tima\",\"potentialAction\":[{\"@type\":\"SearchAction\",\"target\":{\"@type\":\"EntryPoint\",\"urlTemplate\":\"https:\/\/www.adf.org.br\/home\/?s={search_term_string}\"},\"query-input\":\"required name=search_term_string\"}],\"inLanguage\":\"pt-BR\"},{\"@type\":\"ImageObject\",\"@id\":\"https:\/\/www.adf.org.br\/home\/entenda-o-risco-que-a-familia-catolica-corre-neste-proximo-sinodo-conferencia-do-papa\/#primaryimage\",\"inLanguage\":\"pt-BR\",\"url\":\"http:\/\/www.adf.org.br\/home\/wp-content\/uploads\/2015\/08\/Cardiais-e-Bispos-afileiram-se-na-primeira-se\\u00e7\\u00e3o-da-Bas\\u00edlica-de-S\\u00e3o-Pedro-durante-a-Missa-de-abertura-do-S\\u00ednodo-Extraordin\\u00e1rio-sobre-a-Fam\\u00edlia-em-outubro-de-2014..jpg\",\"contentUrl\":\"http:\/\/www.adf.org.br\/home\/wp-content\/uploads\/2015\/08\/Cardiais-e-Bispos-afileiram-se-na-primeira-se\\u00e7\\u00e3o-da-Bas\\u00edlica-de-S\\u00e3o-Pedro-durante-a-Missa-de-abertura-do-S\\u00ednodo-Extraordin\\u00e1rio-sobre-a-Fam\\u00edlia-em-outubro-de-2014..jpg\"},{\"@type\":\"WebPage\",\"@id\":\"https:\/\/www.adf.org.br\/home\/entenda-o-risco-que-a-familia-catolica-corre-neste-proximo-sinodo-conferencia-do-papa\/#webpage\",\"url\":\"https:\/\/www.adf.org.br\/home\/entenda-o-risco-que-a-familia-catolica-corre-neste-proximo-sinodo-conferencia-do-papa\/\",\"name\":\"Entenda o risco que a Fam\\u00edlia Cat\\u00f3lica corre neste pr\\u00f3ximo S\\u00ednodo (confer\\u00eancia) do Papa: - Associa\\u00e7\\u00e3o Devotos de F\\u00e1tima\",\"isPartOf\":{\"@id\":\"https:\/\/www.adf.org.br\/home\/#website\"},\"primaryImageOfPage\":{\"@id\":\"https:\/\/www.adf.org.br\/home\/entenda-o-risco-que-a-familia-catolica-corre-neste-proximo-sinodo-conferencia-do-papa\/#primaryimage\"},\"datePublished\":\"2015-08-28T03:00:18+00:00\",\"dateModified\":\"2015-08-28T03:00:18+00:00\",\"author\":{\"@id\":\"https:\/\/www.adf.org.br\/home\/#\/schema\/person\/4eb0499131c1962e974297eff367a715\"},\"breadcrumb\":{\"@id\":\"https:\/\/www.adf.org.br\/home\/entenda-o-risco-que-a-familia-catolica-corre-neste-proximo-sinodo-conferencia-do-papa\/#breadcrumb\"},\"inLanguage\":\"pt-BR\",\"potentialAction\":[{\"@type\":\"ReadAction\",\"target\":[\"https:\/\/www.adf.org.br\/home\/entenda-o-risco-que-a-familia-catolica-corre-neste-proximo-sinodo-conferencia-do-papa\/\"]}]},{\"@type\":\"BreadcrumbList\",\"@id\":\"https:\/\/www.adf.org.br\/home\/entenda-o-risco-que-a-familia-catolica-corre-neste-proximo-sinodo-conferencia-do-papa\/#breadcrumb\",\"itemListElement\":[{\"@type\":\"ListItem\",\"position\":1,\"name\":\"Home\",\"item\":\"https:\/\/www.adf.org.br\/home\/\"},{\"@type\":\"ListItem\",\"position\":2,\"name\":\"Entenda o risco que a Fam\\u00edlia Cat\\u00f3lica corre neste pr\\u00f3ximo S\\u00ednodo (confer\\u00eancia) do Papa:\"}]},{\"@type\":\"Person\",\"@id\":\"https:\/\/www.adf.org.br\/home\/#\/schema\/person\/4eb0499131c1962e974297eff367a715\",\"name\":\"luiz.fernando\",\"image\":{\"@type\":\"ImageObject\",\"@id\":\"https:\/\/www.adf.org.br\/home\/#personlogo\",\"inLanguage\":\"pt-BR\",\"url\":\"https:\/\/secure.gravatar.com\/avatar\/4e9dcdc2a00e06e1d9189a84f6908f28?s=96&d=mm&r=g\",\"contentUrl\":\"https:\/\/secure.gravatar.com\/avatar\/4e9dcdc2a00e06e1d9189a84f6908f28?s=96&d=mm&r=g\",\"caption\":\"luiz.fernando\"},\"url\":\"https:\/\/www.adf.org.br\/home\/author\/luiz-fernando\/\"}]}<\/script>\n<!-- \/ Yoast SEO plugin. -->","yoast_head_json":{"title":"Entenda o risco que a Fam\u00edlia Cat\u00f3lica corre neste pr\u00f3ximo S\u00ednodo (confer\u00eancia) do Papa: - Associa\u00e7\u00e3o Devotos de F\u00e1tima","robots":{"index":"index","follow":"follow","max-snippet":"max-snippet:-1","max-image-preview":"max-image-preview:large","max-video-preview":"max-video-preview:-1"},"canonical":"https:\/\/www.adf.org.br\/home\/entenda-o-risco-que-a-familia-catolica-corre-neste-proximo-sinodo-conferencia-do-papa\/","og_locale":"pt_BR","og_type":"article","og_title":"Entenda o risco que a Fam\u00edlia Cat\u00f3lica corre neste pr\u00f3ximo S\u00ednodo (confer\u00eancia) do Papa: - Associa\u00e7\u00e3o Devotos de F\u00e1tima","og_description":". A Voz da Fam\u00edlia (\u201cVoice of the Family\u201d), uma coaliz\u00e3o leiga internacional formada pelas principais organiza\u00e7\u00f5es pr\u00f3-vida e pr\u00f3-fam\u00edlia, Alertou para o fato de que o\u00a0documento preparat\u00f3rio do Vaticano\u00a0para o S\u00ednodo de outubro sobre a Fam\u00edlia \u201camea\u00e7a toda a estrutura da doutrina cat\u00f3lica sobre o matrim\u00f4nio, a fam\u00edlia e a sexualidade humana.\u201d Em uma\u00a0an\u00e1lise [&hellip;]","og_url":"https:\/\/www.adf.org.br\/home\/entenda-o-risco-que-a-familia-catolica-corre-neste-proximo-sinodo-conferencia-do-papa\/","og_site_name":"Associa\u00e7\u00e3o Devotos de F\u00e1tima","article_published_time":"2015-08-28T03:00:18+00:00","og_image":[{"url":"http:\/\/www.adf.org.br\/home\/wp-content\/uploads\/2015\/08\/Cardiais-e-Bispos-afileiram-se-na-primeira-se\u00e7\u00e3o-da-Bas\u00edlica-de-S\u00e3o-Pedro-durante-a-Missa-de-abertura-do-S\u00ednodo-Extraordin\u00e1rio-sobre-a-Fam\u00edlia-em-outubro-de-2014..jpg"}],"twitter_card":"summary_large_image","twitter_misc":{"Escrito por":"luiz.fernando","Est. tempo de leitura":"4 minutos"},"schema":{"@context":"https:\/\/schema.org","@graph":[{"@type":"WebSite","@id":"https:\/\/www.adf.org.br\/home\/#website","url":"https:\/\/www.adf.org.br\/home\/","name":"Associa\u00e7\u00e3o Devotos de F\u00e1tima","description":"Associa\u00e7\u00e3o Devotos de F\u00e1tima","potentialAction":[{"@type":"SearchAction","target":{"@type":"EntryPoint","urlTemplate":"https:\/\/www.adf.org.br\/home\/?s={search_term_string}"},"query-input":"required name=search_term_string"}],"inLanguage":"pt-BR"},{"@type":"ImageObject","@id":"https:\/\/www.adf.org.br\/home\/entenda-o-risco-que-a-familia-catolica-corre-neste-proximo-sinodo-conferencia-do-papa\/#primaryimage","inLanguage":"pt-BR","url":"http:\/\/www.adf.org.br\/home\/wp-content\/uploads\/2015\/08\/Cardiais-e-Bispos-afileiram-se-na-primeira-se\u00e7\u00e3o-da-Bas\u00edlica-de-S\u00e3o-Pedro-durante-a-Missa-de-abertura-do-S\u00ednodo-Extraordin\u00e1rio-sobre-a-Fam\u00edlia-em-outubro-de-2014..jpg","contentUrl":"http:\/\/www.adf.org.br\/home\/wp-content\/uploads\/2015\/08\/Cardiais-e-Bispos-afileiram-se-na-primeira-se\u00e7\u00e3o-da-Bas\u00edlica-de-S\u00e3o-Pedro-durante-a-Missa-de-abertura-do-S\u00ednodo-Extraordin\u00e1rio-sobre-a-Fam\u00edlia-em-outubro-de-2014..jpg"},{"@type":"WebPage","@id":"https:\/\/www.adf.org.br\/home\/entenda-o-risco-que-a-familia-catolica-corre-neste-proximo-sinodo-conferencia-do-papa\/#webpage","url":"https:\/\/www.adf.org.br\/home\/entenda-o-risco-que-a-familia-catolica-corre-neste-proximo-sinodo-conferencia-do-papa\/","name":"Entenda o risco que a Fam\u00edlia Cat\u00f3lica corre neste pr\u00f3ximo S\u00ednodo (confer\u00eancia) do Papa: - Associa\u00e7\u00e3o Devotos de F\u00e1tima","isPartOf":{"@id":"https:\/\/www.adf.org.br\/home\/#website"},"primaryImageOfPage":{"@id":"https:\/\/www.adf.org.br\/home\/entenda-o-risco-que-a-familia-catolica-corre-neste-proximo-sinodo-conferencia-do-papa\/#primaryimage"},"datePublished":"2015-08-28T03:00:18+00:00","dateModified":"2015-08-28T03:00:18+00:00","author":{"@id":"https:\/\/www.adf.org.br\/home\/#\/schema\/person\/4eb0499131c1962e974297eff367a715"},"breadcrumb":{"@id":"https:\/\/www.adf.org.br\/home\/entenda-o-risco-que-a-familia-catolica-corre-neste-proximo-sinodo-conferencia-do-papa\/#breadcrumb"},"inLanguage":"pt-BR","potentialAction":[{"@type":"ReadAction","target":["https:\/\/www.adf.org.br\/home\/entenda-o-risco-que-a-familia-catolica-corre-neste-proximo-sinodo-conferencia-do-papa\/"]}]},{"@type":"BreadcrumbList","@id":"https:\/\/www.adf.org.br\/home\/entenda-o-risco-que-a-familia-catolica-corre-neste-proximo-sinodo-conferencia-do-papa\/#breadcrumb","itemListElement":[{"@type":"ListItem","position":1,"name":"Home","item":"https:\/\/www.adf.org.br\/home\/"},{"@type":"ListItem","position":2,"name":"Entenda o risco que a Fam\u00edlia Cat\u00f3lica corre neste pr\u00f3ximo S\u00ednodo (confer\u00eancia) do Papa:"}]},{"@type":"Person","@id":"https:\/\/www.adf.org.br\/home\/#\/schema\/person\/4eb0499131c1962e974297eff367a715","name":"luiz.fernando","image":{"@type":"ImageObject","@id":"https:\/\/www.adf.org.br\/home\/#personlogo","inLanguage":"pt-BR","url":"https:\/\/secure.gravatar.com\/avatar\/4e9dcdc2a00e06e1d9189a84f6908f28?s=96&d=mm&r=g","contentUrl":"https:\/\/secure.gravatar.com\/avatar\/4e9dcdc2a00e06e1d9189a84f6908f28?s=96&d=mm&r=g","caption":"luiz.fernando"},"url":"https:\/\/www.adf.org.br\/home\/author\/luiz-fernando\/"}]}},"_links":{"self":[{"href":"https:\/\/www.adf.org.br\/home\/wp-json\/wp\/v2\/posts\/33584"}],"collection":[{"href":"https:\/\/www.adf.org.br\/home\/wp-json\/wp\/v2\/posts"}],"about":[{"href":"https:\/\/www.adf.org.br\/home\/wp-json\/wp\/v2\/types\/post"}],"author":[{"embeddable":true,"href":"https:\/\/www.adf.org.br\/home\/wp-json\/wp\/v2\/users\/12"}],"replies":[{"embeddable":true,"href":"https:\/\/www.adf.org.br\/home\/wp-json\/wp\/v2\/comments?post=33584"}],"version-history":[{"count":0,"href":"https:\/\/www.adf.org.br\/home\/wp-json\/wp\/v2\/posts\/33584\/revisions"}],"wp:attachment":[{"href":"https:\/\/www.adf.org.br\/home\/wp-json\/wp\/v2\/media?parent=33584"}],"wp:term":[{"taxonomy":"category","embeddable":true,"href":"https:\/\/www.adf.org.br\/home\/wp-json\/wp\/v2\/categories?post=33584"},{"taxonomy":"post_tag","embeddable":true,"href":"https:\/\/www.adf.org.br\/home\/wp-json\/wp\/v2\/tags?post=33584"}],"curies":[{"name":"wp","href":"https:\/\/api.w.org\/{rel}","templated":true}]}}