{"id":3338,"date":"2010-03-29T00:05:17","date_gmt":"2010-03-29T03:05:17","guid":{"rendered":"http:\/\/www.adf.org.br\/home\/?p=3338"},"modified":"2020-06-09T11:52:12","modified_gmt":"2020-06-09T14:52:12","slug":"intencoes-da-semana","status":"publish","type":"post","link":"https:\/\/www.adf.org.br\/home\/intencoes-da-semana\/","title":{"rendered":"Inten\u00e7\u00f5es da semana de 29\/3 a 4\/4\/2010"},"content":{"rendered":"<p><strong><em><a href=\"http:\/\/oratoriodamedalhamilagrosa.org.br\/home\/acenda-sua-vela-30\/?origem=1\" target=\"_blank\" rel=\"noopener noreferrer\"><img loading=\"lazy\" class=\"alignleft size-full wp-image-3388\" title=\"miracolo-193x3001\" src=\"http:\/\/www.adf.org.br\/home\/wp-content\/uploads\/2010\/03\/miracolo-193x30011.jpg\" alt=\"miracolo-193x3001\" width=\"193\" height=\"300\" \/><\/a>S\u00e3o as seguintes as inten\u00e7\u00f5es das ora\u00e7\u00f5es feitas pela <\/em><\/strong><a href=\"http:\/\/oratoriodamedalhamilagrosa.org.br\/home\/acenda-sua-vela-30\/?origem=1\" target=\"_blank\" rel=\"noopener noreferrer\"><span style=\"color: #800080;\"><strong><em>Comunidade do Orat\u00f3rio da Medalha Milagrosa<\/em><\/strong><strong><em> <\/em><\/strong><\/span><\/a><strong><em>e pelos Orantes nesta pr\u00f3xima semana:<\/em><\/strong><\/p>\n<p><strong>1)<\/strong> Pela <a href=\"http:\/\/www.adf.org.br\/home\/2010\/03\/uma-meditacao-para-a-semana-santa-que-se-aproxima\/\" target=\"_blank\" rel=\"noopener noreferrer\"><span style=\"color: #800080;\"><strong>Semana Santa<\/strong><\/span><\/a>, que come\u00e7ou neste Domingo de Ramos, para que os cat\u00f3licos vivam inteiramente de acordo com o esp\u00edrito da celebra\u00e7\u00e3o, e n\u00e3o vejam esses dias apenas como um feriad\u00e3o. Voc\u00ea poder\u00e1 acompanhar mat\u00e9rias especiais sobre esta data durante toda a semana, atrav\u00e9s deste portal.<\/p>\n<p><strong>2)<\/strong> Pela <a href=\"http:\/\/www.adf.org.br\/home\/2010\/03\/santa-missa-especial-de-nossa-senhora-de-fatima-inscreva-agora-suas-intencoes\/\" target=\"_blank\" rel=\"noopener noreferrer\"><span style=\"color: #993366;\"><strong><span style=\"color: #800080;\">Santa Missa Especial de P\u00e1scoa<\/span><\/strong><\/span><\/a><span style=\"color: #993366;\">,<\/span> que este Apostolado far\u00e1 celebrar no dia 04 de abril, por todos os nossos amigos. Inscreva suas inten\u00e7\u00f5es nesta missa. Basta ligar para <span style=\"color: #ff0000;\"><strong>0800 773 1119<\/strong> <\/span>(ou 4368-2253, caso esteja em S\u00e3o Paulo).<\/p>\n<p><strong>3)<\/strong> Por todos os pedidos feitos pelas pessoas cujas velas est\u00e3o acesas no Orat\u00f3rio da Medalha Milagrosa e que estejam de acordo com a vontade de Nossa Senhora <a href=\"http:\/\/oratoriodamedalhamilagrosa.org.br\/home\/acenda-sua-vela-30\/?origem=1\" target=\"_blank\" rel=\"noopener noreferrer\"><span style=\"color: #800080;\">(<strong>acenda aqui sua vela<\/strong>);<\/span><\/a><\/p>\n<p><strong>4)<\/strong> Por todas as almas que est\u00e3o no purgat\u00f3rio. Para que elas encontrem al\u00edvio de suas penas e possam ir o quanto antes para o c\u00e9u.<\/p>\n<p><strong>5<\/strong>) Pela comemora\u00e7\u00e3o do <a href=\"http:\/\/www.adf.org.br\/jacinta\/inicio-1\" target=\"_blank\" rel=\"noopener noreferrer\"><strong><span style=\"color: #800080;\">Centen\u00e1rio de Nascimento da Beata Jacinta de F\u00e1tima<\/span><\/strong>,<\/a> que aconteceu dia 11 de mar\u00e7o. E para que mais pessoas no ajudem na homenagem que estamos preparando a ela <span style=\"color: #800080;\">(<\/span><a href=\"http:\/\/www.adf.org.br\/jacinta\/inicio-1\" target=\"_blank\" rel=\"noopener noreferrer\"><span style=\"color: #800080;\"><strong>veja aqui<\/strong><strong> <\/strong><\/span><\/a>como participar).<\/p>\n<p><strong>6)<\/strong> <a href=\"http:\/\/www.adf.org.br\/home\/2010\/03\/jovens-sacerdotes-e-universitarios-enfrentam-com-ufania-a-perseguicao-socialista\/\" target=\"_blank\" rel=\"noopener noreferrer\"><span style=\"color: #800080;\"><strong>Pelos jovens sacerdotes e universit\u00e1rios cat\u00f3licos que enfrentam violenta persegui\u00e7\u00e3o religiosa na China.<\/strong><\/span><\/a><\/p>\n<p><strong>7<\/strong>) Por nossos Benfeitores para que Nossa Senhora os recompense ao c\u00eantuplo pelo apoio que d\u00e3o ao nosso apostolado;<\/p>\n<p><strong>8 )<\/strong> Em agradecimento pelo sucesso da <a href=\"http:\/\/www.adf.org.br\/home\/2010\/03\/4%c2%aa-marcha-em-defesa-da-vida\/\" target=\"_blank\" rel=\"noopener noreferrer\"><span style=\"color: #800080;\"><strong>IV Marcha em Defesa da Vida (contra o aborto), que ocorreu em 20 de mar\u00e7o, na Pra\u00e7a da S\u00e9 da Capital paulista. <\/strong><\/span><\/a><\/p>\n<p>Nossa Senhora das Gra\u00e7as, rogai por n\u00f3s!<\/p>\n<p align=\"right\"><a href=\"http:\/\/feedburner.google.com\/fb\/a\/mailverify?uri=devotosdefatima\" target=\"_blank\" rel=\"noopener noreferrer\"><span style=\"color: #3366ff;\">Cadastre aqui seu e-mail <\/span><\/a><span style=\"color: #0000ff;\">para receber estas inten\u00e7\u00f5es<br \/>\n atualizadas todas as semanas e participar das ora\u00e7\u00f5es<\/span>.<\/p>\n<p align=\"right\">.<\/p>\n<p align=\"right\"><strong><span style=\"color: #ff6600;\">Aqueles que quiserem incluir seus nomes e inten\u00e7\u00f5es especiais<\/span><\/strong><strong><br \/>\n <\/strong><strong><span style=\"color: #ff6600;\">nas Missas que ser\u00e3o celebradas nesse per\u00edodo poder\u00e3o faz\u00ea-lo<\/span><\/strong><strong><br \/>\n <\/strong><span style=\"color: #ff6600;\"><strong>ligando para<\/strong><strong> <\/strong><\/span><strong><span style=\"color: #ff0000;\">0800 773 1119<\/span><\/strong><\/p>\n<p align=\"right\"><strong>(Se estiver em S\u00e3o Paulo, ligue para 4368-2253) <\/strong><\/p>\n<p><br class=\"spacer_\" \/><\/p>\n","protected":false},"excerpt":{"rendered":"<p>S\u00e3o as seguintes as inten\u00e7\u00f5es das ora\u00e7\u00f5es feitas pela Comunidade do Orat\u00f3rio da Medalha Milagrosa e pelos Orantes nesta pr\u00f3xima semana: 1) Pela Semana Santa, que come\u00e7ou neste Domingo de Ramos, para que os cat\u00f3licos vivam inteiramente de acordo com o esp\u00edrito da celebra\u00e7\u00e3o, e n\u00e3o vejam esses dias apenas como um feriad\u00e3o. Voc\u00ea poder\u00e1 [&hellip;]<\/p>\n","protected":false},"author":27,"featured_media":0,"comment_status":"open","ping_status":"open","sticky":false,"template":"","format":"standard","meta":[],"categories":[20,60],"tags":[61],"yoast_head":"<!-- This site is optimized with the Yoast SEO plugin v17.4 - https:\/\/yoast.com\/wordpress\/plugins\/seo\/ -->\n<title>Inten\u00e7\u00f5es da semana de 29\/3 a 4\/4\/2010 - Associa\u00e7\u00e3o Devotos de F\u00e1tima<\/title>\n<meta name=\"robots\" content=\"index, follow, max-snippet:-1, max-image-preview:large, max-video-preview:-1\" \/>\n<link rel=\"canonical\" href=\"https:\/\/www.adf.org.br\/home\/intencoes-da-semana\/\" \/>\n<meta property=\"og:locale\" content=\"pt_BR\" \/>\n<meta property=\"og:type\" content=\"article\" \/>\n<meta property=\"og:title\" content=\"Inten\u00e7\u00f5es da semana de 29\/3 a 4\/4\/2010 - Associa\u00e7\u00e3o Devotos de F\u00e1tima\" \/>\n<meta property=\"og:description\" content=\"S\u00e3o as seguintes as inten\u00e7\u00f5es das ora\u00e7\u00f5es feitas pela Comunidade do Orat\u00f3rio da Medalha Milagrosa e pelos Orantes nesta pr\u00f3xima semana: 1) Pela Semana Santa, que come\u00e7ou neste Domingo de Ramos, para que os cat\u00f3licos vivam inteiramente de acordo com o esp\u00edrito da celebra\u00e7\u00e3o, e n\u00e3o vejam esses dias apenas como um feriad\u00e3o. Voc\u00ea poder\u00e1 [&hellip;]\" \/>\n<meta property=\"og:url\" content=\"https:\/\/www.adf.org.br\/home\/intencoes-da-semana\/\" \/>\n<meta property=\"og:site_name\" content=\"Associa\u00e7\u00e3o Devotos de F\u00e1tima\" \/>\n<meta property=\"article:published_time\" content=\"2010-03-29T03:05:17+00:00\" \/>\n<meta property=\"article:modified_time\" content=\"2020-06-09T14:52:12+00:00\" \/>\n<meta property=\"og:image\" content=\"http:\/\/www.adf.org.br\/home\/wp-content\/uploads\/2010\/03\/miracolo-193x30011.jpg\" \/>\n<meta name=\"twitter:card\" content=\"summary_large_image\" \/>\n<meta name=\"twitter:label1\" content=\"Escrito por\" \/>\n\t<meta name=\"twitter:data1\" content=\"Gabriel Barbosa\" \/>\n\t<meta name=\"twitter:label2\" content=\"Est. tempo de leitura\" \/>\n\t<meta name=\"twitter:data2\" content=\"2 minutos\" \/>\n<script type=\"application\/ld+json\" class=\"yoast-schema-graph\">{\"@context\":\"https:\/\/schema.org\",\"@graph\":[{\"@type\":\"WebSite\",\"@id\":\"https:\/\/www.adf.org.br\/home\/#website\",\"url\":\"https:\/\/www.adf.org.br\/home\/\",\"name\":\"Associa\\u00e7\\u00e3o Devotos de F\\u00e1tima\",\"description\":\"Associa\\u00e7\\u00e3o Devotos de F\\u00e1tima\",\"potentialAction\":[{\"@type\":\"SearchAction\",\"target\":{\"@type\":\"EntryPoint\",\"urlTemplate\":\"https:\/\/www.adf.org.br\/home\/?s={search_term_string}\"},\"query-input\":\"required name=search_term_string\"}],\"inLanguage\":\"pt-BR\"},{\"@type\":\"ImageObject\",\"@id\":\"https:\/\/www.adf.org.br\/home\/intencoes-da-semana\/#primaryimage\",\"inLanguage\":\"pt-BR\",\"url\":\"http:\/\/www.adf.org.br\/home\/wp-content\/uploads\/2010\/03\/miracolo-193x30011.jpg\",\"contentUrl\":\"http:\/\/www.adf.org.br\/home\/wp-content\/uploads\/2010\/03\/miracolo-193x30011.jpg\"},{\"@type\":\"WebPage\",\"@id\":\"https:\/\/www.adf.org.br\/home\/intencoes-da-semana\/#webpage\",\"url\":\"https:\/\/www.adf.org.br\/home\/intencoes-da-semana\/\",\"name\":\"Inten\\u00e7\\u00f5es da semana de 29\/3 a 4\/4\/2010 - Associa\\u00e7\\u00e3o Devotos de F\\u00e1tima\",\"isPartOf\":{\"@id\":\"https:\/\/www.adf.org.br\/home\/#website\"},\"primaryImageOfPage\":{\"@id\":\"https:\/\/www.adf.org.br\/home\/intencoes-da-semana\/#primaryimage\"},\"datePublished\":\"2010-03-29T03:05:17+00:00\",\"dateModified\":\"2020-06-09T14:52:12+00:00\",\"author\":{\"@id\":\"https:\/\/www.adf.org.br\/home\/#\/schema\/person\/affa494ecf91434f3620f5392de44327\"},\"breadcrumb\":{\"@id\":\"https:\/\/www.adf.org.br\/home\/intencoes-da-semana\/#breadcrumb\"},\"inLanguage\":\"pt-BR\",\"potentialAction\":[{\"@type\":\"ReadAction\",\"target\":[\"https:\/\/www.adf.org.br\/home\/intencoes-da-semana\/\"]}]},{\"@type\":\"BreadcrumbList\",\"@id\":\"https:\/\/www.adf.org.br\/home\/intencoes-da-semana\/#breadcrumb\",\"itemListElement\":[{\"@type\":\"ListItem\",\"position\":1,\"name\":\"Home\",\"item\":\"https:\/\/www.adf.org.br\/home\/\"},{\"@type\":\"ListItem\",\"position\":2,\"name\":\"Inten\\u00e7\\u00f5es da semana de 29\/3 a 4\/4\/2010\"}]},{\"@type\":\"Person\",\"@id\":\"https:\/\/www.adf.org.br\/home\/#\/schema\/person\/affa494ecf91434f3620f5392de44327\",\"name\":\"Gabriel Barbosa\",\"image\":{\"@type\":\"ImageObject\",\"@id\":\"https:\/\/www.adf.org.br\/home\/#personlogo\",\"inLanguage\":\"pt-BR\",\"url\":\"https:\/\/secure.gravatar.com\/avatar\/ecf2eab02e30486a7038f8b2858de06a?s=96&d=mm&r=g\",\"contentUrl\":\"https:\/\/secure.gravatar.com\/avatar\/ecf2eab02e30486a7038f8b2858de06a?s=96&d=mm&r=g\",\"caption\":\"Gabriel Barbosa\"},\"url\":\"https:\/\/www.adf.org.br\/home\/author\/gabriel-aascj\/\"}]}<\/script>\n<!-- \/ Yoast SEO plugin. -->","yoast_head_json":{"title":"Inten\u00e7\u00f5es da semana de 29\/3 a 4\/4\/2010 - Associa\u00e7\u00e3o Devotos de F\u00e1tima","robots":{"index":"index","follow":"follow","max-snippet":"max-snippet:-1","max-image-preview":"max-image-preview:large","max-video-preview":"max-video-preview:-1"},"canonical":"https:\/\/www.adf.org.br\/home\/intencoes-da-semana\/","og_locale":"pt_BR","og_type":"article","og_title":"Inten\u00e7\u00f5es da semana de 29\/3 a 4\/4\/2010 - Associa\u00e7\u00e3o Devotos de F\u00e1tima","og_description":"S\u00e3o as seguintes as inten\u00e7\u00f5es das ora\u00e7\u00f5es feitas pela Comunidade do Orat\u00f3rio da Medalha Milagrosa e pelos Orantes nesta pr\u00f3xima semana: 1) Pela Semana Santa, que come\u00e7ou neste Domingo de Ramos, para que os cat\u00f3licos vivam inteiramente de acordo com o esp\u00edrito da celebra\u00e7\u00e3o, e n\u00e3o vejam esses dias apenas como um feriad\u00e3o. Voc\u00ea poder\u00e1 [&hellip;]","og_url":"https:\/\/www.adf.org.br\/home\/intencoes-da-semana\/","og_site_name":"Associa\u00e7\u00e3o Devotos de F\u00e1tima","article_published_time":"2010-03-29T03:05:17+00:00","article_modified_time":"2020-06-09T14:52:12+00:00","og_image":[{"url":"http:\/\/www.adf.org.br\/home\/wp-content\/uploads\/2010\/03\/miracolo-193x30011.jpg"}],"twitter_card":"summary_large_image","twitter_misc":{"Escrito por":"Gabriel Barbosa","Est. tempo de leitura":"2 minutos"},"schema":{"@context":"https:\/\/schema.org","@graph":[{"@type":"WebSite","@id":"https:\/\/www.adf.org.br\/home\/#website","url":"https:\/\/www.adf.org.br\/home\/","name":"Associa\u00e7\u00e3o Devotos de F\u00e1tima","description":"Associa\u00e7\u00e3o Devotos de F\u00e1tima","potentialAction":[{"@type":"SearchAction","target":{"@type":"EntryPoint","urlTemplate":"https:\/\/www.adf.org.br\/home\/?s={search_term_string}"},"query-input":"required name=search_term_string"}],"inLanguage":"pt-BR"},{"@type":"ImageObject","@id":"https:\/\/www.adf.org.br\/home\/intencoes-da-semana\/#primaryimage","inLanguage":"pt-BR","url":"http:\/\/www.adf.org.br\/home\/wp-content\/uploads\/2010\/03\/miracolo-193x30011.jpg","contentUrl":"http:\/\/www.adf.org.br\/home\/wp-content\/uploads\/2010\/03\/miracolo-193x30011.jpg"},{"@type":"WebPage","@id":"https:\/\/www.adf.org.br\/home\/intencoes-da-semana\/#webpage","url":"https:\/\/www.adf.org.br\/home\/intencoes-da-semana\/","name":"Inten\u00e7\u00f5es da semana de 29\/3 a 4\/4\/2010 - Associa\u00e7\u00e3o Devotos de F\u00e1tima","isPartOf":{"@id":"https:\/\/www.adf.org.br\/home\/#website"},"primaryImageOfPage":{"@id":"https:\/\/www.adf.org.br\/home\/intencoes-da-semana\/#primaryimage"},"datePublished":"2010-03-29T03:05:17+00:00","dateModified":"2020-06-09T14:52:12+00:00","author":{"@id":"https:\/\/www.adf.org.br\/home\/#\/schema\/person\/affa494ecf91434f3620f5392de44327"},"breadcrumb":{"@id":"https:\/\/www.adf.org.br\/home\/intencoes-da-semana\/#breadcrumb"},"inLanguage":"pt-BR","potentialAction":[{"@type":"ReadAction","target":["https:\/\/www.adf.org.br\/home\/intencoes-da-semana\/"]}]},{"@type":"BreadcrumbList","@id":"https:\/\/www.adf.org.br\/home\/intencoes-da-semana\/#breadcrumb","itemListElement":[{"@type":"ListItem","position":1,"name":"Home","item":"https:\/\/www.adf.org.br\/home\/"},{"@type":"ListItem","position":2,"name":"Inten\u00e7\u00f5es da semana de 29\/3 a 4\/4\/2010"}]},{"@type":"Person","@id":"https:\/\/www.adf.org.br\/home\/#\/schema\/person\/affa494ecf91434f3620f5392de44327","name":"Gabriel Barbosa","image":{"@type":"ImageObject","@id":"https:\/\/www.adf.org.br\/home\/#personlogo","inLanguage":"pt-BR","url":"https:\/\/secure.gravatar.com\/avatar\/ecf2eab02e30486a7038f8b2858de06a?s=96&d=mm&r=g","contentUrl":"https:\/\/secure.gravatar.com\/avatar\/ecf2eab02e30486a7038f8b2858de06a?s=96&d=mm&r=g","caption":"Gabriel Barbosa"},"url":"https:\/\/www.adf.org.br\/home\/author\/gabriel-aascj\/"}]}},"_links":{"self":[{"href":"https:\/\/www.adf.org.br\/home\/wp-json\/wp\/v2\/posts\/3338"}],"collection":[{"href":"https:\/\/www.adf.org.br\/home\/wp-json\/wp\/v2\/posts"}],"about":[{"href":"https:\/\/www.adf.org.br\/home\/wp-json\/wp\/v2\/types\/post"}],"author":[{"embeddable":true,"href":"https:\/\/www.adf.org.br\/home\/wp-json\/wp\/v2\/users\/27"}],"replies":[{"embeddable":true,"href":"https:\/\/www.adf.org.br\/home\/wp-json\/wp\/v2\/comments?post=3338"}],"version-history":[{"count":1,"href":"https:\/\/www.adf.org.br\/home\/wp-json\/wp\/v2\/posts\/3338\/revisions"}],"predecessor-version":[{"id":59641,"href":"https:\/\/www.adf.org.br\/home\/wp-json\/wp\/v2\/posts\/3338\/revisions\/59641"}],"wp:attachment":[{"href":"https:\/\/www.adf.org.br\/home\/wp-json\/wp\/v2\/media?parent=3338"}],"wp:term":[{"taxonomy":"category","embeddable":true,"href":"https:\/\/www.adf.org.br\/home\/wp-json\/wp\/v2\/categories?post=3338"},{"taxonomy":"post_tag","embeddable":true,"href":"https:\/\/www.adf.org.br\/home\/wp-json\/wp\/v2\/tags?post=3338"}],"curies":[{"name":"wp","href":"https:\/\/api.w.org\/{rel}","templated":true}]}}