{"id":33055,"date":"2015-07-31T00:00:31","date_gmt":"2015-07-31T03:00:31","guid":{"rendered":"http:\/\/www.adf.org.br\/home\/?p=33055"},"modified":"2015-07-31T00:00:31","modified_gmt":"2015-07-31T03:00:31","slug":"conheca-mais-sobre-o-papel-do-homem-na-criacao-de-deus-e-contemple-a-harmonia-do-universo-com-esta-bela-reflexao","status":"publish","type":"post","link":"https:\/\/www.adf.org.br\/home\/conheca-mais-sobre-o-papel-do-homem-na-criacao-de-deus-e-contemple-a-harmonia-do-universo-com-esta-bela-reflexao\/","title":{"rendered":"Conhe\u00e7a mais sobre o papel do Homem na Cria\u00e7\u00e3o de Deus e contemple a harm\u00f4nia do Universo, com esta bela reflex\u00e3o:"},"content":{"rendered":"<figure id=\"attachment_33057\" aria-describedby=\"caption-attachment-33057\" style=\"width: 417px\" class=\"wp-caption aligncenter\"><a href=\"http:\/\/www.adf.org.br\/home\/2015\/07\/conheca-mais-sobre-o-papel-do-homem-na-criacao-de-deus-e-contemple-a-harmonia-do-universo-com-esta-bela-reflexao\/deus-criando-o-universo-quadro-de-william-blake\/\" rel=\"attachment wp-att-33057\"><img loading=\"lazy\" class=\" wp-image-33057 \" title=\"Deus criando o Universo - quadro de William Blake.\" src=\"http:\/\/www.adf.org.br\/home\/wp-content\/uploads\/2015\/07\/Deus-criando-o-Universo-quadro-de-William-Blake..jpg\" alt=\"\" width=\"417\" height=\"593\" \/><\/a><figcaption id=\"caption-attachment-33057\" class=\"wp-caption-text\">Deus criando o Universo - quadro de William Blake.<\/figcaption><\/figure>\n<p style=\"text-align: right;\"><em><span style=\"font-family: verdana, geneva; color: #000000;\">Pl\u00ednio Correa de Oliveira &#8211; grande l\u00edder cat\u00f3lico do S\u00e9culo XX<\/span><\/em><\/p>\n<p style=\"text-align: right;\"><em><span style=\"font-family: verdana, geneva; color: #000000;\">Continua\u00e7\u00e3o do post:\u00a0<\/span><span style=\"font-family: verdana, geneva;\"><a href=\"http:\/\/www.adf.org.br\/home\/2015\/07\/comemore-a-festa-de-nossa-senhora-do-carmo-com-esta-importantissima-reflexao-para-os-dias-atuais-ela-e-imprescindivel-a-todo-filho-de-maria-santissima\/\" target=\"_blank\" rel=\"noopener noreferrer\">Comemore a Festa de Nossa Senhora do Carmo com esta important\u00edssima reflex\u00e3o para os dias atuais! Ela \u00e9 imprescind\u00edvel a todo filho de Maria Sant\u00edssima:<\/a><\/span><\/em><\/p>\n<p style=\"padding-left: 90px;\"><span style=\"color: #800080; font-size: medium;\"><strong><span style=\"font-family: verdana, geneva;\">Papel do homem: completar, pelo seu engenho, o admir\u00e1vel plano de harmonia e beleza da cria\u00e7\u00e3o<\/span><\/strong><\/span><\/p>\n<p><span style=\"font-family: verdana, geneva; color: #000000;\">Mas ao par deles h\u00e1 um aspecto que corresponde a v\u00e1rias das preocupa\u00e7\u00f5es da filosofia contempor\u00e2nea e que ficou mais ou menos soterrado no acervo dos conhecimentos da<br \/>\ndoutrina cat\u00f3lica.<\/span><\/p>\n<p><span style=\"font-family: verdana, geneva; color: #000000;\"> Parece que sobre eles \u00e9 conveniente que eu me detenha mais: \u00e9 a considera\u00e7\u00e3o de Deus como \u201ccausa exemplar do universo\u201d.<\/span><\/p>\n<p><span style=\"font-family: verdana, geneva; color: #000000;\">Deus criou o universo e depois deu ao homem a faculdade de completar v\u00e1rios aspectos <a href=\"http:\/\/www.adf.org.br\/chaveiro\/?origem=1025\" target=\"_blank\" rel=\"noopener noreferrer\">da ordem e da beleza<\/a> universal por meio de sua a\u00e7\u00e3o. <\/span><\/p>\n<p style=\"padding-left: 60px;\"><strong><span style=\"font-family: verdana, geneva; color: #3366ff;\">De maneira que, no dizer de Dante, todas as coisas s\u00e3o filhas de Deus e as obras do engenho humano devem ser consideradas netas de Deus. <\/span><\/strong><\/p>\n<p><span style=\"font-family: verdana, geneva; color: #000000;\">Assim, Deus, ao criar o universo, teve em vista um admir\u00e1vel plano de harmonia e beleza, mas deixou a realiza\u00e7\u00e3o de parte desse plano confiada \u00e0s luzes, ao arb\u00edtrio e ao engenho do homem.<\/span><\/p>\n<p><span style=\"font-size: medium;\"><strong><span style=\"font-family: verdana, geneva; color: #000000;\">O cosmo: beleza finita e criada, reflexo da beleza infinita e incriada de Deus<\/span><\/strong><\/span><\/p>\n<p><span style=\"font-family: verdana, geneva; color: #000000;\">Para que todo esse plano, todo esse universo de ordem e beleza institu\u00eddo por Deus? <\/span><\/p>\n<p><span style=\"font-family: verdana, geneva; color: #000000;\">Insisto na ideia de universo de beleza, porque habitualmente em nossos dias se considera de prefer\u00eancia o universo como uma \u201cgrande m\u00e1quina\u201d de funcionamento perfeito. <\/span><\/p>\n<p><span style=\"font-family: verdana, geneva; color: #000000;\">Assim, quando se fala a respeito da sabedoria do Criador, mostra-se quase sempre como as coisas est\u00e3o concatenadas de tal forma que elas n\u00e3o se destroem, nem colidem umas com as outras, <a href=\"http:\/\/www.adf.org.br\/chaveiro\/?origem=1025\" target=\"_blank\" rel=\"noopener noreferrer\">mas coexistem com harmonia <\/a>e mutuamente se apoiam.<\/span><\/p>\n<p><span style=\"font-family: verdana, geneva; color: #000000;\"> \u00c9 uma vis\u00e3o funcional do universo, por certo inteiramente verdadeira, mas que mostra apenas um aspecto que nossa \u00e9poca mec\u00e2nica e ultra-t\u00e9cnica mais facilmente compreende.<\/span><\/p>\n<p><span style=\"font-family: verdana, geneva; color: #000000;\">Mas h\u00e1 um outro aspecto do universo, relacionado com Deus enquanto causa exemplar, enquanto Ser incriado e infinitamente belo, que se reflete de mil maneiras em todos os outros seres que<br \/>\nEle criou. <\/span><\/p>\n<p style=\"padding-left: 60px;\"><strong><span style=\"font-family: verdana, geneva; color: #800080;\">De maneira tal que n\u00e3o h\u00e1 nenhum ser que, a um t\u00edtulo ou outro, n\u00e3o seja um reflexo da beleza incriada de Deus. <\/span><\/strong><\/p>\n<p><span style=\"font-family: verdana, geneva; color: #000000;\">Sobretudo a beleza de Deus se reflete no conjunto hier\u00e1rquico e harm\u00f4nico de todos esses seres, de tal maneira que n\u00e3o h\u00e1, em certo sentido, um modo melhor de conhecermos a beleza infinita e incriada de Deus do que analisando a beleza finita e criada do universo, considerado n\u00e3o tanto em cada ser, mas no conjunto de todos eles.<\/span><\/p>\n<p><span style=\"font-size: medium;\"><strong><span style=\"font-family: verdana, geneva; color: #000000;\">A Santa Igreja Cat\u00f3lica Apost\u00f3lica Romana: a obra-prima mais alta e mais perfeita da cria\u00e7\u00e3o<\/span><\/strong><\/span><\/p>\n<p><span style=\"font-family: verdana, geneva; color: #000000;\">Deus se reflete ainda em uma obra-prima mais alta e mais perfeita do que o cosmo. \u00c9 o Corpo M\u00edstico de Cristo, a sociedade sobrenatural que veneramos com o nome da Santa Igreja Cat\u00f3lica Apost\u00f3lica Romana. <\/span><\/p>\n<p><span style=\"font-family: verdana, geneva; color: #000000;\">Constitui ela mesma todo um universo de aspectos harm\u00f4nicos e variegados, que cantam e refletem, cada um a seu modo, a formosura santa e inef\u00e1vel de Deus e do Verbo Encarnado. <\/span><\/p>\n<p style=\"padding-left: 60px;\"><strong><span style=\"font-family: verdana, geneva; color: #3366ff;\">Na contempla\u00e7\u00e3o do universo, de um lado, e, de outro lado, da Santa Igreja Cat\u00f3lica, podemos elevar-nos \u00e0 considera\u00e7\u00e3o da beleza santa, infinita e incriada de Deus.<\/span><\/strong><\/p>\n<p><span style=\"font-family: verdana, geneva; color: #000000;\">(Continua&#8230;)<\/span><\/p>\n<p style=\"text-align: center;\"><span style=\"font-family: verdana, geneva; color: #000000;\"><strong>* \u00a0 * \u00a0 *<\/strong>\u00a0<\/span><\/p>\n<p><span style=\"font-family: verdana, geneva; color: #000000;\"><em>Fonte: Trechos da confer\u00eancia do Prof. Pl\u00ednio Corr\u00eaa de Oliveira, \u00a0em 15.11.58 \u2013 \u201cMensageiro do Carmelo\u201d \u2013 n. especial, 1959<\/em><\/span><\/p>\n<p style=\"text-align: center;\"><a href=\"http:\/\/www.adf.org.br\/chaveiro\/?origem=1025\"><img loading=\"lazy\" class=\"aligncenter  wp-image-33056\" title=\"Clique aqui e veja como receber em casa um Chaveiro de Nossa Senhora das Gra\u00e7as!\" src=\"http:\/\/www.adf.org.br\/home\/wp-content\/uploads\/2015\/07\/chaveiro-de-nsra-das-gracas.jpg\" alt=\"\" width=\"561\" height=\"539\" \/><\/a><\/p>\n","protected":false},"excerpt":{"rendered":"<p>Pl\u00ednio Correa de Oliveira &#8211; grande l\u00edder cat\u00f3lico do S\u00e9culo XX Continua\u00e7\u00e3o do post:\u00a0Comemore a Festa de Nossa Senhora do Carmo com esta important\u00edssima reflex\u00e3o para os dias atuais! Ela \u00e9 imprescind\u00edvel a todo filho de Maria Sant\u00edssima: Papel do homem: completar, pelo seu engenho, o admir\u00e1vel plano de harmonia e beleza da cria\u00e7\u00e3o Mas [&hellip;]<\/p>\n","protected":false},"author":12,"featured_media":0,"comment_status":"open","ping_status":"open","sticky":false,"template":"","format":"standard","meta":[],"categories":[20],"tags":[1747,1748,1749,286,90,1750,318,426],"yoast_head":"<!-- This site is optimized with the Yoast SEO plugin v17.4 - https:\/\/yoast.com\/wordpress\/plugins\/seo\/ -->\n<title>Conhe\u00e7a mais sobre o papel do Homem na Cria\u00e7\u00e3o de Deus e contemple a harm\u00f4nia do Universo, com esta bela reflex\u00e3o: - Associa\u00e7\u00e3o Devotos de F\u00e1tima<\/title>\n<meta name=\"robots\" content=\"index, follow, max-snippet:-1, max-image-preview:large, max-video-preview:-1\" \/>\n<link rel=\"canonical\" href=\"https:\/\/www.adf.org.br\/home\/conheca-mais-sobre-o-papel-do-homem-na-criacao-de-deus-e-contemple-a-harmonia-do-universo-com-esta-bela-reflexao\/\" \/>\n<meta property=\"og:locale\" content=\"pt_BR\" \/>\n<meta property=\"og:type\" content=\"article\" \/>\n<meta property=\"og:title\" content=\"Conhe\u00e7a mais sobre o papel do Homem na Cria\u00e7\u00e3o de Deus e contemple a harm\u00f4nia do Universo, com esta bela reflex\u00e3o: - Associa\u00e7\u00e3o Devotos de F\u00e1tima\" \/>\n<meta property=\"og:description\" content=\"Pl\u00ednio Correa de Oliveira &#8211; grande l\u00edder cat\u00f3lico do S\u00e9culo XX Continua\u00e7\u00e3o do post:\u00a0Comemore a Festa de Nossa Senhora do Carmo com esta important\u00edssima reflex\u00e3o para os dias atuais! Ela \u00e9 imprescind\u00edvel a todo filho de Maria Sant\u00edssima: Papel do homem: completar, pelo seu engenho, o admir\u00e1vel plano de harmonia e beleza da cria\u00e7\u00e3o Mas [&hellip;]\" \/>\n<meta property=\"og:url\" content=\"https:\/\/www.adf.org.br\/home\/conheca-mais-sobre-o-papel-do-homem-na-criacao-de-deus-e-contemple-a-harmonia-do-universo-com-esta-bela-reflexao\/\" \/>\n<meta property=\"og:site_name\" content=\"Associa\u00e7\u00e3o Devotos de F\u00e1tima\" \/>\n<meta property=\"article:published_time\" content=\"2015-07-31T03:00:31+00:00\" \/>\n<meta property=\"og:image\" content=\"http:\/\/www.adf.org.br\/home\/wp-content\/uploads\/2015\/07\/Deus-criando-o-Universo-quadro-de-William-Blake..jpg\" \/>\n<meta name=\"twitter:card\" content=\"summary_large_image\" \/>\n<meta name=\"twitter:label1\" content=\"Escrito por\" \/>\n\t<meta name=\"twitter:data1\" content=\"luiz.fernando\" \/>\n\t<meta name=\"twitter:label2\" content=\"Est. tempo de leitura\" \/>\n\t<meta name=\"twitter:data2\" content=\"3 minutos\" \/>\n<script type=\"application\/ld+json\" class=\"yoast-schema-graph\">{\"@context\":\"https:\/\/schema.org\",\"@graph\":[{\"@type\":\"WebSite\",\"@id\":\"https:\/\/www.adf.org.br\/home\/#website\",\"url\":\"https:\/\/www.adf.org.br\/home\/\",\"name\":\"Associa\\u00e7\\u00e3o Devotos de F\\u00e1tima\",\"description\":\"Associa\\u00e7\\u00e3o Devotos de F\\u00e1tima\",\"potentialAction\":[{\"@type\":\"SearchAction\",\"target\":{\"@type\":\"EntryPoint\",\"urlTemplate\":\"https:\/\/www.adf.org.br\/home\/?s={search_term_string}\"},\"query-input\":\"required name=search_term_string\"}],\"inLanguage\":\"pt-BR\"},{\"@type\":\"ImageObject\",\"@id\":\"https:\/\/www.adf.org.br\/home\/conheca-mais-sobre-o-papel-do-homem-na-criacao-de-deus-e-contemple-a-harmonia-do-universo-com-esta-bela-reflexao\/#primaryimage\",\"inLanguage\":\"pt-BR\",\"url\":\"http:\/\/www.adf.org.br\/home\/wp-content\/uploads\/2015\/07\/Deus-criando-o-Universo-quadro-de-William-Blake..jpg\",\"contentUrl\":\"http:\/\/www.adf.org.br\/home\/wp-content\/uploads\/2015\/07\/Deus-criando-o-Universo-quadro-de-William-Blake..jpg\"},{\"@type\":\"WebPage\",\"@id\":\"https:\/\/www.adf.org.br\/home\/conheca-mais-sobre-o-papel-do-homem-na-criacao-de-deus-e-contemple-a-harmonia-do-universo-com-esta-bela-reflexao\/#webpage\",\"url\":\"https:\/\/www.adf.org.br\/home\/conheca-mais-sobre-o-papel-do-homem-na-criacao-de-deus-e-contemple-a-harmonia-do-universo-com-esta-bela-reflexao\/\",\"name\":\"Conhe\\u00e7a mais sobre o papel do Homem na Cria\\u00e7\\u00e3o de Deus e contemple a harm\\u00f4nia do Universo, com esta bela reflex\\u00e3o: - Associa\\u00e7\\u00e3o Devotos de F\\u00e1tima\",\"isPartOf\":{\"@id\":\"https:\/\/www.adf.org.br\/home\/#website\"},\"primaryImageOfPage\":{\"@id\":\"https:\/\/www.adf.org.br\/home\/conheca-mais-sobre-o-papel-do-homem-na-criacao-de-deus-e-contemple-a-harmonia-do-universo-com-esta-bela-reflexao\/#primaryimage\"},\"datePublished\":\"2015-07-31T03:00:31+00:00\",\"dateModified\":\"2015-07-31T03:00:31+00:00\",\"author\":{\"@id\":\"https:\/\/www.adf.org.br\/home\/#\/schema\/person\/4eb0499131c1962e974297eff367a715\"},\"breadcrumb\":{\"@id\":\"https:\/\/www.adf.org.br\/home\/conheca-mais-sobre-o-papel-do-homem-na-criacao-de-deus-e-contemple-a-harmonia-do-universo-com-esta-bela-reflexao\/#breadcrumb\"},\"inLanguage\":\"pt-BR\",\"potentialAction\":[{\"@type\":\"ReadAction\",\"target\":[\"https:\/\/www.adf.org.br\/home\/conheca-mais-sobre-o-papel-do-homem-na-criacao-de-deus-e-contemple-a-harmonia-do-universo-com-esta-bela-reflexao\/\"]}]},{\"@type\":\"BreadcrumbList\",\"@id\":\"https:\/\/www.adf.org.br\/home\/conheca-mais-sobre-o-papel-do-homem-na-criacao-de-deus-e-contemple-a-harmonia-do-universo-com-esta-bela-reflexao\/#breadcrumb\",\"itemListElement\":[{\"@type\":\"ListItem\",\"position\":1,\"name\":\"Home\",\"item\":\"https:\/\/www.adf.org.br\/home\/\"},{\"@type\":\"ListItem\",\"position\":2,\"name\":\"Conhe\\u00e7a mais sobre o papel do Homem na Cria\\u00e7\\u00e3o de Deus e contemple a harm\\u00f4nia do Universo, com esta bela reflex\\u00e3o:\"}]},{\"@type\":\"Person\",\"@id\":\"https:\/\/www.adf.org.br\/home\/#\/schema\/person\/4eb0499131c1962e974297eff367a715\",\"name\":\"luiz.fernando\",\"image\":{\"@type\":\"ImageObject\",\"@id\":\"https:\/\/www.adf.org.br\/home\/#personlogo\",\"inLanguage\":\"pt-BR\",\"url\":\"https:\/\/secure.gravatar.com\/avatar\/4e9dcdc2a00e06e1d9189a84f6908f28?s=96&d=mm&r=g\",\"contentUrl\":\"https:\/\/secure.gravatar.com\/avatar\/4e9dcdc2a00e06e1d9189a84f6908f28?s=96&d=mm&r=g\",\"caption\":\"luiz.fernando\"},\"url\":\"https:\/\/www.adf.org.br\/home\/author\/luiz-fernando\/\"}]}<\/script>\n<!-- \/ Yoast SEO plugin. -->","yoast_head_json":{"title":"Conhe\u00e7a mais sobre o papel do Homem na Cria\u00e7\u00e3o de Deus e contemple a harm\u00f4nia do Universo, com esta bela reflex\u00e3o: - Associa\u00e7\u00e3o Devotos de F\u00e1tima","robots":{"index":"index","follow":"follow","max-snippet":"max-snippet:-1","max-image-preview":"max-image-preview:large","max-video-preview":"max-video-preview:-1"},"canonical":"https:\/\/www.adf.org.br\/home\/conheca-mais-sobre-o-papel-do-homem-na-criacao-de-deus-e-contemple-a-harmonia-do-universo-com-esta-bela-reflexao\/","og_locale":"pt_BR","og_type":"article","og_title":"Conhe\u00e7a mais sobre o papel do Homem na Cria\u00e7\u00e3o de Deus e contemple a harm\u00f4nia do Universo, com esta bela reflex\u00e3o: - Associa\u00e7\u00e3o Devotos de F\u00e1tima","og_description":"Pl\u00ednio Correa de Oliveira &#8211; grande l\u00edder cat\u00f3lico do S\u00e9culo XX Continua\u00e7\u00e3o do post:\u00a0Comemore a Festa de Nossa Senhora do Carmo com esta important\u00edssima reflex\u00e3o para os dias atuais! Ela \u00e9 imprescind\u00edvel a todo filho de Maria Sant\u00edssima: Papel do homem: completar, pelo seu engenho, o admir\u00e1vel plano de harmonia e beleza da cria\u00e7\u00e3o Mas [&hellip;]","og_url":"https:\/\/www.adf.org.br\/home\/conheca-mais-sobre-o-papel-do-homem-na-criacao-de-deus-e-contemple-a-harmonia-do-universo-com-esta-bela-reflexao\/","og_site_name":"Associa\u00e7\u00e3o Devotos de F\u00e1tima","article_published_time":"2015-07-31T03:00:31+00:00","og_image":[{"url":"http:\/\/www.adf.org.br\/home\/wp-content\/uploads\/2015\/07\/Deus-criando-o-Universo-quadro-de-William-Blake..jpg"}],"twitter_card":"summary_large_image","twitter_misc":{"Escrito por":"luiz.fernando","Est. tempo de leitura":"3 minutos"},"schema":{"@context":"https:\/\/schema.org","@graph":[{"@type":"WebSite","@id":"https:\/\/www.adf.org.br\/home\/#website","url":"https:\/\/www.adf.org.br\/home\/","name":"Associa\u00e7\u00e3o Devotos de F\u00e1tima","description":"Associa\u00e7\u00e3o Devotos de F\u00e1tima","potentialAction":[{"@type":"SearchAction","target":{"@type":"EntryPoint","urlTemplate":"https:\/\/www.adf.org.br\/home\/?s={search_term_string}"},"query-input":"required name=search_term_string"}],"inLanguage":"pt-BR"},{"@type":"ImageObject","@id":"https:\/\/www.adf.org.br\/home\/conheca-mais-sobre-o-papel-do-homem-na-criacao-de-deus-e-contemple-a-harmonia-do-universo-com-esta-bela-reflexao\/#primaryimage","inLanguage":"pt-BR","url":"http:\/\/www.adf.org.br\/home\/wp-content\/uploads\/2015\/07\/Deus-criando-o-Universo-quadro-de-William-Blake..jpg","contentUrl":"http:\/\/www.adf.org.br\/home\/wp-content\/uploads\/2015\/07\/Deus-criando-o-Universo-quadro-de-William-Blake..jpg"},{"@type":"WebPage","@id":"https:\/\/www.adf.org.br\/home\/conheca-mais-sobre-o-papel-do-homem-na-criacao-de-deus-e-contemple-a-harmonia-do-universo-com-esta-bela-reflexao\/#webpage","url":"https:\/\/www.adf.org.br\/home\/conheca-mais-sobre-o-papel-do-homem-na-criacao-de-deus-e-contemple-a-harmonia-do-universo-com-esta-bela-reflexao\/","name":"Conhe\u00e7a mais sobre o papel do Homem na Cria\u00e7\u00e3o de Deus e contemple a harm\u00f4nia do Universo, com esta bela reflex\u00e3o: - Associa\u00e7\u00e3o Devotos de F\u00e1tima","isPartOf":{"@id":"https:\/\/www.adf.org.br\/home\/#website"},"primaryImageOfPage":{"@id":"https:\/\/www.adf.org.br\/home\/conheca-mais-sobre-o-papel-do-homem-na-criacao-de-deus-e-contemple-a-harmonia-do-universo-com-esta-bela-reflexao\/#primaryimage"},"datePublished":"2015-07-31T03:00:31+00:00","dateModified":"2015-07-31T03:00:31+00:00","author":{"@id":"https:\/\/www.adf.org.br\/home\/#\/schema\/person\/4eb0499131c1962e974297eff367a715"},"breadcrumb":{"@id":"https:\/\/www.adf.org.br\/home\/conheca-mais-sobre-o-papel-do-homem-na-criacao-de-deus-e-contemple-a-harmonia-do-universo-com-esta-bela-reflexao\/#breadcrumb"},"inLanguage":"pt-BR","potentialAction":[{"@type":"ReadAction","target":["https:\/\/www.adf.org.br\/home\/conheca-mais-sobre-o-papel-do-homem-na-criacao-de-deus-e-contemple-a-harmonia-do-universo-com-esta-bela-reflexao\/"]}]},{"@type":"BreadcrumbList","@id":"https:\/\/www.adf.org.br\/home\/conheca-mais-sobre-o-papel-do-homem-na-criacao-de-deus-e-contemple-a-harmonia-do-universo-com-esta-bela-reflexao\/#breadcrumb","itemListElement":[{"@type":"ListItem","position":1,"name":"Home","item":"https:\/\/www.adf.org.br\/home\/"},{"@type":"ListItem","position":2,"name":"Conhe\u00e7a mais sobre o papel do Homem na Cria\u00e7\u00e3o de Deus e contemple a harm\u00f4nia do Universo, com esta bela reflex\u00e3o:"}]},{"@type":"Person","@id":"https:\/\/www.adf.org.br\/home\/#\/schema\/person\/4eb0499131c1962e974297eff367a715","name":"luiz.fernando","image":{"@type":"ImageObject","@id":"https:\/\/www.adf.org.br\/home\/#personlogo","inLanguage":"pt-BR","url":"https:\/\/secure.gravatar.com\/avatar\/4e9dcdc2a00e06e1d9189a84f6908f28?s=96&d=mm&r=g","contentUrl":"https:\/\/secure.gravatar.com\/avatar\/4e9dcdc2a00e06e1d9189a84f6908f28?s=96&d=mm&r=g","caption":"luiz.fernando"},"url":"https:\/\/www.adf.org.br\/home\/author\/luiz-fernando\/"}]}},"_links":{"self":[{"href":"https:\/\/www.adf.org.br\/home\/wp-json\/wp\/v2\/posts\/33055"}],"collection":[{"href":"https:\/\/www.adf.org.br\/home\/wp-json\/wp\/v2\/posts"}],"about":[{"href":"https:\/\/www.adf.org.br\/home\/wp-json\/wp\/v2\/types\/post"}],"author":[{"embeddable":true,"href":"https:\/\/www.adf.org.br\/home\/wp-json\/wp\/v2\/users\/12"}],"replies":[{"embeddable":true,"href":"https:\/\/www.adf.org.br\/home\/wp-json\/wp\/v2\/comments?post=33055"}],"version-history":[{"count":0,"href":"https:\/\/www.adf.org.br\/home\/wp-json\/wp\/v2\/posts\/33055\/revisions"}],"wp:attachment":[{"href":"https:\/\/www.adf.org.br\/home\/wp-json\/wp\/v2\/media?parent=33055"}],"wp:term":[{"taxonomy":"category","embeddable":true,"href":"https:\/\/www.adf.org.br\/home\/wp-json\/wp\/v2\/categories?post=33055"},{"taxonomy":"post_tag","embeddable":true,"href":"https:\/\/www.adf.org.br\/home\/wp-json\/wp\/v2\/tags?post=33055"}],"curies":[{"name":"wp","href":"https:\/\/api.w.org\/{rel}","templated":true}]}}