{"id":32942,"date":"2015-07-20T00:01:26","date_gmt":"2015-07-20T03:01:26","guid":{"rendered":"http:\/\/www.adf.org.br\/home\/?p=32942"},"modified":"2015-07-20T00:01:26","modified_gmt":"2015-07-20T03:01:26","slug":"intencoes-da-semana-oratorio-da-medalha-milagrosa-20-a-26-de-julho","status":"publish","type":"post","link":"https:\/\/www.adf.org.br\/home\/intencoes-da-semana-oratorio-da-medalha-milagrosa-20-a-26-de-julho\/","title":{"rendered":"Inten\u00e7\u00f5es da Semana Orat\u00f3rio da Medalha Milagrosa \u2013 20 a 26 de julho."},"content":{"rendered":"<p style=\"text-align: left;\"><a href=\"http:\/\/oratoriodamedalhamilagrosa.org.br\/home\/acenda-sua-vela-30\/?origem=1025\"><img loading=\"lazy\" class=\"aligncenter size-full wp-image-32943\" title=\"Clique aqui e veja como acender uma Vela Virtual pela gra\u00e7a que voc\u00ea mais precisa!\" src=\"http:\/\/www.adf.org.br\/home\/wp-content\/uploads\/2015\/07\/intencoes_oratorio2.jpg\" alt=\"\" width=\"600\" height=\"297\" \/><\/a><\/p>\n<p style=\"text-align: center;\"><span style=\"font-family: verdana, geneva; color: #800080; font-size: medium;\"><strong>Cat\u00f3lico!\u00a0Vale a pena rezar por estas inten\u00e7\u00f5es!<\/strong><\/span><\/p>\n<p style=\"text-align: left;\"><span style=\"font-family: verdana, geneva; color: #000000;\">1) Para que na pr\u00f3xima Confer\u00eancia do Papa Francisco com os Cardeais (chamada S\u00ednodo) sejam tomadas decis\u00f5es fieis \u00e0 Doutrina de sempre da Santa Igreja, o conceito de Fam\u00edlia de acordo com a vontade de Deus seja defendido, e que n\u00e3o sejam aprovadas quaisquer coisas contr\u00e1rias \u00e0s palavras de Nosso Senhor Jesus Cristo.<\/span><\/p>\n<p style=\"text-align: left;\"><span style=\"font-family: verdana, geneva; color: #000000;\">Esta decis\u00e3o ir\u00e1 influenciar a SUA fam\u00edlia. Por isso, <\/span><span style=\"font-family: verdana, geneva;\"><strong><a href=\"http:\/\/www.adf.org.br\/filialsuplica\/?origem=1025\" target=\"_blank\" rel=\"noopener noreferrer\">assine esta S\u00faplica ao Papa Francisco.<\/a><\/strong><\/span><\/p>\n<p style=\"text-align: left;\"><span style=\"font-family: verdana, geneva; color: #000000;\">2) Uma verdadeira campanha cultural para transformar a mentalidade da sociedade, a respeito<br \/>\nda &#8220;normalidade&#8221; dos relacionamentos homossexuais, est\u00e1 avan\u00e7ando assustadoramente; em todo<br \/>\no mundo!<\/span><\/p>\n<p style=\"padding-left: 60px;\"><span style=\"font-family: verdana, geneva; color: #3366ff;\"><strong>Rezemos incessantemente \u00e0 Sant\u00edssima Virgem &#8211; toda pureza e castidade &#8211; que rogue a Deus para que nossa civiliza\u00e7\u00e3o n\u00e3o se torne outra Sodoma ou Gomorra. \u00c9 um perigo que engloba TODAS as pessoas e fam\u00edlias.<\/strong><\/span><\/p>\n<p><span style=\"font-family: verdana, geneva; color: #000000;\">Inclusive a sua&#8230;<\/span><\/p>\n<p style=\"text-align: center;\"><span style=\"font-family: verdana, geneva; font-size: medium;\"><a href=\"http:\/\/oratoriodamedalhamilagrosa.org.br\/home\/acenda-sua-vela-30\/?origem=1025\" target=\"_blank\" rel=\"noopener noreferrer\">Voc\u00ea tamb\u00e9m pode colocar o seu nome e as suas inten\u00e7\u00f5es pessoais<br \/>\nnas inten\u00e7\u00f5es das Santas Missas da semana;\u00a0<\/a><\/span><\/p>\n<p><span style=\"font-family: verdana, geneva; color: #000000;\">3) Pela convers\u00e3o de todos os pobres pecadores.<\/span><\/p>\n<p><span style=\"font-family: verdana, geneva; color: #000000;\">Sobretudo por aqueles que s\u00e3o mais hostis \u00e0 Santa Igreja, como aqueles homossexuais que PROFANARAM, cometeram sacril\u00e9gios e blasfemaram na passeata do orgulho homossexual.<\/span><\/p>\n<p><span style=\"font-family: verdana, geneva; color: #000000;\">A convers\u00e3o deles ser\u00e1 um ato de enorme gl\u00f3ria para Deus. Que eles se arrependam profundamente, e possam ter suas almas salvas.<\/span><\/p>\n<p><span style=\"font-family: verdana, geneva; color: #000000;\">4) Pela preserva\u00e7\u00e3o da pureza de alma e de corpo de nossas crian\u00e7as e jovens.\u00a0<\/span><\/p>\n<p><span style=\"font-family: verdana, geneva; color: #000000;\">De todas as causas esta \u00e9 uma das mais urgentes&#8230; Disse Nossa Senhora, em sua apari\u00e7\u00e3o em Quito \u00e0 Madre Mariana de Jesus Torres &#8211; &#8220;quase\u00a0n\u00e3o haver\u00e1 mais\u00a0nenhuma\u00a0alma virgem no mundo&#8221;.<\/span><\/p>\n<p><span style=\"font-family: verdana, geneva; color: #000000;\">Evitemos que esta terr\u00edvel profecia de Nossa Senhora aconte\u00e7a, rogando a Ela, por esta important\u00edssima causa!<\/span><\/p>\n<p><span style=\"font-family: verdana, geneva; color: #800080;\"><strong>5) Por todas as inten\u00e7\u00f5es pessoais de todos os que\u00a0pedirem no telefone\u00a0abaixo, com F\u00e9 e arrependimento dos seus pecados:<\/strong><\/span><\/p>\n<p style=\"text-align: center;\"><span style=\"font-family: verdana, geneva; color: #0000ff; font-size: x-large;\"><strong>0800 773 1119<\/strong><\/span><\/p>\n<p style=\"text-align: center;\"><span style=\"font-family: verdana, geneva; font-size: large;\">\u00a0<a href=\"http:\/\/oratoriodamedalhamilagrosa.org.br\/home\/acenda-sua-vela-30\/?origem=1025\" target=\"_blank\" rel=\"noopener noreferrer\">Nossa Senhora das Gra\u00e7as est\u00e1 aguardando a sua ora\u00e7\u00e3o:<\/a><\/span><\/p>\n<p style=\"text-align: center;\"><span style=\"font-family: verdana, geneva; font-size: large;\"><a href=\"http:\/\/oratoriodamedalhamilagrosa.org.br\/home\/acenda-sua-vela-30\/?origem=1025\" target=\"_blank\" rel=\"noopener noreferrer\">\u2026Para enviar do C\u00e9u a gra\u00e7a que voc\u00ea mais precisa\u2026<\/a><\/span><\/p>\n<p style=\"text-align: center;\"><span style=\"font-family: verdana, geneva; color: #000000; font-size: large;\"><strong>O Maria Concebida sem pecados, rogai por n\u00f3s que recorremos a V\u00f3s!<\/strong><\/span><\/p>\n","protected":false},"excerpt":{"rendered":"<p>Cat\u00f3lico!\u00a0Vale a pena rezar por estas inten\u00e7\u00f5es! 1) Para que na pr\u00f3xima Confer\u00eancia do Papa Francisco com os Cardeais (chamada S\u00ednodo) sejam tomadas decis\u00f5es fieis \u00e0 Doutrina de sempre da Santa Igreja, o conceito de Fam\u00edlia de acordo com a vontade de Deus seja defendido, e que n\u00e3o sejam aprovadas quaisquer coisas contr\u00e1rias \u00e0s palavras [&hellip;]<\/p>\n","protected":false},"author":12,"featured_media":0,"comment_status":"closed","ping_status":"open","sticky":false,"template":"","format":"standard","meta":[],"categories":[60],"tags":[61],"yoast_head":"<!-- This site is optimized with the Yoast SEO plugin v17.4 - https:\/\/yoast.com\/wordpress\/plugins\/seo\/ -->\n<title>Inten\u00e7\u00f5es da Semana Orat\u00f3rio da Medalha Milagrosa \u2013 20 a 26 de julho. - Associa\u00e7\u00e3o Devotos de F\u00e1tima<\/title>\n<meta name=\"robots\" content=\"index, follow, max-snippet:-1, max-image-preview:large, max-video-preview:-1\" \/>\n<link rel=\"canonical\" href=\"https:\/\/www.adf.org.br\/home\/intencoes-da-semana-oratorio-da-medalha-milagrosa-20-a-26-de-julho\/\" \/>\n<meta property=\"og:locale\" content=\"pt_BR\" \/>\n<meta property=\"og:type\" content=\"article\" \/>\n<meta property=\"og:title\" content=\"Inten\u00e7\u00f5es da Semana Orat\u00f3rio da Medalha Milagrosa \u2013 20 a 26 de julho. - Associa\u00e7\u00e3o Devotos de F\u00e1tima\" \/>\n<meta property=\"og:description\" content=\"Cat\u00f3lico!\u00a0Vale a pena rezar por estas inten\u00e7\u00f5es! 1) Para que na pr\u00f3xima Confer\u00eancia do Papa Francisco com os Cardeais (chamada S\u00ednodo) sejam tomadas decis\u00f5es fieis \u00e0 Doutrina de sempre da Santa Igreja, o conceito de Fam\u00edlia de acordo com a vontade de Deus seja defendido, e que n\u00e3o sejam aprovadas quaisquer coisas contr\u00e1rias \u00e0s palavras [&hellip;]\" \/>\n<meta property=\"og:url\" content=\"https:\/\/www.adf.org.br\/home\/intencoes-da-semana-oratorio-da-medalha-milagrosa-20-a-26-de-julho\/\" \/>\n<meta property=\"og:site_name\" content=\"Associa\u00e7\u00e3o Devotos de F\u00e1tima\" \/>\n<meta property=\"article:published_time\" content=\"2015-07-20T03:01:26+00:00\" \/>\n<meta property=\"og:image\" content=\"http:\/\/www.adf.org.br\/home\/wp-content\/uploads\/2015\/07\/intencoes_oratorio2.jpg\" \/>\n<meta name=\"twitter:card\" content=\"summary_large_image\" \/>\n<meta name=\"twitter:label1\" content=\"Escrito por\" \/>\n\t<meta name=\"twitter:data1\" content=\"luiz.fernando\" \/>\n\t<meta name=\"twitter:label2\" content=\"Est. tempo de leitura\" \/>\n\t<meta name=\"twitter:data2\" content=\"2 minutos\" \/>\n<script type=\"application\/ld+json\" class=\"yoast-schema-graph\">{\"@context\":\"https:\/\/schema.org\",\"@graph\":[{\"@type\":\"WebSite\",\"@id\":\"https:\/\/www.adf.org.br\/home\/#website\",\"url\":\"https:\/\/www.adf.org.br\/home\/\",\"name\":\"Associa\\u00e7\\u00e3o Devotos de F\\u00e1tima\",\"description\":\"Associa\\u00e7\\u00e3o Devotos de F\\u00e1tima\",\"potentialAction\":[{\"@type\":\"SearchAction\",\"target\":{\"@type\":\"EntryPoint\",\"urlTemplate\":\"https:\/\/www.adf.org.br\/home\/?s={search_term_string}\"},\"query-input\":\"required name=search_term_string\"}],\"inLanguage\":\"pt-BR\"},{\"@type\":\"ImageObject\",\"@id\":\"https:\/\/www.adf.org.br\/home\/intencoes-da-semana-oratorio-da-medalha-milagrosa-20-a-26-de-julho\/#primaryimage\",\"inLanguage\":\"pt-BR\",\"url\":\"http:\/\/www.adf.org.br\/home\/wp-content\/uploads\/2015\/07\/intencoes_oratorio2.jpg\",\"contentUrl\":\"http:\/\/www.adf.org.br\/home\/wp-content\/uploads\/2015\/07\/intencoes_oratorio2.jpg\"},{\"@type\":\"WebPage\",\"@id\":\"https:\/\/www.adf.org.br\/home\/intencoes-da-semana-oratorio-da-medalha-milagrosa-20-a-26-de-julho\/#webpage\",\"url\":\"https:\/\/www.adf.org.br\/home\/intencoes-da-semana-oratorio-da-medalha-milagrosa-20-a-26-de-julho\/\",\"name\":\"Inten\\u00e7\\u00f5es da Semana Orat\\u00f3rio da Medalha Milagrosa \\u2013 20 a 26 de julho. - Associa\\u00e7\\u00e3o Devotos de F\\u00e1tima\",\"isPartOf\":{\"@id\":\"https:\/\/www.adf.org.br\/home\/#website\"},\"primaryImageOfPage\":{\"@id\":\"https:\/\/www.adf.org.br\/home\/intencoes-da-semana-oratorio-da-medalha-milagrosa-20-a-26-de-julho\/#primaryimage\"},\"datePublished\":\"2015-07-20T03:01:26+00:00\",\"dateModified\":\"2015-07-20T03:01:26+00:00\",\"author\":{\"@id\":\"https:\/\/www.adf.org.br\/home\/#\/schema\/person\/4eb0499131c1962e974297eff367a715\"},\"breadcrumb\":{\"@id\":\"https:\/\/www.adf.org.br\/home\/intencoes-da-semana-oratorio-da-medalha-milagrosa-20-a-26-de-julho\/#breadcrumb\"},\"inLanguage\":\"pt-BR\",\"potentialAction\":[{\"@type\":\"ReadAction\",\"target\":[\"https:\/\/www.adf.org.br\/home\/intencoes-da-semana-oratorio-da-medalha-milagrosa-20-a-26-de-julho\/\"]}]},{\"@type\":\"BreadcrumbList\",\"@id\":\"https:\/\/www.adf.org.br\/home\/intencoes-da-semana-oratorio-da-medalha-milagrosa-20-a-26-de-julho\/#breadcrumb\",\"itemListElement\":[{\"@type\":\"ListItem\",\"position\":1,\"name\":\"Home\",\"item\":\"https:\/\/www.adf.org.br\/home\/\"},{\"@type\":\"ListItem\",\"position\":2,\"name\":\"Inten\\u00e7\\u00f5es da Semana Orat\\u00f3rio da Medalha Milagrosa \\u2013 20 a 26 de julho.\"}]},{\"@type\":\"Person\",\"@id\":\"https:\/\/www.adf.org.br\/home\/#\/schema\/person\/4eb0499131c1962e974297eff367a715\",\"name\":\"luiz.fernando\",\"image\":{\"@type\":\"ImageObject\",\"@id\":\"https:\/\/www.adf.org.br\/home\/#personlogo\",\"inLanguage\":\"pt-BR\",\"url\":\"https:\/\/secure.gravatar.com\/avatar\/4e9dcdc2a00e06e1d9189a84f6908f28?s=96&d=mm&r=g\",\"contentUrl\":\"https:\/\/secure.gravatar.com\/avatar\/4e9dcdc2a00e06e1d9189a84f6908f28?s=96&d=mm&r=g\",\"caption\":\"luiz.fernando\"},\"url\":\"https:\/\/www.adf.org.br\/home\/author\/luiz-fernando\/\"}]}<\/script>\n<!-- \/ Yoast SEO plugin. -->","yoast_head_json":{"title":"Inten\u00e7\u00f5es da Semana Orat\u00f3rio da Medalha Milagrosa \u2013 20 a 26 de julho. - Associa\u00e7\u00e3o Devotos de F\u00e1tima","robots":{"index":"index","follow":"follow","max-snippet":"max-snippet:-1","max-image-preview":"max-image-preview:large","max-video-preview":"max-video-preview:-1"},"canonical":"https:\/\/www.adf.org.br\/home\/intencoes-da-semana-oratorio-da-medalha-milagrosa-20-a-26-de-julho\/","og_locale":"pt_BR","og_type":"article","og_title":"Inten\u00e7\u00f5es da Semana Orat\u00f3rio da Medalha Milagrosa \u2013 20 a 26 de julho. - Associa\u00e7\u00e3o Devotos de F\u00e1tima","og_description":"Cat\u00f3lico!\u00a0Vale a pena rezar por estas inten\u00e7\u00f5es! 1) Para que na pr\u00f3xima Confer\u00eancia do Papa Francisco com os Cardeais (chamada S\u00ednodo) sejam tomadas decis\u00f5es fieis \u00e0 Doutrina de sempre da Santa Igreja, o conceito de Fam\u00edlia de acordo com a vontade de Deus seja defendido, e que n\u00e3o sejam aprovadas quaisquer coisas contr\u00e1rias \u00e0s palavras [&hellip;]","og_url":"https:\/\/www.adf.org.br\/home\/intencoes-da-semana-oratorio-da-medalha-milagrosa-20-a-26-de-julho\/","og_site_name":"Associa\u00e7\u00e3o Devotos de F\u00e1tima","article_published_time":"2015-07-20T03:01:26+00:00","og_image":[{"url":"http:\/\/www.adf.org.br\/home\/wp-content\/uploads\/2015\/07\/intencoes_oratorio2.jpg"}],"twitter_card":"summary_large_image","twitter_misc":{"Escrito por":"luiz.fernando","Est. tempo de leitura":"2 minutos"},"schema":{"@context":"https:\/\/schema.org","@graph":[{"@type":"WebSite","@id":"https:\/\/www.adf.org.br\/home\/#website","url":"https:\/\/www.adf.org.br\/home\/","name":"Associa\u00e7\u00e3o Devotos de F\u00e1tima","description":"Associa\u00e7\u00e3o Devotos de F\u00e1tima","potentialAction":[{"@type":"SearchAction","target":{"@type":"EntryPoint","urlTemplate":"https:\/\/www.adf.org.br\/home\/?s={search_term_string}"},"query-input":"required name=search_term_string"}],"inLanguage":"pt-BR"},{"@type":"ImageObject","@id":"https:\/\/www.adf.org.br\/home\/intencoes-da-semana-oratorio-da-medalha-milagrosa-20-a-26-de-julho\/#primaryimage","inLanguage":"pt-BR","url":"http:\/\/www.adf.org.br\/home\/wp-content\/uploads\/2015\/07\/intencoes_oratorio2.jpg","contentUrl":"http:\/\/www.adf.org.br\/home\/wp-content\/uploads\/2015\/07\/intencoes_oratorio2.jpg"},{"@type":"WebPage","@id":"https:\/\/www.adf.org.br\/home\/intencoes-da-semana-oratorio-da-medalha-milagrosa-20-a-26-de-julho\/#webpage","url":"https:\/\/www.adf.org.br\/home\/intencoes-da-semana-oratorio-da-medalha-milagrosa-20-a-26-de-julho\/","name":"Inten\u00e7\u00f5es da Semana Orat\u00f3rio da Medalha Milagrosa \u2013 20 a 26 de julho. - Associa\u00e7\u00e3o Devotos de F\u00e1tima","isPartOf":{"@id":"https:\/\/www.adf.org.br\/home\/#website"},"primaryImageOfPage":{"@id":"https:\/\/www.adf.org.br\/home\/intencoes-da-semana-oratorio-da-medalha-milagrosa-20-a-26-de-julho\/#primaryimage"},"datePublished":"2015-07-20T03:01:26+00:00","dateModified":"2015-07-20T03:01:26+00:00","author":{"@id":"https:\/\/www.adf.org.br\/home\/#\/schema\/person\/4eb0499131c1962e974297eff367a715"},"breadcrumb":{"@id":"https:\/\/www.adf.org.br\/home\/intencoes-da-semana-oratorio-da-medalha-milagrosa-20-a-26-de-julho\/#breadcrumb"},"inLanguage":"pt-BR","potentialAction":[{"@type":"ReadAction","target":["https:\/\/www.adf.org.br\/home\/intencoes-da-semana-oratorio-da-medalha-milagrosa-20-a-26-de-julho\/"]}]},{"@type":"BreadcrumbList","@id":"https:\/\/www.adf.org.br\/home\/intencoes-da-semana-oratorio-da-medalha-milagrosa-20-a-26-de-julho\/#breadcrumb","itemListElement":[{"@type":"ListItem","position":1,"name":"Home","item":"https:\/\/www.adf.org.br\/home\/"},{"@type":"ListItem","position":2,"name":"Inten\u00e7\u00f5es da Semana Orat\u00f3rio da Medalha Milagrosa \u2013 20 a 26 de julho."}]},{"@type":"Person","@id":"https:\/\/www.adf.org.br\/home\/#\/schema\/person\/4eb0499131c1962e974297eff367a715","name":"luiz.fernando","image":{"@type":"ImageObject","@id":"https:\/\/www.adf.org.br\/home\/#personlogo","inLanguage":"pt-BR","url":"https:\/\/secure.gravatar.com\/avatar\/4e9dcdc2a00e06e1d9189a84f6908f28?s=96&d=mm&r=g","contentUrl":"https:\/\/secure.gravatar.com\/avatar\/4e9dcdc2a00e06e1d9189a84f6908f28?s=96&d=mm&r=g","caption":"luiz.fernando"},"url":"https:\/\/www.adf.org.br\/home\/author\/luiz-fernando\/"}]}},"_links":{"self":[{"href":"https:\/\/www.adf.org.br\/home\/wp-json\/wp\/v2\/posts\/32942"}],"collection":[{"href":"https:\/\/www.adf.org.br\/home\/wp-json\/wp\/v2\/posts"}],"about":[{"href":"https:\/\/www.adf.org.br\/home\/wp-json\/wp\/v2\/types\/post"}],"author":[{"embeddable":true,"href":"https:\/\/www.adf.org.br\/home\/wp-json\/wp\/v2\/users\/12"}],"replies":[{"embeddable":true,"href":"https:\/\/www.adf.org.br\/home\/wp-json\/wp\/v2\/comments?post=32942"}],"version-history":[{"count":0,"href":"https:\/\/www.adf.org.br\/home\/wp-json\/wp\/v2\/posts\/32942\/revisions"}],"wp:attachment":[{"href":"https:\/\/www.adf.org.br\/home\/wp-json\/wp\/v2\/media?parent=32942"}],"wp:term":[{"taxonomy":"category","embeddable":true,"href":"https:\/\/www.adf.org.br\/home\/wp-json\/wp\/v2\/categories?post=32942"},{"taxonomy":"post_tag","embeddable":true,"href":"https:\/\/www.adf.org.br\/home\/wp-json\/wp\/v2\/tags?post=32942"}],"curies":[{"name":"wp","href":"https:\/\/api.w.org\/{rel}","templated":true}]}}