{"id":32617,"date":"2015-06-29T00:00:21","date_gmt":"2015-06-29T03:00:21","guid":{"rendered":"http:\/\/www.adf.org.br\/home\/?p=32617"},"modified":"2015-06-29T00:00:21","modified_gmt":"2015-06-29T03:00:21","slug":"isso-pode-acontecer-muito-em-breve-no-brasil-com-todos-os-pais-que-querem-defender-seus-filhos-da-perversao-na-educacao-na-alemanha-a-policia-prende-por-40-dias-os-pais-de-criancas-que-nao-foram-a","status":"publish","type":"post","link":"https:\/\/www.adf.org.br\/home\/isso-pode-acontecer-muito-em-breve-no-brasil-com-todos-os-pais-que-querem-defender-seus-filhos-da-perversao-na-educacao-na-alemanha-a-policia-prende-por-40-dias-os-pais-de-criancas-que-nao-foram-a\/","title":{"rendered":"Isso pode acontecer muito em breve no Brasil, com todos os pais que querem defender seus filhos da pervers\u00e3o na Educa\u00e7\u00e3o: Na Alemanha, a pol\u00edcia prende por 40 dias os pais de crian\u00e7as que n\u00e3o foram \u00e0 aula de Ideologia de G\u00eanero."},"content":{"rendered":"<figure id=\"attachment_32619\" aria-describedby=\"caption-attachment-32619\" style=\"width: 476px\" class=\"wp-caption aligncenter\"><a href=\"http:\/\/www.adf.org.br\/home\/2015\/06\/isso-pode-acontecer-muito-em-breve-no-brasil-com-todos-os-pais-que-querem-defender-seus-filhos-da-perversao-na-educacao-na-alemanha-a-policia-prende-por-40-dias-os-pais-de-criancas-que-nao-foram-a\/eugen-e-luise-martens-nao-levaram-seus-filhos-a-aula-de-sexo-e-genero-ele-ja-esta-preso-ela-foi-presa-quando-terminou-de-amamentar\/\" rel=\"attachment wp-att-32619\"><img loading=\"lazy\" class=\" wp-image-32619  \" title=\"Eugen e Luise Martens n\u00e3o levaram seus filhos \u00e0 aula de sexo e g\u00eanero \u2013 ele j\u00e1 est\u00e1 preso, ela foi presa quando terminou de amamentar.\" src=\"http:\/\/www.adf.org.br\/home\/wp-content\/uploads\/2015\/06\/Eugen-e-Luise-Martens-n\u00e3o-levaram-seus-filhos-\u00e0-aula-de-sexo-e-g\u00eanero-\u2013-ele-j\u00e1-est\u00e1-preso-ela-foi-presa-quando-terminou-de-amamentar..jpg\" alt=\"\" width=\"476\" height=\"355\" \/><\/a><figcaption id=\"caption-attachment-32619\" class=\"wp-caption-text\">Eugen e Luise Martens n\u00e3o levaram seus filhos \u00e0 aula de sexo e g\u00eanero \u2013 ele j\u00e1 est\u00e1 preso, ela foi presa quando terminou de amamentar.<\/figcaption><\/figure>\n<p style=\"text-align: right;\"><span style=\"font-family: verdana, geneva; color: #000000;\"><em>Leone Grotti\/Tempi.it<\/em><\/span><\/p>\n<p style=\"padding-left: 90px;\"><span style=\"font-size: medium;\"><strong><span style=\"font-family: verdana, geneva; color: #800080;\">Em 24 de outubro um policial [bateu na porta] da fam\u00edlia Martens, em Eslohe, um pequeno munic\u00edpio da Ren\u00e2nia do Norte-Westfalia, na Alemanha. <\/span><\/strong><\/span><\/p>\n<p><span style=\"font-family: verdana, geneva; color: #000000;\">Enquanto abria a porta, Eugen j\u00e1 sabia o motivo dessa visita: a pris\u00e3o de sua mulher e m\u00e3e de seus nove filhos, Luise. Sabia tudo antecipadamente porque pelo mesmo motivo ele tinha sido preso em 15 de agosto de 2013.<\/span><\/p>\n<p><span style=\"font-family: verdana, geneva; color: #000000;\">O que este casal de 37 anos fez de t\u00e3o grave para ser preso? N\u00e3o matou, n\u00e3o roubou nem prejudicou ningu\u00e9m. <\/span><\/p>\n<p style=\"padding-left: 60px;\"><strong><span style=\"font-family: verdana, geneva; color: #3366ff;\">Sua \u00fanica culpa \u00e9 serem pais de uma menina que se negou a participar, por duas vezes, das aulas de educa\u00e7\u00e3o sexual previstas para a escola prim\u00e1ria.<\/span><\/strong><\/p>\n<p><span style=\"font-family: verdana, geneva; color: #000000;\">No ano passado, Luise n\u00e3o foi presa junto com seu marido porque estava gr\u00e1vida. Neste ano, o policial n\u00e3o a levou \u00e0 for\u00e7a, como deveria, porque ainda est\u00e1 amamentando o filho mais novo. <\/span><\/p>\n<p><span style=\"font-family: verdana, geneva; color: #000000;\">No entanto, isto n\u00e3o acaba por aqui.\u00a0<\/span><\/p>\n<p><a href=\"http:\/\/www.adf.org.br\/home\/2015\/06\/isso-pode-acontecer-muito-em-breve-no-brasil-com-todos-os-pais-que-querem-defender-seus-filhos-da-perversao-na-educacao-na-alemanha-a-policia-prende-por-40-dias-os-pais-de-criancas-que-nao-foram-a\/padres_alemanes_mani\/\" rel=\"attachment wp-att-32620\"><img loading=\"lazy\" class=\"aligncenter size-full wp-image-32620\" title=\"padres_Alemanes_mani\" src=\"http:\/\/www.adf.org.br\/home\/wp-content\/uploads\/2015\/06\/padres_Alemanes_mani.jpg\" alt=\"\" width=\"440\" height=\"273\" \/><\/a><\/p>\n<p><span style=\"font-family: verdana, geneva; color: #000000;\">\u201cMuitas fam\u00edlias na Alemanha est\u00e3o na mesma situa\u00e7\u00e3o que o casal Martens\u201d, declarou ao site Tempi.it, Mathias Ebert, casado, pai de quatro filhos, que depois de ter sido informado da hist\u00f3ria dos Martens, decidiu fundar, em Col\u00f4nia, a Associa\u00e7\u00e3o Besorgte Eltern (\u201cPais preocupados\u201d,<\/span><span style=\"font-family: verdana, geneva;\"><a href=\"http:\/\/besorgte-eltern.net\/\" target=\"_blank\" rel=\"noopener noreferrer\">http:\/\/besorgte-eltern.net<\/a><\/span><span style=\"font-family: verdana, geneva; color: #000000;\">). <\/span><\/p>\n<p><span style=\"font-family: verdana, geneva; color: #000000;\">O movimento j\u00e1 organizou v\u00e1rias manifesta\u00e7\u00f5es na Alemanha, com milhares de participantes para que se debata publicamente este esc\u00e2ndalo gigantesco e se impe\u00e7a a corrup\u00e7\u00e3o de nossos filhos que, a partir dos seis anos, devem participar de <strong><a href=\"http:\/\/www.minhacartaaberta.com.br\/aospaiscatolicosdobrasil\/?origem=1025\" target=\"_blank\" rel=\"noopener noreferrer\">aulas de educa\u00e7\u00e3o sexual<\/a><\/strong>, nas quais se prop\u00f5e a Ideologia de G\u00eanero.<\/span><\/p>\n<p><span style=\"font-family: verdana, geneva; color: #000000;\"><strong>Tempi.it: Por que raz\u00e3o, se uma menina falta duas horas de suas aulas, seus pais<br \/>\ns\u00e3o presos?<\/strong><\/span><\/p>\n<p><span style=\"font-family: verdana, geneva; color: #000000;\">Mathias Ebert: Na Alemanha a escola \u00e9 obrigat\u00f3ria e se uma crian\u00e7a falta \u00e0s aulas, a escola tem obriga\u00e7\u00e3o de denunciar os pais e o tribunal pode multar essa fam\u00edlia. <\/span><\/p>\n<p><span style=\"font-family: verdana, geneva; color: #000000;\">Por isso, o casal foi multado em trinta euros. O que \u00e9 um absurdo, porque a filha deixou a aula por conta pr\u00f3pria.<\/span><\/p>\n<p><span style=\"font-family: verdana, geneva; color: #000000;\"><strong>Tempi.it: Por que a fam\u00edlia n\u00e3o pagou?<\/strong><\/span><\/p>\n<p><span style=\"font-family: verdana, geneva; color: #000000;\">Mathias Ebert: Porque \u00e9 uma quest\u00e3o de princ\u00edpio. O que aborrece \u00e9 que o tribunal usa dois pesos e duas medidas. <\/span><\/p>\n<p><span style=\"font-family: verdana, geneva; color: #000000;\">Algumas crian\u00e7as n\u00e3o v\u00e3o \u00e0 escola durante meses e n\u00e3o acontece nada a seus pais. Mas quando uma menina falta a duas horas da aula de educa\u00e7\u00e3o sexual, a fam\u00edlia \u00e9 imediatamente denunciada. <strong><a href=\"http:\/\/www.minhacartaaberta.com.br\/aospaiscatolicosdobrasil\/?origem=1025\" target=\"_blank\" rel=\"noopener noreferrer\">\u00c9 injusto<\/a><\/strong> e, de fato, no v\u00eddeo que fizemos, o policial est\u00e1 incomodado e culpa a promotoria.<\/span><\/p>\n<p><span style=\"font-family: verdana, geneva; color: #000000;\"><strong>Tempi.it: Por que a menina n\u00e3o queria participar das aulas de educa\u00e7\u00e3o sexual?<\/strong><\/span><\/p>\n<p><span style=\"font-family: verdana, geneva; color: #000000;\">Mathias Ebert: Porque o conte\u00fado das li\u00e7\u00f5es \u00e9 perverso. <\/span><\/p>\n<p style=\"padding-left: 60px;\"><strong><span style=\"font-family: verdana, geneva; color: #800080;\">N\u00e3o apenas se ensina \u00e0s crian\u00e7as como funciona o sexo entre homens e mulheres, mas os p\u00f5e diante de uma \u201cvariedade\u201d de pr\u00e1ticas sexuais: sexo oral, sexo anal e muito mais.<\/span><\/strong><\/p>\n<p style=\"padding-left: 60px;\"><strong><span style=\"font-family: verdana, geneva; color: #3366ff;\">Desde a escola prim\u00e1ria dizem \u00e0s crian\u00e7as que seu g\u00eanero n\u00e3o est\u00e1 determinado e que n\u00e3o podem saber se s\u00e3o meninos ou meninas; que devem refletir. Isto, para mim, se chama manipula\u00e7\u00e3o das crian\u00e7as pequenas.<\/span><\/strong><\/p>\n<p><strong><span style=\"font-family: verdana, geneva; color: #000000;\">Tempi.it: Al\u00e9m do caso da fam\u00edlia Martens, existem outros?<\/span><\/strong><\/p>\n<p><span style=\"font-family: verdana, geneva; color: #000000;\">Mathias Ebert: Certamente. N\u00e3o conhe\u00e7o o n\u00famero exato de pais presos, mas s\u00f3 o pequeno grupo de pais da cidade de Paderborn (150.000 habitantes) passou, ao todo, 210 dias na pris\u00e3o. <\/span><\/p>\n<p><span style=\"color: #000000;\"><span style=\"font-family: verdana, geneva;\">\u00c9 um esc\u00e2ndalo enorme, tamb\u00e9m, porque s\u00e3o as pr\u00f3prias\u00a0crian\u00e7as\u00a0que querem sair da aula. Na cidade de Borken, por exemplo,\u00a0em uma aula, a li\u00e7\u00e3o perturbou tanto as crian\u00e7as que seis delas desmaiaram. [<\/span><\/span><span style=\"font-family: verdana, geneva;\"><a href=\"http:\/\/www.stern.de\/panorama\/notarzt-einsatz-in-borken-sechs-kinder-kollabieren-im-sexualkunde-unterricht-2031130.html\" target=\"_blank\" rel=\"noopener noreferrer\">Lo cuenta Stern.de<\/a><\/span><span style=\"color: #000000;\"><span style=\"font-family: verdana, geneva;\">].<\/span><\/span><\/p>\n<p style=\"text-align: center;\"><a href=\"http:\/\/www.adf.org.br\/home\/2015\/06\/isso-pode-acontecer-muito-em-breve-no-brasil-com-todos-os-pais-que-querem-defender-seus-filhos-da-perversao-na-educacao-na-alemanha-a-policia-prende-por-40-dias-os-pais-de-criancas-que-nao-foram-a\/padres_alemanes_manigrande-620x413-2\/\" rel=\"attachment wp-att-32622\"><img loading=\"lazy\" class=\"aligncenter  wp-image-32622\" title=\"padres_alemanes_manigrande-620x413\" src=\"http:\/\/www.adf.org.br\/home\/wp-content\/uploads\/2015\/06\/padres_alemanes_manigrande-620x4131.jpg\" alt=\"\" width=\"434\" height=\"289\" \/><\/a><\/p>\n<p><span style=\"font-family: verdana, geneva; color: #000000;\"><strong>Tempi.it: Quanto tempo estes pais devem passar na cadeia?<\/strong><\/span><\/p>\n<p><span style=\"font-family: verdana, geneva; color: #000000;\">Mathias Ebert: Depende. Um pai com quem falei recentemente aqui em Ren\u00e2nia do Norte-Westfalia, passou 21 dias preso, e sua mulher corre o risco de sofrer a mesma pena porque o filho abandonou as aulas por sua pr\u00f3pria vontade. <\/span><\/p>\n<p><span style=\"font-family: verdana, geneva; color: #000000;\">Outros permaneceram presos por at\u00e9 40 dias, mas ningu\u00e9m os escutou. Ningu\u00e9m permite que levantem a voz e protestem<\/span><\/p>\n<p><span style=\"font-family: verdana, geneva; color: #000000;\"><strong>Tempi.it: No entanto, a hist\u00f3ria dos Martens \u00e9 conhecida em toda Alemanha.<\/strong><\/span><\/p>\n<p><span style=\"font-family: verdana, geneva; color: #000000;\">Mathias Ebert: Sim, porque s\u00e3o pessoas muito corajosas. Optaram por fazer conhecida sua hist\u00f3ria e isto n\u00e3o \u00e9 f\u00e1cil, visto que a maioria dos outros pais n\u00e3o fala destas coisas.<\/span><\/p>\n<p><span style=\"font-family: verdana, geneva; color: #000000;\"><strong>Tempi.it: Por qu\u00ea?<\/strong><\/span><\/p>\n<p><span style=\"font-family: verdana, geneva; color: #000000;\">Mathias Ebert: Porque t\u00eam medo. Na Alemanha, quando uma pessoa sofre uma puni\u00e7\u00e3o, passa a ser considerada como uma \u201ccriminosa\u201d. Por isso, n\u00e3o \u00e9 dif\u00edcil que te intimidem. <\/span><\/p>\n<p><span style=\"font-family: verdana, geneva; color: #000000;\">No entanto, eu estou tentado mobilizar estas fam\u00edlias para que suas hist\u00f3rias saiam \u00e0 luz do sol.<\/span><\/p>\n<p><span style=\"font-family: verdana, geneva; color: #000000;\">Desde o primeiro momento a fam\u00edlia Martens falou publicamente e foi espetacular: se estes fatos forem conhecidos por uma grande maioria de pessoas, finalmente se debater\u00e1 sobre eles. <\/span><\/p>\n<p><span style=\"font-family: verdana, geneva; color: #000000;\">N\u00e3o se d\u00e1 o peso justo \u00e0s coisas: na Alemanha, um estuprador \u00e9 liberado se n\u00e3o tiver antecedentes criminais, enquanto que se <a href=\"http:\/\/www.minhacartaaberta.com.br\/aospaiscatolicosdobrasil\/?origem=1025\" target=\"_blank\" rel=\"noopener noreferrer\">prendem pais honestos.<\/a><\/span><\/p>\n<figure id=\"attachment_32623\" aria-describedby=\"caption-attachment-32623\" style=\"width: 420px\" class=\"wp-caption aligncenter\"><a href=\"http:\/\/www.adf.org.br\/home\/2015\/06\/isso-pode-acontecer-muito-em-breve-no-brasil-com-todos-os-pais-que-querem-defender-seus-filhos-da-perversao-na-educacao-na-alemanha-a-policia-prende-por-40-dias-os-pais-de-criancas-que-nao-foram-a\/momento-em-que-a-policia-chega-a-casa-dos-martens-em-eslohe-para-lembrar-que-a-mae-ainda-deve-passar-pela-prisao-por-negar-que-seus-filhos-recebam-doutrinacao-de-genero\/\" rel=\"attachment wp-att-32623\"><img loading=\"lazy\" class=\"size-full wp-image-32623\" title=\"Momento em que a pol\u00edcia chega \u00e0 casa dos Martens em Eslohe para lembrar que a m\u00e3e ainda deve passar pela pris\u00e3o por negar que seus filhos recebam doutrina\u00e7\u00e3o de g\u00eanero.\" src=\"http:\/\/www.adf.org.br\/home\/wp-content\/uploads\/2015\/06\/Momento-em-que-a-pol\u00edcia-chega-\u00e0-casa-dos-Martens-em-Eslohe-para-lembrar-que-a-m\u00e3e-ainda-deve-passar-pela-pris\u00e3o-por-negar-que-seus-filhos-recebam-doutrina\u00e7\u00e3o-de-g\u00eanero..jpg\" alt=\"\" width=\"420\" height=\"223\" \/><\/a><figcaption id=\"caption-attachment-32623\" class=\"wp-caption-text\">Momento em que a pol\u00edcia chega \u00e0 casa dos Martens em Eslohe para lembrar que a m\u00e3e ainda deve passar pela pris\u00e3o por negar que seus filhos recebam doutrina\u00e7\u00e3o de g\u00eanero.<\/figcaption><\/figure>\n<p><span style=\"font-family: verdana, geneva; color: #000000;\"><strong>Tempi.it: O que pedem em suas manifesta\u00e7\u00f5es?<\/strong><\/span><\/p>\n<p><span style=\"font-family: verdana, geneva; color: #000000;\">Mathias Ebert: Que os sentimentos das crian\u00e7as n\u00e3o sejam perturbados. N\u00e3o \u00e9 justo. \u00c9 uma viol\u00eancia para com eles. Est\u00e1 claro que se deixam as aulas \u00e9 por causa do clima que respiram em casa, mas isto \u00e9 errado? <\/span><\/p>\n<p style=\"padding-left: 60px;\"><strong><span style=\"font-family: verdana, geneva; color: #800080;\">\u00c9 errado que uma crian\u00e7a tenha determinados valores transmitidos por sua fam\u00edlia e viva de acordo com eles? Creio que n\u00e3o. <\/span><\/strong><\/p>\n<p><span style=\"font-family: verdana, geneva; color: #000000;\">No entanto, nosso primeiro objetivo \u00e9 que se fale destas coisas: este \u00e9 o motivo pelo qual manifestaremos, discutiremos com os meios de comunica\u00e7\u00e3o, para que todos conhe\u00e7am os fatos.<\/span><\/p>\n<p><span style=\"font-family: verdana, geneva; color: #000000;\"><strong>Tempi.it: Por que o senhor fundou a Associa\u00e7\u00e3o Besorgte Eltern?<\/strong><\/span><\/p>\n<p><span style=\"font-family: verdana, geneva; color: #000000;\">Mathias Ebert: Tenho quatro filhos, sou teimoso como meu amigo Eugen e quando acontecer comigo, sei que poderei acabar da mesma forma. <strong><a href=\"http:\/\/www.minhacartaaberta.com.br\/aospaiscatolicosdobrasil\/?origem=1025\" target=\"_blank\" rel=\"noopener noreferrer\">Mas isto \u00e9 uma loucura. <\/a><\/strong><\/span><\/p>\n<p><span style=\"font-family: verdana, geneva; color: #000000;\">Al\u00e9m disso, descobri que milhares de pais alem\u00e3es est\u00e3o unidos por este trauma e est\u00e3o do nosso lado. As pessoas nos d\u00e3o cobertura e isto nos d\u00e1 for\u00e7a.<\/span><\/p>\n<p><span style=\"font-family: verdana, geneva; color: #000000;\">Come\u00e7amos a protestar em janeiro e agora, uniram-se a n\u00f3s milhares de pessoas. Este movimento \u00e9 importante, porque somente se estivermos informados poderemos nos defender. <\/span><\/p>\n<p style=\"padding-left: 60px;\"><strong><span style=\"font-family: verdana, geneva; color: #3366ff;\">E se hoje nossos filhos forem corrompidos, o futuro de nosso pa\u00eds logo estar\u00e1 corrompido. E j\u00e1 n\u00e3o haver\u00e1 mais solu\u00e7\u00e3o.<\/span><\/strong><\/p>\n<p><span style=\"font-family: verdana, geneva; color: #000000;\"><em>Traduzido por Aline Rodrigues<\/em><\/span><br \/>\n<span style=\"font-family: verdana, geneva;\"><em><strong><a href=\"http:\/\/biopolitica.com.br\/index.php\/news\/37-na-alemanha-a-policia-prende-por-40-dias-os-pais-de-criancas-que-nao-foram-a-aula-de-ideologia-de-genero\" target=\"_blank\" rel=\"noopener noreferrer\">Observat\u00f3rio Interamericano de Biopol\u00edtica<\/a><\/strong><\/em><\/span><\/p>\n<p style=\"text-align: center;\"><span style=\"font-family: verdana, geneva; color: #000000;\"><strong>* \u00a0 * \u00a0 *<\/strong><\/span><\/p>\n<p><span style=\"font-family: verdana, geneva; color: #000000;\"><em>Fonte:<\/em><\/span><span style=\"font-family: verdana, geneva;\"><em><a href=\"http:\/\/ipco.org.br\/ipco\/noticias\/na-alemanha-a-policia-prende-por-40-dias-os-pais-de-criancas-que-nao-foram-a-aula-de-ideologia-de-genero#.VYlulxtVikp\" target=\"_blank\" rel=\"noopener noreferrer\">\u00a0http:\/\/ipco.org.br\/<\/a><\/em><\/span><\/p>\n<p style=\"text-align: center;\"><a href=\"http:\/\/www.minhacartaaberta.com.br\/aospaiscatolicosdobrasil\/?origem=1025\"><img loading=\"lazy\" class=\"aligncenter  wp-image-32618\" title=\"Compartilhe esta carta aberta, mobilize-se contra esse absurdo!\" src=\"http:\/\/www.adf.org.br\/home\/wp-content\/uploads\/2015\/06\/Compartilhe-esta-carta-aberta-mobilize-se-contra-esse-absurdo4.jpg\" alt=\"\" width=\"536\" height=\"266\" \/><\/a><\/p>\n","protected":false},"excerpt":{"rendered":"<p>Leone Grotti\/Tempi.it Em 24 de outubro um policial [bateu na porta] da fam\u00edlia Martens, em Eslohe, um pequeno munic\u00edpio da Ren\u00e2nia do Norte-Westfalia, na Alemanha. Enquanto abria a porta, Eugen j\u00e1 sabia o motivo dessa visita: a pris\u00e3o de sua mulher e m\u00e3e de seus nove filhos, Luise. Sabia tudo antecipadamente porque pelo mesmo motivo [&hellip;]<\/p>\n","protected":false},"author":12,"featured_media":0,"comment_status":"open","ping_status":"open","sticky":false,"template":"","format":"standard","meta":[],"categories":[20],"tags":[69,882,1608,1592,1584,1642],"yoast_head":"<!-- This site is optimized with the Yoast SEO plugin v17.4 - https:\/\/yoast.com\/wordpress\/plugins\/seo\/ -->\n<title>Isso pode acontecer muito em breve no Brasil, com todos os pais que querem defender seus filhos da pervers\u00e3o na Educa\u00e7\u00e3o: Na Alemanha, a pol\u00edcia prende por 40 dias os pais de crian\u00e7as que n\u00e3o foram \u00e0 aula de Ideologia de G\u00eanero. - Associa\u00e7\u00e3o Devotos de F\u00e1tima<\/title>\n<meta name=\"robots\" content=\"index, follow, max-snippet:-1, max-image-preview:large, max-video-preview:-1\" \/>\n<link rel=\"canonical\" href=\"https:\/\/www.adf.org.br\/home\/isso-pode-acontecer-muito-em-breve-no-brasil-com-todos-os-pais-que-querem-defender-seus-filhos-da-perversao-na-educacao-na-alemanha-a-policia-prende-por-40-dias-os-pais-de-criancas-que-nao-foram-a\/\" \/>\n<meta property=\"og:locale\" content=\"pt_BR\" \/>\n<meta property=\"og:type\" content=\"article\" \/>\n<meta property=\"og:title\" content=\"Isso pode acontecer muito em breve no Brasil, com todos os pais que querem defender seus filhos da pervers\u00e3o na Educa\u00e7\u00e3o: Na Alemanha, a pol\u00edcia prende por 40 dias os pais de crian\u00e7as que n\u00e3o foram \u00e0 aula de Ideologia de G\u00eanero. - Associa\u00e7\u00e3o Devotos de F\u00e1tima\" \/>\n<meta property=\"og:description\" content=\"Leone Grotti\/Tempi.it Em 24 de outubro um policial [bateu na porta] da fam\u00edlia Martens, em Eslohe, um pequeno munic\u00edpio da Ren\u00e2nia do Norte-Westfalia, na Alemanha. Enquanto abria a porta, Eugen j\u00e1 sabia o motivo dessa visita: a pris\u00e3o de sua mulher e m\u00e3e de seus nove filhos, Luise. Sabia tudo antecipadamente porque pelo mesmo motivo [&hellip;]\" \/>\n<meta property=\"og:url\" content=\"https:\/\/www.adf.org.br\/home\/isso-pode-acontecer-muito-em-breve-no-brasil-com-todos-os-pais-que-querem-defender-seus-filhos-da-perversao-na-educacao-na-alemanha-a-policia-prende-por-40-dias-os-pais-de-criancas-que-nao-foram-a\/\" \/>\n<meta property=\"og:site_name\" content=\"Associa\u00e7\u00e3o Devotos de F\u00e1tima\" \/>\n<meta property=\"article:published_time\" content=\"2015-06-29T03:00:21+00:00\" \/>\n<meta property=\"og:image\" content=\"http:\/\/www.adf.org.br\/home\/wp-content\/uploads\/2015\/06\/Eugen-e-Luise-Martens-n\u00e3o-levaram-seus-filhos-\u00e0-aula-de-sexo-e-g\u00eanero-\u2013-ele-j\u00e1-est\u00e1-preso-ela-foi-presa-quando-terminou-de-amamentar..jpg\" \/>\n<meta name=\"twitter:card\" content=\"summary_large_image\" \/>\n<meta name=\"twitter:label1\" content=\"Escrito por\" \/>\n\t<meta name=\"twitter:data1\" content=\"luiz.fernando\" \/>\n\t<meta name=\"twitter:label2\" content=\"Est. tempo de leitura\" \/>\n\t<meta name=\"twitter:data2\" content=\"6 minutos\" \/>\n<script type=\"application\/ld+json\" class=\"yoast-schema-graph\">{\"@context\":\"https:\/\/schema.org\",\"@graph\":[{\"@type\":\"WebSite\",\"@id\":\"https:\/\/www.adf.org.br\/home\/#website\",\"url\":\"https:\/\/www.adf.org.br\/home\/\",\"name\":\"Associa\\u00e7\\u00e3o Devotos de F\\u00e1tima\",\"description\":\"Associa\\u00e7\\u00e3o Devotos de F\\u00e1tima\",\"potentialAction\":[{\"@type\":\"SearchAction\",\"target\":{\"@type\":\"EntryPoint\",\"urlTemplate\":\"https:\/\/www.adf.org.br\/home\/?s={search_term_string}\"},\"query-input\":\"required name=search_term_string\"}],\"inLanguage\":\"pt-BR\"},{\"@type\":\"ImageObject\",\"@id\":\"https:\/\/www.adf.org.br\/home\/isso-pode-acontecer-muito-em-breve-no-brasil-com-todos-os-pais-que-querem-defender-seus-filhos-da-perversao-na-educacao-na-alemanha-a-policia-prende-por-40-dias-os-pais-de-criancas-que-nao-foram-a\/#primaryimage\",\"inLanguage\":\"pt-BR\",\"url\":\"http:\/\/www.adf.org.br\/home\/wp-content\/uploads\/2015\/06\/Eugen-e-Luise-Martens-n\\u00e3o-levaram-seus-filhos-\\u00e0-aula-de-sexo-e-g\\u00eanero-\\u2013-ele-j\\u00e1-est\\u00e1-preso-ela-foi-presa-quando-terminou-de-amamentar..jpg\",\"contentUrl\":\"http:\/\/www.adf.org.br\/home\/wp-content\/uploads\/2015\/06\/Eugen-e-Luise-Martens-n\\u00e3o-levaram-seus-filhos-\\u00e0-aula-de-sexo-e-g\\u00eanero-\\u2013-ele-j\\u00e1-est\\u00e1-preso-ela-foi-presa-quando-terminou-de-amamentar..jpg\"},{\"@type\":\"WebPage\",\"@id\":\"https:\/\/www.adf.org.br\/home\/isso-pode-acontecer-muito-em-breve-no-brasil-com-todos-os-pais-que-querem-defender-seus-filhos-da-perversao-na-educacao-na-alemanha-a-policia-prende-por-40-dias-os-pais-de-criancas-que-nao-foram-a\/#webpage\",\"url\":\"https:\/\/www.adf.org.br\/home\/isso-pode-acontecer-muito-em-breve-no-brasil-com-todos-os-pais-que-querem-defender-seus-filhos-da-perversao-na-educacao-na-alemanha-a-policia-prende-por-40-dias-os-pais-de-criancas-que-nao-foram-a\/\",\"name\":\"Isso pode acontecer muito em breve no Brasil, com todos os pais que querem defender seus filhos da pervers\\u00e3o na Educa\\u00e7\\u00e3o: Na Alemanha, a pol\\u00edcia prende por 40 dias os pais de crian\\u00e7as que n\\u00e3o foram \\u00e0 aula de Ideologia de G\\u00eanero. - Associa\\u00e7\\u00e3o Devotos de F\\u00e1tima\",\"isPartOf\":{\"@id\":\"https:\/\/www.adf.org.br\/home\/#website\"},\"primaryImageOfPage\":{\"@id\":\"https:\/\/www.adf.org.br\/home\/isso-pode-acontecer-muito-em-breve-no-brasil-com-todos-os-pais-que-querem-defender-seus-filhos-da-perversao-na-educacao-na-alemanha-a-policia-prende-por-40-dias-os-pais-de-criancas-que-nao-foram-a\/#primaryimage\"},\"datePublished\":\"2015-06-29T03:00:21+00:00\",\"dateModified\":\"2015-06-29T03:00:21+00:00\",\"author\":{\"@id\":\"https:\/\/www.adf.org.br\/home\/#\/schema\/person\/4eb0499131c1962e974297eff367a715\"},\"breadcrumb\":{\"@id\":\"https:\/\/www.adf.org.br\/home\/isso-pode-acontecer-muito-em-breve-no-brasil-com-todos-os-pais-que-querem-defender-seus-filhos-da-perversao-na-educacao-na-alemanha-a-policia-prende-por-40-dias-os-pais-de-criancas-que-nao-foram-a\/#breadcrumb\"},\"inLanguage\":\"pt-BR\",\"potentialAction\":[{\"@type\":\"ReadAction\",\"target\":[\"https:\/\/www.adf.org.br\/home\/isso-pode-acontecer-muito-em-breve-no-brasil-com-todos-os-pais-que-querem-defender-seus-filhos-da-perversao-na-educacao-na-alemanha-a-policia-prende-por-40-dias-os-pais-de-criancas-que-nao-foram-a\/\"]}]},{\"@type\":\"BreadcrumbList\",\"@id\":\"https:\/\/www.adf.org.br\/home\/isso-pode-acontecer-muito-em-breve-no-brasil-com-todos-os-pais-que-querem-defender-seus-filhos-da-perversao-na-educacao-na-alemanha-a-policia-prende-por-40-dias-os-pais-de-criancas-que-nao-foram-a\/#breadcrumb\",\"itemListElement\":[{\"@type\":\"ListItem\",\"position\":1,\"name\":\"Home\",\"item\":\"https:\/\/www.adf.org.br\/home\/\"},{\"@type\":\"ListItem\",\"position\":2,\"name\":\"Isso pode acontecer muito em breve no Brasil, com todos os pais que querem defender seus filhos da pervers\\u00e3o na Educa\\u00e7\\u00e3o: Na Alemanha, a pol\\u00edcia prende por 40 dias os pais de crian\\u00e7as que n\\u00e3o foram \\u00e0 aula de Ideologia de G\\u00eanero.\"}]},{\"@type\":\"Person\",\"@id\":\"https:\/\/www.adf.org.br\/home\/#\/schema\/person\/4eb0499131c1962e974297eff367a715\",\"name\":\"luiz.fernando\",\"image\":{\"@type\":\"ImageObject\",\"@id\":\"https:\/\/www.adf.org.br\/home\/#personlogo\",\"inLanguage\":\"pt-BR\",\"url\":\"https:\/\/secure.gravatar.com\/avatar\/4e9dcdc2a00e06e1d9189a84f6908f28?s=96&d=mm&r=g\",\"contentUrl\":\"https:\/\/secure.gravatar.com\/avatar\/4e9dcdc2a00e06e1d9189a84f6908f28?s=96&d=mm&r=g\",\"caption\":\"luiz.fernando\"},\"url\":\"https:\/\/www.adf.org.br\/home\/author\/luiz-fernando\/\"}]}<\/script>\n<!-- \/ Yoast SEO plugin. -->","yoast_head_json":{"title":"Isso pode acontecer muito em breve no Brasil, com todos os pais que querem defender seus filhos da pervers\u00e3o na Educa\u00e7\u00e3o: Na Alemanha, a pol\u00edcia prende por 40 dias os pais de crian\u00e7as que n\u00e3o foram \u00e0 aula de Ideologia de G\u00eanero. - Associa\u00e7\u00e3o Devotos de F\u00e1tima","robots":{"index":"index","follow":"follow","max-snippet":"max-snippet:-1","max-image-preview":"max-image-preview:large","max-video-preview":"max-video-preview:-1"},"canonical":"https:\/\/www.adf.org.br\/home\/isso-pode-acontecer-muito-em-breve-no-brasil-com-todos-os-pais-que-querem-defender-seus-filhos-da-perversao-na-educacao-na-alemanha-a-policia-prende-por-40-dias-os-pais-de-criancas-que-nao-foram-a\/","og_locale":"pt_BR","og_type":"article","og_title":"Isso pode acontecer muito em breve no Brasil, com todos os pais que querem defender seus filhos da pervers\u00e3o na Educa\u00e7\u00e3o: Na Alemanha, a pol\u00edcia prende por 40 dias os pais de crian\u00e7as que n\u00e3o foram \u00e0 aula de Ideologia de G\u00eanero. - Associa\u00e7\u00e3o Devotos de F\u00e1tima","og_description":"Leone Grotti\/Tempi.it Em 24 de outubro um policial [bateu na porta] da fam\u00edlia Martens, em Eslohe, um pequeno munic\u00edpio da Ren\u00e2nia do Norte-Westfalia, na Alemanha. Enquanto abria a porta, Eugen j\u00e1 sabia o motivo dessa visita: a pris\u00e3o de sua mulher e m\u00e3e de seus nove filhos, Luise. Sabia tudo antecipadamente porque pelo mesmo motivo [&hellip;]","og_url":"https:\/\/www.adf.org.br\/home\/isso-pode-acontecer-muito-em-breve-no-brasil-com-todos-os-pais-que-querem-defender-seus-filhos-da-perversao-na-educacao-na-alemanha-a-policia-prende-por-40-dias-os-pais-de-criancas-que-nao-foram-a\/","og_site_name":"Associa\u00e7\u00e3o Devotos de F\u00e1tima","article_published_time":"2015-06-29T03:00:21+00:00","og_image":[{"url":"http:\/\/www.adf.org.br\/home\/wp-content\/uploads\/2015\/06\/Eugen-e-Luise-Martens-n\u00e3o-levaram-seus-filhos-\u00e0-aula-de-sexo-e-g\u00eanero-\u2013-ele-j\u00e1-est\u00e1-preso-ela-foi-presa-quando-terminou-de-amamentar..jpg"}],"twitter_card":"summary_large_image","twitter_misc":{"Escrito por":"luiz.fernando","Est. tempo de leitura":"6 minutos"},"schema":{"@context":"https:\/\/schema.org","@graph":[{"@type":"WebSite","@id":"https:\/\/www.adf.org.br\/home\/#website","url":"https:\/\/www.adf.org.br\/home\/","name":"Associa\u00e7\u00e3o Devotos de F\u00e1tima","description":"Associa\u00e7\u00e3o Devotos de F\u00e1tima","potentialAction":[{"@type":"SearchAction","target":{"@type":"EntryPoint","urlTemplate":"https:\/\/www.adf.org.br\/home\/?s={search_term_string}"},"query-input":"required name=search_term_string"}],"inLanguage":"pt-BR"},{"@type":"ImageObject","@id":"https:\/\/www.adf.org.br\/home\/isso-pode-acontecer-muito-em-breve-no-brasil-com-todos-os-pais-que-querem-defender-seus-filhos-da-perversao-na-educacao-na-alemanha-a-policia-prende-por-40-dias-os-pais-de-criancas-que-nao-foram-a\/#primaryimage","inLanguage":"pt-BR","url":"http:\/\/www.adf.org.br\/home\/wp-content\/uploads\/2015\/06\/Eugen-e-Luise-Martens-n\u00e3o-levaram-seus-filhos-\u00e0-aula-de-sexo-e-g\u00eanero-\u2013-ele-j\u00e1-est\u00e1-preso-ela-foi-presa-quando-terminou-de-amamentar..jpg","contentUrl":"http:\/\/www.adf.org.br\/home\/wp-content\/uploads\/2015\/06\/Eugen-e-Luise-Martens-n\u00e3o-levaram-seus-filhos-\u00e0-aula-de-sexo-e-g\u00eanero-\u2013-ele-j\u00e1-est\u00e1-preso-ela-foi-presa-quando-terminou-de-amamentar..jpg"},{"@type":"WebPage","@id":"https:\/\/www.adf.org.br\/home\/isso-pode-acontecer-muito-em-breve-no-brasil-com-todos-os-pais-que-querem-defender-seus-filhos-da-perversao-na-educacao-na-alemanha-a-policia-prende-por-40-dias-os-pais-de-criancas-que-nao-foram-a\/#webpage","url":"https:\/\/www.adf.org.br\/home\/isso-pode-acontecer-muito-em-breve-no-brasil-com-todos-os-pais-que-querem-defender-seus-filhos-da-perversao-na-educacao-na-alemanha-a-policia-prende-por-40-dias-os-pais-de-criancas-que-nao-foram-a\/","name":"Isso pode acontecer muito em breve no Brasil, com todos os pais que querem defender seus filhos da pervers\u00e3o na Educa\u00e7\u00e3o: Na Alemanha, a pol\u00edcia prende por 40 dias os pais de crian\u00e7as que n\u00e3o foram \u00e0 aula de Ideologia de G\u00eanero. - Associa\u00e7\u00e3o Devotos de F\u00e1tima","isPartOf":{"@id":"https:\/\/www.adf.org.br\/home\/#website"},"primaryImageOfPage":{"@id":"https:\/\/www.adf.org.br\/home\/isso-pode-acontecer-muito-em-breve-no-brasil-com-todos-os-pais-que-querem-defender-seus-filhos-da-perversao-na-educacao-na-alemanha-a-policia-prende-por-40-dias-os-pais-de-criancas-que-nao-foram-a\/#primaryimage"},"datePublished":"2015-06-29T03:00:21+00:00","dateModified":"2015-06-29T03:00:21+00:00","author":{"@id":"https:\/\/www.adf.org.br\/home\/#\/schema\/person\/4eb0499131c1962e974297eff367a715"},"breadcrumb":{"@id":"https:\/\/www.adf.org.br\/home\/isso-pode-acontecer-muito-em-breve-no-brasil-com-todos-os-pais-que-querem-defender-seus-filhos-da-perversao-na-educacao-na-alemanha-a-policia-prende-por-40-dias-os-pais-de-criancas-que-nao-foram-a\/#breadcrumb"},"inLanguage":"pt-BR","potentialAction":[{"@type":"ReadAction","target":["https:\/\/www.adf.org.br\/home\/isso-pode-acontecer-muito-em-breve-no-brasil-com-todos-os-pais-que-querem-defender-seus-filhos-da-perversao-na-educacao-na-alemanha-a-policia-prende-por-40-dias-os-pais-de-criancas-que-nao-foram-a\/"]}]},{"@type":"BreadcrumbList","@id":"https:\/\/www.adf.org.br\/home\/isso-pode-acontecer-muito-em-breve-no-brasil-com-todos-os-pais-que-querem-defender-seus-filhos-da-perversao-na-educacao-na-alemanha-a-policia-prende-por-40-dias-os-pais-de-criancas-que-nao-foram-a\/#breadcrumb","itemListElement":[{"@type":"ListItem","position":1,"name":"Home","item":"https:\/\/www.adf.org.br\/home\/"},{"@type":"ListItem","position":2,"name":"Isso pode acontecer muito em breve no Brasil, com todos os pais que querem defender seus filhos da pervers\u00e3o na Educa\u00e7\u00e3o: Na Alemanha, a pol\u00edcia prende por 40 dias os pais de crian\u00e7as que n\u00e3o foram \u00e0 aula de Ideologia de G\u00eanero."}]},{"@type":"Person","@id":"https:\/\/www.adf.org.br\/home\/#\/schema\/person\/4eb0499131c1962e974297eff367a715","name":"luiz.fernando","image":{"@type":"ImageObject","@id":"https:\/\/www.adf.org.br\/home\/#personlogo","inLanguage":"pt-BR","url":"https:\/\/secure.gravatar.com\/avatar\/4e9dcdc2a00e06e1d9189a84f6908f28?s=96&d=mm&r=g","contentUrl":"https:\/\/secure.gravatar.com\/avatar\/4e9dcdc2a00e06e1d9189a84f6908f28?s=96&d=mm&r=g","caption":"luiz.fernando"},"url":"https:\/\/www.adf.org.br\/home\/author\/luiz-fernando\/"}]}},"_links":{"self":[{"href":"https:\/\/www.adf.org.br\/home\/wp-json\/wp\/v2\/posts\/32617"}],"collection":[{"href":"https:\/\/www.adf.org.br\/home\/wp-json\/wp\/v2\/posts"}],"about":[{"href":"https:\/\/www.adf.org.br\/home\/wp-json\/wp\/v2\/types\/post"}],"author":[{"embeddable":true,"href":"https:\/\/www.adf.org.br\/home\/wp-json\/wp\/v2\/users\/12"}],"replies":[{"embeddable":true,"href":"https:\/\/www.adf.org.br\/home\/wp-json\/wp\/v2\/comments?post=32617"}],"version-history":[{"count":0,"href":"https:\/\/www.adf.org.br\/home\/wp-json\/wp\/v2\/posts\/32617\/revisions"}],"wp:attachment":[{"href":"https:\/\/www.adf.org.br\/home\/wp-json\/wp\/v2\/media?parent=32617"}],"wp:term":[{"taxonomy":"category","embeddable":true,"href":"https:\/\/www.adf.org.br\/home\/wp-json\/wp\/v2\/categories?post=32617"},{"taxonomy":"post_tag","embeddable":true,"href":"https:\/\/www.adf.org.br\/home\/wp-json\/wp\/v2\/tags?post=32617"}],"curies":[{"name":"wp","href":"https:\/\/api.w.org\/{rel}","templated":true}]}}