{"id":3144,"date":"2011-02-27T00:05:12","date_gmt":"2011-02-27T03:05:12","guid":{"rendered":"http:\/\/www.adf.org.br\/home\/?p=3144"},"modified":"2011-02-27T00:05:12","modified_gmt":"2011-02-27T03:05:12","slug":"voce-ja-parou-para-analisar-como-tem-demonstrado-sua-fe","status":"publish","type":"post","link":"https:\/\/www.adf.org.br\/home\/voce-ja-parou-para-analisar-como-tem-demonstrado-sua-fe\/","title":{"rendered":"Voc\u00ea j\u00e1 parou para analisar como tem demonstrado sua f\u00e9?"},"content":{"rendered":"<p><img loading=\"lazy\" class=\"alignright size-full wp-image-8286\" title=\"padre-pio e Fatima\" src=\"http:\/\/www.adf.org.br\/home\/wp-content\/uploads\/2011\/02\/padre-pio-e-Fatima.jpg\" alt=\"\" width=\"244\" height=\"221\" \/>O Santo Padre Pio de Pietrelcina declarou que: &#8220;<em><strong>Muitas vezes Deus n\u00e3o nos escuta para que n\u00e3o nos tornemos ainda mais ingratos<\/strong><\/em>.&#8221; Ent\u00e3o nossas preces podem ser em v\u00e3o? Ou a mensagem de Padre Pio n\u00e3o fora compreendida?<\/p>\n<p>Onipresente, Nosso Senhor sempre ouve nossas s\u00faplicas e tem o discernimento que muitas vezes nos falta para compreender a melhor maneira de resolver nossos problemas e afli\u00e7\u00f5es no dia-a-dia.<\/p>\n<p><strong>S\u00e3o Jo\u00e3o da Cruz lembra:<\/strong> &#8220;<em>Quem se queixa ou murmura n\u00e3o \u00e9 crist\u00e3o perfeito, nem mesmo um bom crist\u00e3o.&#8221;<\/em><\/p>\n<p>Em certas situa\u00e7\u00f5es, falta-nos algo para alcan\u00e7ar as b\u00ean\u00e7\u00e3os que tanto pedimos e almejamos. \u00c9 o caso de colocarmos em pr\u00e1tica as palavras de <strong>Santa Teresa de Jesus<\/strong>: <em>\u201cEm tempos de tristeza e de inquieta\u00e7\u00e3o, n\u00e3o abandones nem as boas obras de ora\u00e7\u00e3o, nem a penit\u00eancia a que est\u00e1s habituada. Antes, intensifica-as. E ver\u00e1s com que prontid\u00e3o o Senhor te sustentar\u00e1\u201d.<\/em><\/p>\n<p>Basta pensar em Nosso Senhor que Seus ouvidos se voltar\u00e3o para n\u00f3s. Ningu\u00e9m deve duvidar disso. Ocorre que \u00e0s vezes nossa prova\u00e7\u00e3o ainda n\u00e3o chegou ao fim, o que nos causa a impress\u00e3o ingrata de que Nosso Senhor n\u00e3o nos escuta.<\/p>\n<p>Ele pode colocar diante de n\u00f3s um caminho que nos levar\u00e1 a gra\u00e7a alcan\u00e7ada. Um deles acontece por interm\u00e9dio de Nossa Senhora das Gra\u00e7as: Ela prometeu conceder grandes gra\u00e7as a todos <strong>que usarem com confian\u00e7a a Medalha Milagrosa, que mandou cunhar, em apari\u00e7\u00f5es \u00e0 Santa Catarina Labour\u00e9.<\/strong><\/p>\n<p><span style=\"text-decoration: underline;\"><a href=\"http:\/\/oratoriodamedalhamilagrosa.org.br\/home\/acenda-sua-vela-30\/?origem=1\" target=\"_blank\" rel=\"noopener noreferrer\">Nesta p\u00e1gina<\/a><\/span> voc\u00ea\u00a0 pode participar do <a href=\"http:\/\/oratoriodamedalhamilagrosa.org.br\/home\/acenda-sua-vela-30\/?origem=1\" target=\"_blank\" rel=\"noopener noreferrer\"><strong>Orat\u00f3rio da Medalha Milagrosa<\/strong> <\/a>acendendo uma vela com suas inten\u00e7\u00f5es, que ser\u00e3o colocadas no Livro de S\u00faplicas a Nossa Senhora das Gra\u00e7as. Elas tamb\u00e9m ser\u00e3o inclu\u00eddas nas missas celebradas a pedido da Associa\u00e7\u00e3o Devotos de F\u00e1tima. Saiba mais como demonstrar sua f\u00e9 <a href=\"http:\/\/oratoriodamedalhamilagrosa.org.br\/home\/acenda-sua-vela-30\/?origem=1\" target=\"_blank\" rel=\"noopener noreferrer\"><span style=\"text-decoration: underline;\">aqui<\/span>.<\/a><\/p>\n<p><br class=\"spacer_\" \/><\/p>\n<p><a href=\"http:\/\/oratoriodamedalhamilagrosa.org.br\/home\/acenda-sua-vela-30\/?origem=1\" target=\"_blank\" rel=\"noopener noreferrer\"><br \/>\n <\/a><\/p>\n<p><br class=\"spacer_\" \/><\/p>\n","protected":false},"excerpt":{"rendered":"<p>O Santo Padre Pio de Pietrelcina declarou que: &#8220;Muitas vezes Deus n\u00e3o nos escuta para que n\u00e3o nos tornemos ainda mais ingratos.&#8221; Ent\u00e3o nossas preces podem ser em v\u00e3o? Ou a mensagem de Padre Pio n\u00e3o fora compreendida? Onipresente, Nosso Senhor sempre ouve nossas s\u00faplicas e tem o discernimento que muitas vezes nos falta para [&hellip;]<\/p>\n","protected":false},"author":27,"featured_media":0,"comment_status":"open","ping_status":"open","sticky":false,"template":"","format":"standard","meta":[],"categories":[20,23],"tags":[51,27],"yoast_head":"<!-- This site is optimized with the Yoast SEO plugin v17.4 - https:\/\/yoast.com\/wordpress\/plugins\/seo\/ -->\n<title>Voc\u00ea j\u00e1 parou para analisar como tem demonstrado sua f\u00e9? - Associa\u00e7\u00e3o Devotos de F\u00e1tima<\/title>\n<meta name=\"robots\" content=\"index, follow, max-snippet:-1, max-image-preview:large, max-video-preview:-1\" \/>\n<link rel=\"canonical\" href=\"https:\/\/www.adf.org.br\/home\/voce-ja-parou-para-analisar-como-tem-demonstrado-sua-fe\/\" \/>\n<meta property=\"og:locale\" content=\"pt_BR\" \/>\n<meta property=\"og:type\" content=\"article\" \/>\n<meta property=\"og:title\" content=\"Voc\u00ea j\u00e1 parou para analisar como tem demonstrado sua f\u00e9? - Associa\u00e7\u00e3o Devotos de F\u00e1tima\" \/>\n<meta property=\"og:description\" content=\"O Santo Padre Pio de Pietrelcina declarou que: &#8220;Muitas vezes Deus n\u00e3o nos escuta para que n\u00e3o nos tornemos ainda mais ingratos.&#8221; Ent\u00e3o nossas preces podem ser em v\u00e3o? Ou a mensagem de Padre Pio n\u00e3o fora compreendida? Onipresente, Nosso Senhor sempre ouve nossas s\u00faplicas e tem o discernimento que muitas vezes nos falta para [&hellip;]\" \/>\n<meta property=\"og:url\" content=\"https:\/\/www.adf.org.br\/home\/voce-ja-parou-para-analisar-como-tem-demonstrado-sua-fe\/\" \/>\n<meta property=\"og:site_name\" content=\"Associa\u00e7\u00e3o Devotos de F\u00e1tima\" \/>\n<meta property=\"article:published_time\" content=\"2011-02-27T03:05:12+00:00\" \/>\n<meta property=\"og:image\" content=\"http:\/\/www.adf.org.br\/home\/wp-content\/uploads\/2011\/02\/padre-pio-e-Fatima.jpg\" \/>\n<meta name=\"twitter:card\" content=\"summary_large_image\" \/>\n<meta name=\"twitter:label1\" content=\"Escrito por\" \/>\n\t<meta name=\"twitter:data1\" content=\"Gabriel Barbosa\" \/>\n\t<meta name=\"twitter:label2\" content=\"Est. tempo de leitura\" \/>\n\t<meta name=\"twitter:data2\" content=\"2 minutos\" \/>\n<script type=\"application\/ld+json\" class=\"yoast-schema-graph\">{\"@context\":\"https:\/\/schema.org\",\"@graph\":[{\"@type\":\"WebSite\",\"@id\":\"https:\/\/www.adf.org.br\/home\/#website\",\"url\":\"https:\/\/www.adf.org.br\/home\/\",\"name\":\"Associa\\u00e7\\u00e3o Devotos de F\\u00e1tima\",\"description\":\"Associa\\u00e7\\u00e3o Devotos de F\\u00e1tima\",\"potentialAction\":[{\"@type\":\"SearchAction\",\"target\":{\"@type\":\"EntryPoint\",\"urlTemplate\":\"https:\/\/www.adf.org.br\/home\/?s={search_term_string}\"},\"query-input\":\"required name=search_term_string\"}],\"inLanguage\":\"pt-BR\"},{\"@type\":\"ImageObject\",\"@id\":\"https:\/\/www.adf.org.br\/home\/voce-ja-parou-para-analisar-como-tem-demonstrado-sua-fe\/#primaryimage\",\"inLanguage\":\"pt-BR\",\"url\":\"http:\/\/www.adf.org.br\/home\/wp-content\/uploads\/2011\/02\/padre-pio-e-Fatima.jpg\",\"contentUrl\":\"http:\/\/www.adf.org.br\/home\/wp-content\/uploads\/2011\/02\/padre-pio-e-Fatima.jpg\"},{\"@type\":\"WebPage\",\"@id\":\"https:\/\/www.adf.org.br\/home\/voce-ja-parou-para-analisar-como-tem-demonstrado-sua-fe\/#webpage\",\"url\":\"https:\/\/www.adf.org.br\/home\/voce-ja-parou-para-analisar-como-tem-demonstrado-sua-fe\/\",\"name\":\"Voc\\u00ea j\\u00e1 parou para analisar como tem demonstrado sua f\\u00e9? - Associa\\u00e7\\u00e3o Devotos de F\\u00e1tima\",\"isPartOf\":{\"@id\":\"https:\/\/www.adf.org.br\/home\/#website\"},\"primaryImageOfPage\":{\"@id\":\"https:\/\/www.adf.org.br\/home\/voce-ja-parou-para-analisar-como-tem-demonstrado-sua-fe\/#primaryimage\"},\"datePublished\":\"2011-02-27T03:05:12+00:00\",\"dateModified\":\"2011-02-27T03:05:12+00:00\",\"author\":{\"@id\":\"https:\/\/www.adf.org.br\/home\/#\/schema\/person\/affa494ecf91434f3620f5392de44327\"},\"breadcrumb\":{\"@id\":\"https:\/\/www.adf.org.br\/home\/voce-ja-parou-para-analisar-como-tem-demonstrado-sua-fe\/#breadcrumb\"},\"inLanguage\":\"pt-BR\",\"potentialAction\":[{\"@type\":\"ReadAction\",\"target\":[\"https:\/\/www.adf.org.br\/home\/voce-ja-parou-para-analisar-como-tem-demonstrado-sua-fe\/\"]}]},{\"@type\":\"BreadcrumbList\",\"@id\":\"https:\/\/www.adf.org.br\/home\/voce-ja-parou-para-analisar-como-tem-demonstrado-sua-fe\/#breadcrumb\",\"itemListElement\":[{\"@type\":\"ListItem\",\"position\":1,\"name\":\"Home\",\"item\":\"https:\/\/www.adf.org.br\/home\/\"},{\"@type\":\"ListItem\",\"position\":2,\"name\":\"Voc\\u00ea j\\u00e1 parou para analisar como tem demonstrado sua f\\u00e9?\"}]},{\"@type\":\"Person\",\"@id\":\"https:\/\/www.adf.org.br\/home\/#\/schema\/person\/affa494ecf91434f3620f5392de44327\",\"name\":\"Gabriel Barbosa\",\"image\":{\"@type\":\"ImageObject\",\"@id\":\"https:\/\/www.adf.org.br\/home\/#personlogo\",\"inLanguage\":\"pt-BR\",\"url\":\"https:\/\/secure.gravatar.com\/avatar\/ecf2eab02e30486a7038f8b2858de06a?s=96&d=mm&r=g\",\"contentUrl\":\"https:\/\/secure.gravatar.com\/avatar\/ecf2eab02e30486a7038f8b2858de06a?s=96&d=mm&r=g\",\"caption\":\"Gabriel Barbosa\"},\"url\":\"https:\/\/www.adf.org.br\/home\/author\/gabriel-aascj\/\"}]}<\/script>\n<!-- \/ Yoast SEO plugin. -->","yoast_head_json":{"title":"Voc\u00ea j\u00e1 parou para analisar como tem demonstrado sua f\u00e9? - Associa\u00e7\u00e3o Devotos de F\u00e1tima","robots":{"index":"index","follow":"follow","max-snippet":"max-snippet:-1","max-image-preview":"max-image-preview:large","max-video-preview":"max-video-preview:-1"},"canonical":"https:\/\/www.adf.org.br\/home\/voce-ja-parou-para-analisar-como-tem-demonstrado-sua-fe\/","og_locale":"pt_BR","og_type":"article","og_title":"Voc\u00ea j\u00e1 parou para analisar como tem demonstrado sua f\u00e9? - Associa\u00e7\u00e3o Devotos de F\u00e1tima","og_description":"O Santo Padre Pio de Pietrelcina declarou que: &#8220;Muitas vezes Deus n\u00e3o nos escuta para que n\u00e3o nos tornemos ainda mais ingratos.&#8221; Ent\u00e3o nossas preces podem ser em v\u00e3o? Ou a mensagem de Padre Pio n\u00e3o fora compreendida? Onipresente, Nosso Senhor sempre ouve nossas s\u00faplicas e tem o discernimento que muitas vezes nos falta para [&hellip;]","og_url":"https:\/\/www.adf.org.br\/home\/voce-ja-parou-para-analisar-como-tem-demonstrado-sua-fe\/","og_site_name":"Associa\u00e7\u00e3o Devotos de F\u00e1tima","article_published_time":"2011-02-27T03:05:12+00:00","og_image":[{"url":"http:\/\/www.adf.org.br\/home\/wp-content\/uploads\/2011\/02\/padre-pio-e-Fatima.jpg"}],"twitter_card":"summary_large_image","twitter_misc":{"Escrito por":"Gabriel Barbosa","Est. tempo de leitura":"2 minutos"},"schema":{"@context":"https:\/\/schema.org","@graph":[{"@type":"WebSite","@id":"https:\/\/www.adf.org.br\/home\/#website","url":"https:\/\/www.adf.org.br\/home\/","name":"Associa\u00e7\u00e3o Devotos de F\u00e1tima","description":"Associa\u00e7\u00e3o Devotos de F\u00e1tima","potentialAction":[{"@type":"SearchAction","target":{"@type":"EntryPoint","urlTemplate":"https:\/\/www.adf.org.br\/home\/?s={search_term_string}"},"query-input":"required name=search_term_string"}],"inLanguage":"pt-BR"},{"@type":"ImageObject","@id":"https:\/\/www.adf.org.br\/home\/voce-ja-parou-para-analisar-como-tem-demonstrado-sua-fe\/#primaryimage","inLanguage":"pt-BR","url":"http:\/\/www.adf.org.br\/home\/wp-content\/uploads\/2011\/02\/padre-pio-e-Fatima.jpg","contentUrl":"http:\/\/www.adf.org.br\/home\/wp-content\/uploads\/2011\/02\/padre-pio-e-Fatima.jpg"},{"@type":"WebPage","@id":"https:\/\/www.adf.org.br\/home\/voce-ja-parou-para-analisar-como-tem-demonstrado-sua-fe\/#webpage","url":"https:\/\/www.adf.org.br\/home\/voce-ja-parou-para-analisar-como-tem-demonstrado-sua-fe\/","name":"Voc\u00ea j\u00e1 parou para analisar como tem demonstrado sua f\u00e9? - Associa\u00e7\u00e3o Devotos de F\u00e1tima","isPartOf":{"@id":"https:\/\/www.adf.org.br\/home\/#website"},"primaryImageOfPage":{"@id":"https:\/\/www.adf.org.br\/home\/voce-ja-parou-para-analisar-como-tem-demonstrado-sua-fe\/#primaryimage"},"datePublished":"2011-02-27T03:05:12+00:00","dateModified":"2011-02-27T03:05:12+00:00","author":{"@id":"https:\/\/www.adf.org.br\/home\/#\/schema\/person\/affa494ecf91434f3620f5392de44327"},"breadcrumb":{"@id":"https:\/\/www.adf.org.br\/home\/voce-ja-parou-para-analisar-como-tem-demonstrado-sua-fe\/#breadcrumb"},"inLanguage":"pt-BR","potentialAction":[{"@type":"ReadAction","target":["https:\/\/www.adf.org.br\/home\/voce-ja-parou-para-analisar-como-tem-demonstrado-sua-fe\/"]}]},{"@type":"BreadcrumbList","@id":"https:\/\/www.adf.org.br\/home\/voce-ja-parou-para-analisar-como-tem-demonstrado-sua-fe\/#breadcrumb","itemListElement":[{"@type":"ListItem","position":1,"name":"Home","item":"https:\/\/www.adf.org.br\/home\/"},{"@type":"ListItem","position":2,"name":"Voc\u00ea j\u00e1 parou para analisar como tem demonstrado sua f\u00e9?"}]},{"@type":"Person","@id":"https:\/\/www.adf.org.br\/home\/#\/schema\/person\/affa494ecf91434f3620f5392de44327","name":"Gabriel Barbosa","image":{"@type":"ImageObject","@id":"https:\/\/www.adf.org.br\/home\/#personlogo","inLanguage":"pt-BR","url":"https:\/\/secure.gravatar.com\/avatar\/ecf2eab02e30486a7038f8b2858de06a?s=96&d=mm&r=g","contentUrl":"https:\/\/secure.gravatar.com\/avatar\/ecf2eab02e30486a7038f8b2858de06a?s=96&d=mm&r=g","caption":"Gabriel Barbosa"},"url":"https:\/\/www.adf.org.br\/home\/author\/gabriel-aascj\/"}]}},"_links":{"self":[{"href":"https:\/\/www.adf.org.br\/home\/wp-json\/wp\/v2\/posts\/3144"}],"collection":[{"href":"https:\/\/www.adf.org.br\/home\/wp-json\/wp\/v2\/posts"}],"about":[{"href":"https:\/\/www.adf.org.br\/home\/wp-json\/wp\/v2\/types\/post"}],"author":[{"embeddable":true,"href":"https:\/\/www.adf.org.br\/home\/wp-json\/wp\/v2\/users\/27"}],"replies":[{"embeddable":true,"href":"https:\/\/www.adf.org.br\/home\/wp-json\/wp\/v2\/comments?post=3144"}],"version-history":[{"count":0,"href":"https:\/\/www.adf.org.br\/home\/wp-json\/wp\/v2\/posts\/3144\/revisions"}],"wp:attachment":[{"href":"https:\/\/www.adf.org.br\/home\/wp-json\/wp\/v2\/media?parent=3144"}],"wp:term":[{"taxonomy":"category","embeddable":true,"href":"https:\/\/www.adf.org.br\/home\/wp-json\/wp\/v2\/categories?post=3144"},{"taxonomy":"post_tag","embeddable":true,"href":"https:\/\/www.adf.org.br\/home\/wp-json\/wp\/v2\/tags?post=3144"}],"curies":[{"name":"wp","href":"https:\/\/api.w.org\/{rel}","templated":true}]}}