{"id":31417,"date":"2018-04-30T00:00:42","date_gmt":"2018-04-30T03:00:42","guid":{"rendered":"http:\/\/www.adf.org.br\/home\/?p=31417"},"modified":"2018-04-30T00:00:42","modified_gmt":"2018-04-30T03:00:42","slug":"rezar-o-santo-rosario","status":"publish","type":"post","link":"https:\/\/www.adf.org.br\/home\/rezar-o-santo-rosario\/","title":{"rendered":"Veja quantas enormes d\u00e1divas S\u00e3o Domingos recebeu por rezar o Santo Ros\u00e1rio!"},"content":{"rendered":"<figure id=\"attachment_31419\" aria-describedby=\"caption-attachment-31419\" style=\"width: 332px\" class=\"wp-caption aligncenter\"><img loading=\"lazy\" class=\"wp-image-31419 size-full\" title=\"S\u00e3o Domingos recebe o Ros\u00e1rio de Nossa Senhora, e deste dia em dia diante esta foi a maior arma e o maior meio de alcan\u00e7ar gra\u00e7as de todo cat\u00f3lico.\" src=\"http:\/\/www.adf.org.br\/home\/wp-content\/uploads\/2015\/04\/S\u00e3o-Domingos-recebe-o-Ros\u00e1rio-de-Nossa-Senhora-e-deste-dia-em-dia-diante-esta-foi-a-maior-arma-e-o-maior-meio-de-alcan\u00e7ar-gra\u00e7as-de-todo-cat\u00f3lico..jpg\" alt=\"S\u00e3o Domingos recebe o Ros\u00e1rio de Nossa Senhora, e deste dia em dia diante esta foi a maior arma e o maior meio de alcan\u00e7ar gra\u00e7as de todo cat\u00f3lico.\" width=\"332\" height=\"400\" \/><figcaption id=\"caption-attachment-31419\" class=\"wp-caption-text\">S\u00e3o Domingos recebe o Ros\u00e1rio de Nossa Senhora, e deste dia em dia diante esta foi a maior arma e o maior meio de alcan\u00e7ar gra\u00e7as de todo cat\u00f3lico.<\/figcaption><\/figure>\n<p style=\"padding-left: 90px;\"><span style=\"font-size: 12pt; color: #000000; font-family: verdana, geneva, sans-serif;\"><strong><span style=\"color: #ffffff;\">.<\/span><br \/>\n<span style=\"color: #800080;\">S\u00e3o Domingos, iluminado pelo Esp\u00edrito Santo e instru\u00eddo pela Sant\u00edssima Virgem, <\/span><\/strong><\/span><\/p>\n<p><span style=\"font-family: verdana, geneva, sans-serif; color: #000000; font-size: 12pt;\"><span style=\"font-size: 14pt;\"><strong>B<\/strong><\/span>em\u00a0como por suas pr\u00f3prias experi\u00eancias, pregou o Santo Ros\u00e1rio at\u00e9 o fim de sua vida.<\/span><\/p>\n<p><span style=\"font-family: verdana, geneva, sans-serif; color: #000000; font-size: 12pt;\"> Ele o\u00a0pregou por seu exemplo, bem como, em seus serm\u00f5es, nas cidades e nos lugarejos, diante de\u00a0grandes e pequenos, diante de s\u00e1bios e ignorantes, a cat\u00f3licos e a hereges.<\/span><\/p>\n<p style=\"padding-left: 90px;\"><span style=\"font-family: verdana, geneva, sans-serif; font-size: 12pt; color: #800080;\"><strong><br \/>\nO Santo Ros\u00e1rio que ele rezava diariamente era sua prepara\u00e7\u00e3o para cada serm\u00e3o e\u00a0sua a\u00e7\u00e3o de gra\u00e7as junto a Nossa Senhora imediatamente ap\u00f3s as suas prega\u00e7\u00f5es.<\/strong><\/span><\/p>\n<p><span style=\"font-family: verdana, geneva, sans-serif; color: #000000; font-size: 12pt;\"><br \/>\nUm dia ele tinha que pregar na Catedral Notre Dame de Paris, e era o dia da desta de\u00a0S\u00e3o<br \/>\nJo\u00e3o Evangelista. <\/span><\/p>\n<p><span style=\"font-family: verdana, geneva, sans-serif; color: #000000; font-size: 12pt;\">Ele se encontrava numa pequena capela, atr\u00e1s do altar m\u00f3r, preparando-se\u00a0em ora\u00e7\u00e3o para seu serm\u00e3o como era de costume;<\/span><\/p>\n<p><span style=\"font-family: verdana, geneva, sans-serif; color: #000000; font-size: 12pt;\">Quando <span style=\"color: #000080;\"><strong>Nossa Senhora<\/strong><\/span> apareceu a ele e\u00a0disse:<\/span><\/p>\n<p style=\"padding-left: 90px;\"><strong><span style=\"font-family: verdana, geneva, sans-serif; color: #800080; font-size: 12pt;\"><br \/>\n\u201cDomingos, mesmo que o que voc\u00ea preparou para pregar seja muito bom, estou lhe\u00a0dando um serm\u00e3o muito melhor.\u201d\u00a0<\/span><\/strong><\/p>\n<p><span style=\"font-family: verdana, geneva, sans-serif; font-size: 12pt; color: #000000;\"><br \/>\nS\u00e3o Domingos pegou em suas m\u00e3os o livro que Nossa Senhora mencionou;<\/span><\/p>\n<p><span style=\"font-family: verdana, geneva, sans-serif; font-size: 12pt; color: #000000;\">Leu o\u00a0serm\u00e3o cuidadosamente e quando o compreendeu e nele meditou, deu gra\u00e7as a Sant\u00edssima\u00a0M\u00e3e.<\/span><\/p>\n<p><span style=\"font-family: verdana, geneva, sans-serif; color: #000000; font-size: 12pt;\">Quando chegou a hora, ele subiu ao p\u00falpito e, apesar de se tratar de dia de festa;<\/span><\/p>\n<p><span style=\"font-family: verdana, geneva, sans-serif; color: #000000; font-size: 12pt;\">N\u00e3o\u00a0fez men\u00e7\u00e3o de S\u00e3o Jo\u00e3o a n\u00e3o ser quando falou que ele fora digno de ser guardi\u00e3o da <strong>Rainha\u00a0dos C\u00e9us. <\/strong><\/span><\/p>\n<p><span style=\"font-family: verdana, geneva, sans-serif; color: #000000; font-size: 12pt;\">A assembleia era composta de te\u00f3logos e outras pessoas eminentes que estavam\u00a0habituadas a ouvir discursos s\u00e1bios e elegantes;<\/span><\/p>\n<p><span style=\"font-family: verdana, geneva, sans-serif; color: #000000; font-size: 12pt;\">Mas S\u00e3o Domingos lhes disse que n\u00e3o era o\u00a0seu desejo dirigir-lhes palavras cultas, s\u00e1bias aos olhos humanos, mas que falaria na\u00a0simplicidade do Esp\u00edrito Santo e na Sua Virtude.<\/span><\/p>\n<p style=\"padding-left: 90px;\"><span style=\"font-family: verdana, geneva, sans-serif; font-size: 12pt; color: #800080;\"><strong><br \/>\nEnt\u00e3o, ele come\u00e7ou a pregar sobre o Santo Ros\u00e1rio e explicou a Ave Maria palavra por\u00a0palavra;<\/strong><\/span><\/p>\n<p style=\"padding-left: 90px;\"><span style=\"font-family: verdana, geneva, sans-serif; font-size: 12pt; color: #800080;\"><strong>Como se fosse a um grupo de crian\u00e7as, utilizando-se das ilustra\u00e7\u00f5es simples que\u00a0estavam no livro que Nossa Senhora lhe dera.<\/strong><\/span><\/p>\n<p><span style=\"font-family: verdana, geneva, sans-serif; color: #000000; font-size: 12pt;\"><br \/>\nCartagena, o grande estudioso citando o Bem-aventurado Alano de La Roche em \u201cDe\u00a0Dignitate Psalterii,\u201d descreve o seguinte:<\/span><\/p>\n<blockquote><p><span style=\"font-family: verdana, geneva, sans-serif; color: #000080; font-size: 12pt;\"><br \/>\n\u201cO Bem-aventurado Alano escreve que um dia, S\u00e3o Domingos apareceu-lhe em uma\u00a0vis\u00e3o e disse-lhe:<\/span><\/p>\n<p><span style=\"font-family: verdana, geneva, sans-serif; color: #000080; font-size: 12pt;\">&#8216;Meu Filho \u00e9 bom pregar; mas h\u00e1 sempre o perigo de se procurar mais a\u00a0eloqu\u00eancia do que a salva\u00e7\u00e3o de almas&#8217;\u201d.<\/span><\/p><\/blockquote>\n<p><span style=\"font-family: verdana, geneva, sans-serif; color: #000000; font-size: 12pt;\"><br \/>\nAlano, ou\u00e7a cuidadosamente o que me aconteceu em Paris, afim que voc\u00ea fique\u00a0prevenido contra esta esp\u00e9cie de coisas enganosas: <\/span><\/p>\n<blockquote><p><span style=\"font-family: verdana, geneva, sans-serif; color: #000000; font-size: 12pt;\"><br \/>\nEu pregava na grande Igreja dedicada \u00e0\u00a0Virgem Maria e estava ansioso em fazer um grade serm\u00e3o, <span style=\"color: #000080;\"><strong>n\u00e3o por orgulho<\/strong><\/span>, mas por causa da\u00a0alta intelectualidade da assist\u00eancia. <\/span><\/p>\n<p><span style=\"font-family: verdana, geneva, sans-serif; color: #000000; font-size: 12pt;\">Uma hora antes da minha prega\u00e7\u00e3o, eu estava em\u00a0recolhimento, <strong>rezando meu Ros\u00e1rio<\/strong>, como sempre fazia antes de pregar um serm\u00e3o, ent\u00e3o eu\u00a0ca\u00ed em \u00eaxtase.<\/span><\/p>\n<p><span style=\"font-family: verdana, geneva, sans-serif; color: #000000; font-size: 12pt;\"> Vi minha amada amiga, a M\u00e3e de Deus dirigindo-se a mim com um livro na m\u00e3o.<\/span><\/p>\n<p style=\"padding-left: 60px;\"><span style=\"font-family: verdana, geneva, sans-serif; font-size: 12pt; color: #800080;\"><strong><br \/>\nDisse-me ela: \u201cDomingos, o serm\u00e3o que voc\u00ea preparou para hoje est\u00e1 realmente muito bom,\u00a0entretanto, o que trago para voc\u00ea \u00e9 bem melhor.\u201d<\/strong><\/span><\/p>\n<p><span style=\"font-family: verdana, geneva, sans-serif; color: #000000; font-size: 12pt;\"><br \/>\nCertamente que fiquei maravilhado, peguei o livro e li cada palavra. <\/span><\/p>\n<p><span style=\"font-family: verdana, geneva, sans-serif; color: #000000; font-size: 12pt;\">Como Nossa\u00a0Senhora disse, eu encontrei exatamente o que dizer em meu serm\u00e3o, assim agradeci a ela de\u00a0todo o meu cora\u00e7\u00e3o.<\/span><\/p>\n<p><span style=\"font-family: verdana, geneva, sans-serif; color: #000000; font-size: 12pt;\">Na hora de come\u00e7ar, vi que a Universidade de Paris concorrera com toda a for\u00e7a;<\/span><\/p>\n<p><span style=\"font-family: verdana, geneva, sans-serif; color: #000000; font-size: 12pt;\">Tendo vindo tamb\u00e9m um grande n\u00famero de cavalheiros que veriam e ouviriam as grandes\u00a0coisas que o bom Senhor tinha feito por meu interm\u00e9dio. <\/span><\/p>\n<p><span style=\"font-family: verdana, geneva, sans-serif; color: #000000; font-size: 12pt;\">Ent\u00e3o subi ao p\u00falpito.<\/span><\/p>\n<p><span style=\"font-family: verdana, geneva, sans-serif; color: #000000; font-size: 12pt;\">Era festa de S\u00e3o Jo\u00e3o, o ap\u00f3stolo, por\u00e9m tudo o que disse sobre ele foi que tinha sido\u00a0achado digno de ser o guardi\u00e3o da Rainha do C\u00e9u. <\/span><\/p>\n<p><span style=\"font-family: verdana, geneva, sans-serif; color: #000000; font-size: 12pt;\">Ent\u00e3o me dirigi \u00e0 congrega\u00e7\u00e3o:<\/span><\/p>\n<p><span style=\"font-family: verdana, geneva, sans-serif; color: #000000; font-size: 12pt;\"> \u201cMeus\u00a0Car\u00edssimos e ilustres Doutores da Universidade, voc\u00eas est\u00e3o acostumados a ouvir serm\u00f5es de\u00a0conformidade com seus gostos apurados.<\/span><\/p>\n<p><span style=\"font-family: verdana, geneva, sans-serif; color: #000000; font-size: 12pt;\"> Agora n\u00e3o mais lhes falarei numa linguagem da\u00a0escola da sabedoria humana mas, ao contr\u00e1rio;<\/span><\/p>\n<p><span style=\"font-family: verdana, geneva, sans-serif; color: #000000; font-size: 12pt;\">Vou lhes falar na linguagem do Esp\u00edrito de\u00a0Deus e Sua grandiosidade\u201d.<\/span><\/p><\/blockquote>\n<p><span style=\"font-family: verdana, geneva, sans-serif; color: #000000; font-size: 12pt;\"><br \/>\nTerminam aqui as narra\u00e7\u00f5es do Bem aventurado Alano, e Cartagena narra ainda com\u00a0suas pr\u00f3prias palavras: <\/span><\/p>\n<p style=\"padding-left: 90px;\"><strong><span style=\"font-family: verdana, geneva, sans-serif; color: #800080; font-size: 12pt;\"><br \/>\n\u201cS\u00e3o Domingos explicava a Sauda\u00e7\u00e3o Ang\u00e9lica a eles, usando\u00a0compara\u00e7\u00f5es e exemplos da simplicidade do dia a dia da vida.\u201d\u00a0<\/span><\/strong><\/p>\n<p><span style=\"font-family: verdana, geneva, sans-serif; font-size: 12pt; color: #000000;\"><br \/>\nO Bem aventurado Alano, de acordo com Cartagena, menciona outras vezes no qual\u00a0Nosso SENHOR e Nossa Senhora apareciam a S\u00e3o Domingos;<\/span><\/p>\n<p><span style=\"font-family: verdana, geneva, sans-serif; font-size: 12pt; color: #000000;\">Ordenando e inspirando-o a\u00a0pregar o Santo Ros\u00e1rio mais e mais a fim de salvar os pecadores e converter os hereges.<\/span><\/p>\n<p><span style=\"font-size: 12pt; font-family: verdana, geneva, sans-serif; color: #000000;\"><strong><br \/>\nEm outra passagem Cartagena diz:<\/strong><\/span><\/p>\n<p><span style=\"font-family: verdana, geneva, sans-serif; color: #000000; font-size: 12pt;\"><br \/>\nO Bem aventurado Alano disse que Nossa Senhora lhe revelara que depois que ela\u00a0apareceu a S\u00e3o Domingos, seu divino Filho Jesus apareceu-lhe tamb\u00e9m e disse:<\/span><\/p>\n<p style=\"padding-left: 90px;\"><span style=\"font-family: verdana, geneva, sans-serif; font-size: 12pt; color: #800080;\"><strong><br \/>\n\u201cDomingos,\u00a0eu me comprazo em ver que voc\u00ea n\u00e3o confia em sua pr\u00f3pria sabedoria e que, ao inv\u00e9s de\u00a0procurar a vaidade humana;<\/strong><\/span><\/p>\n<p style=\"padding-left: 90px;\"><span style=\"font-family: verdana, geneva, sans-serif; font-size: 12pt; color: #800080;\"><strong>Est\u00e1 trabalhando com grande humildade em prol da salva\u00e7\u00e3o\u00a0de almas&#8221;.<\/strong><\/span><\/p>\n<p><span style=\"font-family: verdana, geneva, sans-serif; color: #000000; font-size: 12pt;\"><br \/>\nMuitos pregadores querem desde o principio pregar amea\u00e7adoramente contra os\u00a0piores tipos de pecados;<\/span><\/p>\n<p><span style=\"font-family: verdana, geneva, sans-serif; color: #000000; font-size: 12pt;\">Falhando em perceber que antes de se dar um medicamento\u00a0doloroso, \u00e9 necess\u00e1rio preparar o doente;<\/span><\/p>\n<p><span style=\"font-family: verdana, geneva, sans-serif; color: #000000; font-size: 12pt;\">Colocando-o numa mentalidade receptiva a fim de\u00a0se beneficiar por esse meio.<\/span><\/p>\n<p style=\"padding-left: 90px;\"><span style=\"font-family: verdana, geneva, sans-serif; font-size: 12pt; color: #000000;\"><strong><br \/>\nEis porqu\u00ea, antes de qualquer outra coisa, os sacerdotes devem tentar estimular o\u00a0amor \u00e0 ora\u00e7\u00e3o nos cora\u00e7\u00f5es das pessoas;<\/strong><\/span><\/p>\n<p style=\"padding-left: 90px;\"><span style=\"font-family: verdana, geneva, sans-serif; font-size: 12pt; color: #800080;\"><strong>E especialmente um amor pelo Salt\u00e9rio Ang\u00e9lico\u00a0(Ros\u00e1rio). <\/strong><\/span><\/p>\n<p style=\"padding-left: 90px;\"><span style=\"font-family: verdana, geneva, sans-serif; font-size: 12pt; color: #000000;\"><strong>Se ao menos eles todos come\u00e7assem a rez\u00e1-lo e perseverassem nesta ora\u00e7\u00e3o,\u00a0Deus, em Sua Miseric\u00f3rdia, dificilmente recusaria em dar-lhes Sua gra\u00e7a. <\/strong><\/span><\/p>\n<p style=\"padding-left: 90px;\"><span style=\"font-family: verdana, geneva, sans-serif; font-size: 12pt; color: #000000;\"><strong><span style=\"color: #800080;\">Por essa raz\u00e3o, eu\u00a0quero que voc\u00ea pregue o meu Ros\u00e1rio<\/span>.\u201d<\/strong><\/span><\/p>\n<p><span style=\"font-family: verdana, geneva, sans-serif; color: #000000; font-size: 12pt;\"><br \/>\nEm outro lugar, o Bem aventurado Alano diz: <\/span><\/p>\n<blockquote><p><span style=\"font-family: verdana, geneva, sans-serif; color: #000000; font-size: 12pt;\">Todos os sacerdotes rezam uma Ave\u00a0Maria com os fi\u00e9is antes de pregar o serm\u00e3o, pedindo pela gra\u00e7a de Deus. <\/span><\/p>\n<p><span style=\"font-family: verdana, geneva, sans-serif; color: #000000; font-size: 12pt;\">Eles assim o fazem\u00a0por causa da revela\u00e7\u00e3o que S\u00e3o Domingos teve de Nossa Senhora. <\/span><\/p>\n<p><span style=\"font-family: verdana, geneva, sans-serif; color: #000000; font-size: 12pt;\">Disse ela um dia: <\/span><\/p>\n<p><span style=\"font-family: verdana, geneva, sans-serif; color: #000000; font-size: 12pt;\">\u201cMeu\u00a0filho, n\u00e3o fique surpreso ao ver seus serm\u00f5es falharem em alcan\u00e7ar o resultado almejado.\u00a0<\/span><\/p>\n<p><span style=\"font-family: verdana, geneva, sans-serif; color: #800080; font-size: 12pt;\"><span style=\"text-decoration: underline;\">Voc\u00ea est\u00e1 tentando cultivar uma terra que n\u00e3o foi regada pela chuva.<\/span> <\/span><\/p>\n<p><span style=\"font-family: verdana, geneva, sans-serif; color: #000000; font-size: 12pt;\">Recorda que quando\u00a0Deus quis renovar a face da Terra, Ele enviou primeiro a chuva dos c\u00e9us, e isto foi uma\u00a0Sauda\u00e7\u00e3o Ang\u00e9lica. <\/span><\/p>\n<p style=\"padding-left: 60px;\"><span style=\"color: #000000; font-family: verdana, geneva, sans-serif; font-size: 12pt;\"><strong><br \/>\n<span style=\"color: #000080;\">Desta maneira Deus recriou o Mundo. <\/span><\/strong><\/span><\/p>\n<p style=\"padding-left: 60px;\"><span style=\"color: #000080; font-family: verdana, geneva, sans-serif; font-size: 12pt;\"><strong>Exorta, pois, \u00e0s pessoas, quando\u00a0pregardes um serm\u00e3o, a rezarem o Ros\u00e1rio pois assim fazendo, suas palavras dar\u00e3o fruto \u00e0s\u00a0suas almas.\u201d<\/strong><\/span><\/p>\n<p><span style=\"font-family: verdana, geneva, sans-serif; color: #000000; font-size: 12pt;\"><br \/>\n\u201cS\u00e3o Domingos n\u00e3o esperou por obedecer, e da\u00ed em diante ele exerceu grande\u00a0influ\u00eancia atrav\u00e9s de seus serm\u00f5es\u201d.\u00a0<\/span><\/p>\n<p><span style=\"font-family: verdana, geneva, sans-serif; color: #000000; font-size: 12pt;\">Esta \u00faltima refer\u00eancia \u00e9 do \u201cLivro dos Milagres do <strong>Santo Ros\u00e1rio<\/strong>\u201d (escrito em italiano)\u00a0e tamb\u00e9m encontrada nas obras de Justino (143.\u00ba serm\u00e3o).<\/span><\/p><\/blockquote>\n<p><span style=\"font-family: verdana, geneva, sans-serif; color: #000000; font-size: 12pt;\"><br \/>\nFico feliz em poder citar estes bem conhecidos escritores palavra por palavra no\u00a0original, em latim;<\/span><\/p>\n<p><span style=\"font-family: verdana, geneva, sans-serif; color: #000000; font-size: 12pt;\">Para o benef\u00edcio de algum sacerdote ou outra pessoa s\u00e1bia que possa ter\u00a0alguma d\u00favida dos poderes maravilhosos do Santo Ros\u00e1rio <\/span><\/p>\n<p><em><span style=\"font-family: verdana, geneva, sans-serif; color: #000000; font-size: 12pt;\">(N.T. \u2013 Omitimos as cita\u00e7\u00f5es em\u00a0latim com o fim de n\u00e3o dificultarmos o texto. Acima s\u00e3o citadas as mesmas refer\u00eancias em\u00a0portugu\u00eas).<\/span><\/em><\/p>\n<p><span style=\"font-family: verdana, geneva, sans-serif; color: #000000; font-size: 12pt;\">Enquanto os sacerdotes seguiram o exemplo de S\u00e3o Domingos e pregaram a <strong>devo\u00e7\u00e3o\u00a0ao Santo Ros\u00e1rio;<\/strong><\/span><\/p>\n<p><span style=\"font-family: verdana, geneva, sans-serif; color: #000000; font-size: 12pt;\">A piedade e o fervor transbordaram atrav\u00e9s de todo o mundo crist\u00e3o como\u00a0tamb\u00e9m nas ordens religiosas que se devotaram ao Ros\u00e1rio. <\/span><\/p>\n<h5 style=\"padding-left: 90px;\"><span style=\"font-family: verdana, geneva, sans-serif; font-size: 12pt; color: #800080;\"><strong><br \/>\nMas, desde que os fi\u00e9is\u00a0come\u00e7aram a negligenciar esta d\u00e1diva do C\u00e9u, toda esp\u00e9cie de pecados e desordem tem se\u00a0espalhado largamente.<\/strong><\/span><\/h5>\n<p><span style=\"color: #ffffff;\">.<\/span><br \/>\n<span style=\"color: #000000; font-family: verdana, geneva, sans-serif; font-size: 10pt;\"><em>Fonte: livro &#8220;O Segredo do Ros\u00e1rio&#8221; de S\u00e3o Luis de Montfort.<\/em><\/span><\/p>\n<p><span style=\"color: #ffffff;\">.<\/span><br \/>\n<span style=\"color: #ffffff;\">.<\/span><\/p>\n<p style=\"text-align: center;\"><span style=\"font-family: verdana, geneva, sans-serif; color: #000000; font-size: 12pt;\"><strong>* \u00a0 * \u00a0 *<\/strong><\/span><\/p>\n<p style=\"text-align: center;\"><span style=\"color: #ffffff;\">.<\/span><br \/>\n<a href=\"https:\/\/adf.org.br\/minhaoferta\/?origem=6667\" target=\"_blank\" rel=\"noopener noreferrer\"><img loading=\"lazy\" class=\"aligncenter wp-image-46617 size-full\" title=\"bot\u00e3o sacolinha adf\" src=\"http:\/\/www.adf.org.br\/home\/wp-content\/uploads\/2017\/04\/bt_oferta_ADF-2-1-2.png\" alt=\"bt_oferta_ADF-2 (1)\" width=\"600\" height=\"190\" \/><\/a><\/p>\n","protected":false},"excerpt":{"rendered":"<p>S\u00e3o Domingos, iluminado pelo Esp\u00edrito Santo e instru\u00eddo pela Sant\u00edssima Virgem,<\/p>\n","protected":false},"author":31,"featured_media":46618,"comment_status":"open","ping_status":"open","sticky":false,"template":"","format":"standard","meta":[],"categories":[20],"tags":[2298,38,607,490,2213],"yoast_head":"<!-- This site is optimized with the Yoast SEO plugin v17.4 - https:\/\/yoast.com\/wordpress\/plugins\/seo\/ -->\n<title>D\u00e1divas S\u00e3o Domingos recebeu por rezar o Santo Ros\u00e1rio!<\/title>\n<meta name=\"description\" content=\"Veja quantas enormes d\u00e1divas S\u00e3o Domingos recebeu por rezar o Santo Ros\u00e1rio! S\u00e3o in\u00fameras as gra\u00e7as alcan\u00e7adas por essa devo\u00e7\u00e3o.\" \/>\n<meta name=\"robots\" content=\"index, follow, max-snippet:-1, max-image-preview:large, max-video-preview:-1\" \/>\n<link rel=\"canonical\" href=\"https:\/\/www.adf.org.br\/home\/rezar-o-santo-rosario\/\" \/>\n<meta property=\"og:locale\" content=\"pt_BR\" \/>\n<meta property=\"og:type\" content=\"article\" \/>\n<meta property=\"og:title\" content=\"D\u00e1divas S\u00e3o Domingos recebeu por rezar o Santo Ros\u00e1rio!\" \/>\n<meta property=\"og:description\" content=\"Veja quantas enormes d\u00e1divas S\u00e3o Domingos recebeu por rezar o Santo Ros\u00e1rio! S\u00e3o in\u00fameras as gra\u00e7as alcan\u00e7adas por essa devo\u00e7\u00e3o.\" \/>\n<meta property=\"og:url\" content=\"https:\/\/www.adf.org.br\/home\/rezar-o-santo-rosario\/\" \/>\n<meta property=\"og:site_name\" content=\"Associa\u00e7\u00e3o Devotos de F\u00e1tima\" \/>\n<meta property=\"article:published_time\" content=\"2018-04-30T03:00:42+00:00\" \/>\n<meta name=\"twitter:card\" content=\"summary_large_image\" \/>\n<meta name=\"twitter:label1\" content=\"Escrito por\" \/>\n\t<meta name=\"twitter:data1\" content=\"Gabriel Barbosa\" \/>\n\t<meta name=\"twitter:label2\" content=\"Est. tempo de leitura\" \/>\n\t<meta name=\"twitter:data2\" content=\"7 minutos\" \/>\n<script type=\"application\/ld+json\" class=\"yoast-schema-graph\">{\"@context\":\"https:\/\/schema.org\",\"@graph\":[{\"@type\":\"WebSite\",\"@id\":\"https:\/\/www.adf.org.br\/home\/#website\",\"url\":\"https:\/\/www.adf.org.br\/home\/\",\"name\":\"Associa\\u00e7\\u00e3o Devotos de F\\u00e1tima\",\"description\":\"Associa\\u00e7\\u00e3o Devotos de F\\u00e1tima\",\"potentialAction\":[{\"@type\":\"SearchAction\",\"target\":{\"@type\":\"EntryPoint\",\"urlTemplate\":\"https:\/\/www.adf.org.br\/home\/?s={search_term_string}\"},\"query-input\":\"required name=search_term_string\"}],\"inLanguage\":\"pt-BR\"},{\"@type\":\"ImageObject\",\"@id\":\"https:\/\/www.adf.org.br\/home\/rezar-o-santo-rosario\/#primaryimage\",\"inLanguage\":\"pt-BR\",\"url\":\"\",\"contentUrl\":\"\"},{\"@type\":\"WebPage\",\"@id\":\"https:\/\/www.adf.org.br\/home\/rezar-o-santo-rosario\/#webpage\",\"url\":\"https:\/\/www.adf.org.br\/home\/rezar-o-santo-rosario\/\",\"name\":\"D\\u00e1divas S\\u00e3o Domingos recebeu por rezar o Santo Ros\\u00e1rio!\",\"isPartOf\":{\"@id\":\"https:\/\/www.adf.org.br\/home\/#website\"},\"primaryImageOfPage\":{\"@id\":\"https:\/\/www.adf.org.br\/home\/rezar-o-santo-rosario\/#primaryimage\"},\"datePublished\":\"2018-04-30T03:00:42+00:00\",\"dateModified\":\"2018-04-30T03:00:42+00:00\",\"author\":{\"@id\":\"https:\/\/www.adf.org.br\/home\/#\/schema\/person\/f35a5c5aa7728a3dedf4ea9aa1fc2753\"},\"description\":\"Veja quantas enormes d\\u00e1divas S\\u00e3o Domingos recebeu por rezar o Santo Ros\\u00e1rio! S\\u00e3o in\\u00fameras as gra\\u00e7as alcan\\u00e7adas por essa devo\\u00e7\\u00e3o.\",\"breadcrumb\":{\"@id\":\"https:\/\/www.adf.org.br\/home\/rezar-o-santo-rosario\/#breadcrumb\"},\"inLanguage\":\"pt-BR\",\"potentialAction\":[{\"@type\":\"ReadAction\",\"target\":[\"https:\/\/www.adf.org.br\/home\/rezar-o-santo-rosario\/\"]}]},{\"@type\":\"BreadcrumbList\",\"@id\":\"https:\/\/www.adf.org.br\/home\/rezar-o-santo-rosario\/#breadcrumb\",\"itemListElement\":[{\"@type\":\"ListItem\",\"position\":1,\"name\":\"Home\",\"item\":\"https:\/\/www.adf.org.br\/home\/\"},{\"@type\":\"ListItem\",\"position\":2,\"name\":\"Veja quantas enormes d\\u00e1divas S\\u00e3o Domingos recebeu por rezar o Santo Ros\\u00e1rio!\"}]},{\"@type\":\"Person\",\"@id\":\"https:\/\/www.adf.org.br\/home\/#\/schema\/person\/f35a5c5aa7728a3dedf4ea9aa1fc2753\",\"name\":\"Gabriel Barbosa\",\"image\":{\"@type\":\"ImageObject\",\"@id\":\"https:\/\/www.adf.org.br\/home\/#personlogo\",\"inLanguage\":\"pt-BR\",\"url\":\"https:\/\/secure.gravatar.com\/avatar\/2b2cb2f4637682c5605e8d36818f51ef?s=96&d=mm&r=g\",\"contentUrl\":\"https:\/\/secure.gravatar.com\/avatar\/2b2cb2f4637682c5605e8d36818f51ef?s=96&d=mm&r=g\",\"caption\":\"Gabriel Barbosa\"},\"url\":\"https:\/\/www.adf.org.br\/home\/author\/gabrielpmk-com-br\/\"}]}<\/script>\n<!-- \/ Yoast SEO plugin. -->","yoast_head_json":{"title":"D\u00e1divas S\u00e3o Domingos recebeu por rezar o Santo Ros\u00e1rio!","description":"Veja quantas enormes d\u00e1divas S\u00e3o Domingos recebeu por rezar o Santo Ros\u00e1rio! S\u00e3o in\u00fameras as gra\u00e7as alcan\u00e7adas por essa devo\u00e7\u00e3o.","robots":{"index":"index","follow":"follow","max-snippet":"max-snippet:-1","max-image-preview":"max-image-preview:large","max-video-preview":"max-video-preview:-1"},"canonical":"https:\/\/www.adf.org.br\/home\/rezar-o-santo-rosario\/","og_locale":"pt_BR","og_type":"article","og_title":"D\u00e1divas S\u00e3o Domingos recebeu por rezar o Santo Ros\u00e1rio!","og_description":"Veja quantas enormes d\u00e1divas S\u00e3o Domingos recebeu por rezar o Santo Ros\u00e1rio! S\u00e3o in\u00fameras as gra\u00e7as alcan\u00e7adas por essa devo\u00e7\u00e3o.","og_url":"https:\/\/www.adf.org.br\/home\/rezar-o-santo-rosario\/","og_site_name":"Associa\u00e7\u00e3o Devotos de F\u00e1tima","article_published_time":"2018-04-30T03:00:42+00:00","twitter_card":"summary_large_image","twitter_misc":{"Escrito por":"Gabriel Barbosa","Est. tempo de leitura":"7 minutos"},"schema":{"@context":"https:\/\/schema.org","@graph":[{"@type":"WebSite","@id":"https:\/\/www.adf.org.br\/home\/#website","url":"https:\/\/www.adf.org.br\/home\/","name":"Associa\u00e7\u00e3o Devotos de F\u00e1tima","description":"Associa\u00e7\u00e3o Devotos de F\u00e1tima","potentialAction":[{"@type":"SearchAction","target":{"@type":"EntryPoint","urlTemplate":"https:\/\/www.adf.org.br\/home\/?s={search_term_string}"},"query-input":"required name=search_term_string"}],"inLanguage":"pt-BR"},{"@type":"ImageObject","@id":"https:\/\/www.adf.org.br\/home\/rezar-o-santo-rosario\/#primaryimage","inLanguage":"pt-BR","url":"","contentUrl":""},{"@type":"WebPage","@id":"https:\/\/www.adf.org.br\/home\/rezar-o-santo-rosario\/#webpage","url":"https:\/\/www.adf.org.br\/home\/rezar-o-santo-rosario\/","name":"D\u00e1divas S\u00e3o Domingos recebeu por rezar o Santo Ros\u00e1rio!","isPartOf":{"@id":"https:\/\/www.adf.org.br\/home\/#website"},"primaryImageOfPage":{"@id":"https:\/\/www.adf.org.br\/home\/rezar-o-santo-rosario\/#primaryimage"},"datePublished":"2018-04-30T03:00:42+00:00","dateModified":"2018-04-30T03:00:42+00:00","author":{"@id":"https:\/\/www.adf.org.br\/home\/#\/schema\/person\/f35a5c5aa7728a3dedf4ea9aa1fc2753"},"description":"Veja quantas enormes d\u00e1divas S\u00e3o Domingos recebeu por rezar o Santo Ros\u00e1rio! S\u00e3o in\u00fameras as gra\u00e7as alcan\u00e7adas por essa devo\u00e7\u00e3o.","breadcrumb":{"@id":"https:\/\/www.adf.org.br\/home\/rezar-o-santo-rosario\/#breadcrumb"},"inLanguage":"pt-BR","potentialAction":[{"@type":"ReadAction","target":["https:\/\/www.adf.org.br\/home\/rezar-o-santo-rosario\/"]}]},{"@type":"BreadcrumbList","@id":"https:\/\/www.adf.org.br\/home\/rezar-o-santo-rosario\/#breadcrumb","itemListElement":[{"@type":"ListItem","position":1,"name":"Home","item":"https:\/\/www.adf.org.br\/home\/"},{"@type":"ListItem","position":2,"name":"Veja quantas enormes d\u00e1divas S\u00e3o Domingos recebeu por rezar o Santo Ros\u00e1rio!"}]},{"@type":"Person","@id":"https:\/\/www.adf.org.br\/home\/#\/schema\/person\/f35a5c5aa7728a3dedf4ea9aa1fc2753","name":"Gabriel Barbosa","image":{"@type":"ImageObject","@id":"https:\/\/www.adf.org.br\/home\/#personlogo","inLanguage":"pt-BR","url":"https:\/\/secure.gravatar.com\/avatar\/2b2cb2f4637682c5605e8d36818f51ef?s=96&d=mm&r=g","contentUrl":"https:\/\/secure.gravatar.com\/avatar\/2b2cb2f4637682c5605e8d36818f51ef?s=96&d=mm&r=g","caption":"Gabriel Barbosa"},"url":"https:\/\/www.adf.org.br\/home\/author\/gabrielpmk-com-br\/"}]}},"_links":{"self":[{"href":"https:\/\/www.adf.org.br\/home\/wp-json\/wp\/v2\/posts\/31417"}],"collection":[{"href":"https:\/\/www.adf.org.br\/home\/wp-json\/wp\/v2\/posts"}],"about":[{"href":"https:\/\/www.adf.org.br\/home\/wp-json\/wp\/v2\/types\/post"}],"author":[{"embeddable":true,"href":"https:\/\/www.adf.org.br\/home\/wp-json\/wp\/v2\/users\/31"}],"replies":[{"embeddable":true,"href":"https:\/\/www.adf.org.br\/home\/wp-json\/wp\/v2\/comments?post=31417"}],"version-history":[{"count":0,"href":"https:\/\/www.adf.org.br\/home\/wp-json\/wp\/v2\/posts\/31417\/revisions"}],"wp:featuredmedia":[{"embeddable":true,"href":"https:\/\/www.adf.org.br\/home\/wp-json\/wp\/v2\/media\/46618"}],"wp:attachment":[{"href":"https:\/\/www.adf.org.br\/home\/wp-json\/wp\/v2\/media?parent=31417"}],"wp:term":[{"taxonomy":"category","embeddable":true,"href":"https:\/\/www.adf.org.br\/home\/wp-json\/wp\/v2\/categories?post=31417"},{"taxonomy":"post_tag","embeddable":true,"href":"https:\/\/www.adf.org.br\/home\/wp-json\/wp\/v2\/tags?post=31417"}],"curies":[{"name":"wp","href":"https:\/\/api.w.org\/{rel}","templated":true}]}}