{"id":31239,"date":"2015-04-09T21:00:07","date_gmt":"2015-04-10T00:00:07","guid":{"rendered":"http:\/\/www.adf.org.br\/home\/?p=31239"},"modified":"2015-04-09T21:00:07","modified_gmt":"2015-04-10T00:00:07","slug":"oracao-de-santa-tereza-davila","status":"publish","type":"post","link":"https:\/\/www.adf.org.br\/home\/oracao-de-santa-tereza-davila\/","title":{"rendered":"Ora\u00e7\u00e3o de Santa Tereza D&#8217;avila"},"content":{"rendered":"<figure id=\"attachment_31240\" aria-describedby=\"caption-attachment-31240\" style=\"width: 350px\" class=\"wp-caption aligncenter\"><span style=\"font-size: small;\"><a href=\"http:\/\/www.adf.org.br\/home\/wp-content\/uploads\/2015\/04\/Santa-Tereza-Davila.jpg\"><img loading=\"lazy\" class=\"size-full wp-image-31240\" title=\"Santa Tereza D'avila\" src=\"http:\/\/www.adf.org.br\/home\/wp-content\/uploads\/2015\/04\/Santa-Tereza-Davila.jpg\" alt=\"\" width=\"350\" height=\"446\" \/><\/a><\/span><figcaption id=\"caption-attachment-31240\" class=\"wp-caption-text\">Santa Tereza D&#39;avila<\/figcaption><\/figure>\n<p>&nbsp;<\/p>\n<p id=\"NzQ3MTAy\" style=\"text-align: center;\"><span style=\"font-family: verdana, geneva; color: #000000;\">Nada te perturbe, Nada te espante,<\/span><br \/>\n<span style=\"font-family: verdana, geneva; color: #000000;\"> Tudo passa, Deus n\u00e3o muda,<\/span><br \/>\n<span style=\"font-family: verdana, geneva; color: #000000;\"> A paci\u00eancia tudo alcan\u00e7a;<\/span><br \/>\n<span style=\"font-family: verdana, geneva; color: #000000;\"> Quem a Deus tem, Nada lhe falta:<\/span><br \/>\n<span style=\"font-family: verdana, geneva; color: #000000;\"> S\u00f3 Deus basta.<\/span><\/p>\n<p style=\"text-align: center;\"><span style=\"font-family: verdana, geneva; color: #000000;\">Eleva o pensamento, Ao c\u00e9u sobe,<\/span><br \/>\n<span style=\"font-family: verdana, geneva; color: #000000;\"> Por nada te angusties, Nada te perturbe.<\/span><br \/>\n<span style=\"font-family: verdana, geneva; color: #000000;\"> A Jesus Cristo segue, Com grande entrega,<\/span><br \/>\n<span style=\"font-family: verdana, geneva; color: #000000;\"> E, venha o que vier, Nada te espante.<\/span><br \/>\n<span style=\"font-family: verdana, geneva; color: #000000;\"> V\u00eas a gl\u00f3ria do mundo? \u00c9 gl\u00f3ria v\u00e3;<\/span><br \/>\n<span style=\"font-family: verdana, geneva; color: #000000;\"> Nada tem de est\u00e1vel, Tudo passa.<\/span><\/p>\n<p style=\"text-align: center;\"><span style=\"font-family: verdana, geneva; color: #000000;\">Deseje \u00e0s coisas celestes, Que sempre duram;<\/span><br \/>\n<span style=\"font-family: verdana, geneva; color: #000000;\"> Fiel e rico em promessas, Deus n\u00e3o muda.<\/span><br \/>\n<span style=\"font-family: verdana, geneva; color: #000000;\"> Ama-o como merece, Bondade Imensa;<\/span><br \/>\n<span style=\"font-family: verdana, geneva; color: #000000;\"> Quem a Deus tem, Mesmo que passe por momentos dif\u00edceis;<\/span><br \/>\n<span style=\"font-family: verdana, geneva; color: #000000;\"> Sendo Deus o seu tesouro, Nada lhe falta.<\/span><br \/>\n<span style=\"font-family: verdana, geneva; color: #000000;\"> S\u00d3 DEUS BASTA!<\/span><\/p>\n<p style=\"text-align: center;\"><span style=\"font-family: verdana, geneva; color: #000000;\">Santa Tereza D&#8217;avila<\/span><\/p>\n<p style=\"text-align: center;\"><a href=\"http:\/\/www.medalhasaomiguel.com.br\/?origem=1\"><img loading=\"lazy\" class=\"aligncenter  wp-image-31249\" title=\"Medalha de S\u00e3o Miguel Arcanjo\" src=\"http:\/\/www.adf.org.br\/home\/wp-content\/uploads\/2015\/04\/banner-Medalha-de-S\u00e3o-Miguel-Arcanjo1.jpg\" alt=\"\" width=\"649\" height=\"150\" \/><\/a><\/p>\n","protected":false},"excerpt":{"rendered":"<p>&nbsp; Nada te perturbe, Nada te espante, Tudo passa, Deus n\u00e3o muda, A paci\u00eancia tudo alcan\u00e7a; Quem a Deus tem, Nada lhe falta: S\u00f3 Deus basta. Eleva o pensamento, Ao c\u00e9u sobe, Por nada te angusties, Nada te perturbe. A Jesus Cristo segue, Com grande entrega, E, venha o que vier, Nada te espante. V\u00eas [&hellip;]<\/p>\n","protected":false},"author":22,"featured_media":0,"comment_status":"open","ping_status":"open","sticky":false,"template":"","format":"standard","meta":[],"categories":[20],"tags":[1375,1376,142,1377,1348],"yoast_head":"<!-- This site is optimized with the Yoast SEO plugin v17.4 - https:\/\/yoast.com\/wordpress\/plugins\/seo\/ -->\n<title>Ora\u00e7\u00e3o de Santa Tereza D&#039;avila - Associa\u00e7\u00e3o Devotos de F\u00e1tima<\/title>\n<meta name=\"robots\" content=\"index, follow, max-snippet:-1, max-image-preview:large, max-video-preview:-1\" \/>\n<link rel=\"canonical\" href=\"https:\/\/www.adf.org.br\/home\/oracao-de-santa-tereza-davila\/\" \/>\n<meta property=\"og:locale\" content=\"pt_BR\" \/>\n<meta property=\"og:type\" content=\"article\" \/>\n<meta property=\"og:title\" content=\"Ora\u00e7\u00e3o de Santa Tereza D&#039;avila - Associa\u00e7\u00e3o Devotos de F\u00e1tima\" \/>\n<meta property=\"og:description\" content=\"&nbsp; Nada te perturbe, Nada te espante, Tudo passa, Deus n\u00e3o muda, A paci\u00eancia tudo alcan\u00e7a; Quem a Deus tem, Nada lhe falta: S\u00f3 Deus basta. Eleva o pensamento, Ao c\u00e9u sobe, Por nada te angusties, Nada te perturbe. A Jesus Cristo segue, Com grande entrega, E, venha o que vier, Nada te espante. V\u00eas [&hellip;]\" \/>\n<meta property=\"og:url\" content=\"https:\/\/www.adf.org.br\/home\/oracao-de-santa-tereza-davila\/\" \/>\n<meta property=\"og:site_name\" content=\"Associa\u00e7\u00e3o Devotos de F\u00e1tima\" \/>\n<meta property=\"article:published_time\" content=\"2015-04-10T00:00:07+00:00\" \/>\n<meta property=\"og:image\" content=\"http:\/\/www.adf.org.br\/home\/wp-content\/uploads\/2015\/04\/Santa-Tereza-Davila.jpg\" \/>\n<meta name=\"twitter:card\" content=\"summary_large_image\" \/>\n<meta name=\"twitter:label1\" content=\"Escrito por\" \/>\n\t<meta name=\"twitter:data1\" content=\"victor\" \/>\n\t<meta name=\"twitter:label2\" content=\"Est. tempo de leitura\" \/>\n\t<meta name=\"twitter:data2\" content=\"1 minuto\" \/>\n<script type=\"application\/ld+json\" class=\"yoast-schema-graph\">{\"@context\":\"https:\/\/schema.org\",\"@graph\":[{\"@type\":\"WebSite\",\"@id\":\"https:\/\/www.adf.org.br\/home\/#website\",\"url\":\"https:\/\/www.adf.org.br\/home\/\",\"name\":\"Associa\\u00e7\\u00e3o Devotos de F\\u00e1tima\",\"description\":\"Associa\\u00e7\\u00e3o Devotos de F\\u00e1tima\",\"potentialAction\":[{\"@type\":\"SearchAction\",\"target\":{\"@type\":\"EntryPoint\",\"urlTemplate\":\"https:\/\/www.adf.org.br\/home\/?s={search_term_string}\"},\"query-input\":\"required name=search_term_string\"}],\"inLanguage\":\"pt-BR\"},{\"@type\":\"ImageObject\",\"@id\":\"https:\/\/www.adf.org.br\/home\/oracao-de-santa-tereza-davila\/#primaryimage\",\"inLanguage\":\"pt-BR\",\"url\":\"http:\/\/www.adf.org.br\/home\/wp-content\/uploads\/2015\/04\/Santa-Tereza-Davila.jpg\",\"contentUrl\":\"http:\/\/www.adf.org.br\/home\/wp-content\/uploads\/2015\/04\/Santa-Tereza-Davila.jpg\"},{\"@type\":\"WebPage\",\"@id\":\"https:\/\/www.adf.org.br\/home\/oracao-de-santa-tereza-davila\/#webpage\",\"url\":\"https:\/\/www.adf.org.br\/home\/oracao-de-santa-tereza-davila\/\",\"name\":\"Ora\\u00e7\\u00e3o de Santa Tereza D'avila - Associa\\u00e7\\u00e3o Devotos de F\\u00e1tima\",\"isPartOf\":{\"@id\":\"https:\/\/www.adf.org.br\/home\/#website\"},\"primaryImageOfPage\":{\"@id\":\"https:\/\/www.adf.org.br\/home\/oracao-de-santa-tereza-davila\/#primaryimage\"},\"datePublished\":\"2015-04-10T00:00:07+00:00\",\"dateModified\":\"2015-04-10T00:00:07+00:00\",\"author\":{\"@id\":\"https:\/\/www.adf.org.br\/home\/#\/schema\/person\/84ab1f4a9c9c8771882d949dd0995066\"},\"breadcrumb\":{\"@id\":\"https:\/\/www.adf.org.br\/home\/oracao-de-santa-tereza-davila\/#breadcrumb\"},\"inLanguage\":\"pt-BR\",\"potentialAction\":[{\"@type\":\"ReadAction\",\"target\":[\"https:\/\/www.adf.org.br\/home\/oracao-de-santa-tereza-davila\/\"]}]},{\"@type\":\"BreadcrumbList\",\"@id\":\"https:\/\/www.adf.org.br\/home\/oracao-de-santa-tereza-davila\/#breadcrumb\",\"itemListElement\":[{\"@type\":\"ListItem\",\"position\":1,\"name\":\"Home\",\"item\":\"https:\/\/www.adf.org.br\/home\/\"},{\"@type\":\"ListItem\",\"position\":2,\"name\":\"Ora\\u00e7\\u00e3o de Santa Tereza D&#8217;avila\"}]},{\"@type\":\"Person\",\"@id\":\"https:\/\/www.adf.org.br\/home\/#\/schema\/person\/84ab1f4a9c9c8771882d949dd0995066\",\"name\":\"victor\",\"image\":{\"@type\":\"ImageObject\",\"@id\":\"https:\/\/www.adf.org.br\/home\/#personlogo\",\"inLanguage\":\"pt-BR\",\"url\":\"https:\/\/secure.gravatar.com\/avatar\/22216f0aeebc0f960e28a73506b4d08c?s=96&d=mm&r=g\",\"contentUrl\":\"https:\/\/secure.gravatar.com\/avatar\/22216f0aeebc0f960e28a73506b4d08c?s=96&d=mm&r=g\",\"caption\":\"victor\"},\"url\":\"https:\/\/www.adf.org.br\/home\/author\/victor\/\"}]}<\/script>\n<!-- \/ Yoast SEO plugin. -->","yoast_head_json":{"title":"Ora\u00e7\u00e3o de Santa Tereza D'avila - Associa\u00e7\u00e3o Devotos de F\u00e1tima","robots":{"index":"index","follow":"follow","max-snippet":"max-snippet:-1","max-image-preview":"max-image-preview:large","max-video-preview":"max-video-preview:-1"},"canonical":"https:\/\/www.adf.org.br\/home\/oracao-de-santa-tereza-davila\/","og_locale":"pt_BR","og_type":"article","og_title":"Ora\u00e7\u00e3o de Santa Tereza D'avila - Associa\u00e7\u00e3o Devotos de F\u00e1tima","og_description":"&nbsp; Nada te perturbe, Nada te espante, Tudo passa, Deus n\u00e3o muda, A paci\u00eancia tudo alcan\u00e7a; Quem a Deus tem, Nada lhe falta: S\u00f3 Deus basta. Eleva o pensamento, Ao c\u00e9u sobe, Por nada te angusties, Nada te perturbe. A Jesus Cristo segue, Com grande entrega, E, venha o que vier, Nada te espante. V\u00eas [&hellip;]","og_url":"https:\/\/www.adf.org.br\/home\/oracao-de-santa-tereza-davila\/","og_site_name":"Associa\u00e7\u00e3o Devotos de F\u00e1tima","article_published_time":"2015-04-10T00:00:07+00:00","og_image":[{"url":"http:\/\/www.adf.org.br\/home\/wp-content\/uploads\/2015\/04\/Santa-Tereza-Davila.jpg"}],"twitter_card":"summary_large_image","twitter_misc":{"Escrito por":"victor","Est. tempo de leitura":"1 minuto"},"schema":{"@context":"https:\/\/schema.org","@graph":[{"@type":"WebSite","@id":"https:\/\/www.adf.org.br\/home\/#website","url":"https:\/\/www.adf.org.br\/home\/","name":"Associa\u00e7\u00e3o Devotos de F\u00e1tima","description":"Associa\u00e7\u00e3o Devotos de F\u00e1tima","potentialAction":[{"@type":"SearchAction","target":{"@type":"EntryPoint","urlTemplate":"https:\/\/www.adf.org.br\/home\/?s={search_term_string}"},"query-input":"required name=search_term_string"}],"inLanguage":"pt-BR"},{"@type":"ImageObject","@id":"https:\/\/www.adf.org.br\/home\/oracao-de-santa-tereza-davila\/#primaryimage","inLanguage":"pt-BR","url":"http:\/\/www.adf.org.br\/home\/wp-content\/uploads\/2015\/04\/Santa-Tereza-Davila.jpg","contentUrl":"http:\/\/www.adf.org.br\/home\/wp-content\/uploads\/2015\/04\/Santa-Tereza-Davila.jpg"},{"@type":"WebPage","@id":"https:\/\/www.adf.org.br\/home\/oracao-de-santa-tereza-davila\/#webpage","url":"https:\/\/www.adf.org.br\/home\/oracao-de-santa-tereza-davila\/","name":"Ora\u00e7\u00e3o de Santa Tereza D'avila - Associa\u00e7\u00e3o Devotos de F\u00e1tima","isPartOf":{"@id":"https:\/\/www.adf.org.br\/home\/#website"},"primaryImageOfPage":{"@id":"https:\/\/www.adf.org.br\/home\/oracao-de-santa-tereza-davila\/#primaryimage"},"datePublished":"2015-04-10T00:00:07+00:00","dateModified":"2015-04-10T00:00:07+00:00","author":{"@id":"https:\/\/www.adf.org.br\/home\/#\/schema\/person\/84ab1f4a9c9c8771882d949dd0995066"},"breadcrumb":{"@id":"https:\/\/www.adf.org.br\/home\/oracao-de-santa-tereza-davila\/#breadcrumb"},"inLanguage":"pt-BR","potentialAction":[{"@type":"ReadAction","target":["https:\/\/www.adf.org.br\/home\/oracao-de-santa-tereza-davila\/"]}]},{"@type":"BreadcrumbList","@id":"https:\/\/www.adf.org.br\/home\/oracao-de-santa-tereza-davila\/#breadcrumb","itemListElement":[{"@type":"ListItem","position":1,"name":"Home","item":"https:\/\/www.adf.org.br\/home\/"},{"@type":"ListItem","position":2,"name":"Ora\u00e7\u00e3o de Santa Tereza D&#8217;avila"}]},{"@type":"Person","@id":"https:\/\/www.adf.org.br\/home\/#\/schema\/person\/84ab1f4a9c9c8771882d949dd0995066","name":"victor","image":{"@type":"ImageObject","@id":"https:\/\/www.adf.org.br\/home\/#personlogo","inLanguage":"pt-BR","url":"https:\/\/secure.gravatar.com\/avatar\/22216f0aeebc0f960e28a73506b4d08c?s=96&d=mm&r=g","contentUrl":"https:\/\/secure.gravatar.com\/avatar\/22216f0aeebc0f960e28a73506b4d08c?s=96&d=mm&r=g","caption":"victor"},"url":"https:\/\/www.adf.org.br\/home\/author\/victor\/"}]}},"_links":{"self":[{"href":"https:\/\/www.adf.org.br\/home\/wp-json\/wp\/v2\/posts\/31239"}],"collection":[{"href":"https:\/\/www.adf.org.br\/home\/wp-json\/wp\/v2\/posts"}],"about":[{"href":"https:\/\/www.adf.org.br\/home\/wp-json\/wp\/v2\/types\/post"}],"author":[{"embeddable":true,"href":"https:\/\/www.adf.org.br\/home\/wp-json\/wp\/v2\/users\/22"}],"replies":[{"embeddable":true,"href":"https:\/\/www.adf.org.br\/home\/wp-json\/wp\/v2\/comments?post=31239"}],"version-history":[{"count":0,"href":"https:\/\/www.adf.org.br\/home\/wp-json\/wp\/v2\/posts\/31239\/revisions"}],"wp:attachment":[{"href":"https:\/\/www.adf.org.br\/home\/wp-json\/wp\/v2\/media?parent=31239"}],"wp:term":[{"taxonomy":"category","embeddable":true,"href":"https:\/\/www.adf.org.br\/home\/wp-json\/wp\/v2\/categories?post=31239"},{"taxonomy":"post_tag","embeddable":true,"href":"https:\/\/www.adf.org.br\/home\/wp-json\/wp\/v2\/tags?post=31239"}],"curies":[{"name":"wp","href":"https:\/\/api.w.org\/{rel}","templated":true}]}}