{"id":30952,"date":"2026-04-04T00:00:22","date_gmt":"2026-04-04T03:00:22","guid":{"rendered":"http:\/\/www.adf.org.br\/home\/?p=30952"},"modified":"2026-03-30T11:42:08","modified_gmt":"2026-03-30T14:42:08","slug":"a-primeira-a-adorar-a-cruz","status":"publish","type":"post","link":"https:\/\/www.adf.org.br\/home\/a-primeira-a-adorar-a-cruz\/","title":{"rendered":"Ela foi a primeira a adorar a Cruz&#8230; Leia esta reflex\u00e3o para S\u00e1bado Santo"},"content":{"rendered":"<figure id=\"attachment_30953\" aria-describedby=\"caption-attachment-30953\" style=\"width: 480px\" class=\"wp-caption aligncenter\"><img loading=\"lazy\" class=\"wp-image-30953\" title=\"Piet\u00e1 - Bouguereau\" src=\"http:\/\/www.adf.org.br\/home\/wp-content\/uploads\/2015\/04\/Piet\u00e1-Bouguereau.jpg\" alt=\"Nossa Senhora das Dores\" width=\"480\" height=\"366\" \/><figcaption id=\"caption-attachment-30953\" class=\"wp-caption-text\">Nossa Senhora das Dores<\/figcaption><\/figure>\n<p align=\"center\"><span style=\"color: #000000; font-family: verdana, geneva, sans-serif; font-size: 12pt;\">\u201cP\u00f4s-me em desola\u00e7\u00e3o, afogada em tristeza todo o dia\u201d (Jer. 1, 13)<\/span><\/p>\n<p style=\"padding-left: 90px;\"><span style=\"font-size: 12pt; color: #000000; font-family: verdana, geneva, sans-serif;\"><strong><span style=\"color: #ffffff;\">.<\/span><br \/>\n<span style=\"color: #800080;\">Diz S\u00e3o Boaventura que, depois da sepultura de Jesus, <\/span><\/strong><\/span><\/p>\n<p><span style=\"color: #000000; font-family: verdana, geneva, sans-serif; font-size: 12pt;\"><br \/>\n<span style=\"font-size: 14pt;\"><strong>A<\/strong><\/span>s mulheres piedosas velaram a Bem aventurada Virgem com um manto l\u00fagubre, que lhe cobria todo o rosto. <\/span><\/p>\n<p><span style=\"color: #000000; font-family: verdana, geneva, sans-serif; font-size: 12pt;\">Acrescenta S\u00e3o Bernardo, que na volta do sepulcro para sua casa, a pobre M\u00e3e andava t\u00e3o aflita e triste, <strong>que comovia muitos a chorarem<\/strong>, ainda que involuntariamente. <\/span><\/p>\n<p><span style=\"color: #000000; font-family: verdana, geneva, sans-serif; font-size: 12pt;\">De modo que, por onde passava, todos aqueles que a encontravam, n\u00e3o podiam conter as l\u00e1grimas.<\/span><\/p>\n<p><span style=\"color: #000000; font-family: verdana, geneva, sans-serif; font-size: 12pt;\"> Os santos disc\u00edpulos e as mulheres que a acompanhavam, quase que choravam mais as penas de Maria do que a perda de seu Salvador.<\/span><\/p>\n<p style=\"padding-left: 90px;\"><span style=\"font-family: verdana, geneva, sans-serif; font-size: 12pt; color: #800080;\"><strong><br \/>\nQuando a Virgem passou por diante da Cruz, banhada ainda com o sangue do seu Jesus, foi a primeira a ador\u00e1-la. <\/strong><\/span><\/p>\n<p><span style=\"color: #000000; font-family: verdana, geneva, sans-serif; font-size: 12pt;\"><br \/>\n\u00d3 Santa Cruz, disse ent\u00e3o, eu te beijo e te adoro, j\u00e1 que n\u00e3o \u00e9s mais madeiro infame, <strong>mas trono de amor e altar de miseric\u00f3rdia.<\/strong><\/span><\/p>\n<p><span style=\"color: #000000; font-family: verdana, geneva, sans-serif; font-size: 12pt;\">Consagrado com o sangue do Cordeiro divino, quem em ti foi imolado pela salva\u00e7\u00e3o do mundo. <\/span><\/p>\n<p><span style=\"color: #000000; font-family: verdana, geneva, sans-serif; font-size: 12pt;\">Deixa depois a Cruz e volta \u00e0 casa. <\/span><\/p>\n<p><span style=\"color: #000000; font-family: verdana, geneva, sans-serif; font-size: 12pt;\">Chegada ali, a aflita M\u00e3e volve os olhos em torno, e n\u00e3o v\u00ea mais o seu Jesus; <\/span><\/p>\n<p><span style=\"color: #000000; font-family: verdana, geneva, sans-serif; font-size: 12pt;\">Em vez da presen\u00e7a do querido Filho, apresentam-lhe aos olhos todas as recorda\u00e7\u00f5es da sua bela vida e da sua desapiedada morte.<\/span><\/p>\n<p><span style=\"color: #000000; font-family: verdana, geneva, sans-serif; font-size: 12pt;\">Recorda-se dos abra\u00e7os dados ao Filho no pres\u00e9pio de Bel\u00e9m, da conversa\u00e7\u00e3o com ele por trinta anos na casa de Nazar\u00e9; <\/span><\/p>\n<p><span style=\"color: #000000; font-family: verdana, geneva, sans-serif; font-size: 12pt;\">Recorda-se dos m\u00fatuos afetos, dos olhares cheios de amor, <strong>das palavras de vida de vida eterna<\/strong> sa\u00eddas daquela boca divina. <\/span><\/p>\n<p><span style=\"color: #000000; font-family: verdana, geneva, sans-serif; font-size: 12pt;\">E depois se lhe representa a cena funesta presenciada naquele mesmo dia; <\/span><\/p>\n<p><span style=\"color: #000000; font-family: verdana, geneva, sans-serif; font-size: 12pt;\">Veem-lhe \u00e0 mem\u00f3ria os cravos, os espinhos, as carnes dilaceradas do Filho, as chagas profundas, os ossos descarnados, a boca aberta, os olhos escurecidos. <\/span><\/p>\n<p style=\"padding-left: 90px;\"><span style=\"font-family: verdana, geneva, sans-serif; font-size: 12pt; color: #000000;\"><strong><br \/>\n<span style=\"color: #000080;\">E com t\u00e3o funesta recorda\u00e7\u00e3o, quem poder\u00e1 dizer qual tenha sido a dor, a desola\u00e7\u00e3o de Maria?<\/span><\/strong><\/span><\/p>\n<p><span style=\"font-size: 12pt; color: #000000; font-family: verdana, geneva, sans-serif;\"><strong><br \/>\nE tu? Por que n\u00e3o choras?<\/strong><\/span><\/p>\n<p><span style=\"color: #000000; font-family: verdana, geneva, sans-serif; font-size: 12pt;\">Ah, que noite de dor foi para a Bem aventurada Virgem aquela que se seguiu \u00e0 sepultura do seu divino Filho! <\/span><\/p>\n<p><span style=\"color: #000000; font-family: verdana, geneva, sans-serif; font-size: 12pt;\">Voltando-se a dolorosa M\u00e3e para S\u00e3o Jo\u00e3o, perguntou-lhe com voz triste:<\/span><\/p>\n<p><span style=\"color: #000000; font-family: verdana, geneva, sans-serif; font-size: 12pt;\"> Ah! Filho, <strong>onde esta o teu mestre<\/strong>? <\/span><\/p>\n<p><span style=\"color: #000000; font-family: verdana, geneva, sans-serif; font-size: 12pt;\">Depois perguntou a Magdalena:<\/span><\/p>\n<p><span style=\"color: #000000; font-family: verdana, geneva, sans-serif; font-size: 12pt;\"> Filha, dize-me, onde est\u00e1 o teu dileto? \u00d3 Deus! Quem no-lo tirou? <\/span><\/p>\n<p><span style=\"color: #000000; font-family: verdana, geneva, sans-serif; font-size: 12pt;\">Chora Maria, e todos os que est\u00e3o com ela choram tamb\u00e9m. <\/span><\/p>\n<p style=\"padding-left: 90px;\"><span style=\"font-family: verdana, geneva, sans-serif; font-size: 12pt; color: #800080;\"><strong><br \/>\nE tu, minha alma, n\u00e3o choras? \u2013 Ah! Volta-te a Maria, e roga-lhe que te admita consigo a chorar. <\/strong><\/span><\/p>\n<p style=\"padding-left: 90px;\"><span style=\"font-family: verdana, geneva, sans-serif; font-size: 12pt; color: #800080;\"><strong>Ela chora por amor, e tu, chora pela dor de teus pecados.<\/strong><\/span><\/p>\n<p><span style=\"color: #000000; font-family: verdana, geneva, sans-serif; font-size: 12pt;\"><br \/>\nMinha aflita M\u00e3e, n\u00e3o vos quero deixar s\u00f3 a chorar; n\u00e3o, quero acompanhar-vos tamb\u00e9m com as minhas l\u00e1grimas. <\/span><\/p>\n<p><span style=\"color: #000000; font-family: verdana, geneva, sans-serif; font-size: 12pt;\">Eis a gra\u00e7a que hoje vos pe\u00e7o: alcan\u00e7ai-me uma mem\u00f3ria cont\u00ednua, junto com uma terna devo\u00e7\u00e3o para com a paix\u00e3o de Jesus e a vossa;<\/span><\/p>\n<p><span style=\"color: #000000; font-family: verdana, geneva, sans-serif; font-size: 12pt;\">A fim de que todos os dias que me restam de vida, n\u00e3o me sirvam sen\u00e3o para chorar as vossas dores e as do meu Redentor. <\/span><\/p>\n<h5 style=\"padding-left: 90px;\"><span style=\"font-family: verdana, geneva, sans-serif; font-size: 12pt; color: #800080;\"><strong><br \/>\nEspero que, na hora da minha morte, essas dores me dar\u00e3o confian\u00e7a e for\u00e7a para n\u00e3o desesperar \u00e0 vista das ofensas que tenho feito a meu Senhor. <\/strong><\/span><\/h5>\n<h5 style=\"padding-left: 90px;\"><span style=\"font-family: verdana, geneva, sans-serif; font-size: 12pt; color: #800080;\"><strong>Elas devem impetrar-me o perd\u00e3o, a perseveran\u00e7a e o para\u00edso.<\/strong><\/span><\/h5>\n<p><span style=\"color: #000000; font-family: verdana, geneva, sans-serif; font-size: 12pt;\"><br \/>\nE V\u00f3s,<\/span><\/p>\n<blockquote><p><span style=\"color: #000080; font-family: verdana, geneva, sans-serif; font-size: 12pt;\"><br \/>\n\u201c\u00d3 meu Senhor Jesus Cristo, que para resgatar o mundo quisestes nascer, receber a circuncis\u00e3o, ser condenado pelos judeus;<\/span><\/p>\n<p><span style=\"color: #000080; font-family: verdana, geneva, sans-serif; font-size: 12pt;\">Tra\u00eddo por Judas com um \u00f3sculo, acorrentado, levado para o sacrif\u00edcio como um inocente cordeiro;<\/span><\/p>\n<p><span style=\"color: #000080; font-family: verdana, geneva, sans-serif; font-size: 12pt;\">Arrastado com tanta ignom\u00ednia diante de An\u00e1s, Caif\u00e1s, Pilatos e Herodes, acusado por falsas testemunhas, flagelado, esbofeteado;<\/span><\/p>\n<p><span style=\"color: #000080; font-family: verdana, geneva, sans-serif; font-size: 12pt;\">Carregado de opr\u00f3brios, coberto de escarros, coroado de espinhos, ferido com uma cana, vendado, despojado dos vossos vestidos, pregado e levantado na cruz entre dois ladr\u00f5es;<\/span><\/p>\n<p><span style=\"color: #000080; font-family: verdana, geneva, sans-serif; font-size: 12pt;\">Abeberado de fel e vinagre e transpassado por uma lan\u00e7a; <\/span><\/p>\n<p><span style=\"color: #000080; font-family: verdana, geneva, sans-serif; font-size: 12pt;\">Suplico-Vos, \u00f3 Senhor, em nome destas santas penas que venero, ainda que indigno;<\/span><\/p>\n<p><span style=\"color: #000080; font-family: verdana, geneva, sans-serif; font-size: 12pt;\">Suplico-Vos por vossa santa cruz e morte, <strong>livrai-me do inferno;<\/strong><\/span><\/p>\n<p><span style=\"color: #000080; font-family: verdana, geneva, sans-serif; font-size: 12pt;\">E dignai-Vos levar-me para onde levastes o bom ladr\u00e3o crucificado convosco;<\/span><\/p>\n<p><span style=\"color: #000080; font-family: verdana, geneva, sans-serif; font-size: 12pt;\">\u00d3 meu Jesus, que viveis e reinais com o Padre e o Esp\u00edrito Santo, por todos os s\u00e9culos dos s\u00e9culos.&#8221;<\/span><\/p><\/blockquote>\n<p><span style=\"color: #000000; font-family: verdana, geneva, sans-serif; font-size: 12pt;\"><br \/>\nAssim seja!<\/span><\/p>\n<p><span style=\"color: #ffffff;\">.<\/span><br \/>\n<span style=\"font-family: verdana, geneva, sans-serif; font-size: 10pt; color: #000000;\"><em>Fonte: retirado do livro &#8220;Medita\u00e7\u00f5es para todos os dias e festas do ano&#8221; de Santo Afonso de Lig\u00f3rio.<\/em><\/span><\/p>\n<p><span style=\"color: #ffffff;\">.<\/span><br \/>\n<span style=\"color: #ffffff;\">.<\/span><\/p>\n<p style=\"text-align: center;\"><span style=\"color: #000000; font-family: verdana, geneva, sans-serif; font-size: 12pt;\"><strong>* \u00a0 * \u00a0 *<\/strong><\/span><\/p>\n<p style=\"text-align: center;\"><span style=\"color: #ffffff;\">.<\/span><\/p>\n<p style=\"text-align: center;\"><span style=\"font-family: verdana, geneva, sans-serif; font-size: 12pt; color: #000000;\">Receba Gra\u00e7as e Ben\u00e7\u00e3o de Nossa Senhora agora mesmo<\/span><\/p>\n<h5 style=\"text-align: center;\"><span style=\"font-family: verdana, geneva, sans-serif; font-size: 12pt; color: #000000;\">Veja como receber sua Medalha Milagrosa pelos correios agora mesmo.<\/span><\/h5>\n<p style=\"text-align: center;\"><span style=\"font-family: verdana, geneva, sans-serif; font-size: 12pt; color: #000000;\"><strong><span style=\"color: #0000ff;\"><a style=\"color: #0000ff;\" href=\"http:\/\/oratoriodamedalhamilagrosa.org.br\/home\/acenda-sua-vela-30\/?origem=1025\" target=\"_blank\" rel=\"noopener noreferrer\">Clique aqui<\/a><\/span><\/strong> e confira.<\/span><\/p>\n<p style=\"text-align: center;\"><span style=\"font-size: 8pt; color: #ffffff;\">.<\/span><br \/>\n<span style=\"font-size: 8pt; color: #ffffff;\">.<\/span><\/p>\n<figure id=\"attachment_35437\" aria-describedby=\"caption-attachment-35437\" style=\"width: 400px\" class=\"wp-caption aligncenter\"><a href=\"http:\/\/oratoriodamedalhamilagrosa.org.br\/home\/acenda-sua-vela-30\/?origem=1025\" target=\"_blank\" rel=\"noopener noreferrer\"><img loading=\"lazy\" class=\"wp-image-35437 size-full\" title=\"Clique aqui e receba a Medalha Milagrosa\" src=\"http:\/\/www.adf.org.br\/home\/wp-content\/uploads\/2015\/11\/banner_medalha_milagrosa13.gif\" alt=\"Clique aqui para receber sua Medalha Milagrosa pelos correios.\" width=\"400\" height=\"146\" \/><\/a><figcaption id=\"caption-attachment-35437\" class=\"wp-caption-text\">Clique aqui para receber sua Medalha Milagrosa pelos correios.<\/figcaption><\/figure>\n<p><span style=\"color: #0000ff;\"><strong style=\"color: #0000ff;\"><span style=\"color: #ffffff;\">.<\/span><\/strong><\/span><\/p>\n","protected":false},"excerpt":{"rendered":"<p>Diz S\u00e3o Boaventura que, depois da sepultura de Jesus&#8230;<\/p>\n","protected":false},"author":31,"featured_media":43540,"comment_status":"open","ping_status":"open","sticky":false,"template":"","format":"standard","meta":[],"categories":[20],"tags":[1284,1232,1296,112,1025,102,2203],"yoast_head":"<!-- This site is optimized with the Yoast SEO plugin v17.4 - https:\/\/yoast.com\/wordpress\/plugins\/seo\/ -->\n<title>Ela foi a primeira a adorar a Cruz... Leia esta reflex\u00e3o<\/title>\n<meta name=\"description\" content=\"Ela foi a primeira a adorar a Cruz... Leia esta reflex\u00e3o para S\u00e1bado Santo. Conhe\u00e7a um pouco mais das dores que Nossa Senhora sentiu.\" \/>\n<meta name=\"robots\" content=\"index, follow, max-snippet:-1, max-image-preview:large, max-video-preview:-1\" \/>\n<link rel=\"canonical\" href=\"https:\/\/www.adf.org.br\/home\/a-primeira-a-adorar-a-cruz\/\" \/>\n<meta property=\"og:locale\" content=\"pt_BR\" \/>\n<meta property=\"og:type\" content=\"article\" \/>\n<meta property=\"og:title\" content=\"Ela foi a primeira a adorar a Cruz... Leia esta reflex\u00e3o\" \/>\n<meta property=\"og:description\" content=\"Ela foi a primeira a adorar a Cruz... Leia esta reflex\u00e3o para S\u00e1bado Santo. Conhe\u00e7a um pouco mais das dores que Nossa Senhora sentiu.\" \/>\n<meta property=\"og:url\" content=\"https:\/\/www.adf.org.br\/home\/a-primeira-a-adorar-a-cruz\/\" \/>\n<meta property=\"og:site_name\" content=\"Associa\u00e7\u00e3o Devotos de F\u00e1tima\" \/>\n<meta property=\"article:published_time\" content=\"2026-04-04T03:00:22+00:00\" \/>\n<meta property=\"article:modified_time\" content=\"2026-03-30T14:42:08+00:00\" \/>\n<meta name=\"twitter:card\" content=\"summary_large_image\" \/>\n<meta name=\"twitter:label1\" content=\"Escrito por\" \/>\n\t<meta name=\"twitter:data1\" content=\"Gabriel Barbosa\" \/>\n\t<meta name=\"twitter:label2\" content=\"Est. tempo de leitura\" \/>\n\t<meta name=\"twitter:data2\" content=\"4 minutos\" \/>\n<script type=\"application\/ld+json\" class=\"yoast-schema-graph\">{\"@context\":\"https:\/\/schema.org\",\"@graph\":[{\"@type\":\"WebSite\",\"@id\":\"https:\/\/www.adf.org.br\/home\/#website\",\"url\":\"https:\/\/www.adf.org.br\/home\/\",\"name\":\"Associa\\u00e7\\u00e3o Devotos de F\\u00e1tima\",\"description\":\"Associa\\u00e7\\u00e3o Devotos de F\\u00e1tima\",\"potentialAction\":[{\"@type\":\"SearchAction\",\"target\":{\"@type\":\"EntryPoint\",\"urlTemplate\":\"https:\/\/www.adf.org.br\/home\/?s={search_term_string}\"},\"query-input\":\"required name=search_term_string\"}],\"inLanguage\":\"pt-BR\"},{\"@type\":\"ImageObject\",\"@id\":\"https:\/\/www.adf.org.br\/home\/a-primeira-a-adorar-a-cruz\/#primaryimage\",\"inLanguage\":\"pt-BR\",\"url\":\"\",\"contentUrl\":\"\"},{\"@type\":\"WebPage\",\"@id\":\"https:\/\/www.adf.org.br\/home\/a-primeira-a-adorar-a-cruz\/#webpage\",\"url\":\"https:\/\/www.adf.org.br\/home\/a-primeira-a-adorar-a-cruz\/\",\"name\":\"Ela foi a primeira a adorar a Cruz... Leia esta reflex\\u00e3o\",\"isPartOf\":{\"@id\":\"https:\/\/www.adf.org.br\/home\/#website\"},\"primaryImageOfPage\":{\"@id\":\"https:\/\/www.adf.org.br\/home\/a-primeira-a-adorar-a-cruz\/#primaryimage\"},\"datePublished\":\"2026-04-04T03:00:22+00:00\",\"dateModified\":\"2026-03-30T14:42:08+00:00\",\"author\":{\"@id\":\"https:\/\/www.adf.org.br\/home\/#\/schema\/person\/f35a5c5aa7728a3dedf4ea9aa1fc2753\"},\"description\":\"Ela foi a primeira a adorar a Cruz... Leia esta reflex\\u00e3o para S\\u00e1bado Santo. Conhe\\u00e7a um pouco mais das dores que Nossa Senhora sentiu.\",\"breadcrumb\":{\"@id\":\"https:\/\/www.adf.org.br\/home\/a-primeira-a-adorar-a-cruz\/#breadcrumb\"},\"inLanguage\":\"pt-BR\",\"potentialAction\":[{\"@type\":\"ReadAction\",\"target\":[\"https:\/\/www.adf.org.br\/home\/a-primeira-a-adorar-a-cruz\/\"]}]},{\"@type\":\"BreadcrumbList\",\"@id\":\"https:\/\/www.adf.org.br\/home\/a-primeira-a-adorar-a-cruz\/#breadcrumb\",\"itemListElement\":[{\"@type\":\"ListItem\",\"position\":1,\"name\":\"Home\",\"item\":\"https:\/\/www.adf.org.br\/home\/\"},{\"@type\":\"ListItem\",\"position\":2,\"name\":\"Ela foi a primeira a adorar a Cruz&#8230; Leia esta reflex\\u00e3o para S\\u00e1bado Santo\"}]},{\"@type\":\"Person\",\"@id\":\"https:\/\/www.adf.org.br\/home\/#\/schema\/person\/f35a5c5aa7728a3dedf4ea9aa1fc2753\",\"name\":\"Gabriel Barbosa\",\"image\":{\"@type\":\"ImageObject\",\"@id\":\"https:\/\/www.adf.org.br\/home\/#personlogo\",\"inLanguage\":\"pt-BR\",\"url\":\"https:\/\/secure.gravatar.com\/avatar\/2b2cb2f4637682c5605e8d36818f51ef?s=96&d=mm&r=g\",\"contentUrl\":\"https:\/\/secure.gravatar.com\/avatar\/2b2cb2f4637682c5605e8d36818f51ef?s=96&d=mm&r=g\",\"caption\":\"Gabriel Barbosa\"},\"url\":\"https:\/\/www.adf.org.br\/home\/author\/gabrielpmk-com-br\/\"}]}<\/script>\n<!-- \/ Yoast SEO plugin. -->","yoast_head_json":{"title":"Ela foi a primeira a adorar a Cruz... Leia esta reflex\u00e3o","description":"Ela foi a primeira a adorar a Cruz... Leia esta reflex\u00e3o para S\u00e1bado Santo. Conhe\u00e7a um pouco mais das dores que Nossa Senhora sentiu.","robots":{"index":"index","follow":"follow","max-snippet":"max-snippet:-1","max-image-preview":"max-image-preview:large","max-video-preview":"max-video-preview:-1"},"canonical":"https:\/\/www.adf.org.br\/home\/a-primeira-a-adorar-a-cruz\/","og_locale":"pt_BR","og_type":"article","og_title":"Ela foi a primeira a adorar a Cruz... Leia esta reflex\u00e3o","og_description":"Ela foi a primeira a adorar a Cruz... Leia esta reflex\u00e3o para S\u00e1bado Santo. Conhe\u00e7a um pouco mais das dores que Nossa Senhora sentiu.","og_url":"https:\/\/www.adf.org.br\/home\/a-primeira-a-adorar-a-cruz\/","og_site_name":"Associa\u00e7\u00e3o Devotos de F\u00e1tima","article_published_time":"2026-04-04T03:00:22+00:00","article_modified_time":"2026-03-30T14:42:08+00:00","twitter_card":"summary_large_image","twitter_misc":{"Escrito por":"Gabriel Barbosa","Est. tempo de leitura":"4 minutos"},"schema":{"@context":"https:\/\/schema.org","@graph":[{"@type":"WebSite","@id":"https:\/\/www.adf.org.br\/home\/#website","url":"https:\/\/www.adf.org.br\/home\/","name":"Associa\u00e7\u00e3o Devotos de F\u00e1tima","description":"Associa\u00e7\u00e3o Devotos de F\u00e1tima","potentialAction":[{"@type":"SearchAction","target":{"@type":"EntryPoint","urlTemplate":"https:\/\/www.adf.org.br\/home\/?s={search_term_string}"},"query-input":"required name=search_term_string"}],"inLanguage":"pt-BR"},{"@type":"ImageObject","@id":"https:\/\/www.adf.org.br\/home\/a-primeira-a-adorar-a-cruz\/#primaryimage","inLanguage":"pt-BR","url":"","contentUrl":""},{"@type":"WebPage","@id":"https:\/\/www.adf.org.br\/home\/a-primeira-a-adorar-a-cruz\/#webpage","url":"https:\/\/www.adf.org.br\/home\/a-primeira-a-adorar-a-cruz\/","name":"Ela foi a primeira a adorar a Cruz... Leia esta reflex\u00e3o","isPartOf":{"@id":"https:\/\/www.adf.org.br\/home\/#website"},"primaryImageOfPage":{"@id":"https:\/\/www.adf.org.br\/home\/a-primeira-a-adorar-a-cruz\/#primaryimage"},"datePublished":"2026-04-04T03:00:22+00:00","dateModified":"2026-03-30T14:42:08+00:00","author":{"@id":"https:\/\/www.adf.org.br\/home\/#\/schema\/person\/f35a5c5aa7728a3dedf4ea9aa1fc2753"},"description":"Ela foi a primeira a adorar a Cruz... Leia esta reflex\u00e3o para S\u00e1bado Santo. Conhe\u00e7a um pouco mais das dores que Nossa Senhora sentiu.","breadcrumb":{"@id":"https:\/\/www.adf.org.br\/home\/a-primeira-a-adorar-a-cruz\/#breadcrumb"},"inLanguage":"pt-BR","potentialAction":[{"@type":"ReadAction","target":["https:\/\/www.adf.org.br\/home\/a-primeira-a-adorar-a-cruz\/"]}]},{"@type":"BreadcrumbList","@id":"https:\/\/www.adf.org.br\/home\/a-primeira-a-adorar-a-cruz\/#breadcrumb","itemListElement":[{"@type":"ListItem","position":1,"name":"Home","item":"https:\/\/www.adf.org.br\/home\/"},{"@type":"ListItem","position":2,"name":"Ela foi a primeira a adorar a Cruz&#8230; Leia esta reflex\u00e3o para S\u00e1bado Santo"}]},{"@type":"Person","@id":"https:\/\/www.adf.org.br\/home\/#\/schema\/person\/f35a5c5aa7728a3dedf4ea9aa1fc2753","name":"Gabriel Barbosa","image":{"@type":"ImageObject","@id":"https:\/\/www.adf.org.br\/home\/#personlogo","inLanguage":"pt-BR","url":"https:\/\/secure.gravatar.com\/avatar\/2b2cb2f4637682c5605e8d36818f51ef?s=96&d=mm&r=g","contentUrl":"https:\/\/secure.gravatar.com\/avatar\/2b2cb2f4637682c5605e8d36818f51ef?s=96&d=mm&r=g","caption":"Gabriel Barbosa"},"url":"https:\/\/www.adf.org.br\/home\/author\/gabrielpmk-com-br\/"}]}},"_links":{"self":[{"href":"https:\/\/www.adf.org.br\/home\/wp-json\/wp\/v2\/posts\/30952"}],"collection":[{"href":"https:\/\/www.adf.org.br\/home\/wp-json\/wp\/v2\/posts"}],"about":[{"href":"https:\/\/www.adf.org.br\/home\/wp-json\/wp\/v2\/types\/post"}],"author":[{"embeddable":true,"href":"https:\/\/www.adf.org.br\/home\/wp-json\/wp\/v2\/users\/31"}],"replies":[{"embeddable":true,"href":"https:\/\/www.adf.org.br\/home\/wp-json\/wp\/v2\/comments?post=30952"}],"version-history":[{"count":1,"href":"https:\/\/www.adf.org.br\/home\/wp-json\/wp\/v2\/posts\/30952\/revisions"}],"predecessor-version":[{"id":79989,"href":"https:\/\/www.adf.org.br\/home\/wp-json\/wp\/v2\/posts\/30952\/revisions\/79989"}],"wp:featuredmedia":[{"embeddable":true,"href":"https:\/\/www.adf.org.br\/home\/wp-json\/wp\/v2\/media\/43540"}],"wp:attachment":[{"href":"https:\/\/www.adf.org.br\/home\/wp-json\/wp\/v2\/media?parent=30952"}],"wp:term":[{"taxonomy":"category","embeddable":true,"href":"https:\/\/www.adf.org.br\/home\/wp-json\/wp\/v2\/categories?post=30952"},{"taxonomy":"post_tag","embeddable":true,"href":"https:\/\/www.adf.org.br\/home\/wp-json\/wp\/v2\/tags?post=30952"}],"curies":[{"name":"wp","href":"https:\/\/api.w.org\/{rel}","templated":true}]}}