{"id":30691,"date":"2015-03-30T16:00:28","date_gmt":"2015-03-30T19:00:28","guid":{"rendered":"http:\/\/www.adf.org.br\/home\/?p=30691"},"modified":"2015-03-30T16:00:28","modified_gmt":"2015-03-30T19:00:28","slug":"o-dia-da-ira-conheca-esse-lindo-canto-que-mostra-a-justica-de-deus","status":"publish","type":"post","link":"https:\/\/www.adf.org.br\/home\/o-dia-da-ira-conheca-esse-lindo-canto-que-mostra-a-justica-de-deus\/","title":{"rendered":"&#8220;O Dia da Ira&#8221; conhe\u00e7a esse lindo canto que mostra a Justi\u00e7a de Deus"},"content":{"rendered":"<p>&nbsp;<\/p>\n<figure id=\"attachment_30693\" aria-describedby=\"caption-attachment-30693\" style=\"width: 400px\" class=\"wp-caption aligncenter\"><a href=\"http:\/\/www.adf.org.br\/home\/2015\/03\/o-dia-da-ira-conheca-esse-lindo-canto-que-mostra-a-justica-de-deus\/dies-irae-1\/\" rel=\"attachment wp-att-30693\"><img loading=\"lazy\" class=\"size-full wp-image-30693\" title=\"Ju\u00edzo final\" src=\"http:\/\/www.adf.org.br\/home\/wp-content\/uploads\/2015\/03\/Dies-irae-1.jpg\" alt=\"\" width=\"400\" height=\"385\" \/><\/a><figcaption id=\"caption-attachment-30693\" class=\"wp-caption-text\">Ju\u00edzo final<\/figcaption><\/figure>\n<p style=\"text-align: center;\"><span style=\"font-size: medium; color: #800080;\"><strong>\u00a0Dies Irae &#8211; O Dia da Ira<\/strong><\/span><\/p>\n<p style=\"text-align: center;\"><span style=\"font-family: verdana, geneva; color: #000000;\">1<\/span><br \/>\n<span style=\"font-family: verdana, geneva; font-size: small; color: #000000;\"> Dia da Ira, aquele dia<\/span><br \/>\n<span style=\"font-family: verdana, geneva; font-size: small; color: #000000;\"> Em que os s\u00e9culos dissolver-se-\u00e3o em cinza,<\/span><br \/>\n<span style=\"font-family: verdana, geneva; font-size: small; color: #000000;\"> (ser\u00e1)\u00a0David\u00a0com a\u00a0Sibila\u00a0por testemunha!<\/span><\/p>\n<p style=\"text-align: center;\"><span style=\"font-family: verdana, geneva; font-size: small; color: #000000;\">2<\/span><br \/>\n<span style=\"font-family: verdana, geneva; font-size: small; color: #000000;\"> Quanto terror est\u00e1 prestes a ser,<\/span><br \/>\n<span style=\"font-family: verdana, geneva; font-size: small; color: #000000;\"> Quando o Juiz estiver para vir,<\/span><br \/>\n<span style=\"font-family: verdana, geneva; font-size: small; color: #000000;\"> Em vias de julgar tudo severamente!<\/span><\/p>\n<p style=\"text-align: center;\"><span style=\"font-family: verdana, geneva; font-size: small; color: #000000;\">3<\/span><br \/>\n<span style=\"font-family: verdana, geneva; font-size: small; color: #000000;\"> A trombeta espargindo um som miraculoso<\/span><br \/>\n<span style=\"font-family: verdana, geneva; font-size: small; color: #000000;\"> Pelos sepulcros da regi\u00e3o,<\/span><br \/>\n<span style=\"font-family: verdana, geneva; font-size: small; color: #000000;\"> Conduzir\u00e1 todos diante do trono.<\/span><\/p>\n<p style=\"text-align: center;\"><span style=\"font-family: verdana, geneva; font-size: small; color: #000000;\">4<\/span><br \/>\n<span style=\"font-family: verdana, geneva; font-size: small; color: #000000;\"> A morte ficar\u00e1 paralisada, tamb\u00e9m a natureza,<\/span><br \/>\n<span style=\"font-family: verdana, geneva; font-size: small; color: #000000;\"> Quando ressurgir a criatura<\/span><br \/>\n<span style=\"font-family: verdana, geneva; font-size: small; color: #000000;\"> Prestes a responder ao que est\u00e1 julgando.<\/span><\/p>\n<p style=\"text-align: center;\"><span style=\"font-family: verdana, geneva; font-size: small; color: #000000;\">5<\/span><br \/>\n<span style=\"font-family: verdana, geneva; font-size: small; color: #000000;\"> o Livro escrito ser\u00e1 proferido,<\/span><br \/>\n<span style=\"font-family: verdana, geneva; font-size: small; color: #000000;\"> Em que tudo est\u00e1 contido,<\/span><br \/>\n<span style=\"font-family: verdana, geneva; font-size: small; color: #000000;\"> De onde o mundo ser\u00e1 julgado.<\/span><\/p>\n<p style=\"text-align: center;\"><span style=\"font-family: verdana, geneva; font-size: small; color: #000000;\">6<\/span><br \/>\n<span style=\"font-family: verdana, geneva; font-size: small; color: #000000;\"> Quando, pois, o juiz se assentar<\/span><br \/>\n<span style=\"font-family: verdana, geneva; font-size: small; color: #000000;\"> Tudo oculto revelar-se-\u00e1,<\/span><br \/>\n<span style=\"font-family: verdana, geneva; font-size: small; color: #000000;\"> Nada permanecer\u00e1 sem castigo!<\/span><\/p>\n<p style=\"text-align: center;\"><span style=\"font-family: verdana, geneva; font-size: small; color: #000000;\">7<\/span><br \/>\n<span style=\"font-family: verdana, geneva; font-size: small; color: #000000;\"> O que, ent\u00e3o, estou em vias de dizer, eu infeliz?<\/span><br \/>\n<span style=\"font-family: verdana, geneva; font-size: small; color: #000000;\"> A que par\u00e1clito\/patrono estou prestes a rogar,<\/span><br \/>\n<span style=\"font-family: verdana, geneva; font-size: small; color: #000000;\"> Quando apenas o justo esteja seguro?<\/span><\/p>\n<p style=\"text-align: center;\"><span style=\"font-family: verdana, geneva; font-size: small; color: #000000;\">8<\/span><br \/>\n<span style=\"font-family: verdana, geneva; font-size: small; color: #000000;\"> Rei de tremenda majestade,<\/span><br \/>\n<span style=\"font-family: verdana, geneva; font-size: small; color: #000000;\"> Que salvas os que devem ser salvos gratuitamente,<\/span><br \/>\n<span style=\"font-family: verdana, geneva; font-size: small; color: #000000;\"> Salva-me, \u00f3 fonte de piedade.<\/span><\/p>\n<p style=\"text-align: center;\"><span style=\"font-family: verdana, geneva; font-size: small; color: #000000;\">9<\/span><br \/>\n<span style=\"font-family: verdana, geneva; font-size: small; color: #000000;\"> Recorda, piedoso Jesus,<\/span><br \/>\n<span style=\"font-family: verdana, geneva; font-size: small; color: #000000;\"> Que sou a causa de tua\u00a0Via:<\/span><br \/>\n<span style=\"font-family: verdana, geneva; font-size: small; color: #000000;\"> N\u00e3o me percas nesse dia.<\/span><\/p>\n<p style=\"text-align: center;\"><span style=\"font-family: verdana, geneva; font-size: small; color: #000000;\">10<\/span><br \/>\n<span style=\"font-family: verdana, geneva; font-size: small; color: #000000;\"> Buscando-me, sentaste exausto,<\/span><br \/>\n<span style=\"font-family: verdana, geneva; font-size: small; color: #000000;\"> Sofrendo na Cruz, redimiste(-me):<\/span><br \/>\n<span style=\"font-family: verdana, geneva; font-size: small; color: #000000;\"> Que Tamanho trabalho n\u00e3o seja em v\u00e3o.<\/span><\/p>\n<p style=\"text-align: center;\"><span style=\"font-family: verdana, geneva; font-size: small; color: #000000;\">11<\/span><br \/>\n<span style=\"font-family: verdana, geneva; font-size: small; color: #000000;\"> Juiz justo da vingan\u00e7a,<\/span><br \/>\n<span style=\"font-family: verdana, geneva; font-size: small; color: #000000;\"> Dai-me do dom da remiss\u00e3o (dos pecados),<\/span><br \/>\n<span style=\"font-family: verdana, geneva; font-size: small; color: #000000;\"> Antes do dia do julgamento.<\/span><\/p>\n<p style=\"text-align: center;\"><span style=\"font-family: verdana, geneva; font-size: small; color: #000000;\">12<\/span><br \/>\n<span style=\"font-family: verdana, geneva; font-size: small; color: #000000;\"> Gemo, tal qual um r\u00e9u:<\/span><br \/>\n<span style=\"font-family: verdana, geneva; font-size: small; color: #000000;\"> Minha culpa enrubesce-me o semblante,<\/span><br \/>\n<span style=\"font-family: verdana, geneva; font-size: small; color: #000000;\"> Poupa a quem est\u00e1 suplicando, \u00f3 Deus!<\/span><\/p>\n<p style=\"text-align: center;\"><span style=\"font-family: verdana, geneva; font-size: small; color: #000000;\">13<\/span><br \/>\n<span style=\"font-family: verdana, geneva; font-size: small; color: #000000;\"> (Tu) que perdoaste a Maria (Madalena),<\/span><br \/>\n<span style=\"font-family: verdana, geneva; font-size: small; color: #000000;\"> E ouviste atento ao ladr\u00e3o,<\/span><br \/>\n<span style=\"font-family: verdana, geneva; font-size: small; color: #000000;\"> Tamb\u00e9m a mim deste esperan\u00e7a.<\/span><\/p>\n<p style=\"text-align: center;\"><span style=\"font-family: verdana, geneva; font-size: small; color: #000000;\">14<\/span><br \/>\n<span style=\"font-family: verdana, geneva; font-size: small; color: #000000;\"> Minhas preces n\u00e3o s\u00e3o dignas,<\/span><br \/>\n<span style=\"font-family: verdana, geneva; font-size: small; color: #000000;\"> Mas, tu (\u00e9s) bom, age com bondade,<\/span><br \/>\n<span style=\"font-family: verdana, geneva; font-size: small; color: #000000;\"> Para que eu n\u00e3o seja queimado pelo fogo eterno.<\/span><\/p>\n<p style=\"text-align: center;\"><span style=\"font-family: verdana, geneva; font-size: small; color: #000000;\">15<\/span><br \/>\n<span style=\"font-family: verdana, geneva; font-size: small; color: #000000;\"> Entre as ovelhas disp\u00f5e um abrigo,<\/span><br \/>\n<span style=\"font-family: verdana, geneva; font-size: small; color: #000000;\"> Retira-me para longe dos bodes,<\/span><br \/>\n<span style=\"font-family: verdana, geneva; font-size: small; color: #000000;\"> Coloca-me de p\u00e9 \u00e0 Vossa direita;<\/span><\/p>\n<p style=\"text-align: center;\"><span style=\"font-family: verdana, geneva; font-size: small; color: #000000;\">16<\/span><br \/>\n<span style=\"font-family: verdana, geneva; font-size: small; color: #000000;\"> Condenados os malditos,<\/span><br \/>\n<span style=\"font-family: verdana, geneva; font-size: small; color: #000000;\"> (e) lan\u00e7ados nas flamas ardentes,<\/span><br \/>\n<span style=\"font-family: verdana, geneva; font-size: small; color: #000000;\"> Chamai-me com os benditos.<\/span><\/p>\n<p style=\"text-align: center;\"><span style=\"font-family: verdana, geneva; font-size: small; color: #000000;\">17<\/span><br \/>\n<span style=\"font-family: verdana, geneva; font-size: small; color: #000000;\"> Oro-Vos, rogo-Vos de joelhos,<\/span><br \/>\n<span style=\"font-family: verdana, geneva; font-size: small; color: #000000;\"> com o cora\u00e7\u00e3o contrito em cinzas,<\/span><br \/>\n<span style=\"font-family: verdana, geneva; font-size: small; color: #000000;\"> cuidai do meu fim.<\/span><\/p>\n<p style=\"text-align: center;\"><span style=\"font-family: verdana, geneva; font-size: small; color: #000000;\">18<\/span><br \/>\n<span style=\"font-family: verdana, geneva; font-size: small; color: #000000;\"> Lacrimoso aquele dia<\/span><br \/>\n<span style=\"font-family: verdana, geneva; font-size: small; color: #000000;\"> no qual, das cinzas, ressurgir\u00e1,<\/span><br \/>\n<span style=\"font-family: verdana, geneva; font-size: small; color: #000000;\"> para ser julgado, o homem r\u00e9u.<\/span><br \/>\n<span style=\"font-family: verdana, geneva; font-size: small; color: #000000;\"> Perdoai-os, Senhor Deus<\/span><\/p>\n<p style=\"text-align: center;\"><span style=\"font-family: verdana, geneva; font-size: small; color: #000000;\">19<\/span><br \/>\n<span style=\"font-family: verdana, geneva; font-size: small; color: #000000;\"> Piedoso Senhor Jesus,<\/span><br \/>\n<span style=\"font-family: verdana, geneva; font-size: small; color: #000000;\"> Dai-lhes descanso eterno, Am\u00e9m!<\/span><\/p>\n<p style=\"padding-left: 90px;\"><iframe loading=\"lazy\" src=\"https:\/\/www.youtube.com\/embed\/Dlr90NLDp-0\" frameborder=\"0\" width=\"420\" height=\"315\"><\/iframe><\/p>\n<p style=\"text-align: center;\"><a href=\"http:\/\/www.medalhasaomiguel.com.br\/?origem=1\"><img loading=\"lazy\" class=\"aligncenter size-full wp-image-30702\" title=\"S\u00e3o Miguel Arcanjo\" src=\"http:\/\/www.adf.org.br\/home\/wp-content\/uploads\/2015\/03\/sao-miguel-arcanjo.jpg\" alt=\"\" width=\"600\" height=\"193\" \/><\/a><\/p>\n","protected":false},"excerpt":{"rendered":"<p>&nbsp; \u00a0Dies Irae &#8211; O Dia da Ira 1 Dia da Ira, aquele dia Em que os s\u00e9culos dissolver-se-\u00e3o em cinza, (ser\u00e1)\u00a0David\u00a0com a\u00a0Sibila\u00a0por testemunha! 2 Quanto terror est\u00e1 prestes a ser, Quando o Juiz estiver para vir, Em vias de julgar tudo severamente! 3 A trombeta espargindo um som miraculoso Pelos sepulcros da regi\u00e3o, Conduzir\u00e1 [&hellip;]<\/p>\n","protected":false},"author":22,"featured_media":0,"comment_status":"open","ping_status":"open","sticky":false,"template":"","format":"standard","meta":[],"categories":[20],"tags":[1261,1263,1265,1267],"yoast_head":"<!-- This site is optimized with the Yoast SEO plugin v17.4 - https:\/\/yoast.com\/wordpress\/plugins\/seo\/ -->\n<title>&quot;O Dia da Ira&quot; conhe\u00e7a esse lindo canto que mostra a Justi\u00e7a de Deus - Associa\u00e7\u00e3o Devotos de F\u00e1tima<\/title>\n<meta name=\"robots\" content=\"index, follow, max-snippet:-1, max-image-preview:large, max-video-preview:-1\" \/>\n<link rel=\"canonical\" href=\"https:\/\/www.adf.org.br\/home\/o-dia-da-ira-conheca-esse-lindo-canto-que-mostra-a-justica-de-deus\/\" \/>\n<meta property=\"og:locale\" content=\"pt_BR\" \/>\n<meta property=\"og:type\" content=\"article\" \/>\n<meta property=\"og:title\" content=\"&quot;O Dia da Ira&quot; conhe\u00e7a esse lindo canto que mostra a Justi\u00e7a de Deus - Associa\u00e7\u00e3o Devotos de F\u00e1tima\" \/>\n<meta property=\"og:description\" content=\"&nbsp; \u00a0Dies Irae &#8211; O Dia da Ira 1 Dia da Ira, aquele dia Em que os s\u00e9culos dissolver-se-\u00e3o em cinza, (ser\u00e1)\u00a0David\u00a0com a\u00a0Sibila\u00a0por testemunha! 2 Quanto terror est\u00e1 prestes a ser, Quando o Juiz estiver para vir, Em vias de julgar tudo severamente! 3 A trombeta espargindo um som miraculoso Pelos sepulcros da regi\u00e3o, Conduzir\u00e1 [&hellip;]\" \/>\n<meta property=\"og:url\" content=\"https:\/\/www.adf.org.br\/home\/o-dia-da-ira-conheca-esse-lindo-canto-que-mostra-a-justica-de-deus\/\" \/>\n<meta property=\"og:site_name\" content=\"Associa\u00e7\u00e3o Devotos de F\u00e1tima\" \/>\n<meta property=\"article:published_time\" content=\"2015-03-30T19:00:28+00:00\" \/>\n<meta property=\"og:image\" content=\"http:\/\/www.adf.org.br\/home\/wp-content\/uploads\/2015\/03\/Dies-irae-1.jpg\" \/>\n<meta name=\"twitter:card\" content=\"summary_large_image\" \/>\n<meta name=\"twitter:label1\" content=\"Escrito por\" \/>\n\t<meta name=\"twitter:data1\" content=\"victor\" \/>\n\t<meta name=\"twitter:label2\" content=\"Est. tempo de leitura\" \/>\n\t<meta name=\"twitter:data2\" content=\"2 minutos\" \/>\n<script type=\"application\/ld+json\" class=\"yoast-schema-graph\">{\"@context\":\"https:\/\/schema.org\",\"@graph\":[{\"@type\":\"WebSite\",\"@id\":\"https:\/\/www.adf.org.br\/home\/#website\",\"url\":\"https:\/\/www.adf.org.br\/home\/\",\"name\":\"Associa\\u00e7\\u00e3o Devotos de F\\u00e1tima\",\"description\":\"Associa\\u00e7\\u00e3o Devotos de F\\u00e1tima\",\"potentialAction\":[{\"@type\":\"SearchAction\",\"target\":{\"@type\":\"EntryPoint\",\"urlTemplate\":\"https:\/\/www.adf.org.br\/home\/?s={search_term_string}\"},\"query-input\":\"required name=search_term_string\"}],\"inLanguage\":\"pt-BR\"},{\"@type\":\"ImageObject\",\"@id\":\"https:\/\/www.adf.org.br\/home\/o-dia-da-ira-conheca-esse-lindo-canto-que-mostra-a-justica-de-deus\/#primaryimage\",\"inLanguage\":\"pt-BR\",\"url\":\"http:\/\/www.adf.org.br\/home\/wp-content\/uploads\/2015\/03\/Dies-irae-1.jpg\",\"contentUrl\":\"http:\/\/www.adf.org.br\/home\/wp-content\/uploads\/2015\/03\/Dies-irae-1.jpg\"},{\"@type\":\"WebPage\",\"@id\":\"https:\/\/www.adf.org.br\/home\/o-dia-da-ira-conheca-esse-lindo-canto-que-mostra-a-justica-de-deus\/#webpage\",\"url\":\"https:\/\/www.adf.org.br\/home\/o-dia-da-ira-conheca-esse-lindo-canto-que-mostra-a-justica-de-deus\/\",\"name\":\"\\\"O Dia da Ira\\\" conhe\\u00e7a esse lindo canto que mostra a Justi\\u00e7a de Deus - Associa\\u00e7\\u00e3o Devotos de F\\u00e1tima\",\"isPartOf\":{\"@id\":\"https:\/\/www.adf.org.br\/home\/#website\"},\"primaryImageOfPage\":{\"@id\":\"https:\/\/www.adf.org.br\/home\/o-dia-da-ira-conheca-esse-lindo-canto-que-mostra-a-justica-de-deus\/#primaryimage\"},\"datePublished\":\"2015-03-30T19:00:28+00:00\",\"dateModified\":\"2015-03-30T19:00:28+00:00\",\"author\":{\"@id\":\"https:\/\/www.adf.org.br\/home\/#\/schema\/person\/84ab1f4a9c9c8771882d949dd0995066\"},\"breadcrumb\":{\"@id\":\"https:\/\/www.adf.org.br\/home\/o-dia-da-ira-conheca-esse-lindo-canto-que-mostra-a-justica-de-deus\/#breadcrumb\"},\"inLanguage\":\"pt-BR\",\"potentialAction\":[{\"@type\":\"ReadAction\",\"target\":[\"https:\/\/www.adf.org.br\/home\/o-dia-da-ira-conheca-esse-lindo-canto-que-mostra-a-justica-de-deus\/\"]}]},{\"@type\":\"BreadcrumbList\",\"@id\":\"https:\/\/www.adf.org.br\/home\/o-dia-da-ira-conheca-esse-lindo-canto-que-mostra-a-justica-de-deus\/#breadcrumb\",\"itemListElement\":[{\"@type\":\"ListItem\",\"position\":1,\"name\":\"Home\",\"item\":\"https:\/\/www.adf.org.br\/home\/\"},{\"@type\":\"ListItem\",\"position\":2,\"name\":\"&#8220;O Dia da Ira&#8221; conhe\\u00e7a esse lindo canto que mostra a Justi\\u00e7a de Deus\"}]},{\"@type\":\"Person\",\"@id\":\"https:\/\/www.adf.org.br\/home\/#\/schema\/person\/84ab1f4a9c9c8771882d949dd0995066\",\"name\":\"victor\",\"image\":{\"@type\":\"ImageObject\",\"@id\":\"https:\/\/www.adf.org.br\/home\/#personlogo\",\"inLanguage\":\"pt-BR\",\"url\":\"https:\/\/secure.gravatar.com\/avatar\/22216f0aeebc0f960e28a73506b4d08c?s=96&d=mm&r=g\",\"contentUrl\":\"https:\/\/secure.gravatar.com\/avatar\/22216f0aeebc0f960e28a73506b4d08c?s=96&d=mm&r=g\",\"caption\":\"victor\"},\"url\":\"https:\/\/www.adf.org.br\/home\/author\/victor\/\"}]}<\/script>\n<!-- \/ Yoast SEO plugin. -->","yoast_head_json":{"title":"\"O Dia da Ira\" conhe\u00e7a esse lindo canto que mostra a Justi\u00e7a de Deus - Associa\u00e7\u00e3o Devotos de F\u00e1tima","robots":{"index":"index","follow":"follow","max-snippet":"max-snippet:-1","max-image-preview":"max-image-preview:large","max-video-preview":"max-video-preview:-1"},"canonical":"https:\/\/www.adf.org.br\/home\/o-dia-da-ira-conheca-esse-lindo-canto-que-mostra-a-justica-de-deus\/","og_locale":"pt_BR","og_type":"article","og_title":"\"O Dia da Ira\" conhe\u00e7a esse lindo canto que mostra a Justi\u00e7a de Deus - Associa\u00e7\u00e3o Devotos de F\u00e1tima","og_description":"&nbsp; \u00a0Dies Irae &#8211; O Dia da Ira 1 Dia da Ira, aquele dia Em que os s\u00e9culos dissolver-se-\u00e3o em cinza, (ser\u00e1)\u00a0David\u00a0com a\u00a0Sibila\u00a0por testemunha! 2 Quanto terror est\u00e1 prestes a ser, Quando o Juiz estiver para vir, Em vias de julgar tudo severamente! 3 A trombeta espargindo um som miraculoso Pelos sepulcros da regi\u00e3o, Conduzir\u00e1 [&hellip;]","og_url":"https:\/\/www.adf.org.br\/home\/o-dia-da-ira-conheca-esse-lindo-canto-que-mostra-a-justica-de-deus\/","og_site_name":"Associa\u00e7\u00e3o Devotos de F\u00e1tima","article_published_time":"2015-03-30T19:00:28+00:00","og_image":[{"url":"http:\/\/www.adf.org.br\/home\/wp-content\/uploads\/2015\/03\/Dies-irae-1.jpg"}],"twitter_card":"summary_large_image","twitter_misc":{"Escrito por":"victor","Est. tempo de leitura":"2 minutos"},"schema":{"@context":"https:\/\/schema.org","@graph":[{"@type":"WebSite","@id":"https:\/\/www.adf.org.br\/home\/#website","url":"https:\/\/www.adf.org.br\/home\/","name":"Associa\u00e7\u00e3o Devotos de F\u00e1tima","description":"Associa\u00e7\u00e3o Devotos de F\u00e1tima","potentialAction":[{"@type":"SearchAction","target":{"@type":"EntryPoint","urlTemplate":"https:\/\/www.adf.org.br\/home\/?s={search_term_string}"},"query-input":"required name=search_term_string"}],"inLanguage":"pt-BR"},{"@type":"ImageObject","@id":"https:\/\/www.adf.org.br\/home\/o-dia-da-ira-conheca-esse-lindo-canto-que-mostra-a-justica-de-deus\/#primaryimage","inLanguage":"pt-BR","url":"http:\/\/www.adf.org.br\/home\/wp-content\/uploads\/2015\/03\/Dies-irae-1.jpg","contentUrl":"http:\/\/www.adf.org.br\/home\/wp-content\/uploads\/2015\/03\/Dies-irae-1.jpg"},{"@type":"WebPage","@id":"https:\/\/www.adf.org.br\/home\/o-dia-da-ira-conheca-esse-lindo-canto-que-mostra-a-justica-de-deus\/#webpage","url":"https:\/\/www.adf.org.br\/home\/o-dia-da-ira-conheca-esse-lindo-canto-que-mostra-a-justica-de-deus\/","name":"\"O Dia da Ira\" conhe\u00e7a esse lindo canto que mostra a Justi\u00e7a de Deus - Associa\u00e7\u00e3o Devotos de F\u00e1tima","isPartOf":{"@id":"https:\/\/www.adf.org.br\/home\/#website"},"primaryImageOfPage":{"@id":"https:\/\/www.adf.org.br\/home\/o-dia-da-ira-conheca-esse-lindo-canto-que-mostra-a-justica-de-deus\/#primaryimage"},"datePublished":"2015-03-30T19:00:28+00:00","dateModified":"2015-03-30T19:00:28+00:00","author":{"@id":"https:\/\/www.adf.org.br\/home\/#\/schema\/person\/84ab1f4a9c9c8771882d949dd0995066"},"breadcrumb":{"@id":"https:\/\/www.adf.org.br\/home\/o-dia-da-ira-conheca-esse-lindo-canto-que-mostra-a-justica-de-deus\/#breadcrumb"},"inLanguage":"pt-BR","potentialAction":[{"@type":"ReadAction","target":["https:\/\/www.adf.org.br\/home\/o-dia-da-ira-conheca-esse-lindo-canto-que-mostra-a-justica-de-deus\/"]}]},{"@type":"BreadcrumbList","@id":"https:\/\/www.adf.org.br\/home\/o-dia-da-ira-conheca-esse-lindo-canto-que-mostra-a-justica-de-deus\/#breadcrumb","itemListElement":[{"@type":"ListItem","position":1,"name":"Home","item":"https:\/\/www.adf.org.br\/home\/"},{"@type":"ListItem","position":2,"name":"&#8220;O Dia da Ira&#8221; conhe\u00e7a esse lindo canto que mostra a Justi\u00e7a de Deus"}]},{"@type":"Person","@id":"https:\/\/www.adf.org.br\/home\/#\/schema\/person\/84ab1f4a9c9c8771882d949dd0995066","name":"victor","image":{"@type":"ImageObject","@id":"https:\/\/www.adf.org.br\/home\/#personlogo","inLanguage":"pt-BR","url":"https:\/\/secure.gravatar.com\/avatar\/22216f0aeebc0f960e28a73506b4d08c?s=96&d=mm&r=g","contentUrl":"https:\/\/secure.gravatar.com\/avatar\/22216f0aeebc0f960e28a73506b4d08c?s=96&d=mm&r=g","caption":"victor"},"url":"https:\/\/www.adf.org.br\/home\/author\/victor\/"}]}},"_links":{"self":[{"href":"https:\/\/www.adf.org.br\/home\/wp-json\/wp\/v2\/posts\/30691"}],"collection":[{"href":"https:\/\/www.adf.org.br\/home\/wp-json\/wp\/v2\/posts"}],"about":[{"href":"https:\/\/www.adf.org.br\/home\/wp-json\/wp\/v2\/types\/post"}],"author":[{"embeddable":true,"href":"https:\/\/www.adf.org.br\/home\/wp-json\/wp\/v2\/users\/22"}],"replies":[{"embeddable":true,"href":"https:\/\/www.adf.org.br\/home\/wp-json\/wp\/v2\/comments?post=30691"}],"version-history":[{"count":0,"href":"https:\/\/www.adf.org.br\/home\/wp-json\/wp\/v2\/posts\/30691\/revisions"}],"wp:attachment":[{"href":"https:\/\/www.adf.org.br\/home\/wp-json\/wp\/v2\/media?parent=30691"}],"wp:term":[{"taxonomy":"category","embeddable":true,"href":"https:\/\/www.adf.org.br\/home\/wp-json\/wp\/v2\/categories?post=30691"},{"taxonomy":"post_tag","embeddable":true,"href":"https:\/\/www.adf.org.br\/home\/wp-json\/wp\/v2\/tags?post=30691"}],"curies":[{"name":"wp","href":"https:\/\/api.w.org\/{rel}","templated":true}]}}