{"id":30631,"date":"2015-03-28T16:00:48","date_gmt":"2015-03-28T19:00:48","guid":{"rendered":"http:\/\/www.adf.org.br\/home\/?p=30631"},"modified":"2015-03-28T16:00:48","modified_gmt":"2015-03-28T19:00:48","slug":"as-dores-de-nossa-senhora-a-lancada-e-a-descida-da-cruz","status":"publish","type":"post","link":"https:\/\/www.adf.org.br\/home\/as-dores-de-nossa-senhora-a-lancada-e-a-descida-da-cruz\/","title":{"rendered":"As Dores de Nossa Senhora &#8211; A Lan\u00e7ada e a Descida da Cruz"},"content":{"rendered":"<figure id=\"attachment_30632\" aria-describedby=\"caption-attachment-30632\" style=\"width: 422px\" class=\"wp-caption aligncenter\"><a href=\"http:\/\/www.adf.org.br\/home\/2015\/03\/as-dores-de-nossa-senhora-a-lancada-e-a-descida-da-cruz\/6-2\/\" rel=\"attachment wp-att-30632\"><img loading=\"lazy\" class=\"size-full wp-image-30632\" title=\"Sangue e \u00c1gua jorram do Peito de Nosso Salvador\" src=\"http:\/\/www.adf.org.br\/home\/wp-content\/uploads\/2015\/03\/6.jpg\" alt=\"\" width=\"422\" height=\"355\" \/><\/a><figcaption id=\"caption-attachment-30632\" class=\"wp-caption-text\">Sangue e \u00c1gua jorram do Peito de Nosso Salvador<\/figcaption><\/figure>\n<p style=\"text-align: center;\"><span style=\"font-size: medium; color: #800080;\"><strong>A Lan\u00e7ada e a Descida da Cruz<\/strong><\/span><\/p>\n<p style=\"text-align: center;\">\n<p style=\"text-align: center;\"><span style=\"font-size: small; font-family: verdana, geneva; color: #800080;\"><em>&#8220;Eis que descem o Salvador da Cruz em que morrera!<\/em><\/span><\/p>\n<p style=\"text-align: center;\"><span style=\"font-size: small; font-family: verdana, geneva; color: #800080;\"><em>\u00d3 Virgem sacrossanta, destes com tanto amor<\/em><\/span><\/p>\n<p style=\"text-align: center;\"><span style=\"font-size: small; font-family: verdana, geneva; color: #800080;\"><em>Vosso Filho ao Mundo,<\/em><\/span><\/p>\n<p style=\"text-align: center;\"><span style=\"font-size: small; font-family: verdana, geneva; color: #800080;\"><em>e vede como ele vo-lo entrega!&#8221;<\/em><\/span><\/p>\n<p style=\"text-align: center;\"><span style=\"font-size: small; font-family: verdana, geneva; color: #800080;\"><em>(<\/em>Santo Afonso Maria de Lig\u00f3rio<em>)<\/em><\/span><\/p>\n<p>&nbsp;<\/p>\n<p style=\"padding-left: 60px;\"><span style=\"color: #3366ff;\"><strong><span style=\"font-size: small; font-family: verdana, geneva;\">Nosso Senhor curva a cabe\u00e7a e morre.<\/span><\/strong><\/span><\/p>\n<p><span style=\"font-size: small; font-family: verdana, geneva; color: #000000;\">Os planetas, descrevendo no espa\u00e7o um imenso c\u00edrculo, voltam, ao fim de certo tempo, ao ponto de partida, como que para saudarem Aquele que os lan\u00e7ou na rota do C\u00e9u. <\/span><\/p>\n<p><span style=\"font-size: small; font-family: verdana, geneva; color: #000000;\">Ele, que veio do Pai, volta a Seu Pai, proferindo estas \u00faltimas palavras: &#8220;<em>Pai, nas\u00a0vossas m\u00e3os encomendo o meu esp\u00edrito<\/em>.&#8221; Foi preciso proceder a um duplo inqu\u00e9rito, para se ter certeza de que Ele estava bem morto.<\/span><\/p>\n<p>&nbsp;<\/p>\n<p><span style=\"font-size: small; font-family: verdana, geneva; color: #000000;\">Um sargento do ex\u00e9rcito romano mergulha a sua lan\u00e7a num dos flancos de Jesus.<\/span><\/p>\n<p><span style=\"font-size: small; font-family: verdana, geneva; color: #3366ff;\">\u00a0<strong>Ele, que tantos testemunhos de amor acumulou em Seu Cora\u00e7\u00e3o, de s\u00fabito os derrama nesta \u00e1gua e neste sangue: a \u00e1gua, s\u00edmbolo da nossa regenera\u00e7\u00e3o; o sangue, pre\u00e7o da nossa reden\u00e7\u00e3o.<\/strong><\/span><\/p>\n<p><span style=\"font-family: verdana, geneva; font-size: small;\">Cristo, Espada com que Ele pr\u00f3prio se mata, continua a ferir, mesmo depois da Sua morte.\u00a0<\/span><\/p>\n<p><span style=\"color: #3366ff;\"><strong style=\"font-family: verdana, geneva; font-size: small;\">\u00c9 ela que abre os tesouros que se transforma na nova Arca, onde podem entrar as almas que querem ser salvas do dil\u00favio do pecado.<\/strong><\/span><\/p>\n<p><span style=\"font-family: verdana, geneva; font-size: small;\">Mas, depois de ter aberto os tesouros do Seu Cora\u00e7\u00e3o, a Espada penetra em Maria.\u00a0<\/span><\/p>\n<p><span style=\"color: #3366ff;\"><strong style=\"font-family: verdana, geneva; font-size: small;\">Sime\u00e3o predissera que uma espada trespassaria a Sua alma; desta vez, ela lhe veio\u00a0do flanco entreaberto de Seu Filho.<\/strong><\/span><\/p>\n<p><span style=\"font-family: verdana, geneva; font-size: small;\">Literalmente para Jesus, metaforicamente para Maria, foi o trespassamento de dois cora\u00e7\u00f5es com uma s\u00f3 lan\u00e7a. \u00c9 esta simultaneidade das feridas, esta transfix\u00e3o simult\u00e2nea do Cora\u00e7\u00e3o de Jesus e da alma de Maria, que nos une na adora\u00e7\u00e3o do Sagrado Cora\u00e7\u00e3o de Jesus e na venera\u00e7\u00e3o do Imaculado Cora\u00e7\u00e3o de Maria.<\/span><\/p>\n<p>&nbsp;<\/p>\n<p><span style=\"font-size: small; font-family: verdana, geneva; color: #000000;\"><strong>Nunca nos sentimos t\u00e3o unidos na alegria como o somos na dor<\/strong>.\u00a0Os prazeres da carne podem unir, mas neles se encontra sempre uma parte de ego\u00edsmo, porque o ego se transp\u00f5e no ego doutra pessoa, onde encontra a sua pr\u00f3pria alegria. Mas, nas l\u00e1grimas e nas dores, o egocentrismo n\u00e3o existe: para outrem, s\u00f3 queremos bem.<\/span><\/p>\n<p>&nbsp;<\/p>\n<p><span style=\"font-size: small; font-family: verdana, geneva; color: #3366ff;\"><strong>Nesta sucess\u00e3o de feridas, Jesus sofre por Sua M\u00e3e que tanto deve sofrer por Ele, e Maria sofre por Seu Filho, pouco cuidando do que Lhe possa acontecer a Ele pr\u00f3pria<\/strong>.<\/span><\/p>\n<p>&nbsp;<\/p>\n<p><span style=\"text-decoration: underline;\"><span style=\"font-size: small; font-family: verdana, geneva; color: #000000; text-decoration: underline;\">Quantas mais consola\u00e7\u00f5es tiramos das criaturas, menos recebemos de Deus.<\/span><\/span><\/p>\n<p>&nbsp;<\/p>\n<figure id=\"attachment_30633\" aria-describedby=\"caption-attachment-30633\" style=\"width: 254px\" class=\"wp-caption alignleft\"><a href=\"http:\/\/www.adf.org.br\/home\/2015\/03\/as-dores-de-nossa-senhora-a-lancada-e-a-descida-da-cruz\/3-8\/\" rel=\"attachment wp-att-30633\"><img loading=\"lazy\" class=\"size-full wp-image-30633 \" title=\"Nossa Senhora das Dores\" src=\"http:\/\/www.adf.org.br\/home\/wp-content\/uploads\/2015\/03\/3-5.jpg\" alt=\"\" width=\"254\" height=\"246\" \/><\/a><figcaption id=\"caption-attachment-30633\" class=\"wp-caption-text\">Nossa Senhora das Dores<\/figcaption><\/figure>\n<p><span style=\"font-size: small; font-family: verdana, geneva; color: #800080;\">Nenhum ser humano pode consolar Maria na sua solid\u00e3o; apenas Seu Filho o pode fazer. <\/span><\/p>\n<p><span style=\"font-size: small; font-family: verdana, geneva; color: #000000;\">A fim de que as m\u00e3es que perderam seus filhos nos campos de batalha e as esposas que perderam seus esposos no meio das alegrias de seu amor n\u00e3o fiquem sem consola\u00e7\u00e3o, fez Nosso Senhor de Maria a Sua consola\u00e7\u00e3o e Seu modelo, e tornou-se n&#8217;Aquele que \u00e9 chorado.<\/span><\/p>\n<p>&nbsp;<\/p>\n<p><span style=\"font-size: small; font-family: verdana, geneva; color: #000000;\">Ningu\u00e9m jamais poder\u00e1 dizer: <span style=\"color: #800080;\">&#8220;<em>Deus n\u00e3o sabe o que a gente sofre junto de um leito de morte; n\u00e3o conhece o amargor das minhas l\u00e1grimas<\/em>.&#8221;<\/span>\u00a0<strong>Esta sexta dor ensina-nos, pelo contr\u00e1rio, que, em tal prova\u00e7\u00e3o, s\u00f3 Deus nos pode consolar.<\/strong><\/span><\/p>\n<p>&nbsp;<\/p>\n<p><span style=\"font-size: small; font-family: verdana, geneva; color: #000000;\">Depois da rebeli\u00e3o contra Deus no para\u00edso terrestre, pelo abuso que o homem fez da sua liberdade, aconteceu que, um dia, Ad\u00e3o trope\u00e7ou no corpo de seu filho Abel. <\/span><\/p>\n<p><span style=\"font-size: small; font-family: verdana, geneva; color: #000000;\">Trazendo-o a Eva, estende-o sobre os seus joelhos. Ent\u00e3o, Eva falou a Abel &#8211; mas este n\u00e3o respondeu. Nunca eles o tinham visto assim. Levantaram-lhe os bra\u00e7os, mas estes novamente ca\u00edram. <\/span><\/p>\n<p><span style=\"font-size: small; font-family: verdana, geneva; color: #000000;\">Ent\u00e3o se recordaram do que lhes fora anunciado: &#8220;<em>No dia em que comeres o fruto da \u00e1rvore, morrer\u00e1s<\/em>&#8220;. Era a primeira morte do Mundo.<\/span><\/p>\n<p>&nbsp;<\/p>\n<p><span style=\"font-size: small; font-family: verdana, geneva; color: #000000;\">Retornou o ciclo do tempo. O novo Abel, assassinado pela ra\u00e7a invejosa de Caim, desceu da Cruz e foi colocado sobre os joelhos da nova Eva, Maria. <\/span><\/p>\n<p><span style=\"font-size: small; font-family: verdana, geneva; color: #000000;\">Para a m\u00e3e, o filho nunca cresce, \u00e9 sempre pequenino que ela o v\u00ea. Maria deve ter pensado que Bel\u00e9m voltara: o Seu Menino tornara a sentar-Se nos Seus joelhos.<\/span><\/p>\n<p>&nbsp;<\/p>\n<figure id=\"attachment_30634\" aria-describedby=\"caption-attachment-30634\" style=\"width: 216px\" class=\"wp-caption alignleft\"><a href=\"http:\/\/www.adf.org.br\/home\/2015\/03\/as-dores-de-nossa-senhora-a-lancada-e-a-descida-da-cruz\/6-3\/\" rel=\"attachment wp-att-30634\"><img loading=\"lazy\" class=\"size-medium wp-image-30634 \" title=\"Jesus Descido da Cruz\" src=\"http:\/\/www.adf.org.br\/home\/wp-content\/uploads\/2015\/03\/6--216x300.jpg\" alt=\"\" width=\"216\" height=\"300\" \/><\/a><figcaption id=\"caption-attachment-30634\" class=\"wp-caption-text\">Jesus Descido da Cruz<\/figcaption><\/figure>\n<p><span style=\"font-size: small; font-family: verdana, geneva; color: #000000;\">E um outro Jos\u00e9 ali estava; Jos\u00e9 de Arimat\u00e9a. Havia tamb\u00e9m a mirra e os perfumes para a sepultura, tudo\u00a0 coisas que Lhe recordavam os presentes do Magos&#8230;<\/span><\/p>\n<p><span style=\"font-size: small; font-family: verdana, geneva; color: #000000;\">Que press\u00e1gio de morte n\u00e3o fora a mirra dos s\u00e1bios do Oriente! Mal um menino nascera e j\u00e1 o Mundo pensa na morte desse menino &#8211; e, ali\u00e1s, com justi\u00e7a, por Ele ser o \u00fanico homem vindo ao Mundo, para neste morrer. <\/span><\/p>\n<p><span style=\"font-size: small; font-family: verdana, geneva; color: #000000;\">Cada um de n\u00f3s vem ao Mundo, para viver. Para Ele, a morte era a finalidade da Sua vida, era o fim que Ele queria alcan\u00e7ar.<\/span><\/p>\n<p>&nbsp;<\/p>\n<p><span style=\"color: #3366ff;\"><strong><span style=\"font-size: small; font-family: verdana, geneva;\">Ai de n\u00f3s!<\/span><\/strong><\/span><\/p>\n<p>&nbsp;<\/p>\n<p><span style=\"font-size: small; font-family: verdana, geneva; color: #000000;\">Maria, aqui n\u00e3o \u00e9 Bel\u00e9m: aqui \u00e9 o Calv\u00e1rio. O Seu Corpo n\u00e3o \u00e9 branco, como se viesse de Seu Pai, mas tinto de sangue, como se de n\u00f3s sa\u00edsse. Em Seu ber\u00e7o, era um c\u00e1lice de oferenda, cheio de rubro sangue da vida.<\/span><\/p>\n<p><span style=\"font-size: small; font-family: verdana, geneva; color: #000000;\"> Agora, junto da Cruz, o Seu Corpo \u00e9 um c\u00e1lice vazio &#8211; vazio de todas as gotas de sangue que Ele verteu para a Reden\u00e7\u00e3o da Humanidade.<\/span><\/p>\n<p>&nbsp;<\/p>\n<p><span style=\"font-size: small; font-family: verdana, geneva; color: #000000;\">No est\u00e1bulo n\u00e3o havia lugar para Ele. Morto, tamb\u00e9m n\u00e3o tinha onde repousar a Sua cabe\u00e7a &#8211; a n\u00e3o ser nos bra\u00e7os de Sua M\u00e3e.<\/span><\/p>\n<p>&nbsp;<\/p>\n<p><span style=\"font-size: small; font-family: verdana, geneva; color: #000000;\">Quando Nosso Senhor contava as Suas par\u00e1bolas de miseric\u00f3rdia e principalmente a do Filho Pr\u00f3digo, s\u00f3 ouv\u00edamos falar do bom pai do filho pr\u00f3digo. Porque ser\u00e1 que o Evangelho guardou sil\u00eancio a respeito da m\u00e3e do Filho Pr\u00f3digo?<\/span><\/p>\n<p>&nbsp;<\/p>\n<p><span style=\"font-size: small; font-family: verdana, geneva; color: #000000;\">Creio que a resposta est\u00e1 na dor de Maria.<\/span><\/p>\n<p><span style=\"font-size: small; font-family: verdana, geneva; color: #000000;\">Cristo \u00e9 o verdadeiro Filho Pr\u00f3digo.<\/span><\/p>\n<p>&nbsp;<\/p>\n<p><span style=\"font-size: small; font-family: verdana, geneva; color: #000000;\">Maria \u00e9 a M\u00e3e do Divino Pr\u00f3digo que deixou a casa celeste de Seu Pai, para peregrinar em terra estrangeira- esta nossa Terra. Ele <strong>&#8220;<em>dissipou os Seus bens<\/em>&#8220;<\/strong>, deu o Seu Corpo e o Seu sangue, a fim de podermos recobrar a nossa heran\u00e7a do C\u00e9u.<\/span><\/p>\n<p>&nbsp;<\/p>\n<p><span style=\"text-decoration: underline;\"><span style=\"font-size: small; font-family: verdana, geneva; color: #000000; text-decoration: underline;\">E, agora, ca\u00eddo entre os cidad\u00e3os dum pa\u00eds rebelde \u00e0s vontades de Seu Pai, misturou-Se com as varas de porcos que s\u00e3o os pecadores. Depois, prepara-Se para voltar \u00e0 casa de Seu Pai.<\/span><\/span><\/p>\n<p>&nbsp;<\/p>\n<p><span style=\"font-size: small; font-family: verdana, geneva; color: #000000;\">No caminho do Calv\u00e1rio, a M\u00e3e do Filho Pr\u00f3digo encontra-O. Neste instante, transforma-Se Ela na M\u00e3e de todos os filhos pr\u00f3digos do Mundo, preparando-os para o dia t\u00e3o long\u00ednquo, em que a vida e a ressurrei\u00e7\u00e3o correr\u00e3o nas suas veias, quando eles avan\u00e7arem nas asas da manh\u00e3.<\/span><\/p>\n<p>&nbsp;<\/p>\n<p><span style=\"font-size: small; font-family: verdana, geneva; color: #000000;\">(Excertos do livro: O primeiro amor do Mundo &#8211; Arcebispo Fulton J. Sheen)<\/span><\/p>\n<p style=\"text-align: center;\"><a href=\"http:\/\/www.santorosario.com.br\/?origem=1\"><img loading=\"lazy\" class=\"aligncenter  wp-image-30636\" title=\"Santo Ros\u00e1rio\" src=\"http:\/\/www.adf.org.br\/home\/wp-content\/uploads\/2015\/03\/1984_topo11.jpg\" alt=\"\" width=\"480\" height=\"268\" \/><\/a><\/p>\n<p>&nbsp;<\/p>\n","protected":false},"excerpt":{"rendered":"<p>A Lan\u00e7ada e a Descida da Cruz &#8220;Eis que descem o Salvador da Cruz em que morrera! \u00d3 Virgem sacrossanta, destes com tanto amor Vosso Filho ao Mundo, e vede como ele vo-lo entrega!&#8221; (Santo Afonso Maria de Lig\u00f3rio) &nbsp; Nosso Senhor curva a cabe\u00e7a e morre. Os planetas, descrevendo no espa\u00e7o um imenso c\u00edrculo, [&hellip;]<\/p>\n","protected":false},"author":22,"featured_media":0,"comment_status":"open","ping_status":"open","sticky":false,"template":"","format":"standard","meta":[],"categories":[20],"tags":[1246,1247,1249,38],"yoast_head":"<!-- This site is optimized with the Yoast SEO plugin v17.4 - https:\/\/yoast.com\/wordpress\/plugins\/seo\/ -->\n<title>As Dores de Nossa Senhora - A Lan\u00e7ada e a Descida da Cruz - Associa\u00e7\u00e3o Devotos de F\u00e1tima<\/title>\n<meta name=\"robots\" content=\"index, follow, max-snippet:-1, max-image-preview:large, max-video-preview:-1\" \/>\n<link rel=\"canonical\" href=\"https:\/\/www.adf.org.br\/home\/as-dores-de-nossa-senhora-a-lancada-e-a-descida-da-cruz\/\" \/>\n<meta property=\"og:locale\" content=\"pt_BR\" \/>\n<meta property=\"og:type\" content=\"article\" \/>\n<meta property=\"og:title\" content=\"As Dores de Nossa Senhora - A Lan\u00e7ada e a Descida da Cruz - Associa\u00e7\u00e3o Devotos de F\u00e1tima\" \/>\n<meta property=\"og:description\" content=\"A Lan\u00e7ada e a Descida da Cruz &#8220;Eis que descem o Salvador da Cruz em que morrera! \u00d3 Virgem sacrossanta, destes com tanto amor Vosso Filho ao Mundo, e vede como ele vo-lo entrega!&#8221; (Santo Afonso Maria de Lig\u00f3rio) &nbsp; Nosso Senhor curva a cabe\u00e7a e morre. Os planetas, descrevendo no espa\u00e7o um imenso c\u00edrculo, [&hellip;]\" \/>\n<meta property=\"og:url\" content=\"https:\/\/www.adf.org.br\/home\/as-dores-de-nossa-senhora-a-lancada-e-a-descida-da-cruz\/\" \/>\n<meta property=\"og:site_name\" content=\"Associa\u00e7\u00e3o Devotos de F\u00e1tima\" \/>\n<meta property=\"article:published_time\" content=\"2015-03-28T19:00:48+00:00\" \/>\n<meta property=\"og:image\" content=\"http:\/\/www.adf.org.br\/home\/wp-content\/uploads\/2015\/03\/6.jpg\" \/>\n<meta name=\"twitter:card\" content=\"summary_large_image\" \/>\n<meta name=\"twitter:label1\" content=\"Escrito por\" \/>\n\t<meta name=\"twitter:data1\" content=\"victor\" \/>\n\t<meta name=\"twitter:label2\" content=\"Est. tempo de leitura\" \/>\n\t<meta name=\"twitter:data2\" content=\"6 minutos\" \/>\n<script type=\"application\/ld+json\" class=\"yoast-schema-graph\">{\"@context\":\"https:\/\/schema.org\",\"@graph\":[{\"@type\":\"WebSite\",\"@id\":\"https:\/\/www.adf.org.br\/home\/#website\",\"url\":\"https:\/\/www.adf.org.br\/home\/\",\"name\":\"Associa\\u00e7\\u00e3o Devotos de F\\u00e1tima\",\"description\":\"Associa\\u00e7\\u00e3o Devotos de F\\u00e1tima\",\"potentialAction\":[{\"@type\":\"SearchAction\",\"target\":{\"@type\":\"EntryPoint\",\"urlTemplate\":\"https:\/\/www.adf.org.br\/home\/?s={search_term_string}\"},\"query-input\":\"required name=search_term_string\"}],\"inLanguage\":\"pt-BR\"},{\"@type\":\"ImageObject\",\"@id\":\"https:\/\/www.adf.org.br\/home\/as-dores-de-nossa-senhora-a-lancada-e-a-descida-da-cruz\/#primaryimage\",\"inLanguage\":\"pt-BR\",\"url\":\"http:\/\/www.adf.org.br\/home\/wp-content\/uploads\/2015\/03\/6.jpg\",\"contentUrl\":\"http:\/\/www.adf.org.br\/home\/wp-content\/uploads\/2015\/03\/6.jpg\"},{\"@type\":\"WebPage\",\"@id\":\"https:\/\/www.adf.org.br\/home\/as-dores-de-nossa-senhora-a-lancada-e-a-descida-da-cruz\/#webpage\",\"url\":\"https:\/\/www.adf.org.br\/home\/as-dores-de-nossa-senhora-a-lancada-e-a-descida-da-cruz\/\",\"name\":\"As Dores de Nossa Senhora - A Lan\\u00e7ada e a Descida da Cruz - Associa\\u00e7\\u00e3o Devotos de F\\u00e1tima\",\"isPartOf\":{\"@id\":\"https:\/\/www.adf.org.br\/home\/#website\"},\"primaryImageOfPage\":{\"@id\":\"https:\/\/www.adf.org.br\/home\/as-dores-de-nossa-senhora-a-lancada-e-a-descida-da-cruz\/#primaryimage\"},\"datePublished\":\"2015-03-28T19:00:48+00:00\",\"dateModified\":\"2015-03-28T19:00:48+00:00\",\"author\":{\"@id\":\"https:\/\/www.adf.org.br\/home\/#\/schema\/person\/84ab1f4a9c9c8771882d949dd0995066\"},\"breadcrumb\":{\"@id\":\"https:\/\/www.adf.org.br\/home\/as-dores-de-nossa-senhora-a-lancada-e-a-descida-da-cruz\/#breadcrumb\"},\"inLanguage\":\"pt-BR\",\"potentialAction\":[{\"@type\":\"ReadAction\",\"target\":[\"https:\/\/www.adf.org.br\/home\/as-dores-de-nossa-senhora-a-lancada-e-a-descida-da-cruz\/\"]}]},{\"@type\":\"BreadcrumbList\",\"@id\":\"https:\/\/www.adf.org.br\/home\/as-dores-de-nossa-senhora-a-lancada-e-a-descida-da-cruz\/#breadcrumb\",\"itemListElement\":[{\"@type\":\"ListItem\",\"position\":1,\"name\":\"Home\",\"item\":\"https:\/\/www.adf.org.br\/home\/\"},{\"@type\":\"ListItem\",\"position\":2,\"name\":\"As Dores de Nossa Senhora &#8211; A Lan\\u00e7ada e a Descida da Cruz\"}]},{\"@type\":\"Person\",\"@id\":\"https:\/\/www.adf.org.br\/home\/#\/schema\/person\/84ab1f4a9c9c8771882d949dd0995066\",\"name\":\"victor\",\"image\":{\"@type\":\"ImageObject\",\"@id\":\"https:\/\/www.adf.org.br\/home\/#personlogo\",\"inLanguage\":\"pt-BR\",\"url\":\"https:\/\/secure.gravatar.com\/avatar\/22216f0aeebc0f960e28a73506b4d08c?s=96&d=mm&r=g\",\"contentUrl\":\"https:\/\/secure.gravatar.com\/avatar\/22216f0aeebc0f960e28a73506b4d08c?s=96&d=mm&r=g\",\"caption\":\"victor\"},\"url\":\"https:\/\/www.adf.org.br\/home\/author\/victor\/\"}]}<\/script>\n<!-- \/ Yoast SEO plugin. -->","yoast_head_json":{"title":"As Dores de Nossa Senhora - A Lan\u00e7ada e a Descida da Cruz - Associa\u00e7\u00e3o Devotos de F\u00e1tima","robots":{"index":"index","follow":"follow","max-snippet":"max-snippet:-1","max-image-preview":"max-image-preview:large","max-video-preview":"max-video-preview:-1"},"canonical":"https:\/\/www.adf.org.br\/home\/as-dores-de-nossa-senhora-a-lancada-e-a-descida-da-cruz\/","og_locale":"pt_BR","og_type":"article","og_title":"As Dores de Nossa Senhora - A Lan\u00e7ada e a Descida da Cruz - Associa\u00e7\u00e3o Devotos de F\u00e1tima","og_description":"A Lan\u00e7ada e a Descida da Cruz &#8220;Eis que descem o Salvador da Cruz em que morrera! \u00d3 Virgem sacrossanta, destes com tanto amor Vosso Filho ao Mundo, e vede como ele vo-lo entrega!&#8221; (Santo Afonso Maria de Lig\u00f3rio) &nbsp; Nosso Senhor curva a cabe\u00e7a e morre. Os planetas, descrevendo no espa\u00e7o um imenso c\u00edrculo, [&hellip;]","og_url":"https:\/\/www.adf.org.br\/home\/as-dores-de-nossa-senhora-a-lancada-e-a-descida-da-cruz\/","og_site_name":"Associa\u00e7\u00e3o Devotos de F\u00e1tima","article_published_time":"2015-03-28T19:00:48+00:00","og_image":[{"url":"http:\/\/www.adf.org.br\/home\/wp-content\/uploads\/2015\/03\/6.jpg"}],"twitter_card":"summary_large_image","twitter_misc":{"Escrito por":"victor","Est. tempo de leitura":"6 minutos"},"schema":{"@context":"https:\/\/schema.org","@graph":[{"@type":"WebSite","@id":"https:\/\/www.adf.org.br\/home\/#website","url":"https:\/\/www.adf.org.br\/home\/","name":"Associa\u00e7\u00e3o Devotos de F\u00e1tima","description":"Associa\u00e7\u00e3o Devotos de F\u00e1tima","potentialAction":[{"@type":"SearchAction","target":{"@type":"EntryPoint","urlTemplate":"https:\/\/www.adf.org.br\/home\/?s={search_term_string}"},"query-input":"required name=search_term_string"}],"inLanguage":"pt-BR"},{"@type":"ImageObject","@id":"https:\/\/www.adf.org.br\/home\/as-dores-de-nossa-senhora-a-lancada-e-a-descida-da-cruz\/#primaryimage","inLanguage":"pt-BR","url":"http:\/\/www.adf.org.br\/home\/wp-content\/uploads\/2015\/03\/6.jpg","contentUrl":"http:\/\/www.adf.org.br\/home\/wp-content\/uploads\/2015\/03\/6.jpg"},{"@type":"WebPage","@id":"https:\/\/www.adf.org.br\/home\/as-dores-de-nossa-senhora-a-lancada-e-a-descida-da-cruz\/#webpage","url":"https:\/\/www.adf.org.br\/home\/as-dores-de-nossa-senhora-a-lancada-e-a-descida-da-cruz\/","name":"As Dores de Nossa Senhora - A Lan\u00e7ada e a Descida da Cruz - Associa\u00e7\u00e3o Devotos de F\u00e1tima","isPartOf":{"@id":"https:\/\/www.adf.org.br\/home\/#website"},"primaryImageOfPage":{"@id":"https:\/\/www.adf.org.br\/home\/as-dores-de-nossa-senhora-a-lancada-e-a-descida-da-cruz\/#primaryimage"},"datePublished":"2015-03-28T19:00:48+00:00","dateModified":"2015-03-28T19:00:48+00:00","author":{"@id":"https:\/\/www.adf.org.br\/home\/#\/schema\/person\/84ab1f4a9c9c8771882d949dd0995066"},"breadcrumb":{"@id":"https:\/\/www.adf.org.br\/home\/as-dores-de-nossa-senhora-a-lancada-e-a-descida-da-cruz\/#breadcrumb"},"inLanguage":"pt-BR","potentialAction":[{"@type":"ReadAction","target":["https:\/\/www.adf.org.br\/home\/as-dores-de-nossa-senhora-a-lancada-e-a-descida-da-cruz\/"]}]},{"@type":"BreadcrumbList","@id":"https:\/\/www.adf.org.br\/home\/as-dores-de-nossa-senhora-a-lancada-e-a-descida-da-cruz\/#breadcrumb","itemListElement":[{"@type":"ListItem","position":1,"name":"Home","item":"https:\/\/www.adf.org.br\/home\/"},{"@type":"ListItem","position":2,"name":"As Dores de Nossa Senhora &#8211; A Lan\u00e7ada e a Descida da Cruz"}]},{"@type":"Person","@id":"https:\/\/www.adf.org.br\/home\/#\/schema\/person\/84ab1f4a9c9c8771882d949dd0995066","name":"victor","image":{"@type":"ImageObject","@id":"https:\/\/www.adf.org.br\/home\/#personlogo","inLanguage":"pt-BR","url":"https:\/\/secure.gravatar.com\/avatar\/22216f0aeebc0f960e28a73506b4d08c?s=96&d=mm&r=g","contentUrl":"https:\/\/secure.gravatar.com\/avatar\/22216f0aeebc0f960e28a73506b4d08c?s=96&d=mm&r=g","caption":"victor"},"url":"https:\/\/www.adf.org.br\/home\/author\/victor\/"}]}},"_links":{"self":[{"href":"https:\/\/www.adf.org.br\/home\/wp-json\/wp\/v2\/posts\/30631"}],"collection":[{"href":"https:\/\/www.adf.org.br\/home\/wp-json\/wp\/v2\/posts"}],"about":[{"href":"https:\/\/www.adf.org.br\/home\/wp-json\/wp\/v2\/types\/post"}],"author":[{"embeddable":true,"href":"https:\/\/www.adf.org.br\/home\/wp-json\/wp\/v2\/users\/22"}],"replies":[{"embeddable":true,"href":"https:\/\/www.adf.org.br\/home\/wp-json\/wp\/v2\/comments?post=30631"}],"version-history":[{"count":0,"href":"https:\/\/www.adf.org.br\/home\/wp-json\/wp\/v2\/posts\/30631\/revisions"}],"wp:attachment":[{"href":"https:\/\/www.adf.org.br\/home\/wp-json\/wp\/v2\/media?parent=30631"}],"wp:term":[{"taxonomy":"category","embeddable":true,"href":"https:\/\/www.adf.org.br\/home\/wp-json\/wp\/v2\/categories?post=30631"},{"taxonomy":"post_tag","embeddable":true,"href":"https:\/\/www.adf.org.br\/home\/wp-json\/wp\/v2\/tags?post=30631"}],"curies":[{"name":"wp","href":"https:\/\/api.w.org\/{rel}","templated":true}]}}