{"id":30442,"date":"2015-03-25T13:00:02","date_gmt":"2015-03-25T16:00:02","guid":{"rendered":"http:\/\/www.adf.org.br\/home\/?p=30442"},"modified":"2015-03-25T13:00:02","modified_gmt":"2015-03-25T16:00:02","slug":"veja-a-heroica-atitude-de-nossa-senhora-diante-da-anunciacao","status":"publish","type":"post","link":"https:\/\/www.adf.org.br\/home\/veja-a-heroica-atitude-de-nossa-senhora-diante-da-anunciacao\/","title":{"rendered":"Veja a heroica atitude de Nossa Senhora  diante da Anuncia\u00e7\u00e3o"},"content":{"rendered":"<p style=\"text-align: center;\" align=\"JUSTIFY\"><a href=\"http:\/\/www.adf.org.br\/home\/2015\/03\/veja-a-heroica-atitude-de-nossa-senhora-diante-da-anunciacao\/anunciacao-a-nossa-senhora\/\" rel=\"attachment wp-att-30448\"><img loading=\"lazy\" class=\"aligncenter  wp-image-30448\" title=\"Anuncia\u00e7\u00e3o \u00e0 Nossa Senhora\" src=\"http:\/\/www.adf.org.br\/home\/wp-content\/uploads\/2015\/03\/Anuncia\u00e7\u00e3o-\u00e0-Nossa-Senhora.jpg\" alt=\"\" width=\"462\" height=\"461\" \/><\/a><\/p>\n<p style=\"text-align: right;\" align=\"JUSTIFY\"><span style=\"font-family: verdana, geneva; color: #000000;\"><em>Pl\u00ednio Correa de Oliveira<\/em><\/span><\/p>\n<p style=\"padding-left: 90px;\" align=\"JUSTIFY\"><span style=\"font-size: medium; color: #800080;\"><strong><span style=\"font-family: verdana, geneva;\">O Evangelho referente a este acontecimento \u00e9 o seguinte: S\u00e3o Lucas:<\/span><\/strong><\/span><\/p>\n<blockquote>\n<p align=\"JUSTIFY\"><span style=\"font-family: verdana, geneva; color: #000000;\">\u201cE, (estando Isabel ) no sexto m\u00eas, foi enviado por Deus o Anjo Gabriel a uma cidade da Galil\u00e9ia, chamada Nazar\u00e9, a uma virgem desposada com um var\u00e3o que se chamava Jos\u00e9, da tribo, ou melhor, da casa de David. <\/span><\/p>\n<p align=\"JUSTIFY\"><strong><span style=\"font-family: verdana, geneva; color: #3366ff;\">E o nome da virgem era Maria. E, entrando o Anjo onde ela estava disse-lhe: Deus te Salve, cheia de gra\u00e7a, o Senhor \u00e9 contigo; bendita \u00e9s tu entre as mulheres.<\/span><\/strong><\/p>\n<p align=\"JUSTIFY\"><span style=\"font-family: verdana, geneva; color: #000000;\">E ela, tendo ouvido estas coisas, turbou-se com as suas palavras e discorria pensativa que sauda\u00e7\u00e3o seria essa. <\/span><\/p>\n<p align=\"JUSTIFY\"><span style=\"font-family: verdana, geneva; color: #000000;\">E o Anjo lhe disse: N\u00e3o temas, Maria, pois achaste gra\u00e7a diante de Deus; eis que conceber\u00e1s no teu ventre, e dar\u00e1s \u00e0 luz um filho, e <strong>por-lhe-\u00e1s o nome de\u00a0Jesus<\/strong>. <\/span><\/p>\n<p align=\"JUSTIFY\"><strong><span style=\"font-family: verdana, geneva; color: #800080;\">Este ser\u00e1 grande e ser\u00e1 chamado o Filho do Alt\u00edssimo, e o Senhor Deus lhe dar\u00e1 o trono de seu pai David; e reinar\u00e1 eternamente na casa de Jac\u00f3; e o seu reino n\u00e3o ter\u00e1 fim.<\/span><\/strong><\/p>\n<p align=\"JUSTIFY\"><span style=\"font-family: verdana, geneva; color: #000000;\"><em>E Maria disse ao Anjo: Como se far\u00e1 isso, pois eu n\u00e3o conhe\u00e7o var\u00e3o? E, respondendo o Anjo, disse-lhe: O Esp\u00edrito Santo descer\u00e1 sobre ti, e a virtude do Alt\u00edssimo te cobrir\u00e1 com a sua sombra. <\/em><\/span><\/p>\n<p align=\"JUSTIFY\"><span style=\"font-family: verdana, geneva; color: #000000;\"><em>E, por isso mesmo, o Santo que h\u00e1 de nascer de ti, ser\u00e1 chamado Filho de Deus. Eis que tamb\u00e9m Isabel, tua parenta, concebeu um filho na sua velhice; e este \u00e9 o sexto m\u00eas da que se diz est\u00e9ril; <span style=\"text-decoration: underline;\">porque a Deus nada \u00e9 imposs\u00edvel. <\/span><\/em><\/span><\/p>\n<p align=\"JUSTIFY\"><span style=\"font-family: verdana, geneva; color: #000000;\"><em>Ent\u00e3o disse Maria: Eis aqui a escrava do Senhor, fa\u00e7a-se em mim segundo a tua palavra. E o Anjo afastou-se dela.&#8221;\u00a0<\/em>( Lc., I, 26-38 )<span style=\"font-size: x-small;\"><strong>\u00a0<a name=\"(*)_ret\" href=\"http:\/\/www.pliniocorreadeoliveira.info\/DIS_SD_650325_Anunciacao.htm#(*)\"><\/a>(*)<\/strong><\/span><\/span><\/p>\n<\/blockquote>\n<p align=\"JUSTIFY\"><span style=\"font-family: verdana, geneva; color: #000000;\">Este Evangelho \u00e9 cheio de matizes que me parecem interessantes. Em primeiro lugar, como fica demonstrado, o anonimato em que vivia a Sagrada Fam\u00edlia, o anonimato da cidade e de tudo. <\/span><\/p>\n<p align=\"JUSTIFY\"><span style=\"font-family: verdana, geneva; color: #000000;\">O plano \u00e9 assim: Deus, do alto do C\u00e9u, chegada a plenitude dos tempos, manda o Arcanjo Gabriel \u00e0 terra. Mas manda-o a um lugar de tal maneira desconhecido de todos que nos impressiona: manda a uma cidade da Galil\u00e9ia, chamada Nazar\u00e9. <\/span><\/p>\n<p align=\"JUSTIFY\"><span style=\"font-family: verdana, geneva; color: #000000;\">Fica a\u00ed entendido que <strong>era um lugarejo.<\/strong> A uma Virgem desposada com um var\u00e3o chamado Jos\u00e9, da casa de Davi. Uma cidade desconhecida, uma Virgem desconhecida, casada com um homem desconhecido. <\/span><\/p>\n<p style=\"padding-left: 60px;\" align=\"JUSTIFY\"><strong><span style=\"font-family: verdana, geneva; color: #3366ff;\">A \u00fanica coisa de ilustre que se tem para dizer \u00e9 que \u00e9 da Casa de Davi. O nome da Virgem era Maria. E, entrando o Anjo onde Ela estava, disse: \u201c<em>Deus te Salve, cheia de gra\u00e7a, o Senhor \u00e9 contigo; bendita \u00e9s tu entre as mulheres<\/em>\u201d.<\/span><\/strong><\/p>\n<p align=\"JUSTIFY\"><span style=\"font-family: verdana, geneva; color: #000000;\">Este \u201c<em>entrando o Anjo onde Ela estava<\/em>\u201d d\u00e1 a impress\u00e3o de que era um lugar recolhido, isolado; a a\u00e7\u00e3o de entrar insinua muito a id\u00e9ia de recolhimento, de clausura, de uma coisa que se viola.<\/span><\/p>\n<p align=\"JUSTIFY\"><span style=\"font-family: verdana, geneva; color: #000000;\">Quer dizer, Nossa Senhora estava num lugar inteiramente sozinha. \u00c9 o c\u00famulo do que o mundo detesta: a pessoa sozinha, isolada, desconhecida, decadente e &#8211; o que \u00e9 pior ainda &#8211; no seu isolamento <strong>rezando. <\/strong><\/span><\/p>\n<p align=\"JUSTIFY\"><span style=\"font-family: verdana, geneva; color: #000000;\">\u00c9 para essa pessoa que vem essa mensagem. <\/span><\/p>\n<p align=\"JUSTIFY\"><span style=\"font-family: verdana, geneva; color: #000000;\">Os senhores podem imaginar o Anjo que paira dos mais altos paramos celestes, encarregado de uma enorme miss\u00e3o, e que vai ao ponto que menos se poderia imaginar: um lugarejo, um casalzinho, uma Mulher que est\u00e1 recolhida no seu quarto, e ali ele <span style=\"text-decoration: underline;\"><strong>leva a mais importante mensagem<br \/>\nda Hist\u00f3ria.<\/strong><\/span><\/span><\/p>\n<p align=\"JUSTIFY\"><span style=\"font-family: verdana, geneva; color: #000000;\"> Tudo isto fica insinuado na linguagem do texto, e \u00e9 muito bonito ver como a linguagem introduz tudo isto.<\/span><\/p>\n<p align=\"JUSTIFY\"><span style=\"color: #000000;\"><strong><span style=\"font-family: verdana, geneva; font-size: medium;\">Depois da sauda\u00e7\u00e3o do Anjo, a rea\u00e7\u00e3o. <\/span><\/strong><\/span><\/p>\n<p align=\"JUSTIFY\"><span style=\"font-family: verdana, geneva; color: #000000;\">Espera-se a rea\u00e7\u00e3o [conforme o mundo]: \u201ccompreenderam o valor que tenho e, afinal, me fazem justi\u00e7a&#8230;\u201d. Ou imagina-se o Anjo de um modo tal, que ele desce inteiramente tranq\u00fcilizador, inteiramente af\u00e1vel, pac\u00edfico.<\/span><\/p>\n<p align=\"JUSTIFY\"><span style=\"font-family: verdana, geneva; color: #000000;\">\u00c9 uma coisa curiosa: em todas as vis\u00f5es de Nossa Senhora que tenho lido, repete-se essa cena. H\u00e1 qualquer coisa de terr\u00edvel no aparecimento da vis\u00e3o, que incute medo. A id\u00e9ia da afabilidade, da bondade, etc. vem, mas a id\u00e9ia que fica \u00e9 a de medo. <\/span><\/p>\n<p style=\"padding-left: 60px;\" align=\"JUSTIFY\"><strong><span style=\"font-family: verdana, geneva; color: #800080;\">As crian\u00e7as de F\u00e1tima sentiam medo, as crian\u00e7as de La Salette tamb\u00e9m; tamb\u00e9m Santa Bernadette Soubirous. \u00c9 a despropor\u00e7\u00e3o de duas naturezas diferentes e de algo t\u00e3o fabulosamente majestoso, que Ela sentiu medo.<\/span><\/strong><\/p>\n<p align=\"JUSTIFY\"><span style=\"font-family: verdana, geneva; color: #000000;\">E o Evangelho diz:\u00a0<em>&#8220;E Ela, tendo ouvido estas coisas, turbou-se com as suas palavras e discorria pensativa que sauda\u00e7\u00e3o seria essa&#8221;<\/em>. Os senhores percebem que \u00e9 uma manifesta\u00e7\u00e3o de dist\u00e2ncia ps\u00edquica maravilhosa. <\/span><\/p>\n<p align=\"JUSTIFY\"><span style=\"font-family: verdana, geneva; color: #000000;\">&#8220;Perturbou-se com essas palavras&#8221; quer dizer: Ela teve aten\u00e7\u00e3o suficiente para entender o conte\u00fado do que era dito, e isto A perturbou. \u201c&#8230;e<em>\u00a0discorria pensativa<\/em>\u201d: que bonita express\u00e3o para indicar a an\u00e1lise ponto por ponto! Ela analisou pensativa a mensagem, perguntando para Si mesma que sauda\u00e7\u00e3o seria essa.<\/span><\/p>\n<p align=\"JUSTIFY\"><span style=\"font-family: verdana, geneva; color: #000000;\">No total, o que \u00e9 isso? Vejam bem o que \u00e9\u00a0<strong>o esp\u00edrito de Nossa Senhora:<\/strong>\u00a0diante de uma coisa, mesmo t\u00e3o elevada e com todas as caracter\u00edsticas de vir de Deus, uma an\u00e1lise, e uma\u00a0an\u00e1lise racional\u00a0do conte\u00fado, palavra por palavra, daquilo que Lhe era dito.<\/span><\/p>\n<p style=\"padding-left: 60px;\" align=\"JUSTIFY\"><strong><span style=\"font-family: verdana, geneva; color: #3366ff;\">Devemos ser assim tamb\u00e9m. N\u00e3o perder a cabe\u00e7a mesmo diante do mais pasmoso, mais inesperado, mais maravilhoso, mas discorrer pensativo<br \/>\nsobre aquilo.<\/span><\/strong><\/p>\n<p align=\"JUSTIFY\"><span style=\"font-family: verdana, geneva; color: #000000;\">Em outro epis\u00f3dio, depois do nascimento de Nosso Senhor, o Evangelho nos diz que\u00a0<em>&#8220;Maria conservava todas essas coisas,\u00a0<strong>meditando-as no Seu Cora\u00e7\u00e3o<\/strong>&#8220;<\/em>\u00a0( Lc., II, 19 ).\u00a0<\/span><\/p>\n<p align=\"JUSTIFY\"><span style=\"font-family: verdana, geneva; color: #000000;\">Eminentemente anal\u00edtica, pensativa, o que n\u00e3o est\u00e1 de acordo com as express\u00f5es das imagens sentimentais, que nos apresentam exatamente uma pessoa n\u00e3o pensativa, abobada e com uma carinha de boneca.<\/span><\/p>\n<p align=\"JUSTIFY\"><span style=\"font-family: verdana, geneva; color: #000000;\">E aqui est\u00e1 o\u00a0<strong>exemplo para n\u00f3s<\/strong>. Ser uma pessoa de discernimento.\u00a0<strong>At\u00e9 o que vem de Deus analisar, n\u00e3o desconfiada mas refletidamente.<\/strong>\u00a0Sei que aqui se pode fazer outro coment\u00e1rio sobre a humildade; mas esse coment\u00e1rio j\u00e1 \u00e9 t\u00e3o conhecido, que os senhores me permitam fazer um coment\u00e1rio n\u00e3o habitualmente feito do Evangelho.<\/span><\/p>\n<p align=\"JUSTIFY\"><span style=\"font-family: verdana, geneva; color: #000000;\">O Anjo, que conhecia por permiss\u00e3o de Deus o que nEla se passava &#8211; note-se que Ela n\u00e3o fez nenhuma pergunta ao Anjo, como se estivesse estudando que pergunta fazer, e que n\u00e3o tinha formulado ainda sua pergunta &#8211; quando o Anjo interveio: <\/span><\/p>\n<p align=\"JUSTIFY\"><span style=\"font-family: verdana, geneva; color: #000000;\">\u201c<em>N\u00e3o temas, Maria, pois achaste gra\u00e7a diante de Deus<\/em>\u201d. Quer dizer, nada tens a temer, porque Deus tem sobre Ti uma complac\u00eancia plena. Certamente essas palavras do Anjo foram acompanhadas de uma gra\u00e7a de paz; a paz surgiu dentro dEla, e uma paz enorme.<\/span><\/p>\n<p align=\"JUSTIFY\"><span style=\"font-size: medium; color: #000000;\"><strong><span style=\"font-family: verdana, geneva;\">Observem um aspecto curioso:\u00a0<\/span><\/strong><\/span><\/p>\n<p align=\"JUSTIFY\"><span style=\"text-decoration: underline; color: #000000;\"><span style=\"font-family: verdana, geneva;\">O respeito de Deus pela criatura que tem discernimento e que pensa, que analisa. <\/span><\/span><\/p>\n<p align=\"JUSTIFY\"><span style=\"font-family: verdana, geneva; color: #000000;\">Nossa Senhora tinha uma perturba\u00e7\u00e3o justa e o Anjo esclareceu, como que aprovando que Ela quisesse saber que sauda\u00e7\u00e3o era aquela. E a raz\u00e3o que o Anjo d\u00e1 explica Sua d\u00favida. <\/span><\/p>\n<p style=\"padding-left: 60px;\" align=\"JUSTIFY\"><strong><span style=\"font-family: verdana, geneva; color: #800080;\">O Anjo Lhe diz, com a autoridade de quem pode falar, que Ela de fato encontrou gra\u00e7a diante de Deus. \u00c9 t\u00e3o santa, t\u00e3o virtuosa, Deus Lhe deu tantas gra\u00e7as, que aquela sauda\u00e7\u00e3o era merecida. E ent\u00e3o Ela se tranq\u00fcilizou.<\/span><\/strong><\/p>\n<p align=\"JUSTIFY\"><span style=\"font-family: verdana, geneva; color: #000000;\">Preparado nEla o terreno psicol\u00f3gico, e preparada a humildade dEla para receber isto, entra a explica\u00e7\u00e3o: \u201c<em>eis que conceber\u00e1s no teu ventre, e dar\u00e1s \u00e0 luz um Filho, e por-lhe-\u00e1s o nome de\u00a0Jesus. <\/em><\/span><\/p>\n<p align=\"JUSTIFY\"><span style=\"font-family: verdana, geneva; color: #000000;\"><em>Este ser\u00e1 grande e ser\u00e1 chamado o Filho do Alt\u00edssimo, e o Senhor Deus Lhe dar\u00e1 o trono de Seu pai David; e reinar\u00e1 eternamente na casa de Jac\u00f3; e o Seu reino n\u00e3o ter\u00e1 fim<\/em>\u201d.<\/span><\/p>\n<p align=\"JUSTIFY\"><span style=\"font-family: verdana, geneva; color: #000000;\">O povo judaico estava cheio de esperan\u00e7as de um rei que subisse ao trono, e que <strong>governasse toda a terra<\/strong>. A promessa que Lhe foi feita era de molde a justificar a esperan\u00e7a terrena dessa natureza: era o Messias, que se sabia que devia nascer de David e que iria nascer dEla, e seria o Rei, o esperado das na\u00e7\u00f5es. <\/span><\/p>\n<p align=\"JUSTIFY\"><span style=\"font-family: verdana, geneva; color: #000000;\">Mas isto do trono de David, \u00e9 o que todo mundo estava esperando, uma realeza terrena, material. Sabemos depois como as coisas se passaram.<\/span><\/p>\n<p align=\"JUSTIFY\"><span style=\"font-family: verdana, geneva; color: #000000;\">Muitas vezes Deus fala no interior das almas e acende misteriosamente uma esperan\u00e7a. A alma entende de um modo o que Deus a fez esperar e lhe concede de um modo completamente diferente do que a alma estava esperando. <\/span><\/p>\n<p align=\"JUSTIFY\"><span style=\"font-family: verdana, geneva; color: #000000;\">Por exemplo, diz: &#8220;tu ser\u00e1s grande&#8221;. Ser\u00e1 mesmo: depois de morto ser\u00e1 canonizado e ser\u00e1 colocado no alto da Bas\u00edlica de S\u00e3o Pedro&#8230; mas em vida ser\u00e1 lixeiro. <\/span><\/p>\n<p align=\"JUSTIFY\"><span style=\"font-family: verdana, geneva; color: #000000;\">Deus diz: \u201cMeu filho, Eu te escolhi para exaltar o teu nome entre todas as na\u00e7\u00f5es; ser\u00e1s <strong>at\u00e9 o fim dos s\u00e9culos<\/strong> lembrado como exemplo memor\u00e1vel etc., e os povos vindos do Oriente e do Ocidente, do meridiano e do setentri\u00e3o, h\u00e3o de se curvar diante de ti\u201d&#8230; \u00c9 verdade. <\/span><\/p>\n<p align=\"JUSTIFY\"><span style=\"font-family: verdana, geneva; color: #000000;\">Na Bas\u00edlica, no dia da canoniza\u00e7\u00e3o, tem X,Y,Z e a promessa se cumpre de um modo diferente do que a pessoa entendeu no dia em que foi feita.<\/span><\/p>\n<p align=\"JUSTIFY\"><span style=\"font-family: verdana, geneva; color: #000000;\">Em nossa voca\u00e7\u00e3o, quantas vezes h\u00e1 algo de semelhante com isso.\u00a0<strong>Deus faz a promessa de um jeito, o indiv\u00edduo entende de outro.<\/strong>\u00a0<\/span><\/p>\n<p align=\"JUSTIFY\"><span style=\"font-family: verdana, geneva; color: #000000;\">E \u00e9 assim que Deus trata os seus mais amados; \u00e9 assim que Ele encaminha os Seus planos mais maravilhosos. Por causa disso preparemo-nos, porque a pr\u00f3pria Anuncia\u00e7\u00e3o continha uma formula\u00e7\u00e3o que o povo judeu entendia de um modo diferente.\u00a0<strong>S\u00e3o os caminhos de Deus que nos importa conhecer.<\/strong><\/span><\/p>\n<p align=\"JUSTIFY\"><span style=\"color: #000000;\"><strong><span style=\"font-size: medium; font-family: verdana, geneva;\">\u00c9 um mist\u00e9rio que s\u00f3 saberemos na eternidade<\/span><\/strong><\/span><\/p>\n<p align=\"JUSTIFY\"><span style=\"font-family: verdana, geneva; color: #000000;\">Observem que, depois de uma coisa estupenda dessas, vem uma obje\u00e7\u00e3o, e uma obje\u00e7\u00e3o de car\u00e1ter moral. Porque Ela podia intuir: afinal de contas, Deus tudo resolve, n\u00e3o preciso perguntar. Mas vem uma obje\u00e7\u00e3o.<\/span><\/p>\n<p align=\"JUSTIFY\"><span style=\"font-family: verdana, geneva; color: #000000;\"><strong>Notem a firmeza de personalidade<\/strong>,\u00a0que lembra os Exerc\u00edcios de Santo In\u00e1cio de Loyola bem pregados e n\u00e3o adocicados. Maria disse ao Anjo: \u201c<em>Como se far\u00e1 isso, pois eu n\u00e3o conhe\u00e7o var\u00e3o?<\/em>\u201d. <\/span><\/p>\n<p align=\"JUSTIFY\"><span style=\"font-family: verdana, geneva; color: #000000;\">E respondendo o Anjo lhe disse: \u201c<em>O Esp\u00edrito Santo descer\u00e1 sobre ti, e a virtude do Alt\u00edssimo te cobrir\u00e1 com a sua sombra. E, por isso mesmo, o Santo que h\u00e1 de nascer de ti, ser\u00e1 chamado Filho de Deus<\/em>&#8220;.<\/span><\/p>\n<p align=\"JUSTIFY\"><span style=\"color: #000000;\"><span style=\"font-family: verdana, geneva;\">A\u00ed vem ent\u00e3o, como pr\u00eamio por Sua pergunta, aprovando que Ela tenha sido t\u00e3o exigente, a realidade da mensagem que vai se desdobrando.\u00a0<\/span><span style=\"font-family: verdana, geneva;\">\u00c9 como se Deus quisesse que Ela perguntasse, para a mensagem ser desenvolvida. <\/span><\/span><\/p>\n<p style=\"padding-left: 60px;\" align=\"JUSTIFY\"><strong><span style=\"font-family: verdana, geneva; color: #3366ff;\">A\u00ed a maravilha da mensagem se completa: primeiro \u00e9 a maternidade divina, depois, a maternidade virginal e por isso mesmo \u00e9 que Ele ser\u00e1 Filho de Deus. Est\u00e1 a\u00ed toda a explica\u00e7\u00e3o da maravilha que vai se realizar.<\/span><\/strong><\/p>\n<p align=\"JUSTIFY\"><span style=\"font-family: verdana, geneva; color: #000000;\">E vem uma esp\u00e9cie de ratifica\u00e7\u00e3o apolog\u00e9tica. Como para Deus tudo \u00e9 poss\u00edvel e para explicar tamb\u00e9m o plano, o Anjo diz:\u00a0<em>&#8220;Eis que tamb\u00e9m Isabel, tua parenta, concebeu um filho na sua velhice; e este \u00e9 o sexto m\u00eas da que se diz est\u00e9ril; porque a Deus nada \u00e9 imposs\u00edvel&#8221;.<\/em>\u00a0<\/span><\/p>\n<p align=\"JUSTIFY\"><span style=\"font-family: verdana, geneva; color: #000000;\">\u00c9 como que uma indica\u00e7\u00e3o dizendo que, afinal de contas, ali Ela veria com fatos externos a inteira confirma\u00e7\u00e3o do fato interno que nEla se estava operando.<\/span><\/p>\n<p align=\"JUSTIFY\"><span style=\"font-family: verdana, geneva; color: #000000;\">Tudo isto explicado &#8211;\u00a0<strong>n\u00e3o que houvesse d\u00favida, mas porque o homem age racionalmente<\/strong>\u00a0&#8211; entra a aceita\u00e7\u00e3o de Nossa Senhora. Ent\u00e3o disse Maria: \u201c<em>Eis aqui a escrava do Senhor, fa\u00e7a-se em mim segundo a tua palavra<\/em>\u201d. <\/span><\/p>\n<p align=\"JUSTIFY\"><span style=\"font-family: verdana, geneva; color: #000000;\">Aqui h\u00e1 uma atitude inteiramente conseq\u00fcente. O coment\u00e1rio dEla foi de quem entendeu a li\u00e7\u00e3o em sua ess\u00eancia: se Deus comunicou-me isto, \u00e9 porque quer minha ades\u00e3o. Ent\u00e3o, dou o que Deus mandou pedir.<\/span><\/p>\n<p align=\"JUSTIFY\"><span style=\"font-family: verdana, geneva; color: #000000;\">V\u00ea-se uma profundidade, uma l\u00f3gica, uma for\u00e7a de alma que eu nunca vi pregador<br \/>\nnenhum acentuar.<\/span><\/p>\n<p align=\"JUSTIFY\"><span style=\"font-family: verdana, geneva; color: #000000;\">Deixo os coment\u00e1rios comuns e volto-me a essas considera\u00e7\u00f5es que nos fazem ver a alma insondavelmente santa de Nossa Senhora. E ent\u00e3o compreender esse\u00a0<strong>esp\u00edrito l\u00f3gico<\/strong>,\u00a0<strong>cheio de f\u00e9<\/strong>,\u00a0<strong>de obedi\u00eancia<\/strong>, mas\u00a0<strong>coerente<\/strong>\u00a0<strong>e que quer ver claro\u00a0<\/strong>dentro das coisas, n\u00e3o por d\u00favida, nem por desconfian\u00e7a, mas porque a l\u00f3gica \u00e9 verdade.<\/span><\/p>\n<p style=\"padding-left: 60px;\" align=\"JUSTIFY\"><strong><span style=\"font-family: verdana, geneva; color: #800080;\">O Anjo afastou-se dEla. Segundo os melhores te\u00f3logos, imediatamente deu-se a concep\u00e7\u00e3o. Uma insond\u00e1vel opera\u00e7\u00e3o do Divino Esp\u00edrito Santo operada em Nossa Senhora; o Anjo afastou-se, mas a profecia cumpriu-se imediatamente.<\/span><\/strong><\/p>\n<p align=\"JUSTIFY\"><span style=\"font-family: verdana, geneva; color: #000000;\"> \u00c9 um mist\u00e9rio que s\u00f3 saberemos na eternidade. Esse aspecto vago que fica depois e onde se pode conjeturar tudo, s\u00f3 nos deixa uma id\u00e9ia: o fato \u00e9 t\u00e3o grande que, haja o que tenha havido, ultrapassa toda intelec\u00e7\u00e3o humana. <\/span><\/p>\n<p align=\"JUSTIFY\"><span style=\"font-family: verdana, geneva; color: #000000;\">H\u00e1 uma pausa cheia de vazio. O resto n\u00e3o se fala. \u00c9 o sil\u00eancio absoluto que o Evangelho deixa passar sobre as coisas, e que \u00e9 o ambiente pr\u00f3prio ao recolhimento, para a medita\u00e7\u00e3o, pr\u00f3pria \u00e0s coisas sagradas e lit\u00fargicas.<\/span><\/p>\n<p align=\"JUSTIFY\"><span style=\"font-family: verdana, geneva; color: #000000;\">Por causa disso, em alguns ritos do Oriente, na hora da Consagra\u00e7\u00e3o durante a Santa Missa, corria-se um v\u00e9u em torno do sacerdote, t\u00e3o sagrada e misteriosa era a a\u00e7\u00e3o.<\/span><\/p>\n<p align=\"JUSTIFY\"><span style=\"font-family: verdana, geneva; color: #000000;\">V\u00ea-se ent\u00e3o, por esse fato, que o senso religioso pede um certo senso do mist\u00e9rio e que as coisas de Deus ao mesmo tempo dizem e calam muito.<\/span><\/p>\n<p align=\"JUSTIFY\"><span style=\"font-family: verdana, geneva; color: #000000;\"> E n\u00e3o se sabe pelo que dizem mais: se pelo que falam ou pelo que calam. Compreende-se ent\u00e3o que fazer tudo simplizinho, explicadinho, acompanhadinho, certinho \u00e9 diferente das alturas dessas miss\u00f5es sublimes.<\/span><\/p>\n<p align=\"JUSTIFY\"><span style=\"font-family: verdana, geneva; color: #000000;\">Fa\u00e7amos disso uma reserva para nossa alma para podermos amar assim essas grandezas imensas dentro de uma l\u00f3gica inflex\u00edvel. A\u00ed est\u00e1 o verdadeiro [senso] da dignidade das coisas de Deus.<\/span><\/p>\n<p align=\"JUSTIFY\"><span style=\"font-family: verdana, geneva; color: #000000;\">Pe\u00e7amos a Nossa Senhora que nos cubra com o manto de Seu esp\u00edrito nessa linha e nesses termos: esp\u00edrito virginal, clareza e coer\u00eancia de esp\u00edrito.\u00a0<strong>A castidade \u00e9 uma grande coer\u00eancia e a coer\u00eancia uma grande castidade.\u00a0<\/strong>Pe\u00e7amos esse dom na noite de hoje.<\/span><\/p>\n<p style=\"text-align: center;\" align=\"JUSTIFY\"><span style=\"font-family: verdana, geneva; color: #000000;\"><strong>* \u00a0 * \u00a0 *<\/strong><\/span><\/p>\n<p align=\"JUSTIFY\"><span style=\"font-family: verdana, geneva; color: #000000;\"><em>Fonte:\u00a0<a href=\"http:\/\/www.pliniocorreadeoliveira.info\/DIS_SD_650325_Anunciacao.htm#.VRKqPvzF-NY\" target=\"_blank\" rel=\"noopener noreferrer\"><span style=\"color: #000000;\">http:\/\/www.pliniocorreadeoliveira.info\/<\/span><\/a><\/em><\/span><\/p>\n<p style=\"text-align: center;\" align=\"JUSTIFY\"><a href=\"http:\/\/www.adf.org.br\/medalha-coracoes\/?origem=1\"><img loading=\"lazy\" class=\"aligncenter  wp-image-30446\" title=\"Clique aqui para ver como receber em casa esta linda Medalha dos Sagrados Cora\u00e7\u00f5es!\" src=\"http:\/\/www.adf.org.br\/home\/wp-content\/uploads\/2015\/03\/medalha-cora\u00e7\u00e3o2.jpg\" alt=\"\" width=\"583\" height=\"174\" \/><\/a><\/p>\n","protected":false},"excerpt":{"rendered":"<p>Pl\u00ednio Correa de Oliveira O Evangelho referente a este acontecimento \u00e9 o seguinte: S\u00e3o Lucas: \u201cE, (estando Isabel ) no sexto m\u00eas, foi enviado por Deus o Anjo Gabriel a uma cidade da Galil\u00e9ia, chamada Nazar\u00e9, a uma virgem desposada com um var\u00e3o que se chamava Jos\u00e9, da tribo, ou melhor, da casa de David. [&hellip;]<\/p>\n","protected":false},"author":12,"featured_media":0,"comment_status":"open","ping_status":"open","sticky":false,"template":"","format":"standard","meta":[],"categories":[20],"tags":[1204,1205,1001,1025,1216],"yoast_head":"<!-- This site is optimized with the Yoast SEO plugin v17.4 - https:\/\/yoast.com\/wordpress\/plugins\/seo\/ -->\n<title>Veja a heroica atitude de Nossa Senhora diante da Anuncia\u00e7\u00e3o - Associa\u00e7\u00e3o Devotos de F\u00e1tima<\/title>\n<meta name=\"robots\" content=\"index, follow, max-snippet:-1, max-image-preview:large, max-video-preview:-1\" \/>\n<link rel=\"canonical\" href=\"https:\/\/www.adf.org.br\/home\/veja-a-heroica-atitude-de-nossa-senhora-diante-da-anunciacao\/\" \/>\n<meta property=\"og:locale\" content=\"pt_BR\" \/>\n<meta property=\"og:type\" content=\"article\" \/>\n<meta property=\"og:title\" content=\"Veja a heroica atitude de Nossa Senhora diante da Anuncia\u00e7\u00e3o - Associa\u00e7\u00e3o Devotos de F\u00e1tima\" \/>\n<meta property=\"og:description\" content=\"Pl\u00ednio Correa de Oliveira O Evangelho referente a este acontecimento \u00e9 o seguinte: S\u00e3o Lucas: \u201cE, (estando Isabel ) no sexto m\u00eas, foi enviado por Deus o Anjo Gabriel a uma cidade da Galil\u00e9ia, chamada Nazar\u00e9, a uma virgem desposada com um var\u00e3o que se chamava Jos\u00e9, da tribo, ou melhor, da casa de David. [&hellip;]\" \/>\n<meta property=\"og:url\" content=\"https:\/\/www.adf.org.br\/home\/veja-a-heroica-atitude-de-nossa-senhora-diante-da-anunciacao\/\" \/>\n<meta property=\"og:site_name\" content=\"Associa\u00e7\u00e3o Devotos de F\u00e1tima\" \/>\n<meta property=\"article:published_time\" content=\"2015-03-25T16:00:02+00:00\" \/>\n<meta property=\"og:image\" content=\"http:\/\/www.adf.org.br\/home\/wp-content\/uploads\/2015\/03\/Anuncia\u00e7\u00e3o-\u00e0-Nossa-Senhora.jpg\" \/>\n<meta name=\"twitter:card\" content=\"summary_large_image\" \/>\n<meta name=\"twitter:label1\" content=\"Escrito por\" \/>\n\t<meta name=\"twitter:data1\" content=\"luiz.fernando\" \/>\n\t<meta name=\"twitter:label2\" content=\"Est. tempo de leitura\" \/>\n\t<meta name=\"twitter:data2\" content=\"12 minutos\" \/>\n<script type=\"application\/ld+json\" class=\"yoast-schema-graph\">{\"@context\":\"https:\/\/schema.org\",\"@graph\":[{\"@type\":\"WebSite\",\"@id\":\"https:\/\/www.adf.org.br\/home\/#website\",\"url\":\"https:\/\/www.adf.org.br\/home\/\",\"name\":\"Associa\\u00e7\\u00e3o Devotos de F\\u00e1tima\",\"description\":\"Associa\\u00e7\\u00e3o Devotos de F\\u00e1tima\",\"potentialAction\":[{\"@type\":\"SearchAction\",\"target\":{\"@type\":\"EntryPoint\",\"urlTemplate\":\"https:\/\/www.adf.org.br\/home\/?s={search_term_string}\"},\"query-input\":\"required name=search_term_string\"}],\"inLanguage\":\"pt-BR\"},{\"@type\":\"ImageObject\",\"@id\":\"https:\/\/www.adf.org.br\/home\/veja-a-heroica-atitude-de-nossa-senhora-diante-da-anunciacao\/#primaryimage\",\"inLanguage\":\"pt-BR\",\"url\":\"http:\/\/www.adf.org.br\/home\/wp-content\/uploads\/2015\/03\/Anuncia\\u00e7\\u00e3o-\\u00e0-Nossa-Senhora.jpg\",\"contentUrl\":\"http:\/\/www.adf.org.br\/home\/wp-content\/uploads\/2015\/03\/Anuncia\\u00e7\\u00e3o-\\u00e0-Nossa-Senhora.jpg\"},{\"@type\":\"WebPage\",\"@id\":\"https:\/\/www.adf.org.br\/home\/veja-a-heroica-atitude-de-nossa-senhora-diante-da-anunciacao\/#webpage\",\"url\":\"https:\/\/www.adf.org.br\/home\/veja-a-heroica-atitude-de-nossa-senhora-diante-da-anunciacao\/\",\"name\":\"Veja a heroica atitude de Nossa Senhora diante da Anuncia\\u00e7\\u00e3o - Associa\\u00e7\\u00e3o Devotos de F\\u00e1tima\",\"isPartOf\":{\"@id\":\"https:\/\/www.adf.org.br\/home\/#website\"},\"primaryImageOfPage\":{\"@id\":\"https:\/\/www.adf.org.br\/home\/veja-a-heroica-atitude-de-nossa-senhora-diante-da-anunciacao\/#primaryimage\"},\"datePublished\":\"2015-03-25T16:00:02+00:00\",\"dateModified\":\"2015-03-25T16:00:02+00:00\",\"author\":{\"@id\":\"https:\/\/www.adf.org.br\/home\/#\/schema\/person\/4eb0499131c1962e974297eff367a715\"},\"breadcrumb\":{\"@id\":\"https:\/\/www.adf.org.br\/home\/veja-a-heroica-atitude-de-nossa-senhora-diante-da-anunciacao\/#breadcrumb\"},\"inLanguage\":\"pt-BR\",\"potentialAction\":[{\"@type\":\"ReadAction\",\"target\":[\"https:\/\/www.adf.org.br\/home\/veja-a-heroica-atitude-de-nossa-senhora-diante-da-anunciacao\/\"]}]},{\"@type\":\"BreadcrumbList\",\"@id\":\"https:\/\/www.adf.org.br\/home\/veja-a-heroica-atitude-de-nossa-senhora-diante-da-anunciacao\/#breadcrumb\",\"itemListElement\":[{\"@type\":\"ListItem\",\"position\":1,\"name\":\"Home\",\"item\":\"https:\/\/www.adf.org.br\/home\/\"},{\"@type\":\"ListItem\",\"position\":2,\"name\":\"Veja a heroica atitude de Nossa Senhora diante da Anuncia\\u00e7\\u00e3o\"}]},{\"@type\":\"Person\",\"@id\":\"https:\/\/www.adf.org.br\/home\/#\/schema\/person\/4eb0499131c1962e974297eff367a715\",\"name\":\"luiz.fernando\",\"image\":{\"@type\":\"ImageObject\",\"@id\":\"https:\/\/www.adf.org.br\/home\/#personlogo\",\"inLanguage\":\"pt-BR\",\"url\":\"https:\/\/secure.gravatar.com\/avatar\/4e9dcdc2a00e06e1d9189a84f6908f28?s=96&d=mm&r=g\",\"contentUrl\":\"https:\/\/secure.gravatar.com\/avatar\/4e9dcdc2a00e06e1d9189a84f6908f28?s=96&d=mm&r=g\",\"caption\":\"luiz.fernando\"},\"url\":\"https:\/\/www.adf.org.br\/home\/author\/luiz-fernando\/\"}]}<\/script>\n<!-- \/ Yoast SEO plugin. -->","yoast_head_json":{"title":"Veja a heroica atitude de Nossa Senhora diante da Anuncia\u00e7\u00e3o - Associa\u00e7\u00e3o Devotos de F\u00e1tima","robots":{"index":"index","follow":"follow","max-snippet":"max-snippet:-1","max-image-preview":"max-image-preview:large","max-video-preview":"max-video-preview:-1"},"canonical":"https:\/\/www.adf.org.br\/home\/veja-a-heroica-atitude-de-nossa-senhora-diante-da-anunciacao\/","og_locale":"pt_BR","og_type":"article","og_title":"Veja a heroica atitude de Nossa Senhora diante da Anuncia\u00e7\u00e3o - Associa\u00e7\u00e3o Devotos de F\u00e1tima","og_description":"Pl\u00ednio Correa de Oliveira O Evangelho referente a este acontecimento \u00e9 o seguinte: S\u00e3o Lucas: \u201cE, (estando Isabel ) no sexto m\u00eas, foi enviado por Deus o Anjo Gabriel a uma cidade da Galil\u00e9ia, chamada Nazar\u00e9, a uma virgem desposada com um var\u00e3o que se chamava Jos\u00e9, da tribo, ou melhor, da casa de David. [&hellip;]","og_url":"https:\/\/www.adf.org.br\/home\/veja-a-heroica-atitude-de-nossa-senhora-diante-da-anunciacao\/","og_site_name":"Associa\u00e7\u00e3o Devotos de F\u00e1tima","article_published_time":"2015-03-25T16:00:02+00:00","og_image":[{"url":"http:\/\/www.adf.org.br\/home\/wp-content\/uploads\/2015\/03\/Anuncia\u00e7\u00e3o-\u00e0-Nossa-Senhora.jpg"}],"twitter_card":"summary_large_image","twitter_misc":{"Escrito por":"luiz.fernando","Est. tempo de leitura":"12 minutos"},"schema":{"@context":"https:\/\/schema.org","@graph":[{"@type":"WebSite","@id":"https:\/\/www.adf.org.br\/home\/#website","url":"https:\/\/www.adf.org.br\/home\/","name":"Associa\u00e7\u00e3o Devotos de F\u00e1tima","description":"Associa\u00e7\u00e3o Devotos de F\u00e1tima","potentialAction":[{"@type":"SearchAction","target":{"@type":"EntryPoint","urlTemplate":"https:\/\/www.adf.org.br\/home\/?s={search_term_string}"},"query-input":"required name=search_term_string"}],"inLanguage":"pt-BR"},{"@type":"ImageObject","@id":"https:\/\/www.adf.org.br\/home\/veja-a-heroica-atitude-de-nossa-senhora-diante-da-anunciacao\/#primaryimage","inLanguage":"pt-BR","url":"http:\/\/www.adf.org.br\/home\/wp-content\/uploads\/2015\/03\/Anuncia\u00e7\u00e3o-\u00e0-Nossa-Senhora.jpg","contentUrl":"http:\/\/www.adf.org.br\/home\/wp-content\/uploads\/2015\/03\/Anuncia\u00e7\u00e3o-\u00e0-Nossa-Senhora.jpg"},{"@type":"WebPage","@id":"https:\/\/www.adf.org.br\/home\/veja-a-heroica-atitude-de-nossa-senhora-diante-da-anunciacao\/#webpage","url":"https:\/\/www.adf.org.br\/home\/veja-a-heroica-atitude-de-nossa-senhora-diante-da-anunciacao\/","name":"Veja a heroica atitude de Nossa Senhora diante da Anuncia\u00e7\u00e3o - Associa\u00e7\u00e3o Devotos de F\u00e1tima","isPartOf":{"@id":"https:\/\/www.adf.org.br\/home\/#website"},"primaryImageOfPage":{"@id":"https:\/\/www.adf.org.br\/home\/veja-a-heroica-atitude-de-nossa-senhora-diante-da-anunciacao\/#primaryimage"},"datePublished":"2015-03-25T16:00:02+00:00","dateModified":"2015-03-25T16:00:02+00:00","author":{"@id":"https:\/\/www.adf.org.br\/home\/#\/schema\/person\/4eb0499131c1962e974297eff367a715"},"breadcrumb":{"@id":"https:\/\/www.adf.org.br\/home\/veja-a-heroica-atitude-de-nossa-senhora-diante-da-anunciacao\/#breadcrumb"},"inLanguage":"pt-BR","potentialAction":[{"@type":"ReadAction","target":["https:\/\/www.adf.org.br\/home\/veja-a-heroica-atitude-de-nossa-senhora-diante-da-anunciacao\/"]}]},{"@type":"BreadcrumbList","@id":"https:\/\/www.adf.org.br\/home\/veja-a-heroica-atitude-de-nossa-senhora-diante-da-anunciacao\/#breadcrumb","itemListElement":[{"@type":"ListItem","position":1,"name":"Home","item":"https:\/\/www.adf.org.br\/home\/"},{"@type":"ListItem","position":2,"name":"Veja a heroica atitude de Nossa Senhora diante da Anuncia\u00e7\u00e3o"}]},{"@type":"Person","@id":"https:\/\/www.adf.org.br\/home\/#\/schema\/person\/4eb0499131c1962e974297eff367a715","name":"luiz.fernando","image":{"@type":"ImageObject","@id":"https:\/\/www.adf.org.br\/home\/#personlogo","inLanguage":"pt-BR","url":"https:\/\/secure.gravatar.com\/avatar\/4e9dcdc2a00e06e1d9189a84f6908f28?s=96&d=mm&r=g","contentUrl":"https:\/\/secure.gravatar.com\/avatar\/4e9dcdc2a00e06e1d9189a84f6908f28?s=96&d=mm&r=g","caption":"luiz.fernando"},"url":"https:\/\/www.adf.org.br\/home\/author\/luiz-fernando\/"}]}},"_links":{"self":[{"href":"https:\/\/www.adf.org.br\/home\/wp-json\/wp\/v2\/posts\/30442"}],"collection":[{"href":"https:\/\/www.adf.org.br\/home\/wp-json\/wp\/v2\/posts"}],"about":[{"href":"https:\/\/www.adf.org.br\/home\/wp-json\/wp\/v2\/types\/post"}],"author":[{"embeddable":true,"href":"https:\/\/www.adf.org.br\/home\/wp-json\/wp\/v2\/users\/12"}],"replies":[{"embeddable":true,"href":"https:\/\/www.adf.org.br\/home\/wp-json\/wp\/v2\/comments?post=30442"}],"version-history":[{"count":0,"href":"https:\/\/www.adf.org.br\/home\/wp-json\/wp\/v2\/posts\/30442\/revisions"}],"wp:attachment":[{"href":"https:\/\/www.adf.org.br\/home\/wp-json\/wp\/v2\/media?parent=30442"}],"wp:term":[{"taxonomy":"category","embeddable":true,"href":"https:\/\/www.adf.org.br\/home\/wp-json\/wp\/v2\/categories?post=30442"},{"taxonomy":"post_tag","embeddable":true,"href":"https:\/\/www.adf.org.br\/home\/wp-json\/wp\/v2\/tags?post=30442"}],"curies":[{"name":"wp","href":"https:\/\/api.w.org\/{rel}","templated":true}]}}