{"id":30290,"date":"2026-03-25T09:00:17","date_gmt":"2026-03-25T12:00:17","guid":{"rendered":"http:\/\/www.adf.org.br\/home\/?p=30290"},"modified":"2026-03-05T14:45:58","modified_gmt":"2026-03-05T17:45:58","slug":"o-anjo-do-senhor-anunciou-a-maria-hoje-e-comemoramos-o-dia-da-anunciacao","status":"publish","type":"post","link":"https:\/\/www.adf.org.br\/home\/o-anjo-do-senhor-anunciou-a-maria-hoje-e-comemoramos-o-dia-da-anunciacao\/","title":{"rendered":"&#8220;O Anjo do Senhor anunciou a Maria&#8221; &#8211; Hoje \u00e9 comemoramos o dia da Anuncia\u00e7\u00e3o!"},"content":{"rendered":"<figure id=\"attachment_30291\" aria-describedby=\"caption-attachment-30291\" style=\"width: 491px\" class=\"wp-caption aligncenter\"><a href=\"http:\/\/www.adf.org.br\/home\/2015\/03\/o-anjo-do-senhor-anunciou-a-maria-hoje-e-comemoramos-o-dia-da-anunciacao\/anunciacao-fra-angelico-sec-xv-museu-el-prado-madrid-espanha\/\" rel=\"attachment wp-att-30291\"><img loading=\"lazy\" class=\" wp-image-30291 \" title=\"\u201cAnuncia\u00e7\u00e3o\u201d \u2014 Fra Ang\u00e9lico, s\u00e9c. XV. Museu El Prado, Madrid (Espanha)\" src=\"http:\/\/www.adf.org.br\/home\/wp-content\/uploads\/2015\/03\/\u201cAnuncia\u00e7\u00e3o\u201d-\u2014-Fra-Ang\u00e9lico-s\u00e9c.-XV.-Museu-El-Prado-Madrid-Espanha-1024x811.jpg\" alt=\"\" width=\"491\" height=\"390\" \/><\/a><figcaption id=\"caption-attachment-30291\" class=\"wp-caption-text\">\u201cAnuncia\u00e7\u00e3o\u201d \u2014 Fra Ang\u00e9lico, s\u00e9c. XV. Museu El Prado, Madrid (Espanha)<\/figcaption><\/figure>\n<p style=\"text-align: right;\"><span style=\"color: #000000; font-family: verdana, geneva;\"><em>Plinio Corr\u00eaa de Oliveira<\/em><\/span><\/p>\n<p style=\"text-align: center;\"><span style=\"color: #000000; font-family: verdana, geneva;\"><em>\u201cO Anjo do Senhor anunciou a Maria\u201d<\/em><\/span><\/p>\n<p style=\"padding-left: 90px;\"><span style=\"color: #800080; font-family: verdana, geneva; font-size: medium;\"><strong>No dia 25 de mar\u00e7o a Igreja celebra este fato incompar\u00e1vel: a Anuncia\u00e7\u00e3o!<\/strong><\/span><\/p>\n<p><span style=\"color: #000000; font-family: verdana, geneva;\">Fra Ang\u00e9lico pintou um quadro da Anuncia\u00e7\u00e3o: a Virgem Maria encontra-se numa casinha pequena, modesta, limp\u00edssima e em inteira ordem, num claustro composto de umas arcadazinhas.<\/span><\/p>\n<p><span style=\"color: #000000; font-family: verdana, geneva;\">Ela est\u00e1 sentada com um livrinho de medita\u00e7\u00e3o no colo. Uma atmosfera de paz impregna todo o ambiente, quando o\u00a0<strong>arcanjo S\u00e3o Gabriel<\/strong>\u00a0aparece e se ajoelha diante d\u00b4Ela. E Maria aparece um pouco inclinada ouvindo o anjo falar.<\/span><\/p>\n<p><span style=\"color: #000000; font-family: verdana, geneva;\">\u00c9 o fato extraordin\u00e1rio que se deu naquela ocasi\u00e3o. Ela n\u00e3o pensava na possibilidade de um anjo visit\u00e1-La, nem na mensagem que ele vinha trazendo.<\/span><\/p>\n<p style=\"padding-left: 60px;\"><span style=\"color: #3366ff; font-family: verdana, geneva;\"><strong>H\u00e1 mil\u00eanios a humanidade esperava Aquele que deveria vir ao mundo \u2014 aquela criatura perfeita que seria o centro de todas as coisas.<\/strong><\/span><\/p>\n<p><span style=\"color: #000000; font-family: verdana, geneva;\">Em virtude do pecado original, os homens estavam imersos num caos. Na pior das formas da desordem encontravam-se os povos pag\u00e3os e tamb\u00e9m o povo eleito.<\/span><\/p>\n<p><span style=\"color: #000000; font-family: verdana, geneva;\">O povo judaico, que tinha sido escolhido para a promessa, estava\u00a0<strong>na maior decad\u00eancia<\/strong>\u00a0e no maior afastamento de Deus. Na Terra nada mais se salvava.<\/span><\/p>\n<p><span style=\"color: #000000; font-family: verdana, geneva;\">Entretanto, uma Virgem concebida sem pecado original \u2014 nascida de Santa Ana e de S\u00e3o Joaquim, e que depois se casaria virginalmente com S\u00e3o Jos\u00e9 \u2014 meditava.<\/span><\/p>\n<p style=\"padding-left: 60px;\"><span style=\"color: #800080; font-family: verdana, geneva;\"><strong>Ela percebia que a \u00fanica solu\u00e7\u00e3o para a salva\u00e7\u00e3o dos homens era a vinda do Messias a fim de redimir o g\u00eanero humano.<\/strong><\/span><\/p>\n<p><span style=\"color: #000000; font-family: verdana, geneva;\">Ela meditava, lia a B\u00edblia com uma intelig\u00eancia maior do\u00a0que jamais ningu\u00e9m teve e pensava a respeito do Messias.<\/span><\/p>\n<p><span style=\"color: #000000; font-family: verdana, geneva;\">Assim meditando, Ela foi levada pelo desejo de que nascesse o Messias e pedia por essa vinda. Ela foi compondo a figura do Messias, com base nas Escrituras e em conjecturas, at\u00e9 imaginar como Ele seria. Sua sabedoria, virtude e amor de Deus auxiliaram-na nessa composi\u00e7\u00e3o.<\/span><\/p>\n<p><span style=\"color: #000000; font-family: verdana, geneva;\">Na paz da sua medita\u00e7\u00e3o, quando Ela acabava de p\u00f4r o \u00faltimo tra\u00e7o na imagina\u00e7\u00e3o de como Nosso Senhor Jesus Cristo seria, uma ilumina\u00e7\u00e3o dentro do jardim!\u00a0<strong>Aparece o anjo<\/strong>\u00a0e lhe diz:\u00a0<em>\u201cAve Maria, cheia de gra\u00e7a, o Senhor \u00e9 convosco, bendita sois V\u00f3s entre as mulheres.\u201d<\/em><\/span><\/p>\n<p><span style=\"color: #000000; font-family: verdana, geneva;\">Ela se perturbou, pois n\u00e3o sabia qual era a finalidade dessa sauda\u00e7\u00e3o. O anjo, ent\u00e3o, explicou-Lhe que Ela seria M\u00e3e do Filho de Deus e que o Verbo de Deus, o Messias, nasceria d\u2019Ela.<\/span><\/p>\n<p style=\"padding-left: 60px;\"><span style=\"color: #3366ff; font-family: verdana, geneva;\"><strong>Pode-se imaginar a surpresa, pois Ela se julgava indigna de ser a escrava da M\u00e3e do Messias e pedia a gra\u00e7a de poder conhecer a M\u00e3e do Messias e de servi-la. Era o que aspirava.<\/strong><\/span><\/p>\n<p><span style=\"color: #000000; font-family: verdana, geneva;\">Entretanto, mesmo considerando esse favor arrojado, o anjo anuncia que Ela pr\u00f3pria seria a M\u00e3e<br \/>\ndo Messias!<\/span><\/p>\n<p><span style=\"color: #000000; font-family: verdana, geneva;\"><em>____________________________________________________________<\/em><\/span><\/p>\n<p><span style=\"color: #000000; font-family: verdana, geneva;\"><em>Excertos da confer\u00eancia proferida pelo Prof. Plinio Corr\u00eaa de Oliveira em 24 de mar\u00e7o de 1984. Sem revis\u00e3o do autor.<\/em><\/span><\/p>\n<p style=\"text-align: center;\"><span style=\"color: #000000; font-family: verdana, geneva;\"><strong>* \u00a0 * \u00a0 *<\/strong><\/span><\/p>\n<p><span style=\"color: #000000; font-family: verdana, geneva;\"><em>Fonte:\u00a0<a href=\"http:\/\/www.abim.inf.br\/anunciacao-e-encarancao-do-verbo\/#.VRBOSNLF-NZ\" target=\"_blank\" rel=\"noopener noreferrer\"><span style=\"color: #000000;\">http:\/\/www.abim.inf.br\/<\/span><\/a><\/em><\/span><a href=\"http:\/\/www.adf.org.br\/medalha-coracoes\/?origem=1\"><br \/>\n<\/a><\/p>\n","protected":false},"excerpt":{"rendered":"<p>Plinio Corr\u00eaa de Oliveira \u201cO Anjo do Senhor anunciou a Maria\u201d No dia 25 de mar\u00e7o a Igreja celebra este fato incompar\u00e1vel: a Anuncia\u00e7\u00e3o! Fra Ang\u00e9lico pintou um quadro da Anuncia\u00e7\u00e3o: a Virgem Maria encontra-se numa casinha pequena, modesta, limp\u00edssima e em inteira ordem, num claustro composto de umas arcadazinhas. Ela est\u00e1 sentada com um [&hellip;]<\/p>\n","protected":false},"author":12,"featured_media":79973,"comment_status":"open","ping_status":"open","sticky":false,"template":"","format":"standard","meta":[],"categories":[20],"tags":[1204,1205,1025,1206],"yoast_head":"<!-- This site is optimized with the Yoast SEO plugin v17.4 - https:\/\/yoast.com\/wordpress\/plugins\/seo\/ -->\n<title>&quot;O Anjo do Senhor anunciou a Maria&quot; - Hoje \u00e9 comemoramos o dia da Anuncia\u00e7\u00e3o! - Associa\u00e7\u00e3o Devotos de F\u00e1tima<\/title>\n<meta name=\"robots\" content=\"index, follow, max-snippet:-1, max-image-preview:large, max-video-preview:-1\" \/>\n<link rel=\"canonical\" href=\"https:\/\/www.adf.org.br\/home\/o-anjo-do-senhor-anunciou-a-maria-hoje-e-comemoramos-o-dia-da-anunciacao\/\" \/>\n<meta property=\"og:locale\" content=\"pt_BR\" \/>\n<meta property=\"og:type\" content=\"article\" \/>\n<meta property=\"og:title\" content=\"&quot;O Anjo do Senhor anunciou a Maria&quot; - Hoje \u00e9 comemoramos o dia da Anuncia\u00e7\u00e3o! - Associa\u00e7\u00e3o Devotos de F\u00e1tima\" \/>\n<meta property=\"og:description\" content=\"Plinio Corr\u00eaa de Oliveira \u201cO Anjo do Senhor anunciou a Maria\u201d No dia 25 de mar\u00e7o a Igreja celebra este fato incompar\u00e1vel: a Anuncia\u00e7\u00e3o! Fra Ang\u00e9lico pintou um quadro da Anuncia\u00e7\u00e3o: a Virgem Maria encontra-se numa casinha pequena, modesta, limp\u00edssima e em inteira ordem, num claustro composto de umas arcadazinhas. Ela est\u00e1 sentada com um [&hellip;]\" \/>\n<meta property=\"og:url\" content=\"https:\/\/www.adf.org.br\/home\/o-anjo-do-senhor-anunciou-a-maria-hoje-e-comemoramos-o-dia-da-anunciacao\/\" \/>\n<meta property=\"og:site_name\" content=\"Associa\u00e7\u00e3o Devotos de F\u00e1tima\" \/>\n<meta property=\"article:published_time\" content=\"2026-03-25T12:00:17+00:00\" \/>\n<meta property=\"article:modified_time\" content=\"2026-03-05T17:45:58+00:00\" \/>\n<meta property=\"og:image\" content=\"https:\/\/www.adf.org.br\/home\/wp-content\/uploads\/2015\/03\/Anunciacao-\u2014-Fra-Angelico-sec.-XV.-Museu-El-Prado-Madrid-Espanha-1024x811-1.jpg\" \/>\n\t<meta property=\"og:image:width\" content=\"1024\" \/>\n\t<meta property=\"og:image:height\" content=\"811\" \/>\n<meta name=\"twitter:card\" content=\"summary_large_image\" \/>\n<meta name=\"twitter:label1\" content=\"Escrito por\" \/>\n\t<meta name=\"twitter:data1\" content=\"luiz.fernando\" \/>\n\t<meta name=\"twitter:label2\" content=\"Est. tempo de leitura\" \/>\n\t<meta name=\"twitter:data2\" content=\"3 minutos\" \/>\n<script type=\"application\/ld+json\" class=\"yoast-schema-graph\">{\"@context\":\"https:\/\/schema.org\",\"@graph\":[{\"@type\":\"WebSite\",\"@id\":\"https:\/\/www.adf.org.br\/home\/#website\",\"url\":\"https:\/\/www.adf.org.br\/home\/\",\"name\":\"Associa\\u00e7\\u00e3o Devotos de F\\u00e1tima\",\"description\":\"Associa\\u00e7\\u00e3o Devotos de F\\u00e1tima\",\"potentialAction\":[{\"@type\":\"SearchAction\",\"target\":{\"@type\":\"EntryPoint\",\"urlTemplate\":\"https:\/\/www.adf.org.br\/home\/?s={search_term_string}\"},\"query-input\":\"required name=search_term_string\"}],\"inLanguage\":\"pt-BR\"},{\"@type\":\"ImageObject\",\"@id\":\"https:\/\/www.adf.org.br\/home\/o-anjo-do-senhor-anunciou-a-maria-hoje-e-comemoramos-o-dia-da-anunciacao\/#primaryimage\",\"inLanguage\":\"pt-BR\",\"url\":\"https:\/\/www.adf.org.br\/home\/wp-content\/uploads\/2015\/03\/Anunciacao-\\u2014-Fra-Angelico-sec.-XV.-Museu-El-Prado-Madrid-Espanha-1024x811-1.jpg\",\"contentUrl\":\"https:\/\/www.adf.org.br\/home\/wp-content\/uploads\/2015\/03\/Anunciacao-\\u2014-Fra-Angelico-sec.-XV.-Museu-El-Prado-Madrid-Espanha-1024x811-1.jpg\",\"width\":1024,\"height\":811},{\"@type\":\"WebPage\",\"@id\":\"https:\/\/www.adf.org.br\/home\/o-anjo-do-senhor-anunciou-a-maria-hoje-e-comemoramos-o-dia-da-anunciacao\/#webpage\",\"url\":\"https:\/\/www.adf.org.br\/home\/o-anjo-do-senhor-anunciou-a-maria-hoje-e-comemoramos-o-dia-da-anunciacao\/\",\"name\":\"\\\"O Anjo do Senhor anunciou a Maria\\\" - Hoje \\u00e9 comemoramos o dia da Anuncia\\u00e7\\u00e3o! - Associa\\u00e7\\u00e3o Devotos de F\\u00e1tima\",\"isPartOf\":{\"@id\":\"https:\/\/www.adf.org.br\/home\/#website\"},\"primaryImageOfPage\":{\"@id\":\"https:\/\/www.adf.org.br\/home\/o-anjo-do-senhor-anunciou-a-maria-hoje-e-comemoramos-o-dia-da-anunciacao\/#primaryimage\"},\"datePublished\":\"2026-03-25T12:00:17+00:00\",\"dateModified\":\"2026-03-05T17:45:58+00:00\",\"author\":{\"@id\":\"https:\/\/www.adf.org.br\/home\/#\/schema\/person\/4eb0499131c1962e974297eff367a715\"},\"breadcrumb\":{\"@id\":\"https:\/\/www.adf.org.br\/home\/o-anjo-do-senhor-anunciou-a-maria-hoje-e-comemoramos-o-dia-da-anunciacao\/#breadcrumb\"},\"inLanguage\":\"pt-BR\",\"potentialAction\":[{\"@type\":\"ReadAction\",\"target\":[\"https:\/\/www.adf.org.br\/home\/o-anjo-do-senhor-anunciou-a-maria-hoje-e-comemoramos-o-dia-da-anunciacao\/\"]}]},{\"@type\":\"BreadcrumbList\",\"@id\":\"https:\/\/www.adf.org.br\/home\/o-anjo-do-senhor-anunciou-a-maria-hoje-e-comemoramos-o-dia-da-anunciacao\/#breadcrumb\",\"itemListElement\":[{\"@type\":\"ListItem\",\"position\":1,\"name\":\"Home\",\"item\":\"https:\/\/www.adf.org.br\/home\/\"},{\"@type\":\"ListItem\",\"position\":2,\"name\":\"&#8220;O Anjo do Senhor anunciou a Maria&#8221; &#8211; Hoje \\u00e9 comemoramos o dia da Anuncia\\u00e7\\u00e3o!\"}]},{\"@type\":\"Person\",\"@id\":\"https:\/\/www.adf.org.br\/home\/#\/schema\/person\/4eb0499131c1962e974297eff367a715\",\"name\":\"luiz.fernando\",\"image\":{\"@type\":\"ImageObject\",\"@id\":\"https:\/\/www.adf.org.br\/home\/#personlogo\",\"inLanguage\":\"pt-BR\",\"url\":\"https:\/\/secure.gravatar.com\/avatar\/4e9dcdc2a00e06e1d9189a84f6908f28?s=96&d=mm&r=g\",\"contentUrl\":\"https:\/\/secure.gravatar.com\/avatar\/4e9dcdc2a00e06e1d9189a84f6908f28?s=96&d=mm&r=g\",\"caption\":\"luiz.fernando\"},\"url\":\"https:\/\/www.adf.org.br\/home\/author\/luiz-fernando\/\"}]}<\/script>\n<!-- \/ Yoast SEO plugin. -->","yoast_head_json":{"title":"\"O Anjo do Senhor anunciou a Maria\" - Hoje \u00e9 comemoramos o dia da Anuncia\u00e7\u00e3o! - Associa\u00e7\u00e3o Devotos de F\u00e1tima","robots":{"index":"index","follow":"follow","max-snippet":"max-snippet:-1","max-image-preview":"max-image-preview:large","max-video-preview":"max-video-preview:-1"},"canonical":"https:\/\/www.adf.org.br\/home\/o-anjo-do-senhor-anunciou-a-maria-hoje-e-comemoramos-o-dia-da-anunciacao\/","og_locale":"pt_BR","og_type":"article","og_title":"\"O Anjo do Senhor anunciou a Maria\" - Hoje \u00e9 comemoramos o dia da Anuncia\u00e7\u00e3o! - Associa\u00e7\u00e3o Devotos de F\u00e1tima","og_description":"Plinio Corr\u00eaa de Oliveira \u201cO Anjo do Senhor anunciou a Maria\u201d No dia 25 de mar\u00e7o a Igreja celebra este fato incompar\u00e1vel: a Anuncia\u00e7\u00e3o! Fra Ang\u00e9lico pintou um quadro da Anuncia\u00e7\u00e3o: a Virgem Maria encontra-se numa casinha pequena, modesta, limp\u00edssima e em inteira ordem, num claustro composto de umas arcadazinhas. Ela est\u00e1 sentada com um [&hellip;]","og_url":"https:\/\/www.adf.org.br\/home\/o-anjo-do-senhor-anunciou-a-maria-hoje-e-comemoramos-o-dia-da-anunciacao\/","og_site_name":"Associa\u00e7\u00e3o Devotos de F\u00e1tima","article_published_time":"2026-03-25T12:00:17+00:00","article_modified_time":"2026-03-05T17:45:58+00:00","og_image":[{"width":1024,"height":811,"url":"https:\/\/www.adf.org.br\/home\/wp-content\/uploads\/2015\/03\/Anunciacao-\u2014-Fra-Angelico-sec.-XV.-Museu-El-Prado-Madrid-Espanha-1024x811-1.jpg","type":"image\/jpeg"}],"twitter_card":"summary_large_image","twitter_misc":{"Escrito por":"luiz.fernando","Est. tempo de leitura":"3 minutos"},"schema":{"@context":"https:\/\/schema.org","@graph":[{"@type":"WebSite","@id":"https:\/\/www.adf.org.br\/home\/#website","url":"https:\/\/www.adf.org.br\/home\/","name":"Associa\u00e7\u00e3o Devotos de F\u00e1tima","description":"Associa\u00e7\u00e3o Devotos de F\u00e1tima","potentialAction":[{"@type":"SearchAction","target":{"@type":"EntryPoint","urlTemplate":"https:\/\/www.adf.org.br\/home\/?s={search_term_string}"},"query-input":"required name=search_term_string"}],"inLanguage":"pt-BR"},{"@type":"ImageObject","@id":"https:\/\/www.adf.org.br\/home\/o-anjo-do-senhor-anunciou-a-maria-hoje-e-comemoramos-o-dia-da-anunciacao\/#primaryimage","inLanguage":"pt-BR","url":"https:\/\/www.adf.org.br\/home\/wp-content\/uploads\/2015\/03\/Anunciacao-\u2014-Fra-Angelico-sec.-XV.-Museu-El-Prado-Madrid-Espanha-1024x811-1.jpg","contentUrl":"https:\/\/www.adf.org.br\/home\/wp-content\/uploads\/2015\/03\/Anunciacao-\u2014-Fra-Angelico-sec.-XV.-Museu-El-Prado-Madrid-Espanha-1024x811-1.jpg","width":1024,"height":811},{"@type":"WebPage","@id":"https:\/\/www.adf.org.br\/home\/o-anjo-do-senhor-anunciou-a-maria-hoje-e-comemoramos-o-dia-da-anunciacao\/#webpage","url":"https:\/\/www.adf.org.br\/home\/o-anjo-do-senhor-anunciou-a-maria-hoje-e-comemoramos-o-dia-da-anunciacao\/","name":"\"O Anjo do Senhor anunciou a Maria\" - Hoje \u00e9 comemoramos o dia da Anuncia\u00e7\u00e3o! - Associa\u00e7\u00e3o Devotos de F\u00e1tima","isPartOf":{"@id":"https:\/\/www.adf.org.br\/home\/#website"},"primaryImageOfPage":{"@id":"https:\/\/www.adf.org.br\/home\/o-anjo-do-senhor-anunciou-a-maria-hoje-e-comemoramos-o-dia-da-anunciacao\/#primaryimage"},"datePublished":"2026-03-25T12:00:17+00:00","dateModified":"2026-03-05T17:45:58+00:00","author":{"@id":"https:\/\/www.adf.org.br\/home\/#\/schema\/person\/4eb0499131c1962e974297eff367a715"},"breadcrumb":{"@id":"https:\/\/www.adf.org.br\/home\/o-anjo-do-senhor-anunciou-a-maria-hoje-e-comemoramos-o-dia-da-anunciacao\/#breadcrumb"},"inLanguage":"pt-BR","potentialAction":[{"@type":"ReadAction","target":["https:\/\/www.adf.org.br\/home\/o-anjo-do-senhor-anunciou-a-maria-hoje-e-comemoramos-o-dia-da-anunciacao\/"]}]},{"@type":"BreadcrumbList","@id":"https:\/\/www.adf.org.br\/home\/o-anjo-do-senhor-anunciou-a-maria-hoje-e-comemoramos-o-dia-da-anunciacao\/#breadcrumb","itemListElement":[{"@type":"ListItem","position":1,"name":"Home","item":"https:\/\/www.adf.org.br\/home\/"},{"@type":"ListItem","position":2,"name":"&#8220;O Anjo do Senhor anunciou a Maria&#8221; &#8211; Hoje \u00e9 comemoramos o dia da Anuncia\u00e7\u00e3o!"}]},{"@type":"Person","@id":"https:\/\/www.adf.org.br\/home\/#\/schema\/person\/4eb0499131c1962e974297eff367a715","name":"luiz.fernando","image":{"@type":"ImageObject","@id":"https:\/\/www.adf.org.br\/home\/#personlogo","inLanguage":"pt-BR","url":"https:\/\/secure.gravatar.com\/avatar\/4e9dcdc2a00e06e1d9189a84f6908f28?s=96&d=mm&r=g","contentUrl":"https:\/\/secure.gravatar.com\/avatar\/4e9dcdc2a00e06e1d9189a84f6908f28?s=96&d=mm&r=g","caption":"luiz.fernando"},"url":"https:\/\/www.adf.org.br\/home\/author\/luiz-fernando\/"}]}},"_links":{"self":[{"href":"https:\/\/www.adf.org.br\/home\/wp-json\/wp\/v2\/posts\/30290"}],"collection":[{"href":"https:\/\/www.adf.org.br\/home\/wp-json\/wp\/v2\/posts"}],"about":[{"href":"https:\/\/www.adf.org.br\/home\/wp-json\/wp\/v2\/types\/post"}],"author":[{"embeddable":true,"href":"https:\/\/www.adf.org.br\/home\/wp-json\/wp\/v2\/users\/12"}],"replies":[{"embeddable":true,"href":"https:\/\/www.adf.org.br\/home\/wp-json\/wp\/v2\/comments?post=30290"}],"version-history":[{"count":2,"href":"https:\/\/www.adf.org.br\/home\/wp-json\/wp\/v2\/posts\/30290\/revisions"}],"predecessor-version":[{"id":79974,"href":"https:\/\/www.adf.org.br\/home\/wp-json\/wp\/v2\/posts\/30290\/revisions\/79974"}],"wp:featuredmedia":[{"embeddable":true,"href":"https:\/\/www.adf.org.br\/home\/wp-json\/wp\/v2\/media\/79973"}],"wp:attachment":[{"href":"https:\/\/www.adf.org.br\/home\/wp-json\/wp\/v2\/media?parent=30290"}],"wp:term":[{"taxonomy":"category","embeddable":true,"href":"https:\/\/www.adf.org.br\/home\/wp-json\/wp\/v2\/categories?post=30290"},{"taxonomy":"post_tag","embeddable":true,"href":"https:\/\/www.adf.org.br\/home\/wp-json\/wp\/v2\/tags?post=30290"}],"curies":[{"name":"wp","href":"https:\/\/api.w.org\/{rel}","templated":true}]}}