{"id":2987,"date":"2010-03-15T00:05:01","date_gmt":"2010-03-15T03:05:01","guid":{"rendered":"http:\/\/www.adf.org.br\/home\/?p=2987"},"modified":"2020-06-09T11:53:17","modified_gmt":"2020-06-09T14:53:17","slug":"intencoes-da-semana-de-15-a-2132010","status":"publish","type":"post","link":"https:\/\/www.adf.org.br\/home\/intencoes-da-semana-de-15-a-2132010\/","title":{"rendered":"Inten\u00e7\u00f5es da semana de 15 a 21\/3\/2010"},"content":{"rendered":"<p><strong><em><a href=\"http:\/\/oratoriodamedalhamilagrosa.org.br\/home\/acenda-sua-vela-30\/?origem=1\" target=\"_blank\" rel=\"noopener noreferrer\"><img loading=\"lazy\" class=\"alignleft size-full wp-image-3053\" title=\"miracolo-193x300\" src=\"http:\/\/www.adf.org.br\/home\/wp-content\/uploads\/2010\/03\/miracolo-193x300.jpg\" alt=\"miracolo-193x300\" width=\"193\" height=\"300\" \/><\/a>S\u00e3o as seguintes as inten\u00e7\u00f5es das ora\u00e7\u00f5es feitas pela <\/em><\/strong><a href=\"http:\/\/oratoriodamedalhamilagrosa.org.br\/home\/acenda-sua-vela-30\/?origem=1\"><strong><em><span style=\"color: #0000ff;\">Comunidade do Orat\u00f3rio da Medalha Milagrosa<\/span><\/em><\/strong><\/a><strong><em> <\/em><\/strong><strong><em>e pelos Orantes nesta pr\u00f3xima semana:<\/em><\/strong><\/p>\n<p><strong>1)<\/strong> Por todos os pedidos feitos pelas pessoas cujas velas est\u00e3o acesas no Orat\u00f3rio da Medalha Milagrosa e que estejam de acordo com a vontade de Nossa Senhora <span style=\"color: #0000ff;\">(<\/span><a href=\"http:\/\/oratoriodamedalhamilagrosa.org.br\/home\/acenda-sua-vela-30\/?origem=1\" target=\"_blank\" rel=\"noopener noreferrer\"><span style=\"color: #0000ff;\"><strong>acenda aqui sua vela<\/strong>);<\/span><\/a><\/p>\n<p><span style=\"color: #0000ff;\"><span style=\"color: #000000;\"><strong>2)<\/strong><\/span> <span style=\"color: #ff0000;\">Por nossos Benfeitores<\/span> <span style=\"color: #000000;\">para que Nossa Senhora os recompense ao c\u00eantuplo pelo apoio que d\u00e3o ao nosso apostolado;<\/span><\/span><\/p>\n<p><span style=\"color: #0000ff;\"><span style=\"color: #000000;\"><strong>3)<\/strong> Em agradecimento a Nossa Senhora <\/span><a href=\"http:\/\/www.adf.org.br\/home\/2010\/03\/mais-de-5-000-anglicanos-dos-eua-querem-passar-para-a-igreja-catolica\/\" target=\"_blank\" rel=\"noopener noreferrer\"><span style=\"color: #0000ff;\"><strong><span style=\"text-decoration: underline;\"><span style=\"color: #0000ff;\">pela grande convers\u00e3o de anglicanos ao catolicismo<\/span><\/span><\/strong><span style=\"color: #0000ff;\"> <\/span><\/span><\/a><span style=\"color: #000000;\">e<\/span><span style=\"color: #000000;\"> pedindo a Ela que conceda essa mesma gra\u00e7a a outros que estejam afastados da Verdadeira Religi\u00e3o.<\/span><\/span><\/p>\n<p><strong>4)<\/strong> Pelas vitimas do terrorismo e do comunismo, especialmente os <a href=\"http:\/\/www.adf.org.br\/home\/2010\/02\/heroica-resistencia-dos-catolicos-na-china\/\"><strong><span style=\"color: #0000ff;\">cat\u00f3licos que est\u00e3o sendo perseguidos na China<\/span><\/strong><\/a>,\u00a0nos <a href=\"http:\/\/www.adf.org.br\/home\/2010\/03\/dizer-que-em-cuba-nao-tem-perseguicao-e-mentira\/\"><strong><span style=\"color: #0000ff;\">c\u00e1rceres de Cuba<\/span><\/strong><\/a><span style=\"color: #0000ff;\">,<\/span> e na <a href=\"http:\/\/www.adf.org.br\/home\/2010\/03\/massacre-na-nigeria-deixa-528-cristaos-mortos\/\"><span style=\"color: #0000ff;\"><strong>Nig\u00e9ria<\/strong><\/span><\/a><span style=\"color: #0000ff;\"><strong>.<\/strong><\/span><\/p>\n<p><strong>5)<\/strong> Pela comemora\u00e7\u00e3o do <a href=\"http:\/\/www.adf.org.br\/jacinta\/inicio-1\" target=\"_blank\" rel=\"noopener noreferrer\"><strong><span style=\"color: #0000ff;\">Centen\u00e1rio de Nascimento da Beata Jacinta de F\u00e1tima<\/span><\/strong>,<\/a> que aconteceu dia 11 de mar\u00e7o. E para que mais pessoas participem da homenagem que estamos preparando a ela (<a href=\"http:\/\/www.adf.org.br\/jacinta\/inicio-1\"><strong><span style=\"color: #0000ff;\">veja aqui<\/span><\/strong><\/a><strong><span style=\"color: #0000ff;\"> <\/span><\/strong>como participar).<\/p>\n<p><strong>6)<\/strong> Pelas velas e pedidos dos amigos deste Apostolado, que ser\u00e3o levados ao Santu\u00e1rio de F\u00e1tima, em Portugal, no dia 13 de maio (<a href=\"http:\/\/oratoriodamedalhamilagrosa.org.br\/home\/acenda-sua-vela-30\/?origem=1\"><strong><span style=\"color: #0000ff;\">acenda aqui<\/span><\/strong><\/a><span style=\"color: #0000ff;\"> <\/span>uma vela virtual para a Virgem de F\u00e1tima).<\/p>\n<p><strong>7)<\/strong> Por todos os que ap\u00f3iam os projetos que este apostolado promove pelo resgate moral da juventude, como <a href=\"http:\/\/www.adf.org.br\/home\/2010\/03\/adf-e-acao-jovem-celebram-o-sucesso-de-seu-projeto-aos-jovens\/\"><strong><span style=\"color: #0000ff;\">o Acampamento de Carnaval \u201cA\u00e7\u00e3o Jovem Pela Terra de Santa Cruz\u201d<\/span><\/strong><\/a><span style=\"color: #0000ff;\">.<\/span><\/p>\n<p><br class=\"spacer_\" \/><\/p>\n<p>Nossa Senhora das Gra\u00e7as, rogai por n\u00f3s!<\/p>\n<p><br class=\"spacer_\" \/><\/p>\n<p align=\"right\"><a href=\"http:\/\/feedburner.google.com\/fb\/a\/mailverify?uri=devotosdefatima\">Cadastre aqui seu e-mail<\/a> <span style=\"color: #0000ff;\">para receber estas inten\u00e7\u00f5es<br \/>\n atualizadas todas as semanas e participar das ora\u00e7\u00f5es<\/span>.<\/p>\n<p align=\"right\">.<\/p>\n<p align=\"right\"><strong><span style=\"color: #ff6600;\">Aqueles que quiserem incluir seus nomes e inten\u00e7\u00f5es especiais<\/span><\/strong><strong><br \/>\n <\/strong><strong><span style=\"color: #ff6600;\">nas Missas que ser\u00e3o celebradas nesse per\u00edodo poder\u00e3o faz\u00ea-lo<\/span><\/strong><strong><br \/>\n <\/strong><span style=\"color: #ff6600;\"><strong>ligando para <\/strong><strong><span style=\"color: #ff0000;\">0800 773 1119<\/span><\/strong><\/span><\/p>\n<p align=\"right\"><strong>(Se estiver em S\u00e3o Paulo, ligue para (11) 4368-2253)<\/strong><\/p>\n<p><br class=\"spacer_\" \/><\/p>\n","protected":false},"excerpt":{"rendered":"<p>S\u00e3o as seguintes as inten\u00e7\u00f5es das ora\u00e7\u00f5es feitas pela Comunidade do Orat\u00f3rio da Medalha Milagrosa e pelos Orantes nesta pr\u00f3xima semana: 1) Por todos os pedidos feitos pelas pessoas cujas velas est\u00e3o acesas no Orat\u00f3rio da Medalha Milagrosa e que estejam de acordo com a vontade de Nossa Senhora (acenda aqui sua vela); 2) Por [&hellip;]<\/p>\n","protected":false},"author":27,"featured_media":0,"comment_status":"open","ping_status":"open","sticky":false,"template":"","format":"standard","meta":[],"categories":[20,60],"tags":[61],"yoast_head":"<!-- This site is optimized with the Yoast SEO plugin v17.4 - https:\/\/yoast.com\/wordpress\/plugins\/seo\/ -->\n<title>Inten\u00e7\u00f5es da semana de 15 a 21\/3\/2010 - Associa\u00e7\u00e3o Devotos de F\u00e1tima<\/title>\n<meta name=\"robots\" content=\"index, follow, max-snippet:-1, max-image-preview:large, max-video-preview:-1\" \/>\n<link rel=\"canonical\" href=\"https:\/\/www.adf.org.br\/home\/intencoes-da-semana-de-15-a-2132010\/\" \/>\n<meta property=\"og:locale\" content=\"pt_BR\" \/>\n<meta property=\"og:type\" content=\"article\" \/>\n<meta property=\"og:title\" content=\"Inten\u00e7\u00f5es da semana de 15 a 21\/3\/2010 - Associa\u00e7\u00e3o Devotos de F\u00e1tima\" \/>\n<meta property=\"og:description\" content=\"S\u00e3o as seguintes as inten\u00e7\u00f5es das ora\u00e7\u00f5es feitas pela Comunidade do Orat\u00f3rio da Medalha Milagrosa e pelos Orantes nesta pr\u00f3xima semana: 1) Por todos os pedidos feitos pelas pessoas cujas velas est\u00e3o acesas no Orat\u00f3rio da Medalha Milagrosa e que estejam de acordo com a vontade de Nossa Senhora (acenda aqui sua vela); 2) Por [&hellip;]\" \/>\n<meta property=\"og:url\" content=\"https:\/\/www.adf.org.br\/home\/intencoes-da-semana-de-15-a-2132010\/\" \/>\n<meta property=\"og:site_name\" content=\"Associa\u00e7\u00e3o Devotos de F\u00e1tima\" \/>\n<meta property=\"article:published_time\" content=\"2010-03-15T03:05:01+00:00\" \/>\n<meta property=\"article:modified_time\" content=\"2020-06-09T14:53:17+00:00\" \/>\n<meta property=\"og:image\" content=\"http:\/\/www.adf.org.br\/home\/wp-content\/uploads\/2010\/03\/miracolo-193x300.jpg\" \/>\n<meta name=\"twitter:card\" content=\"summary_large_image\" \/>\n<meta name=\"twitter:label1\" content=\"Escrito por\" \/>\n\t<meta name=\"twitter:data1\" content=\"Gabriel Barbosa\" \/>\n\t<meta name=\"twitter:label2\" content=\"Est. tempo de leitura\" \/>\n\t<meta name=\"twitter:data2\" content=\"2 minutos\" \/>\n<script type=\"application\/ld+json\" class=\"yoast-schema-graph\">{\"@context\":\"https:\/\/schema.org\",\"@graph\":[{\"@type\":\"WebSite\",\"@id\":\"https:\/\/www.adf.org.br\/home\/#website\",\"url\":\"https:\/\/www.adf.org.br\/home\/\",\"name\":\"Associa\\u00e7\\u00e3o Devotos de F\\u00e1tima\",\"description\":\"Associa\\u00e7\\u00e3o Devotos de F\\u00e1tima\",\"potentialAction\":[{\"@type\":\"SearchAction\",\"target\":{\"@type\":\"EntryPoint\",\"urlTemplate\":\"https:\/\/www.adf.org.br\/home\/?s={search_term_string}\"},\"query-input\":\"required name=search_term_string\"}],\"inLanguage\":\"pt-BR\"},{\"@type\":\"ImageObject\",\"@id\":\"https:\/\/www.adf.org.br\/home\/intencoes-da-semana-de-15-a-2132010\/#primaryimage\",\"inLanguage\":\"pt-BR\",\"url\":\"http:\/\/www.adf.org.br\/home\/wp-content\/uploads\/2010\/03\/miracolo-193x300.jpg\",\"contentUrl\":\"http:\/\/www.adf.org.br\/home\/wp-content\/uploads\/2010\/03\/miracolo-193x300.jpg\"},{\"@type\":\"WebPage\",\"@id\":\"https:\/\/www.adf.org.br\/home\/intencoes-da-semana-de-15-a-2132010\/#webpage\",\"url\":\"https:\/\/www.adf.org.br\/home\/intencoes-da-semana-de-15-a-2132010\/\",\"name\":\"Inten\\u00e7\\u00f5es da semana de 15 a 21\/3\/2010 - Associa\\u00e7\\u00e3o Devotos de F\\u00e1tima\",\"isPartOf\":{\"@id\":\"https:\/\/www.adf.org.br\/home\/#website\"},\"primaryImageOfPage\":{\"@id\":\"https:\/\/www.adf.org.br\/home\/intencoes-da-semana-de-15-a-2132010\/#primaryimage\"},\"datePublished\":\"2010-03-15T03:05:01+00:00\",\"dateModified\":\"2020-06-09T14:53:17+00:00\",\"author\":{\"@id\":\"https:\/\/www.adf.org.br\/home\/#\/schema\/person\/affa494ecf91434f3620f5392de44327\"},\"breadcrumb\":{\"@id\":\"https:\/\/www.adf.org.br\/home\/intencoes-da-semana-de-15-a-2132010\/#breadcrumb\"},\"inLanguage\":\"pt-BR\",\"potentialAction\":[{\"@type\":\"ReadAction\",\"target\":[\"https:\/\/www.adf.org.br\/home\/intencoes-da-semana-de-15-a-2132010\/\"]}]},{\"@type\":\"BreadcrumbList\",\"@id\":\"https:\/\/www.adf.org.br\/home\/intencoes-da-semana-de-15-a-2132010\/#breadcrumb\",\"itemListElement\":[{\"@type\":\"ListItem\",\"position\":1,\"name\":\"Home\",\"item\":\"https:\/\/www.adf.org.br\/home\/\"},{\"@type\":\"ListItem\",\"position\":2,\"name\":\"Inten\\u00e7\\u00f5es da semana de 15 a 21\/3\/2010\"}]},{\"@type\":\"Person\",\"@id\":\"https:\/\/www.adf.org.br\/home\/#\/schema\/person\/affa494ecf91434f3620f5392de44327\",\"name\":\"Gabriel Barbosa\",\"image\":{\"@type\":\"ImageObject\",\"@id\":\"https:\/\/www.adf.org.br\/home\/#personlogo\",\"inLanguage\":\"pt-BR\",\"url\":\"https:\/\/secure.gravatar.com\/avatar\/ecf2eab02e30486a7038f8b2858de06a?s=96&d=mm&r=g\",\"contentUrl\":\"https:\/\/secure.gravatar.com\/avatar\/ecf2eab02e30486a7038f8b2858de06a?s=96&d=mm&r=g\",\"caption\":\"Gabriel Barbosa\"},\"url\":\"https:\/\/www.adf.org.br\/home\/author\/gabriel-aascj\/\"}]}<\/script>\n<!-- \/ Yoast SEO plugin. -->","yoast_head_json":{"title":"Inten\u00e7\u00f5es da semana de 15 a 21\/3\/2010 - Associa\u00e7\u00e3o Devotos de F\u00e1tima","robots":{"index":"index","follow":"follow","max-snippet":"max-snippet:-1","max-image-preview":"max-image-preview:large","max-video-preview":"max-video-preview:-1"},"canonical":"https:\/\/www.adf.org.br\/home\/intencoes-da-semana-de-15-a-2132010\/","og_locale":"pt_BR","og_type":"article","og_title":"Inten\u00e7\u00f5es da semana de 15 a 21\/3\/2010 - Associa\u00e7\u00e3o Devotos de F\u00e1tima","og_description":"S\u00e3o as seguintes as inten\u00e7\u00f5es das ora\u00e7\u00f5es feitas pela Comunidade do Orat\u00f3rio da Medalha Milagrosa e pelos Orantes nesta pr\u00f3xima semana: 1) Por todos os pedidos feitos pelas pessoas cujas velas est\u00e3o acesas no Orat\u00f3rio da Medalha Milagrosa e que estejam de acordo com a vontade de Nossa Senhora (acenda aqui sua vela); 2) Por [&hellip;]","og_url":"https:\/\/www.adf.org.br\/home\/intencoes-da-semana-de-15-a-2132010\/","og_site_name":"Associa\u00e7\u00e3o Devotos de F\u00e1tima","article_published_time":"2010-03-15T03:05:01+00:00","article_modified_time":"2020-06-09T14:53:17+00:00","og_image":[{"url":"http:\/\/www.adf.org.br\/home\/wp-content\/uploads\/2010\/03\/miracolo-193x300.jpg"}],"twitter_card":"summary_large_image","twitter_misc":{"Escrito por":"Gabriel Barbosa","Est. tempo de leitura":"2 minutos"},"schema":{"@context":"https:\/\/schema.org","@graph":[{"@type":"WebSite","@id":"https:\/\/www.adf.org.br\/home\/#website","url":"https:\/\/www.adf.org.br\/home\/","name":"Associa\u00e7\u00e3o Devotos de F\u00e1tima","description":"Associa\u00e7\u00e3o Devotos de F\u00e1tima","potentialAction":[{"@type":"SearchAction","target":{"@type":"EntryPoint","urlTemplate":"https:\/\/www.adf.org.br\/home\/?s={search_term_string}"},"query-input":"required name=search_term_string"}],"inLanguage":"pt-BR"},{"@type":"ImageObject","@id":"https:\/\/www.adf.org.br\/home\/intencoes-da-semana-de-15-a-2132010\/#primaryimage","inLanguage":"pt-BR","url":"http:\/\/www.adf.org.br\/home\/wp-content\/uploads\/2010\/03\/miracolo-193x300.jpg","contentUrl":"http:\/\/www.adf.org.br\/home\/wp-content\/uploads\/2010\/03\/miracolo-193x300.jpg"},{"@type":"WebPage","@id":"https:\/\/www.adf.org.br\/home\/intencoes-da-semana-de-15-a-2132010\/#webpage","url":"https:\/\/www.adf.org.br\/home\/intencoes-da-semana-de-15-a-2132010\/","name":"Inten\u00e7\u00f5es da semana de 15 a 21\/3\/2010 - Associa\u00e7\u00e3o Devotos de F\u00e1tima","isPartOf":{"@id":"https:\/\/www.adf.org.br\/home\/#website"},"primaryImageOfPage":{"@id":"https:\/\/www.adf.org.br\/home\/intencoes-da-semana-de-15-a-2132010\/#primaryimage"},"datePublished":"2010-03-15T03:05:01+00:00","dateModified":"2020-06-09T14:53:17+00:00","author":{"@id":"https:\/\/www.adf.org.br\/home\/#\/schema\/person\/affa494ecf91434f3620f5392de44327"},"breadcrumb":{"@id":"https:\/\/www.adf.org.br\/home\/intencoes-da-semana-de-15-a-2132010\/#breadcrumb"},"inLanguage":"pt-BR","potentialAction":[{"@type":"ReadAction","target":["https:\/\/www.adf.org.br\/home\/intencoes-da-semana-de-15-a-2132010\/"]}]},{"@type":"BreadcrumbList","@id":"https:\/\/www.adf.org.br\/home\/intencoes-da-semana-de-15-a-2132010\/#breadcrumb","itemListElement":[{"@type":"ListItem","position":1,"name":"Home","item":"https:\/\/www.adf.org.br\/home\/"},{"@type":"ListItem","position":2,"name":"Inten\u00e7\u00f5es da semana de 15 a 21\/3\/2010"}]},{"@type":"Person","@id":"https:\/\/www.adf.org.br\/home\/#\/schema\/person\/affa494ecf91434f3620f5392de44327","name":"Gabriel Barbosa","image":{"@type":"ImageObject","@id":"https:\/\/www.adf.org.br\/home\/#personlogo","inLanguage":"pt-BR","url":"https:\/\/secure.gravatar.com\/avatar\/ecf2eab02e30486a7038f8b2858de06a?s=96&d=mm&r=g","contentUrl":"https:\/\/secure.gravatar.com\/avatar\/ecf2eab02e30486a7038f8b2858de06a?s=96&d=mm&r=g","caption":"Gabriel Barbosa"},"url":"https:\/\/www.adf.org.br\/home\/author\/gabriel-aascj\/"}]}},"_links":{"self":[{"href":"https:\/\/www.adf.org.br\/home\/wp-json\/wp\/v2\/posts\/2987"}],"collection":[{"href":"https:\/\/www.adf.org.br\/home\/wp-json\/wp\/v2\/posts"}],"about":[{"href":"https:\/\/www.adf.org.br\/home\/wp-json\/wp\/v2\/types\/post"}],"author":[{"embeddable":true,"href":"https:\/\/www.adf.org.br\/home\/wp-json\/wp\/v2\/users\/27"}],"replies":[{"embeddable":true,"href":"https:\/\/www.adf.org.br\/home\/wp-json\/wp\/v2\/comments?post=2987"}],"version-history":[{"count":1,"href":"https:\/\/www.adf.org.br\/home\/wp-json\/wp\/v2\/posts\/2987\/revisions"}],"predecessor-version":[{"id":59666,"href":"https:\/\/www.adf.org.br\/home\/wp-json\/wp\/v2\/posts\/2987\/revisions\/59666"}],"wp:attachment":[{"href":"https:\/\/www.adf.org.br\/home\/wp-json\/wp\/v2\/media?parent=2987"}],"wp:term":[{"taxonomy":"category","embeddable":true,"href":"https:\/\/www.adf.org.br\/home\/wp-json\/wp\/v2\/categories?post=2987"},{"taxonomy":"post_tag","embeddable":true,"href":"https:\/\/www.adf.org.br\/home\/wp-json\/wp\/v2\/tags?post=2987"}],"curies":[{"name":"wp","href":"https:\/\/api.w.org\/{rel}","templated":true}]}}