{"id":29251,"date":"2015-02-01T23:58:18","date_gmt":"2015-02-02T01:58:18","guid":{"rendered":"http:\/\/www.adf.org.br\/home\/?p=29251"},"modified":"2015-02-01T23:58:18","modified_gmt":"2015-02-02T01:58:18","slug":"intencoes-da-semana-oratorio-da-medalha-milagrosa-2-a-8-de-fevereiro","status":"publish","type":"post","link":"https:\/\/www.adf.org.br\/home\/intencoes-da-semana-oratorio-da-medalha-milagrosa-2-a-8-de-fevereiro\/","title":{"rendered":"Inten\u00e7\u00f5es da Semana Orat\u00f3rio da Medalha Milagrosa \u2013 2 a 8 de Fevereiro"},"content":{"rendered":"<p style=\"text-align: center;\"><a href=\"http:\/\/oratoriodamedalhamilagrosa.org.br\/home\/acenda-sua-vela-30\/?origem=1\"><img loading=\"lazy\" class=\"aligncenter size-full wp-image-29259\" title=\"Inten\u00e7\u00f5es da Semana do Orat\u00f3rio da Medalha Milagrosa\" src=\"http:\/\/www.adf.org.br\/home\/wp-content\/uploads\/2015\/01\/intencoes_oratorio.jpg\" alt=\"\" width=\"600\" height=\"297\" \/><\/a><\/p>\n<p style=\"text-align: center;\"><strong style=\"color: #800080; font-family: verdana, geneva; font-size: medium;\">Cat\u00f3lico! <span style=\"text-decoration: underline;\">Vale a pena rezar por estas inten\u00e7\u00f5es!<\/span><\/strong><\/p>\n<p><span style=\"font-family: verdana, geneva;\"><span style=\"font-size: small;\"><strong>1)<\/strong><\/span> Pelas v\u00edtimas do Terrorismo isl\u00e2mico na Fran\u00e7a, na Nig\u00e9ria, no Ir\u00e3, no Iraque, no Sud\u00e3o, na Som\u00e1lia, na L\u00edbia, na S\u00edria&#8230; e em todo o mundo&#8230;<\/span><\/p>\n<p><span style=\"font-family: verdana, geneva;\"><strong>2)<\/strong> Por todos os crist\u00e3os que s\u00e3o perseguidos e massacrados diariamente por se recusarem a abrir m\u00e3o de sua F\u00e9, na China, no mundo \u00e1rabe, e at\u00e9 mesmo na Am\u00e9rica&#8230;<\/span><\/p>\n<p style=\"text-align: center;\"><span style=\"font-size: medium; font-family: verdana, geneva;\"><a href=\"http:\/\/oratoriodamedalhamilagrosa.org.br\/home\/acenda-sua-vela-30\/?origem=1\" target=\"_blank\" rel=\"noopener noreferrer\">Voc\u00ea tamb\u00e9m pode colocar o seu nome e as suas inten\u00e7\u00f5es pessoais<br \/>\nnas inten\u00e7\u00f5es das Santas Missas da semana;\u00a0<\/a><\/span><\/p>\n<p><span style=\"font-family: verdana, geneva;\"><strong>3)<\/strong> Para que a Virgem Sant\u00edssima ensine \u00e0s nossas meninas e mo\u00e7as, e tamb\u00e9m aos rapazes, \u00a0o amor pela <span style=\"text-decoration: underline;\"><strong><span style=\"color: #ff0000; text-decoration: underline;\">pureza<\/span><\/strong><\/span> de corpo e de alma, porque assim o n\u00famero de abortos e da gravidez fora da institui\u00e7\u00e3o do matrim\u00f4nio se reduziriam muito&#8230;<\/span><\/p>\n<p><span style=\"font-family: verdana, geneva;\"><strong>4)<\/strong> Para que cada um dos fieis que reza neste orat\u00f3rio possa fazer um bom exame de consci\u00eancia para corrigir aqueles h\u00e1bitos e a\u00e7\u00f5es corriqueiras que nos levam a ofender a Deus;<\/span><\/p>\n<p><span style=\"color: #800080;\"><strong><span style=\"font-family: verdana, geneva;\">5) Por todas as inten\u00e7\u00f5es pessoais de todos os que <span style=\"text-decoration: underline;\">pedirem no telefone<\/span> abaixo, com F\u00e9 e arrependimento dos seus pecados:<\/span><\/strong><\/span><\/p>\n<p style=\"text-align: center;\"><span style=\"font-size: x-large; color: #0000ff; font-family: verdana, geneva;\"><strong>0800 773 1119<\/strong><\/span><\/p>\n<p style=\"text-align: center;\"><span style=\"font-size: medium; font-family: verdana, geneva;\"><a href=\"http:\/\/oratoriodamedalhamilagrosa.org.br\/home\/acenda-sua-vela-30\/?origem=1\" target=\"_blank\" rel=\"noopener noreferrer\">Nossa Senhora das Gra\u00e7as est\u00e1 aguardando a sua ora\u00e7\u00e3o:<\/a><\/span><\/p>\n<p style=\"text-align: center;\"><span style=\"font-size: medium; font-family: verdana, geneva;\"><a href=\"http:\/\/oratoriodamedalhamilagrosa.org.br\/home\/acenda-sua-vela-30\/?origem=1\" target=\"_blank\" rel=\"noopener noreferrer\">&#8230;Para enviar do C\u00e9u a gra\u00e7a que voc\u00ea mais precisa&#8230;<\/a><\/span><\/p>\n<p style=\"text-align: center;\"><span style=\"font-family: verdana, geneva;\"><strong><span style=\"font-size: large;\">O Maria Concebida sem pecados, rogai por n\u00f3s que recorremos a V\u00f3s!<\/span><\/strong><\/span><\/p>\n","protected":false},"excerpt":{"rendered":"<p>Cat\u00f3lico! Vale a pena rezar por estas inten\u00e7\u00f5es! 1) Pelas v\u00edtimas do Terrorismo isl\u00e2mico na Fran\u00e7a, na Nig\u00e9ria, no Ir\u00e3, no Iraque, no Sud\u00e3o, na Som\u00e1lia, na L\u00edbia, na S\u00edria&#8230; e em todo o mundo&#8230; 2) Por todos os crist\u00e3os que s\u00e3o perseguidos e massacrados diariamente por se recusarem a abrir m\u00e3o de sua F\u00e9, [&hellip;]<\/p>\n","protected":false},"author":12,"featured_media":0,"comment_status":"closed","ping_status":"open","sticky":false,"template":"","format":"standard","meta":[],"categories":[60],"tags":[61],"yoast_head":"<!-- This site is optimized with the Yoast SEO plugin v17.4 - https:\/\/yoast.com\/wordpress\/plugins\/seo\/ -->\n<title>Inten\u00e7\u00f5es da Semana Orat\u00f3rio da Medalha Milagrosa \u2013 2 a 8 de Fevereiro - Associa\u00e7\u00e3o Devotos de F\u00e1tima<\/title>\n<meta name=\"robots\" content=\"index, follow, max-snippet:-1, max-image-preview:large, max-video-preview:-1\" \/>\n<link rel=\"canonical\" href=\"https:\/\/www.adf.org.br\/home\/intencoes-da-semana-oratorio-da-medalha-milagrosa-2-a-8-de-fevereiro\/\" \/>\n<meta property=\"og:locale\" content=\"pt_BR\" \/>\n<meta property=\"og:type\" content=\"article\" \/>\n<meta property=\"og:title\" content=\"Inten\u00e7\u00f5es da Semana Orat\u00f3rio da Medalha Milagrosa \u2013 2 a 8 de Fevereiro - Associa\u00e7\u00e3o Devotos de F\u00e1tima\" \/>\n<meta property=\"og:description\" content=\"Cat\u00f3lico! Vale a pena rezar por estas inten\u00e7\u00f5es! 1) Pelas v\u00edtimas do Terrorismo isl\u00e2mico na Fran\u00e7a, na Nig\u00e9ria, no Ir\u00e3, no Iraque, no Sud\u00e3o, na Som\u00e1lia, na L\u00edbia, na S\u00edria&#8230; e em todo o mundo&#8230; 2) Por todos os crist\u00e3os que s\u00e3o perseguidos e massacrados diariamente por se recusarem a abrir m\u00e3o de sua F\u00e9, [&hellip;]\" \/>\n<meta property=\"og:url\" content=\"https:\/\/www.adf.org.br\/home\/intencoes-da-semana-oratorio-da-medalha-milagrosa-2-a-8-de-fevereiro\/\" \/>\n<meta property=\"og:site_name\" content=\"Associa\u00e7\u00e3o Devotos de F\u00e1tima\" \/>\n<meta property=\"article:published_time\" content=\"2015-02-02T01:58:18+00:00\" \/>\n<meta property=\"og:image\" content=\"http:\/\/www.adf.org.br\/home\/wp-content\/uploads\/2015\/01\/intencoes_oratorio.jpg\" \/>\n<meta name=\"twitter:card\" content=\"summary_large_image\" \/>\n<meta name=\"twitter:label1\" content=\"Escrito por\" \/>\n\t<meta name=\"twitter:data1\" content=\"luiz.fernando\" \/>\n\t<meta name=\"twitter:label2\" content=\"Est. tempo de leitura\" \/>\n\t<meta name=\"twitter:data2\" content=\"1 minuto\" \/>\n<script type=\"application\/ld+json\" class=\"yoast-schema-graph\">{\"@context\":\"https:\/\/schema.org\",\"@graph\":[{\"@type\":\"WebSite\",\"@id\":\"https:\/\/www.adf.org.br\/home\/#website\",\"url\":\"https:\/\/www.adf.org.br\/home\/\",\"name\":\"Associa\\u00e7\\u00e3o Devotos de F\\u00e1tima\",\"description\":\"Associa\\u00e7\\u00e3o Devotos de F\\u00e1tima\",\"potentialAction\":[{\"@type\":\"SearchAction\",\"target\":{\"@type\":\"EntryPoint\",\"urlTemplate\":\"https:\/\/www.adf.org.br\/home\/?s={search_term_string}\"},\"query-input\":\"required name=search_term_string\"}],\"inLanguage\":\"pt-BR\"},{\"@type\":\"ImageObject\",\"@id\":\"https:\/\/www.adf.org.br\/home\/intencoes-da-semana-oratorio-da-medalha-milagrosa-2-a-8-de-fevereiro\/#primaryimage\",\"inLanguage\":\"pt-BR\",\"url\":\"http:\/\/www.adf.org.br\/home\/wp-content\/uploads\/2015\/01\/intencoes_oratorio.jpg\",\"contentUrl\":\"http:\/\/www.adf.org.br\/home\/wp-content\/uploads\/2015\/01\/intencoes_oratorio.jpg\"},{\"@type\":\"WebPage\",\"@id\":\"https:\/\/www.adf.org.br\/home\/intencoes-da-semana-oratorio-da-medalha-milagrosa-2-a-8-de-fevereiro\/#webpage\",\"url\":\"https:\/\/www.adf.org.br\/home\/intencoes-da-semana-oratorio-da-medalha-milagrosa-2-a-8-de-fevereiro\/\",\"name\":\"Inten\\u00e7\\u00f5es da Semana Orat\\u00f3rio da Medalha Milagrosa \\u2013 2 a 8 de Fevereiro - Associa\\u00e7\\u00e3o Devotos de F\\u00e1tima\",\"isPartOf\":{\"@id\":\"https:\/\/www.adf.org.br\/home\/#website\"},\"primaryImageOfPage\":{\"@id\":\"https:\/\/www.adf.org.br\/home\/intencoes-da-semana-oratorio-da-medalha-milagrosa-2-a-8-de-fevereiro\/#primaryimage\"},\"datePublished\":\"2015-02-02T01:58:18+00:00\",\"dateModified\":\"2015-02-02T01:58:18+00:00\",\"author\":{\"@id\":\"https:\/\/www.adf.org.br\/home\/#\/schema\/person\/4eb0499131c1962e974297eff367a715\"},\"breadcrumb\":{\"@id\":\"https:\/\/www.adf.org.br\/home\/intencoes-da-semana-oratorio-da-medalha-milagrosa-2-a-8-de-fevereiro\/#breadcrumb\"},\"inLanguage\":\"pt-BR\",\"potentialAction\":[{\"@type\":\"ReadAction\",\"target\":[\"https:\/\/www.adf.org.br\/home\/intencoes-da-semana-oratorio-da-medalha-milagrosa-2-a-8-de-fevereiro\/\"]}]},{\"@type\":\"BreadcrumbList\",\"@id\":\"https:\/\/www.adf.org.br\/home\/intencoes-da-semana-oratorio-da-medalha-milagrosa-2-a-8-de-fevereiro\/#breadcrumb\",\"itemListElement\":[{\"@type\":\"ListItem\",\"position\":1,\"name\":\"Home\",\"item\":\"https:\/\/www.adf.org.br\/home\/\"},{\"@type\":\"ListItem\",\"position\":2,\"name\":\"Inten\\u00e7\\u00f5es da Semana Orat\\u00f3rio da Medalha Milagrosa \\u2013 2 a 8 de Fevereiro\"}]},{\"@type\":\"Person\",\"@id\":\"https:\/\/www.adf.org.br\/home\/#\/schema\/person\/4eb0499131c1962e974297eff367a715\",\"name\":\"luiz.fernando\",\"image\":{\"@type\":\"ImageObject\",\"@id\":\"https:\/\/www.adf.org.br\/home\/#personlogo\",\"inLanguage\":\"pt-BR\",\"url\":\"https:\/\/secure.gravatar.com\/avatar\/4e9dcdc2a00e06e1d9189a84f6908f28?s=96&d=mm&r=g\",\"contentUrl\":\"https:\/\/secure.gravatar.com\/avatar\/4e9dcdc2a00e06e1d9189a84f6908f28?s=96&d=mm&r=g\",\"caption\":\"luiz.fernando\"},\"url\":\"https:\/\/www.adf.org.br\/home\/author\/luiz-fernando\/\"}]}<\/script>\n<!-- \/ Yoast SEO plugin. -->","yoast_head_json":{"title":"Inten\u00e7\u00f5es da Semana Orat\u00f3rio da Medalha Milagrosa \u2013 2 a 8 de Fevereiro - Associa\u00e7\u00e3o Devotos de F\u00e1tima","robots":{"index":"index","follow":"follow","max-snippet":"max-snippet:-1","max-image-preview":"max-image-preview:large","max-video-preview":"max-video-preview:-1"},"canonical":"https:\/\/www.adf.org.br\/home\/intencoes-da-semana-oratorio-da-medalha-milagrosa-2-a-8-de-fevereiro\/","og_locale":"pt_BR","og_type":"article","og_title":"Inten\u00e7\u00f5es da Semana Orat\u00f3rio da Medalha Milagrosa \u2013 2 a 8 de Fevereiro - Associa\u00e7\u00e3o Devotos de F\u00e1tima","og_description":"Cat\u00f3lico! Vale a pena rezar por estas inten\u00e7\u00f5es! 1) Pelas v\u00edtimas do Terrorismo isl\u00e2mico na Fran\u00e7a, na Nig\u00e9ria, no Ir\u00e3, no Iraque, no Sud\u00e3o, na Som\u00e1lia, na L\u00edbia, na S\u00edria&#8230; e em todo o mundo&#8230; 2) Por todos os crist\u00e3os que s\u00e3o perseguidos e massacrados diariamente por se recusarem a abrir m\u00e3o de sua F\u00e9, [&hellip;]","og_url":"https:\/\/www.adf.org.br\/home\/intencoes-da-semana-oratorio-da-medalha-milagrosa-2-a-8-de-fevereiro\/","og_site_name":"Associa\u00e7\u00e3o Devotos de F\u00e1tima","article_published_time":"2015-02-02T01:58:18+00:00","og_image":[{"url":"http:\/\/www.adf.org.br\/home\/wp-content\/uploads\/2015\/01\/intencoes_oratorio.jpg"}],"twitter_card":"summary_large_image","twitter_misc":{"Escrito por":"luiz.fernando","Est. tempo de leitura":"1 minuto"},"schema":{"@context":"https:\/\/schema.org","@graph":[{"@type":"WebSite","@id":"https:\/\/www.adf.org.br\/home\/#website","url":"https:\/\/www.adf.org.br\/home\/","name":"Associa\u00e7\u00e3o Devotos de F\u00e1tima","description":"Associa\u00e7\u00e3o Devotos de F\u00e1tima","potentialAction":[{"@type":"SearchAction","target":{"@type":"EntryPoint","urlTemplate":"https:\/\/www.adf.org.br\/home\/?s={search_term_string}"},"query-input":"required name=search_term_string"}],"inLanguage":"pt-BR"},{"@type":"ImageObject","@id":"https:\/\/www.adf.org.br\/home\/intencoes-da-semana-oratorio-da-medalha-milagrosa-2-a-8-de-fevereiro\/#primaryimage","inLanguage":"pt-BR","url":"http:\/\/www.adf.org.br\/home\/wp-content\/uploads\/2015\/01\/intencoes_oratorio.jpg","contentUrl":"http:\/\/www.adf.org.br\/home\/wp-content\/uploads\/2015\/01\/intencoes_oratorio.jpg"},{"@type":"WebPage","@id":"https:\/\/www.adf.org.br\/home\/intencoes-da-semana-oratorio-da-medalha-milagrosa-2-a-8-de-fevereiro\/#webpage","url":"https:\/\/www.adf.org.br\/home\/intencoes-da-semana-oratorio-da-medalha-milagrosa-2-a-8-de-fevereiro\/","name":"Inten\u00e7\u00f5es da Semana Orat\u00f3rio da Medalha Milagrosa \u2013 2 a 8 de Fevereiro - Associa\u00e7\u00e3o Devotos de F\u00e1tima","isPartOf":{"@id":"https:\/\/www.adf.org.br\/home\/#website"},"primaryImageOfPage":{"@id":"https:\/\/www.adf.org.br\/home\/intencoes-da-semana-oratorio-da-medalha-milagrosa-2-a-8-de-fevereiro\/#primaryimage"},"datePublished":"2015-02-02T01:58:18+00:00","dateModified":"2015-02-02T01:58:18+00:00","author":{"@id":"https:\/\/www.adf.org.br\/home\/#\/schema\/person\/4eb0499131c1962e974297eff367a715"},"breadcrumb":{"@id":"https:\/\/www.adf.org.br\/home\/intencoes-da-semana-oratorio-da-medalha-milagrosa-2-a-8-de-fevereiro\/#breadcrumb"},"inLanguage":"pt-BR","potentialAction":[{"@type":"ReadAction","target":["https:\/\/www.adf.org.br\/home\/intencoes-da-semana-oratorio-da-medalha-milagrosa-2-a-8-de-fevereiro\/"]}]},{"@type":"BreadcrumbList","@id":"https:\/\/www.adf.org.br\/home\/intencoes-da-semana-oratorio-da-medalha-milagrosa-2-a-8-de-fevereiro\/#breadcrumb","itemListElement":[{"@type":"ListItem","position":1,"name":"Home","item":"https:\/\/www.adf.org.br\/home\/"},{"@type":"ListItem","position":2,"name":"Inten\u00e7\u00f5es da Semana Orat\u00f3rio da Medalha Milagrosa \u2013 2 a 8 de Fevereiro"}]},{"@type":"Person","@id":"https:\/\/www.adf.org.br\/home\/#\/schema\/person\/4eb0499131c1962e974297eff367a715","name":"luiz.fernando","image":{"@type":"ImageObject","@id":"https:\/\/www.adf.org.br\/home\/#personlogo","inLanguage":"pt-BR","url":"https:\/\/secure.gravatar.com\/avatar\/4e9dcdc2a00e06e1d9189a84f6908f28?s=96&d=mm&r=g","contentUrl":"https:\/\/secure.gravatar.com\/avatar\/4e9dcdc2a00e06e1d9189a84f6908f28?s=96&d=mm&r=g","caption":"luiz.fernando"},"url":"https:\/\/www.adf.org.br\/home\/author\/luiz-fernando\/"}]}},"_links":{"self":[{"href":"https:\/\/www.adf.org.br\/home\/wp-json\/wp\/v2\/posts\/29251"}],"collection":[{"href":"https:\/\/www.adf.org.br\/home\/wp-json\/wp\/v2\/posts"}],"about":[{"href":"https:\/\/www.adf.org.br\/home\/wp-json\/wp\/v2\/types\/post"}],"author":[{"embeddable":true,"href":"https:\/\/www.adf.org.br\/home\/wp-json\/wp\/v2\/users\/12"}],"replies":[{"embeddable":true,"href":"https:\/\/www.adf.org.br\/home\/wp-json\/wp\/v2\/comments?post=29251"}],"version-history":[{"count":0,"href":"https:\/\/www.adf.org.br\/home\/wp-json\/wp\/v2\/posts\/29251\/revisions"}],"wp:attachment":[{"href":"https:\/\/www.adf.org.br\/home\/wp-json\/wp\/v2\/media?parent=29251"}],"wp:term":[{"taxonomy":"category","embeddable":true,"href":"https:\/\/www.adf.org.br\/home\/wp-json\/wp\/v2\/categories?post=29251"},{"taxonomy":"post_tag","embeddable":true,"href":"https:\/\/www.adf.org.br\/home\/wp-json\/wp\/v2\/tags?post=29251"}],"curies":[{"name":"wp","href":"https:\/\/api.w.org\/{rel}","templated":true}]}}