{"id":29087,"date":"2015-01-27T23:57:06","date_gmt":"2015-01-28T01:57:06","guid":{"rendered":"http:\/\/www.adf.org.br\/home\/?p=29087"},"modified":"2015-01-27T23:57:06","modified_gmt":"2015-01-28T01:57:06","slug":"ate-quando-senhor","status":"publish","type":"post","link":"https:\/\/www.adf.org.br\/home\/ate-quando-senhor\/","title":{"rendered":"At\u00e9 quando, Senhor?"},"content":{"rendered":"<p style=\"text-align: center;\"><a href=\"http:\/\/www.adf.org.br\/home\/2015\/01\/ate-quando-senhor\/menino-jesus-2\/\" rel=\"attachment wp-att-29088\"><img loading=\"lazy\" class=\"aligncenter  wp-image-29088\" title=\"Menino Jesus\" src=\"http:\/\/www.adf.org.br\/home\/wp-content\/uploads\/2015\/01\/Menino-Jesus.jpg\" alt=\"\" width=\"512\" height=\"384\" \/><\/a><\/p>\n<p style=\"text-align: right;\"><span style=\"font-family: verdana, geneva;\"><em>Rev. Pe. David Francisquini<\/em><\/span><\/p>\n<p style=\"padding-left: 90px;\"><span style=\"font-size: medium; color: #800080;\"><strong><span style=\"font-family: verdana, geneva;\">Bem diferente de hoje era a atmosfera que circundava o Natal de outrora&#8230;<\/span><\/strong><\/span><\/p>\n<p><span style=\"font-family: verdana, geneva;\">Quando a maioria das pessoas ainda abria a porta de suas almas \u2013 que s\u00f3 podem ser abertas pelo lado de dentro \u2013 para as gra\u00e7as pr\u00f3prias \u00e0s comemora\u00e7\u00f5es do Nascimento d\u2019Aquele que veio \u00e0 Terra para inaugurar o<strong> Reino da bondade, do perd\u00e3o, da miseric\u00f3rdia e da clem\u00eancia.<\/strong><\/span><\/p>\n<p><span style=\"font-family: verdana, geneva;\">Gra\u00e7as que transcendiam o pr\u00f3prio ser e difundiam nos cora\u00e7\u00f5es o sentimento de esperan\u00e7a e certeza. Em sua un\u00e7\u00e3o, tais gra\u00e7as inundavam os ambientes com lou\u00e7ania arrebatadora, raz\u00e3o pela qual todos, adultos e crian\u00e7as, aguardavam pressurosos a Noite Feliz que nos deu t\u00e3o grande Redentor.<\/span><\/p>\n<p><span style=\"font-family: verdana, geneva;\">O fechamento das almas se deu em detrimento do <strong>esp\u00edrito crist\u00e3o<\/strong> radicado nas virtudes teologais da f\u00e9, esperan\u00e7a e caridade; bem como nas virtudes cardeais da prud\u00eancia, justi\u00e7a, fortaleza<br \/>\ne temperan\u00e7a. <\/span><\/p>\n<p style=\"padding-left: 60px;\"><strong><span style=\"font-family: verdana, geneva; color: #3366ff;\">Tais virtudes, debilitadas ou mesmo extintas, geraram desequil\u00edbrios na psicologia dos homens, tornando-os insens\u00edveis \u00e0s gra\u00e7as de bem-estar e<br \/>\nde benqueren\u00e7a.<\/span><\/strong><\/p>\n<p><span style=\"font-family: verdana, geneva;\">N\u00e3o se levanta mais o incenso da ora\u00e7\u00e3o; na sociedade, o trato cavalheiresco foi substitu\u00eddo pela vulgaridade; a solenidade requintada e a eleva\u00e7\u00e3o de alma passaram a ser rejeitadas, pois <strong>n\u00e3o h\u00e1 mais caridade crist\u00e3<\/strong>, espelho do amor de Deus trazido por Jesus Menino.<\/span><\/p>\n<p style=\"padding-left: 60px;\"><span style=\"font-family: verdana, geneva;\"><span style=\"color: #800080;\"><strong> Enrijecido, o homem n\u00e3o sabe mais o que representa o Natal. Sem d\u00favida, isso decorre do desfazimento da fam\u00edlia<\/strong>.<\/span><\/span><\/p>\n<p><span style=\"font-family: verdana, geneva;\">Para ele, o que interessa \u00e9 a frui\u00e7\u00e3o do momento, a avidez dos lucros, a sofreguid\u00e3o dos prazeres, a intemperan\u00e7a em fruir o ambiente e as circunst\u00e2ncias que o mundo neopag\u00e3o oferece. No pres\u00e9pio, <strong>o Menino Jesus quase n\u00e3o \u00e9 visitado<\/strong>. <\/span><\/p>\n<p><span style=\"font-family: verdana, geneva;\">Repete-se hoje de certo modo o que se deu com Herodes, quando os Reis Magos lhe perguntaram onde havia nascido o rei de Jud\u00e1\u2026<\/span><\/p>\n<p><strong><span style=\"font-size: medium; font-family: verdana, geneva;\">O \u00d3dio que ronda o Menino no Pres\u00e9pio<\/span><\/strong><\/p>\n<p><span style=\"font-family: verdana, geneva;\">Se os homens de f\u00e9 foram v\u00edtimas de um processo diab\u00f3lico de transforma\u00e7\u00e3o at\u00e9 se tornarem ateus pr\u00e1ticos, tal processo<strong> ainda n\u00e3o atingiu o seu fim \u00faltimo. <\/strong><\/span><\/p>\n<p style=\"padding-left: 60px;\"><strong><span style=\"font-family: verdana, geneva; color: #3366ff;\">Com efeito, o dem\u00f4nio n\u00e3o esmorecer\u00e1 enquanto n\u00e3o extinguir, na sua faina in\u00fatil, o que resta de crist\u00e3o na face da Terra. H\u00e1 sinais espantosos desse \u00f3dio que ronda o Menino do pres\u00e9pio.<\/span><\/strong><\/p>\n<p><span style=\"font-family: verdana, geneva;\">Basta ver, ouvir ou ler mat\u00e9rias de nossa m\u00eddia para constatar a animosidade da <span style=\"text-decoration: underline;\">persegui\u00e7\u00e3o aos crist\u00e3os<\/span> do Oriente M\u00e9dio, sendo eles perseguidos, massacrados, mutilados, despojados de seus bens e at\u00e9 da pr\u00f3pria vida. <\/span><\/p>\n<p><span style=\"font-family: verdana, geneva;\">No Ocidente, essa persegui\u00e7\u00e3o se d\u00e1 por meio de leis que visam implantar um estado de coisas oposto aos ensinamentos do Evangelho. D\u00f3i diz\u00ea-lo, mas <span style=\"text-decoration: underline;\">sob o sil\u00eancio quase total dos Pastores\u2026<\/span><\/span><\/p>\n<p><span style=\"font-family: verdana, geneva;\">De passagem, citemos o fanatismo de muitos no anseio infrene de impor uma legisla\u00e7\u00e3o abortista; estes mesmos fan\u00e1ticos querem implantar o pseudo-casamento homossexual, a legaliza\u00e7\u00e3o da prostitui\u00e7\u00e3o, a libera\u00e7\u00e3o das drogas, a eutan\u00e1sia, <strong>e tudo mais que se oponha diretamente \u00e0 doutrina e \u00e0 Lei de Nosso Senhor Jesus Cristo e da Santa Igreja.<\/strong><\/span><\/p>\n<p><span style=\"font-family: verdana, geneva;\">Por exemplo, a educa\u00e7\u00e3o das crian\u00e7as pelas m\u00e3os do Estado moderno com suas nefastas consequ\u00eancias. A prop\u00f3sito, s\u00e3o oportunas as palavras do Profeta Jeremias, referidas por<br \/>\nS\u00e3o Mateus:\u00a0<\/span><\/p>\n<p style=\"padding-left: 60px;\"><span style=\"font-family: verdana, geneva; color: #800080;\"><strong><em>\u201cUma voz se ouviu em Ram\u00e1, grandes prantos e lamenta\u00e7\u00f5es: Raquel chora seus filhos e n\u00e3o pode se consolar, pois eles j\u00e1 n\u00e3o existem\u201d.<\/em><\/strong><\/span><\/p>\n<p><span style=\"font-family: verdana, geneva;\">De acordo com S\u00e3o Jer\u00f4nimo e S\u00e3o Jo\u00e3o Cris\u00f3stomo, os evangelistas e os ap\u00f3stolos, como hebreus que eram, quiseram expressar em sua pr\u00f3pria l\u00edngua o que continha no texto hebreu. <\/span><\/p>\n<p style=\"padding-left: 60px;\"><strong><span style=\"font-family: verdana, geneva; color: #3366ff;\">A palavra Ram\u00e1 quer dizer\u00a0<em>\u201cvoz que foi ouvida no alto, de muito longe\u201d<\/em>. Esta voz se referia \u00e0 morte dos inocentes que se ouvia nas alturas.<\/span><\/strong><\/p>\n<p><span style=\"font-family: verdana, geneva;\">Isto se aplica aos nossos dias, quando a verdadeira Igreja Cat\u00f3lica, Apost\u00f3lica, Romana \u2013 quase sucumbida pelos golpes que seus pr\u00f3prios membros lhe v\u00eam desferindo \u2013 chora e lamenta como M\u00e3e, as dores infligidas a seus filhos.\u00a0<strong><em>Usquequo, Domine!<\/em>\u00a0<\/strong>At\u00e9 quando, Senhor?<\/span><\/p>\n<p style=\"text-align: center;\"><span style=\"font-family: verdana, geneva;\"><strong>* \u00a0* \u00a0*<\/strong><\/span><\/p>\n<p style=\"text-align: left;\"><span style=\"font-family: verdana, geneva;\"><em>Fonte: <a href=\"http:\/\/www.abim.inf.br\/ate-quando-senhor\/#.VLZxrtLF-NZ\" target=\"_blank\" rel=\"noopener noreferrer\">Ag\u00eancia Boa Imprensa<\/a>.<\/em><\/span><\/p>\n<p style=\"text-align: center;\"><a href=\"http:\/\/oratoriodamedalhamilagrosa.org.br\/vela-da-reparacao\/?origem=1\"><img loading=\"lazy\" class=\"aligncenter  wp-image-29089\" title=\"Acenda uma Vela em Repara\u00e7\u00e3o \u00e0s ofensas a Nosso Senhor e a Nossa Senhora\" src=\"http:\/\/www.adf.org.br\/home\/wp-content\/uploads\/2015\/01\/vela-da-repara\u00e7\u00e3o3.jpg\" alt=\"\" width=\"532\" height=\"201\" \/><\/a><\/p>\n","protected":false},"excerpt":{"rendered":"<p>Rev. Pe. David Francisquini Bem diferente de hoje era a atmosfera que circundava o Natal de outrora&#8230; Quando a maioria das pessoas ainda abria a porta de suas almas \u2013 que s\u00f3 podem ser abertas pelo lado de dentro \u2013 para as gra\u00e7as pr\u00f3prias \u00e0s comemora\u00e7\u00f5es do Nascimento d\u2019Aquele que veio \u00e0 Terra para inaugurar [&hellip;]<\/p>\n","protected":false},"author":12,"featured_media":0,"comment_status":"open","ping_status":"open","sticky":false,"template":"","format":"standard","meta":[],"categories":[20],"tags":[229,39,1031,32],"yoast_head":"<!-- This site is optimized with the Yoast SEO plugin v17.4 - https:\/\/yoast.com\/wordpress\/plugins\/seo\/ -->\n<title>At\u00e9 quando, Senhor? - Associa\u00e7\u00e3o Devotos de F\u00e1tima<\/title>\n<meta name=\"robots\" content=\"index, follow, max-snippet:-1, max-image-preview:large, max-video-preview:-1\" \/>\n<link rel=\"canonical\" href=\"https:\/\/www.adf.org.br\/home\/ate-quando-senhor\/\" \/>\n<meta property=\"og:locale\" content=\"pt_BR\" \/>\n<meta property=\"og:type\" content=\"article\" \/>\n<meta property=\"og:title\" content=\"At\u00e9 quando, Senhor? - Associa\u00e7\u00e3o Devotos de F\u00e1tima\" \/>\n<meta property=\"og:description\" content=\"Rev. Pe. David Francisquini Bem diferente de hoje era a atmosfera que circundava o Natal de outrora&#8230; Quando a maioria das pessoas ainda abria a porta de suas almas \u2013 que s\u00f3 podem ser abertas pelo lado de dentro \u2013 para as gra\u00e7as pr\u00f3prias \u00e0s comemora\u00e7\u00f5es do Nascimento d\u2019Aquele que veio \u00e0 Terra para inaugurar [&hellip;]\" \/>\n<meta property=\"og:url\" content=\"https:\/\/www.adf.org.br\/home\/ate-quando-senhor\/\" \/>\n<meta property=\"og:site_name\" content=\"Associa\u00e7\u00e3o Devotos de F\u00e1tima\" \/>\n<meta property=\"article:published_time\" content=\"2015-01-28T01:57:06+00:00\" \/>\n<meta property=\"og:image\" content=\"http:\/\/www.adf.org.br\/home\/wp-content\/uploads\/2015\/01\/Menino-Jesus.jpg\" \/>\n<meta name=\"twitter:card\" content=\"summary_large_image\" \/>\n<meta name=\"twitter:label1\" content=\"Escrito por\" \/>\n\t<meta name=\"twitter:data1\" content=\"luiz.fernando\" \/>\n\t<meta name=\"twitter:label2\" content=\"Est. tempo de leitura\" \/>\n\t<meta name=\"twitter:data2\" content=\"4 minutos\" \/>\n<script type=\"application\/ld+json\" class=\"yoast-schema-graph\">{\"@context\":\"https:\/\/schema.org\",\"@graph\":[{\"@type\":\"WebSite\",\"@id\":\"https:\/\/www.adf.org.br\/home\/#website\",\"url\":\"https:\/\/www.adf.org.br\/home\/\",\"name\":\"Associa\\u00e7\\u00e3o Devotos de F\\u00e1tima\",\"description\":\"Associa\\u00e7\\u00e3o Devotos de F\\u00e1tima\",\"potentialAction\":[{\"@type\":\"SearchAction\",\"target\":{\"@type\":\"EntryPoint\",\"urlTemplate\":\"https:\/\/www.adf.org.br\/home\/?s={search_term_string}\"},\"query-input\":\"required name=search_term_string\"}],\"inLanguage\":\"pt-BR\"},{\"@type\":\"ImageObject\",\"@id\":\"https:\/\/www.adf.org.br\/home\/ate-quando-senhor\/#primaryimage\",\"inLanguage\":\"pt-BR\",\"url\":\"http:\/\/www.adf.org.br\/home\/wp-content\/uploads\/2015\/01\/Menino-Jesus.jpg\",\"contentUrl\":\"http:\/\/www.adf.org.br\/home\/wp-content\/uploads\/2015\/01\/Menino-Jesus.jpg\"},{\"@type\":\"WebPage\",\"@id\":\"https:\/\/www.adf.org.br\/home\/ate-quando-senhor\/#webpage\",\"url\":\"https:\/\/www.adf.org.br\/home\/ate-quando-senhor\/\",\"name\":\"At\\u00e9 quando, Senhor? - Associa\\u00e7\\u00e3o Devotos de F\\u00e1tima\",\"isPartOf\":{\"@id\":\"https:\/\/www.adf.org.br\/home\/#website\"},\"primaryImageOfPage\":{\"@id\":\"https:\/\/www.adf.org.br\/home\/ate-quando-senhor\/#primaryimage\"},\"datePublished\":\"2015-01-28T01:57:06+00:00\",\"dateModified\":\"2015-01-28T01:57:06+00:00\",\"author\":{\"@id\":\"https:\/\/www.adf.org.br\/home\/#\/schema\/person\/4eb0499131c1962e974297eff367a715\"},\"breadcrumb\":{\"@id\":\"https:\/\/www.adf.org.br\/home\/ate-quando-senhor\/#breadcrumb\"},\"inLanguage\":\"pt-BR\",\"potentialAction\":[{\"@type\":\"ReadAction\",\"target\":[\"https:\/\/www.adf.org.br\/home\/ate-quando-senhor\/\"]}]},{\"@type\":\"BreadcrumbList\",\"@id\":\"https:\/\/www.adf.org.br\/home\/ate-quando-senhor\/#breadcrumb\",\"itemListElement\":[{\"@type\":\"ListItem\",\"position\":1,\"name\":\"Home\",\"item\":\"https:\/\/www.adf.org.br\/home\/\"},{\"@type\":\"ListItem\",\"position\":2,\"name\":\"At\\u00e9 quando, Senhor?\"}]},{\"@type\":\"Person\",\"@id\":\"https:\/\/www.adf.org.br\/home\/#\/schema\/person\/4eb0499131c1962e974297eff367a715\",\"name\":\"luiz.fernando\",\"image\":{\"@type\":\"ImageObject\",\"@id\":\"https:\/\/www.adf.org.br\/home\/#personlogo\",\"inLanguage\":\"pt-BR\",\"url\":\"https:\/\/secure.gravatar.com\/avatar\/4e9dcdc2a00e06e1d9189a84f6908f28?s=96&d=mm&r=g\",\"contentUrl\":\"https:\/\/secure.gravatar.com\/avatar\/4e9dcdc2a00e06e1d9189a84f6908f28?s=96&d=mm&r=g\",\"caption\":\"luiz.fernando\"},\"url\":\"https:\/\/www.adf.org.br\/home\/author\/luiz-fernando\/\"}]}<\/script>\n<!-- \/ Yoast SEO plugin. -->","yoast_head_json":{"title":"At\u00e9 quando, Senhor? - Associa\u00e7\u00e3o Devotos de F\u00e1tima","robots":{"index":"index","follow":"follow","max-snippet":"max-snippet:-1","max-image-preview":"max-image-preview:large","max-video-preview":"max-video-preview:-1"},"canonical":"https:\/\/www.adf.org.br\/home\/ate-quando-senhor\/","og_locale":"pt_BR","og_type":"article","og_title":"At\u00e9 quando, Senhor? - Associa\u00e7\u00e3o Devotos de F\u00e1tima","og_description":"Rev. Pe. David Francisquini Bem diferente de hoje era a atmosfera que circundava o Natal de outrora&#8230; Quando a maioria das pessoas ainda abria a porta de suas almas \u2013 que s\u00f3 podem ser abertas pelo lado de dentro \u2013 para as gra\u00e7as pr\u00f3prias \u00e0s comemora\u00e7\u00f5es do Nascimento d\u2019Aquele que veio \u00e0 Terra para inaugurar [&hellip;]","og_url":"https:\/\/www.adf.org.br\/home\/ate-quando-senhor\/","og_site_name":"Associa\u00e7\u00e3o Devotos de F\u00e1tima","article_published_time":"2015-01-28T01:57:06+00:00","og_image":[{"url":"http:\/\/www.adf.org.br\/home\/wp-content\/uploads\/2015\/01\/Menino-Jesus.jpg"}],"twitter_card":"summary_large_image","twitter_misc":{"Escrito por":"luiz.fernando","Est. tempo de leitura":"4 minutos"},"schema":{"@context":"https:\/\/schema.org","@graph":[{"@type":"WebSite","@id":"https:\/\/www.adf.org.br\/home\/#website","url":"https:\/\/www.adf.org.br\/home\/","name":"Associa\u00e7\u00e3o Devotos de F\u00e1tima","description":"Associa\u00e7\u00e3o Devotos de F\u00e1tima","potentialAction":[{"@type":"SearchAction","target":{"@type":"EntryPoint","urlTemplate":"https:\/\/www.adf.org.br\/home\/?s={search_term_string}"},"query-input":"required name=search_term_string"}],"inLanguage":"pt-BR"},{"@type":"ImageObject","@id":"https:\/\/www.adf.org.br\/home\/ate-quando-senhor\/#primaryimage","inLanguage":"pt-BR","url":"http:\/\/www.adf.org.br\/home\/wp-content\/uploads\/2015\/01\/Menino-Jesus.jpg","contentUrl":"http:\/\/www.adf.org.br\/home\/wp-content\/uploads\/2015\/01\/Menino-Jesus.jpg"},{"@type":"WebPage","@id":"https:\/\/www.adf.org.br\/home\/ate-quando-senhor\/#webpage","url":"https:\/\/www.adf.org.br\/home\/ate-quando-senhor\/","name":"At\u00e9 quando, Senhor? - Associa\u00e7\u00e3o Devotos de F\u00e1tima","isPartOf":{"@id":"https:\/\/www.adf.org.br\/home\/#website"},"primaryImageOfPage":{"@id":"https:\/\/www.adf.org.br\/home\/ate-quando-senhor\/#primaryimage"},"datePublished":"2015-01-28T01:57:06+00:00","dateModified":"2015-01-28T01:57:06+00:00","author":{"@id":"https:\/\/www.adf.org.br\/home\/#\/schema\/person\/4eb0499131c1962e974297eff367a715"},"breadcrumb":{"@id":"https:\/\/www.adf.org.br\/home\/ate-quando-senhor\/#breadcrumb"},"inLanguage":"pt-BR","potentialAction":[{"@type":"ReadAction","target":["https:\/\/www.adf.org.br\/home\/ate-quando-senhor\/"]}]},{"@type":"BreadcrumbList","@id":"https:\/\/www.adf.org.br\/home\/ate-quando-senhor\/#breadcrumb","itemListElement":[{"@type":"ListItem","position":1,"name":"Home","item":"https:\/\/www.adf.org.br\/home\/"},{"@type":"ListItem","position":2,"name":"At\u00e9 quando, Senhor?"}]},{"@type":"Person","@id":"https:\/\/www.adf.org.br\/home\/#\/schema\/person\/4eb0499131c1962e974297eff367a715","name":"luiz.fernando","image":{"@type":"ImageObject","@id":"https:\/\/www.adf.org.br\/home\/#personlogo","inLanguage":"pt-BR","url":"https:\/\/secure.gravatar.com\/avatar\/4e9dcdc2a00e06e1d9189a84f6908f28?s=96&d=mm&r=g","contentUrl":"https:\/\/secure.gravatar.com\/avatar\/4e9dcdc2a00e06e1d9189a84f6908f28?s=96&d=mm&r=g","caption":"luiz.fernando"},"url":"https:\/\/www.adf.org.br\/home\/author\/luiz-fernando\/"}]}},"_links":{"self":[{"href":"https:\/\/www.adf.org.br\/home\/wp-json\/wp\/v2\/posts\/29087"}],"collection":[{"href":"https:\/\/www.adf.org.br\/home\/wp-json\/wp\/v2\/posts"}],"about":[{"href":"https:\/\/www.adf.org.br\/home\/wp-json\/wp\/v2\/types\/post"}],"author":[{"embeddable":true,"href":"https:\/\/www.adf.org.br\/home\/wp-json\/wp\/v2\/users\/12"}],"replies":[{"embeddable":true,"href":"https:\/\/www.adf.org.br\/home\/wp-json\/wp\/v2\/comments?post=29087"}],"version-history":[{"count":0,"href":"https:\/\/www.adf.org.br\/home\/wp-json\/wp\/v2\/posts\/29087\/revisions"}],"wp:attachment":[{"href":"https:\/\/www.adf.org.br\/home\/wp-json\/wp\/v2\/media?parent=29087"}],"wp:term":[{"taxonomy":"category","embeddable":true,"href":"https:\/\/www.adf.org.br\/home\/wp-json\/wp\/v2\/categories?post=29087"},{"taxonomy":"post_tag","embeddable":true,"href":"https:\/\/www.adf.org.br\/home\/wp-json\/wp\/v2\/tags?post=29087"}],"curies":[{"name":"wp","href":"https:\/\/api.w.org\/{rel}","templated":true}]}}