{"id":29079,"date":"2015-01-29T23:57:40","date_gmt":"2015-01-30T01:57:40","guid":{"rendered":"http:\/\/www.adf.org.br\/home\/?p=29079"},"modified":"2015-01-29T23:57:40","modified_gmt":"2015-01-30T01:57:40","slug":"palavras-do-maior-exorcista-do-mundo-sobre-o-rosario-veja-aqui","status":"publish","type":"post","link":"https:\/\/www.adf.org.br\/home\/palavras-do-maior-exorcista-do-mundo-sobre-o-rosario-veja-aqui\/","title":{"rendered":"Palavras do maior Exorcista do mundo sobre o Ros\u00e1rio! Veja aqui:"},"content":{"rendered":"<figure id=\"attachment_29080\" aria-describedby=\"caption-attachment-29080\" style=\"width: 223px\" class=\"wp-caption aligncenter\"><a href=\"http:\/\/www.adf.org.br\/home\/2015\/01\/palavras-do-maior-exorcista-do-mundo-sobre-o-rosario-veja-aqui\/padre-gabriele-amorth-2\/\" rel=\"attachment wp-att-29080\"><img loading=\"lazy\" class=\"size-full wp-image-29080\" title=\"Padre Gabriele Amorth\" src=\"http:\/\/www.adf.org.br\/home\/wp-content\/uploads\/2015\/01\/Padre-Gabriele-Amorth.jpg\" alt=\"\" width=\"223\" height=\"226\" \/><\/a><figcaption id=\"caption-attachment-29080\" class=\"wp-caption-text\">Padre Gabriele Amorth<\/figcaption><\/figure>\n<p style=\"text-align: right;\"><span style=\"font-family: verdana, geneva;\"><em>Pe. Gabriele Amorth (Exocista de Roma)<\/em><\/span><\/p>\n<p style=\"padding-left: 90px;\"><span style=\"font-size: medium; color: #800080;\"><strong><span style=\"font-family: verdana, geneva;\">Nossa Senhora, em F\u00e1tima, prop\u00f5e o Ros\u00e1rio como ant\u00eddoto ao ate\u00edsmo: o homem de hoje tem mais necessidade do que nunca de rezar e de meditar as grandes verdades reveladas. <\/span><\/strong><\/span><\/p>\n<p><span style=\"font-family: verdana, geneva;\">N\u00e3o \u00e9 de admirar a insist\u00eancia dos papas em recomendar esta ora\u00e7\u00e3o: pensemos, por exemplo, nas doze Enc\u00edclicas sobre o Ros\u00e1rio de Le\u00e3o XIII.<\/span><\/p>\n<p style=\"padding-left: 60px;\"><strong><span style=\"font-family: verdana, geneva; color: #3366ff;\"> E n\u00e3o nos admiremos com o fato de que, nas Apari\u00e7\u00f5es de Lourdes e de F\u00e1tima, tenha sido dado tanto destaque a esta piedosa devo\u00e7\u00e3o mariana.<\/span><\/strong><\/p>\n<p style=\"text-align: left;\" align=\"center\"><span style=\"font-family: verdana, geneva; font-size: medium;\"><strong>O Ros\u00e1rio, um tesouro a ser redescoberto<\/strong><\/span><\/p>\n<p style=\"text-align: left;\" align=\"center\"><span style=\"font-family: verdana, geneva;\">A hist\u00f3ria do Ros\u00e1rio tornou-se conhecida sobretudo depois da celebra\u00e7\u00e3o do Ano do Ros\u00e1rio (de outubro de 2002 a outubro de 2003). Aqui queremos apresentar algumas reflex\u00f5es que nos parecem particularmente atuais.<\/span><\/p>\n<p><span style=\"font-family: verdana, geneva;\">O ritmo da vida dos nossos dias quebrou a unidade da fam\u00edlia: os familiares passam pouco tempo juntos e, \u00e0s vezes, mesmo naqueles poucos momentos n\u00e3o se conversa, porque quem rege a casa \u00e9 a <strong>televis\u00e3o&#8230;<\/strong><\/span><\/p>\n<p style=\"padding-left: 60px;\"><strong><span style=\"font-family: verdana, geneva; color: #800080;\"> Mas j\u00e1 Pio XII insistia sobre a retomada do Ros\u00e1rio em fam\u00edlia: \u201cSe unidos recitais o Ros\u00e1rio, desfrutareis da paz em vossas fam\u00edlias, tereis a harmonia do esp\u00edrito\u00a0nas vossas casas\u201d.\u00a0<\/span><\/strong><\/p>\n<p><span style=\"font-family: verdana, geneva;\">O Ros\u00e1rio \u00e9 tamb\u00e9m a ora\u00e7\u00e3o da paz, a ora\u00e7\u00e3o que abra\u00e7a o mundo inteiro. Um outro grande ap\u00f3stolo do Ros\u00e1rio dos \u00faltimos tempos, o Bispo Fulton Sheen, tinha concebido uma <strong>coroa de cinco cores<\/strong>, que ainda est\u00e1 muito em uso: <\/span><\/p>\n<p><span style=\"font-family: verdana, geneva;\">Uma dezena de contas verdes, para lembrar a \u00c1frica (conhecida por suas verdes florestas), uma dezena de contas vermelhas para a Am\u00e9rica (habitada originalmente pelos \u00edndios), uma dezena de contas brancas para a Europa (em homenagem \u00e0 veste branca do Papa);<\/span><\/p>\n<p><span style=\"font-family: verdana, geneva;\">Uma dezena de contas azuis para a Oceania (imersa no azul do Pac\u00edfico), e uma dezena de contas amarelas para o imenso continente asi\u00e1tico (com refer\u00eancia \u00e0 tend\u00eancia de cor da pele de algumas ra\u00e7as de seus habitantes). Assim, ao fim da coroa, abra\u00e7ou-se o mundo.<\/span><\/p>\n<p style=\"padding-left: 60px;\"><strong><span style=\"font-family: verdana, geneva; color: #3366ff;\">O homem tem hoje, mais do que nunca, a necessidade de fazer pausas para o sil\u00eancio e reflex\u00e3o. Se acreditamos no poder da ora\u00e7\u00e3o, estamos convencidos de que o Ros\u00e1rio \u00e9 mais forte do que a bomba at\u00f4mica.<\/span><\/strong><\/p>\n<p style=\"text-align: center;\"><span style=\"font-family: verdana, geneva;\"><strong>* \u00a0* \u00a0*<\/strong><\/span><\/p>\n<p><span style=\"font-family: verdana, geneva;\"><em>Fonte: Excertos extra\u00eddo de <a href=\"http:\/\/defensoresdasagradacruz.blogspot.com.br\/2012\/09\/o-rosario-um-tesouro-por-pe-gabriele.html\" target=\"_blank\" rel=\"noopener noreferrer\">http:\/\/defensoresdasagradacruz.blogspot.com.br\/<\/a><\/em><\/span><\/p>\n<p style=\"text-align: center;\" align=\"center\"><a href=\"http:\/\/www.adf.org.br\/terco\/?origem=1\"><img loading=\"lazy\" class=\"aligncenter  wp-image-29081\" title=\"Clique aqui e siga as instru\u00e7\u00f5es para receber em casa um lindo Ter\u00e7o!\" src=\"http:\/\/www.adf.org.br\/home\/wp-content\/uploads\/2015\/01\/ter\u00e7o-de-f\u00e1tima2-1024x379.jpg\" alt=\"\" width=\"574\" height=\"212\" \/><\/a><\/p>\n","protected":false},"excerpt":{"rendered":"<p>Pe. Gabriele Amorth (Exocista de Roma) Nossa Senhora, em F\u00e1tima, prop\u00f5e o Ros\u00e1rio como ant\u00eddoto ao ate\u00edsmo: o homem de hoje tem mais necessidade do que nunca de rezar e de meditar as grandes verdades reveladas. N\u00e3o \u00e9 de admirar a insist\u00eancia dos papas em recomendar esta ora\u00e7\u00e3o: pensemos, por exemplo, nas doze Enc\u00edclicas sobre [&hellip;]<\/p>\n","protected":false},"author":12,"featured_media":0,"comment_status":"open","ping_status":"open","sticky":false,"template":"","format":"standard","meta":[],"categories":[20],"tags":[749,54,1030,490],"yoast_head":"<!-- This site is optimized with the Yoast SEO plugin v17.4 - https:\/\/yoast.com\/wordpress\/plugins\/seo\/ -->\n<title>Palavras do maior Exorcista do mundo sobre o Ros\u00e1rio! Veja aqui: - Associa\u00e7\u00e3o Devotos de F\u00e1tima<\/title>\n<meta name=\"robots\" content=\"index, follow, max-snippet:-1, max-image-preview:large, max-video-preview:-1\" \/>\n<link rel=\"canonical\" href=\"https:\/\/www.adf.org.br\/home\/palavras-do-maior-exorcista-do-mundo-sobre-o-rosario-veja-aqui\/\" \/>\n<meta property=\"og:locale\" content=\"pt_BR\" \/>\n<meta property=\"og:type\" content=\"article\" \/>\n<meta property=\"og:title\" content=\"Palavras do maior Exorcista do mundo sobre o Ros\u00e1rio! Veja aqui: - Associa\u00e7\u00e3o Devotos de F\u00e1tima\" \/>\n<meta property=\"og:description\" content=\"Pe. Gabriele Amorth (Exocista de Roma) Nossa Senhora, em F\u00e1tima, prop\u00f5e o Ros\u00e1rio como ant\u00eddoto ao ate\u00edsmo: o homem de hoje tem mais necessidade do que nunca de rezar e de meditar as grandes verdades reveladas. N\u00e3o \u00e9 de admirar a insist\u00eancia dos papas em recomendar esta ora\u00e7\u00e3o: pensemos, por exemplo, nas doze Enc\u00edclicas sobre [&hellip;]\" \/>\n<meta property=\"og:url\" content=\"https:\/\/www.adf.org.br\/home\/palavras-do-maior-exorcista-do-mundo-sobre-o-rosario-veja-aqui\/\" \/>\n<meta property=\"og:site_name\" content=\"Associa\u00e7\u00e3o Devotos de F\u00e1tima\" \/>\n<meta property=\"article:published_time\" content=\"2015-01-30T01:57:40+00:00\" \/>\n<meta property=\"og:image\" content=\"http:\/\/www.adf.org.br\/home\/wp-content\/uploads\/2015\/01\/Padre-Gabriele-Amorth.jpg\" \/>\n<meta name=\"twitter:card\" content=\"summary_large_image\" \/>\n<meta name=\"twitter:label1\" content=\"Escrito por\" \/>\n\t<meta name=\"twitter:data1\" content=\"luiz.fernando\" \/>\n\t<meta name=\"twitter:label2\" content=\"Est. tempo de leitura\" \/>\n\t<meta name=\"twitter:data2\" content=\"2 minutos\" \/>\n<script type=\"application\/ld+json\" class=\"yoast-schema-graph\">{\"@context\":\"https:\/\/schema.org\",\"@graph\":[{\"@type\":\"WebSite\",\"@id\":\"https:\/\/www.adf.org.br\/home\/#website\",\"url\":\"https:\/\/www.adf.org.br\/home\/\",\"name\":\"Associa\\u00e7\\u00e3o Devotos de F\\u00e1tima\",\"description\":\"Associa\\u00e7\\u00e3o Devotos de F\\u00e1tima\",\"potentialAction\":[{\"@type\":\"SearchAction\",\"target\":{\"@type\":\"EntryPoint\",\"urlTemplate\":\"https:\/\/www.adf.org.br\/home\/?s={search_term_string}\"},\"query-input\":\"required name=search_term_string\"}],\"inLanguage\":\"pt-BR\"},{\"@type\":\"ImageObject\",\"@id\":\"https:\/\/www.adf.org.br\/home\/palavras-do-maior-exorcista-do-mundo-sobre-o-rosario-veja-aqui\/#primaryimage\",\"inLanguage\":\"pt-BR\",\"url\":\"http:\/\/www.adf.org.br\/home\/wp-content\/uploads\/2015\/01\/Padre-Gabriele-Amorth.jpg\",\"contentUrl\":\"http:\/\/www.adf.org.br\/home\/wp-content\/uploads\/2015\/01\/Padre-Gabriele-Amorth.jpg\"},{\"@type\":\"WebPage\",\"@id\":\"https:\/\/www.adf.org.br\/home\/palavras-do-maior-exorcista-do-mundo-sobre-o-rosario-veja-aqui\/#webpage\",\"url\":\"https:\/\/www.adf.org.br\/home\/palavras-do-maior-exorcista-do-mundo-sobre-o-rosario-veja-aqui\/\",\"name\":\"Palavras do maior Exorcista do mundo sobre o Ros\\u00e1rio! Veja aqui: - Associa\\u00e7\\u00e3o Devotos de F\\u00e1tima\",\"isPartOf\":{\"@id\":\"https:\/\/www.adf.org.br\/home\/#website\"},\"primaryImageOfPage\":{\"@id\":\"https:\/\/www.adf.org.br\/home\/palavras-do-maior-exorcista-do-mundo-sobre-o-rosario-veja-aqui\/#primaryimage\"},\"datePublished\":\"2015-01-30T01:57:40+00:00\",\"dateModified\":\"2015-01-30T01:57:40+00:00\",\"author\":{\"@id\":\"https:\/\/www.adf.org.br\/home\/#\/schema\/person\/4eb0499131c1962e974297eff367a715\"},\"breadcrumb\":{\"@id\":\"https:\/\/www.adf.org.br\/home\/palavras-do-maior-exorcista-do-mundo-sobre-o-rosario-veja-aqui\/#breadcrumb\"},\"inLanguage\":\"pt-BR\",\"potentialAction\":[{\"@type\":\"ReadAction\",\"target\":[\"https:\/\/www.adf.org.br\/home\/palavras-do-maior-exorcista-do-mundo-sobre-o-rosario-veja-aqui\/\"]}]},{\"@type\":\"BreadcrumbList\",\"@id\":\"https:\/\/www.adf.org.br\/home\/palavras-do-maior-exorcista-do-mundo-sobre-o-rosario-veja-aqui\/#breadcrumb\",\"itemListElement\":[{\"@type\":\"ListItem\",\"position\":1,\"name\":\"Home\",\"item\":\"https:\/\/www.adf.org.br\/home\/\"},{\"@type\":\"ListItem\",\"position\":2,\"name\":\"Palavras do maior Exorcista do mundo sobre o Ros\\u00e1rio! Veja aqui:\"}]},{\"@type\":\"Person\",\"@id\":\"https:\/\/www.adf.org.br\/home\/#\/schema\/person\/4eb0499131c1962e974297eff367a715\",\"name\":\"luiz.fernando\",\"image\":{\"@type\":\"ImageObject\",\"@id\":\"https:\/\/www.adf.org.br\/home\/#personlogo\",\"inLanguage\":\"pt-BR\",\"url\":\"https:\/\/secure.gravatar.com\/avatar\/4e9dcdc2a00e06e1d9189a84f6908f28?s=96&d=mm&r=g\",\"contentUrl\":\"https:\/\/secure.gravatar.com\/avatar\/4e9dcdc2a00e06e1d9189a84f6908f28?s=96&d=mm&r=g\",\"caption\":\"luiz.fernando\"},\"url\":\"https:\/\/www.adf.org.br\/home\/author\/luiz-fernando\/\"}]}<\/script>\n<!-- \/ Yoast SEO plugin. -->","yoast_head_json":{"title":"Palavras do maior Exorcista do mundo sobre o Ros\u00e1rio! Veja aqui: - Associa\u00e7\u00e3o Devotos de F\u00e1tima","robots":{"index":"index","follow":"follow","max-snippet":"max-snippet:-1","max-image-preview":"max-image-preview:large","max-video-preview":"max-video-preview:-1"},"canonical":"https:\/\/www.adf.org.br\/home\/palavras-do-maior-exorcista-do-mundo-sobre-o-rosario-veja-aqui\/","og_locale":"pt_BR","og_type":"article","og_title":"Palavras do maior Exorcista do mundo sobre o Ros\u00e1rio! Veja aqui: - Associa\u00e7\u00e3o Devotos de F\u00e1tima","og_description":"Pe. Gabriele Amorth (Exocista de Roma) Nossa Senhora, em F\u00e1tima, prop\u00f5e o Ros\u00e1rio como ant\u00eddoto ao ate\u00edsmo: o homem de hoje tem mais necessidade do que nunca de rezar e de meditar as grandes verdades reveladas. N\u00e3o \u00e9 de admirar a insist\u00eancia dos papas em recomendar esta ora\u00e7\u00e3o: pensemos, por exemplo, nas doze Enc\u00edclicas sobre [&hellip;]","og_url":"https:\/\/www.adf.org.br\/home\/palavras-do-maior-exorcista-do-mundo-sobre-o-rosario-veja-aqui\/","og_site_name":"Associa\u00e7\u00e3o Devotos de F\u00e1tima","article_published_time":"2015-01-30T01:57:40+00:00","og_image":[{"url":"http:\/\/www.adf.org.br\/home\/wp-content\/uploads\/2015\/01\/Padre-Gabriele-Amorth.jpg"}],"twitter_card":"summary_large_image","twitter_misc":{"Escrito por":"luiz.fernando","Est. tempo de leitura":"2 minutos"},"schema":{"@context":"https:\/\/schema.org","@graph":[{"@type":"WebSite","@id":"https:\/\/www.adf.org.br\/home\/#website","url":"https:\/\/www.adf.org.br\/home\/","name":"Associa\u00e7\u00e3o Devotos de F\u00e1tima","description":"Associa\u00e7\u00e3o Devotos de F\u00e1tima","potentialAction":[{"@type":"SearchAction","target":{"@type":"EntryPoint","urlTemplate":"https:\/\/www.adf.org.br\/home\/?s={search_term_string}"},"query-input":"required name=search_term_string"}],"inLanguage":"pt-BR"},{"@type":"ImageObject","@id":"https:\/\/www.adf.org.br\/home\/palavras-do-maior-exorcista-do-mundo-sobre-o-rosario-veja-aqui\/#primaryimage","inLanguage":"pt-BR","url":"http:\/\/www.adf.org.br\/home\/wp-content\/uploads\/2015\/01\/Padre-Gabriele-Amorth.jpg","contentUrl":"http:\/\/www.adf.org.br\/home\/wp-content\/uploads\/2015\/01\/Padre-Gabriele-Amorth.jpg"},{"@type":"WebPage","@id":"https:\/\/www.adf.org.br\/home\/palavras-do-maior-exorcista-do-mundo-sobre-o-rosario-veja-aqui\/#webpage","url":"https:\/\/www.adf.org.br\/home\/palavras-do-maior-exorcista-do-mundo-sobre-o-rosario-veja-aqui\/","name":"Palavras do maior Exorcista do mundo sobre o Ros\u00e1rio! Veja aqui: - Associa\u00e7\u00e3o Devotos de F\u00e1tima","isPartOf":{"@id":"https:\/\/www.adf.org.br\/home\/#website"},"primaryImageOfPage":{"@id":"https:\/\/www.adf.org.br\/home\/palavras-do-maior-exorcista-do-mundo-sobre-o-rosario-veja-aqui\/#primaryimage"},"datePublished":"2015-01-30T01:57:40+00:00","dateModified":"2015-01-30T01:57:40+00:00","author":{"@id":"https:\/\/www.adf.org.br\/home\/#\/schema\/person\/4eb0499131c1962e974297eff367a715"},"breadcrumb":{"@id":"https:\/\/www.adf.org.br\/home\/palavras-do-maior-exorcista-do-mundo-sobre-o-rosario-veja-aqui\/#breadcrumb"},"inLanguage":"pt-BR","potentialAction":[{"@type":"ReadAction","target":["https:\/\/www.adf.org.br\/home\/palavras-do-maior-exorcista-do-mundo-sobre-o-rosario-veja-aqui\/"]}]},{"@type":"BreadcrumbList","@id":"https:\/\/www.adf.org.br\/home\/palavras-do-maior-exorcista-do-mundo-sobre-o-rosario-veja-aqui\/#breadcrumb","itemListElement":[{"@type":"ListItem","position":1,"name":"Home","item":"https:\/\/www.adf.org.br\/home\/"},{"@type":"ListItem","position":2,"name":"Palavras do maior Exorcista do mundo sobre o Ros\u00e1rio! Veja aqui:"}]},{"@type":"Person","@id":"https:\/\/www.adf.org.br\/home\/#\/schema\/person\/4eb0499131c1962e974297eff367a715","name":"luiz.fernando","image":{"@type":"ImageObject","@id":"https:\/\/www.adf.org.br\/home\/#personlogo","inLanguage":"pt-BR","url":"https:\/\/secure.gravatar.com\/avatar\/4e9dcdc2a00e06e1d9189a84f6908f28?s=96&d=mm&r=g","contentUrl":"https:\/\/secure.gravatar.com\/avatar\/4e9dcdc2a00e06e1d9189a84f6908f28?s=96&d=mm&r=g","caption":"luiz.fernando"},"url":"https:\/\/www.adf.org.br\/home\/author\/luiz-fernando\/"}]}},"_links":{"self":[{"href":"https:\/\/www.adf.org.br\/home\/wp-json\/wp\/v2\/posts\/29079"}],"collection":[{"href":"https:\/\/www.adf.org.br\/home\/wp-json\/wp\/v2\/posts"}],"about":[{"href":"https:\/\/www.adf.org.br\/home\/wp-json\/wp\/v2\/types\/post"}],"author":[{"embeddable":true,"href":"https:\/\/www.adf.org.br\/home\/wp-json\/wp\/v2\/users\/12"}],"replies":[{"embeddable":true,"href":"https:\/\/www.adf.org.br\/home\/wp-json\/wp\/v2\/comments?post=29079"}],"version-history":[{"count":0,"href":"https:\/\/www.adf.org.br\/home\/wp-json\/wp\/v2\/posts\/29079\/revisions"}],"wp:attachment":[{"href":"https:\/\/www.adf.org.br\/home\/wp-json\/wp\/v2\/media?parent=29079"}],"wp:term":[{"taxonomy":"category","embeddable":true,"href":"https:\/\/www.adf.org.br\/home\/wp-json\/wp\/v2\/categories?post=29079"},{"taxonomy":"post_tag","embeddable":true,"href":"https:\/\/www.adf.org.br\/home\/wp-json\/wp\/v2\/tags?post=29079"}],"curies":[{"name":"wp","href":"https:\/\/api.w.org\/{rel}","templated":true}]}}