{"id":29031,"date":"2015-01-30T23:57:10","date_gmt":"2015-01-31T01:57:10","guid":{"rendered":"http:\/\/www.adf.org.br\/home\/?p=29031"},"modified":"2015-01-30T23:57:10","modified_gmt":"2015-01-31T01:57:10","slug":"nossa-senhora-de-laus-apelo-a-frequencia-aos-sacramentos","status":"publish","type":"post","link":"https:\/\/www.adf.org.br\/home\/nossa-senhora-de-laus-apelo-a-frequencia-aos-sacramentos\/","title":{"rendered":"Nossa Senhora de Laus &#8211; Apelo \u00e0 frequ\u00eancia aos sacramentos"},"content":{"rendered":"<figure id=\"attachment_29096\" aria-describedby=\"caption-attachment-29096\" style=\"width: 361px\" class=\"wp-caption aligncenter\"><a href=\"http:\/\/www.adf.org.br\/home\/2015\/01\/nossa-senhora-de-laus-apelo-a-frequencia-aos-sacramentos\/nossa-senhora-de-laus\/\" rel=\"attachment wp-att-29096\"><img loading=\"lazy\" class=\"size-full wp-image-29096\" title=\"Nossa Senhora de Laus\" src=\"http:\/\/www.adf.org.br\/home\/wp-content\/uploads\/2015\/01\/Nossa-Senhora-de-Laus.jpg\" alt=\"\" width=\"361\" height=\"400\" \/><\/a><figcaption id=\"caption-attachment-29096\" class=\"wp-caption-text\">Nossa Senhora de Laus aparece a Benta Rencurel<\/figcaption><\/figure>\n<p style=\"text-align: right;\"><span style=\"font-family: verdana, geneva;\"><em>Valdis Grinsteins<\/em><\/span><\/p>\n<p style=\"text-align: center;\"><span style=\"font-family: verdana, geneva;\"><em>Nada mais importante do que acertar nossas contas com Deus durante a vida. A hist\u00f3ria ocorrida em Saint Etienne de Laus patenteia como a Virgem Sant\u00edssima nos incita \u00e0 freq\u00fc\u00eancia aos sacramentos.<\/em><\/span><\/p>\n<p style=\"padding-left: 90px;\"><span style=\"font-size: medium; color: #800080;\"><strong><span style=\"font-family: verdana, geneva;\">Muitas vezes ouvi, de pessoas com m\u00e1 forma\u00e7\u00e3o religiosa, que n\u00e3o precisam da Igreja e se arranjam diretamente com Deus, sem necessidade de intermedi\u00e1rios. <\/span><\/strong><\/span><\/p>\n<p><span style=\"font-family: verdana, geneva;\">Em muitas delas, essa posi\u00e7\u00e3o resulta do <strong>orgulho<\/strong>: por um lado julgam-se muito valiosas, podendo dispensar intermedi\u00e1rios para tratar com Deus; por outro entra a ignor\u00e2ncia da majestade de Deus que, estabelecendo a Igreja, determinou que todos os homens precisassem dela para receber<br \/>\nos sacramentos. <\/span><\/p>\n<p><span style=\"font-family: verdana, geneva;\">Os <strong>sacramentos<\/strong> s\u00e3o de tal import\u00e2ncia, que a pr\u00f3pria Virgem Sant\u00edssima tem aparecido em locais remotos, estimulando as pessoas a que os freq\u00fcentem. E algumas apari\u00e7\u00f5es se deram em locais min\u00fasculos como Laus, na Fran\u00e7a.<\/span><\/p>\n<p><strong><span style=\"font-family: verdana, geneva; font-size: medium;\">Aldeia de oito casas<\/span><\/strong><\/p>\n<p><span style=\"font-family: verdana, geneva;\">Saint Etienne de Laus fica localizada no sul da Fran\u00e7a. Ainda hoje tem poucas edifica\u00e7\u00f5es, mas em 1664 era praticamente deserta. Para isso haviam contribu\u00eddo as guerras de religi\u00e3o, que devastaram a regi\u00e3o e destru\u00edram casas, moinhos, estradas, igrejas, etc. <\/span><\/p>\n<p><span style=\"font-family: verdana, geneva;\">Basta pensar que, das 190 igrejas da regi\u00e3o, <strong>120<\/strong> ficaram inutilizadas. Como acontece habitualmente, com a guerra veio a pobreza. <\/span><\/p>\n<p style=\"padding-left: 60px;\"><span style=\"color: #3366ff;\"><strong><span style=\"font-family: verdana, geneva;\">E a fam\u00edlia de Benta Rencurel, a menina a quem Nossa Senhora apareceu, era realmente pobre. Aos 17 anos ela cuidava dos animais da fam\u00edlia, n\u00e3o sabia ler nem escrever. Era muito simples, residindo pr\u00f3ximo \u00e0 aldeia.<\/span><\/strong><\/span><\/p>\n<p><span style=\"font-family: verdana, geneva;\">Em maio de 1664 ela cuidava do seu rebanho, quando viu no prado <span style=\"text-decoration: underline;\">uma Senhora com seu filho.<\/span> Fez-lhe uma pergunta, mas n\u00e3o obteve resposta. Disse ainda algumas coisas, mas n\u00e3o conseguiu faz\u00ea-la falar. N\u00e3o se importou muito, pois sentia-se \u00e0 vontade na sua companhia. <\/span><\/p>\n<p><span style=\"font-family: verdana, geneva;\">No dia seguinte, l\u00e1 estava a mesma Senhora. Novo intento de iniciar conversa\u00e7\u00e3o, e nada. Isso prosseguiu assim por mais <strong>dois meses<\/strong>, mas Benta n\u00e3o desanimou. <\/span><\/p>\n<p style=\"padding-left: 60px;\"><strong><span style=\"font-family: verdana, geneva; color: #800080;\">Afinal a Virgem come\u00e7ou a lhe falar. Durante mais dois meses, diariamente Ela ensinava Benta a rezar, a ser paciente, a desapegar-se das coisas, etc.<\/span><\/strong><\/p>\n<p><span style=\"font-family: verdana, geneva;\">No dia 29 de agosto, Nossa Senhora disse que ia se retirar. Benta ficou desolada, sem saber o que fazer, mas ap\u00f3s um m\u00eas viu uma luz brilhar na colina diante da qual se encontrava. Indo l\u00e1, encontrou Nossa Senhora e queixou-se a Ela por ter-se ausentado tanto tempo. <\/span><\/p>\n<p><span style=\"font-family: verdana, geneva;\">Atitude impertinente, at\u00e9 certo ponto compreens\u00edvel numa simples pastorinha, mas Nossa Senhora lhe respondeu com suavidade:\u00a0<em>\u201cQuando quiser me ver, daqui para frente, poder\u00e1 faz\u00ea-lo na capela que est\u00e1 em Laus, <strong>onde cheira bem<\/strong>\u201d.<\/em><\/span><\/p>\n<p><span style=\"font-family: verdana, geneva;\">A frase pode parecer ex\u00f3tica, pois n\u00e3o seria nada normal reconhecer uma capela pelo fato de que \u201ccheira bem\u201d. Acontece que, apesar de Laus ficar perto do prado onde Benta cuidava dos seus animais, ela nunca tinha ido l\u00e1, por ser o caminho de acesso dif\u00edcil. Al\u00e9m disso a capela local n\u00e3o era grande, parecendo uma casa como as outras.<\/span><\/p>\n<p><span style=\"font-size: medium;\"><strong><span style=\"font-family: verdana, geneva;\">Capela que cheira bem<\/span><\/strong><\/span><\/p>\n<p><span style=\"font-family: verdana, geneva;\">No dia seguinte Benta foi a Laus. No sentido mais literal da palavra, como boa camponesa, cheirava de casa em casa para descobrir a tal capela. As casas n\u00e3o ficavam uma ao lado da outra, e ao aproximar-se de uma \u00faltima constru\u00e7\u00e3o, notou que <strong>ali de fato cheirava bem<\/strong>.<\/span><\/p>\n<p><span style=\"font-family: verdana, geneva;\">Entrando, viu sobre o altar a Senhora, e esta lhe disse que tinha feito bem, ao ser paciente e procurar a capela. O altar estava coberto de poeira, e Benta ofereceu seu avental para que a Virgem ficasse sobre ele.<\/span><\/p>\n<p><span style=\"font-family: verdana, geneva;\"> Mas Ela agradeceu e n\u00e3o aceitou, acrescentando:\u00a0<\/span><\/p>\n<p style=\"padding-left: 60px;\"><strong><span style=\"font-family: verdana, geneva; color: #3366ff;\"><em>\u201cEm pouco tempo nada faltar\u00e1, e voc\u00ea ver\u00e1 toalhas de altar, velas e outros ornamentos. Quero que voc\u00ea fa\u00e7a construir aqui uma igreja em honra de meu Filho. Muitos pecadores e pecadoras aqui se converter\u00e3o\u201d.<\/em><\/span><\/strong><\/p>\n<p><span style=\"font-family: verdana, geneva;\">Como os leitores bem podem imaginar, num local t\u00e3o pequeno as not\u00edcias do acontecido correram rapidamente. Mas muitas pessoas n\u00e3o acreditaram e as autoridades ordenaram uma <strong>investiga\u00e7\u00e3o<\/strong> para constatar se algo havia de verdadeiro no que Benta estava contando.<\/span><\/p>\n<p><span style=\"font-family: verdana, geneva;\">Em setembro de 1665 come\u00e7ou a investiga\u00e7\u00e3o. Os membros da comiss\u00e3o, sacerdotes experimentados, inicialmente duvidaram de Benta. Faziam-lhe todo tipo de perguntas escorregadias, mas ela se saiu bem. <\/span><\/p>\n<p style=\"padding-left: 60px;\"><span style=\"font-family: verdana, geneva;\"><strong><span style=\"color: #800080;\">No quinto dia aconteceu um milagre: Catarina Vial, menina da localidade, inv\u00e1lida das duas pernas, levantou-se e foi<\/span><\/strong> <strong><span style=\"color: #800080;\">caminhando at\u00e9 a capela, para a missa. Diante de milagre t\u00e3o evidente, o resultado da investiga\u00e7\u00e3o foi favor\u00e1vel. <\/span><\/strong><\/span><\/p>\n<p><span style=\"font-family: verdana, geneva;\">O passo seguinte era ampliar a capela, ou melhor, construir a nova igreja, <strong>conforme o pedido da Virgem.<\/strong> Na capela s\u00f3 cabiam trinta pessoas, o que se agravava por j\u00e1 come\u00e7arem a chegar peregrina\u00e7\u00f5es de outros vilarejos.<\/span><\/p>\n<p><span style=\"font-family: verdana, geneva;\">Ap\u00f3s o in\u00edcio das peregrina\u00e7\u00f5es, h\u00e1 relatos de numerosas curas espirituais e morais.<\/span><\/p>\n<p><span style=\"font-family: verdana, geneva;\">Como a regi\u00e3o era pobre, para construir a nova igreja <strong>n\u00e3o havia recursos<\/strong>. De forma que se estabeleceu o costume de cada um que fosse em peregrina\u00e7\u00e3o levar uma pedra. <\/span><\/p>\n<p><span style=\"font-family: verdana, geneva;\">Assim, com pouco dinheiro e boa vontade, acabaram fazendo tudo. O bom senso das pessoas do campo levou-as a n\u00e3o demolir a pequena capela para fazer a igreja, mas fizeram esta<br \/>\nenglobando aquela.<\/span><\/p>\n<p style=\"padding-left: 60px;\"><strong><span style=\"font-family: verdana, geneva; color: #3366ff;\">Assim como Benta reconheceu pelo perfume onde estava a capela, houve depois numerosas oportunidades em que grupos de pessoas sentiam um perfume desconhecido. <\/span><\/strong><\/p>\n<p><span style=\"font-family: verdana, geneva;\">Por exemplo, em 1690, de 24 de mar\u00e7o at\u00e9 o fim de maio, as pessoas o sentiam, sendo que as flores tinham sido banidas da igreja, justamente para evitar confus\u00f5es.<\/span><\/p>\n<p><span style=\"font-size: medium;\"><strong><span style=\"font-family: verdana, geneva;\">Prova\u00e7\u00e3o e recompensa<\/span><\/strong><\/span><\/p>\n<p><span style=\"font-family: verdana, geneva;\">Mas n\u00e3o pensemos que tudo correu sempre bem para Benta Rencurel. Em julho de 1692 estourou uma guerra, <span style=\"text-decoration: underline;\">e o ex\u00e9rcito do duque de Sav\u00f3ia devastou a regi\u00e3o. <\/span><\/span><\/p>\n<p><span style=\"font-family: verdana, geneva;\">Benta, como a maioria da popula\u00e7\u00e3o, fugiu durante algum tempo. Ao voltar, tudo estava danificado. Pior ainda, dois dos bons padres que cuidavam da nova igreja haviam morrido.<\/span><\/p>\n<p><span style=\"font-family: verdana, geneva;\"> O bispo local nomeou dois novos padres, mas estes eram contra as peregrina\u00e7\u00f5es. Chegaram at\u00e9 a proibir, <strong>durante 15 anos<\/strong>, que Benta falasse aos peregrinos, os quais s\u00f3 podiam assistir \u00e0<br \/>\nMissa dominical. <\/span><\/p>\n<p><span style=\"font-family: verdana, geneva;\">Como se fosse pouco, alastrou-se uma epidemia de <strong>falsas apari\u00e7\u00f5es<\/strong> na regi\u00e3o, cada uma mais rid\u00edcula que a outra, \u00e0 maneira das falsas apari\u00e7\u00f5es que hoje em dia procuram desvirtuar F\u00e1tima. <\/span><\/p>\n<p style=\"padding-left: 60px;\"><strong><span style=\"font-family: verdana, geneva; color: #800080;\">O desprest\u00edgio caiu tamb\u00e9m sobre Benta. Afinal ela superou todas essas provas, e a calma e a ordem voltaram a reinar.<\/span><\/strong><\/p>\n<p><span style=\"font-family: verdana, geneva;\">Benta viveu 71 anos, falecendo no dia 28 de dezembro de 1718 em odor de santidade. As apari\u00e7\u00f5es foram aprovadas pela Igreja, e no dia 23 de maio de 1855 teve lugar a solene coroa\u00e7\u00e3o da imagem, realizada pelo cardeal de Bordeaux, com seis bispos, 600 padres e 40.000 fi\u00e9is presentes.<\/span><\/p>\n<p><span style=\"font-family: verdana, geneva;\">Chama a aten\u00e7\u00e3o a preocupa\u00e7\u00e3o de Nossa Senhora com a falta de assist\u00eancia religiosa numa t\u00e3o pequena popula\u00e7\u00e3o. N\u00e3o \u00e9 que as pessoas do local fossem at\u00e9ias ou pouco religiosas, pois o fato de terem respondido com entusiasmo ao pedido da Virgem Sant\u00edssima para construir uma igreja mostra o contr\u00e1rio. <\/span><\/p>\n<p style=\"padding-left: 60px;\"><span style=\"color: #3366ff;\"><strong><span style=\"font-family: verdana, geneva;\">Mas n\u00e3o basta ter boa vontade e praticar a religi\u00e3o sozinho, <span style=\"text-decoration: underline;\">os sacramentos s\u00e3o indispens\u00e1veis. <\/span><\/span><\/strong><\/span><\/p>\n<p style=\"padding-left: 60px;\"><strong><span style=\"font-family: verdana, geneva; color: #800080;\">Nessa apari\u00e7\u00e3o, Nossa Senhora mostra que eles devem ser recebidos por todos, mesmo que residam em locais min\u00fasculos, de pequena popula\u00e7\u00e3o. <\/span><\/strong><\/p>\n<p><span style=\"font-family: verdana, geneva;\">Devemos rezar \u00e0 Virgem, pedindo que nos d\u00ea sempre a gra\u00e7a de receber com freq\u00fc\u00eancia os sacramentos, e pedir tamb\u00e9m que<strong> todos<\/strong> os possam receber.<\/span><\/p>\n<p style=\"text-align: center;\"><span style=\"font-family: verdana, geneva;\"><strong>* \u00a0* \u00a0*<\/strong><\/span><\/p>\n<p><span style=\"font-family: verdana, geneva;\"><em>Fonte: <a href=\"http:\/\/catolicismo.com.br\/materia\/materia.cfm?IDmat=BD1B58A7-3048-560B-1C186B10A2815DB2&amp;mes=mar%C3%A7o2006\" target=\"_blank\" rel=\"noopener noreferrer\">Revista Catolicismo<\/a><\/em><\/span><\/p>\n<p style=\"text-align: center;\"><a href=\"http:\/\/www.adf.org.br\/consagracaoamaria\/?origem=1\"><img loading=\"lazy\" class=\"aligncenter  wp-image-29097\" title=\"Clique aqui! Fa\u00e7a j\u00e1 sua Consagra\u00e7\u00e3o ao Imaculado Cora\u00e7\u00e3o de Nossa Senhora\" src=\"http:\/\/www.adf.org.br\/home\/wp-content\/uploads\/2015\/01\/consagra\u00e7\u00e3o-ao-imaculado-cora\u00e7\u00e3o-de-maria.3.jpg\" alt=\"\" width=\"517\" height=\"265\" \/><\/a><\/p>\n","protected":false},"excerpt":{"rendered":"<p>Valdis Grinsteins Nada mais importante do que acertar nossas contas com Deus durante a vida. A hist\u00f3ria ocorrida em Saint Etienne de Laus patenteia como a Virgem Sant\u00edssima nos incita \u00e0 freq\u00fc\u00eancia aos sacramentos. Muitas vezes ouvi, de pessoas com m\u00e1 forma\u00e7\u00e3o religiosa, que n\u00e3o precisam da Igreja e se arranjam diretamente com Deus, sem [&hellip;]<\/p>\n","protected":false},"author":12,"featured_media":0,"comment_status":"open","ping_status":"open","sticky":false,"template":"","format":"standard","meta":[],"categories":[20],"tags":[38,1024,94,1025],"yoast_head":"<!-- This site is optimized with the Yoast SEO plugin v17.4 - https:\/\/yoast.com\/wordpress\/plugins\/seo\/ -->\n<title>Nossa Senhora de Laus - Apelo \u00e0 frequ\u00eancia aos sacramentos - Associa\u00e7\u00e3o Devotos de F\u00e1tima<\/title>\n<meta name=\"robots\" content=\"index, follow, max-snippet:-1, max-image-preview:large, max-video-preview:-1\" \/>\n<link rel=\"canonical\" href=\"https:\/\/www.adf.org.br\/home\/nossa-senhora-de-laus-apelo-a-frequencia-aos-sacramentos\/\" \/>\n<meta property=\"og:locale\" content=\"pt_BR\" \/>\n<meta property=\"og:type\" content=\"article\" \/>\n<meta property=\"og:title\" content=\"Nossa Senhora de Laus - Apelo \u00e0 frequ\u00eancia aos sacramentos - Associa\u00e7\u00e3o Devotos de F\u00e1tima\" \/>\n<meta property=\"og:description\" content=\"Valdis Grinsteins Nada mais importante do que acertar nossas contas com Deus durante a vida. A hist\u00f3ria ocorrida em Saint Etienne de Laus patenteia como a Virgem Sant\u00edssima nos incita \u00e0 freq\u00fc\u00eancia aos sacramentos. Muitas vezes ouvi, de pessoas com m\u00e1 forma\u00e7\u00e3o religiosa, que n\u00e3o precisam da Igreja e se arranjam diretamente com Deus, sem [&hellip;]\" \/>\n<meta property=\"og:url\" content=\"https:\/\/www.adf.org.br\/home\/nossa-senhora-de-laus-apelo-a-frequencia-aos-sacramentos\/\" \/>\n<meta property=\"og:site_name\" content=\"Associa\u00e7\u00e3o Devotos de F\u00e1tima\" \/>\n<meta property=\"article:published_time\" content=\"2015-01-31T01:57:10+00:00\" \/>\n<meta property=\"og:image\" content=\"http:\/\/www.adf.org.br\/home\/wp-content\/uploads\/2015\/01\/Nossa-Senhora-de-Laus.jpg\" \/>\n<meta name=\"twitter:card\" content=\"summary_large_image\" \/>\n<meta name=\"twitter:label1\" content=\"Escrito por\" \/>\n\t<meta name=\"twitter:data1\" content=\"luiz.fernando\" \/>\n\t<meta name=\"twitter:label2\" content=\"Est. tempo de leitura\" \/>\n\t<meta name=\"twitter:data2\" content=\"6 minutos\" \/>\n<script type=\"application\/ld+json\" class=\"yoast-schema-graph\">{\"@context\":\"https:\/\/schema.org\",\"@graph\":[{\"@type\":\"WebSite\",\"@id\":\"https:\/\/www.adf.org.br\/home\/#website\",\"url\":\"https:\/\/www.adf.org.br\/home\/\",\"name\":\"Associa\\u00e7\\u00e3o Devotos de F\\u00e1tima\",\"description\":\"Associa\\u00e7\\u00e3o Devotos de F\\u00e1tima\",\"potentialAction\":[{\"@type\":\"SearchAction\",\"target\":{\"@type\":\"EntryPoint\",\"urlTemplate\":\"https:\/\/www.adf.org.br\/home\/?s={search_term_string}\"},\"query-input\":\"required name=search_term_string\"}],\"inLanguage\":\"pt-BR\"},{\"@type\":\"ImageObject\",\"@id\":\"https:\/\/www.adf.org.br\/home\/nossa-senhora-de-laus-apelo-a-frequencia-aos-sacramentos\/#primaryimage\",\"inLanguage\":\"pt-BR\",\"url\":\"http:\/\/www.adf.org.br\/home\/wp-content\/uploads\/2015\/01\/Nossa-Senhora-de-Laus.jpg\",\"contentUrl\":\"http:\/\/www.adf.org.br\/home\/wp-content\/uploads\/2015\/01\/Nossa-Senhora-de-Laus.jpg\"},{\"@type\":\"WebPage\",\"@id\":\"https:\/\/www.adf.org.br\/home\/nossa-senhora-de-laus-apelo-a-frequencia-aos-sacramentos\/#webpage\",\"url\":\"https:\/\/www.adf.org.br\/home\/nossa-senhora-de-laus-apelo-a-frequencia-aos-sacramentos\/\",\"name\":\"Nossa Senhora de Laus - Apelo \\u00e0 frequ\\u00eancia aos sacramentos - Associa\\u00e7\\u00e3o Devotos de F\\u00e1tima\",\"isPartOf\":{\"@id\":\"https:\/\/www.adf.org.br\/home\/#website\"},\"primaryImageOfPage\":{\"@id\":\"https:\/\/www.adf.org.br\/home\/nossa-senhora-de-laus-apelo-a-frequencia-aos-sacramentos\/#primaryimage\"},\"datePublished\":\"2015-01-31T01:57:10+00:00\",\"dateModified\":\"2015-01-31T01:57:10+00:00\",\"author\":{\"@id\":\"https:\/\/www.adf.org.br\/home\/#\/schema\/person\/4eb0499131c1962e974297eff367a715\"},\"breadcrumb\":{\"@id\":\"https:\/\/www.adf.org.br\/home\/nossa-senhora-de-laus-apelo-a-frequencia-aos-sacramentos\/#breadcrumb\"},\"inLanguage\":\"pt-BR\",\"potentialAction\":[{\"@type\":\"ReadAction\",\"target\":[\"https:\/\/www.adf.org.br\/home\/nossa-senhora-de-laus-apelo-a-frequencia-aos-sacramentos\/\"]}]},{\"@type\":\"BreadcrumbList\",\"@id\":\"https:\/\/www.adf.org.br\/home\/nossa-senhora-de-laus-apelo-a-frequencia-aos-sacramentos\/#breadcrumb\",\"itemListElement\":[{\"@type\":\"ListItem\",\"position\":1,\"name\":\"Home\",\"item\":\"https:\/\/www.adf.org.br\/home\/\"},{\"@type\":\"ListItem\",\"position\":2,\"name\":\"Nossa Senhora de Laus &#8211; Apelo \\u00e0 frequ\\u00eancia aos sacramentos\"}]},{\"@type\":\"Person\",\"@id\":\"https:\/\/www.adf.org.br\/home\/#\/schema\/person\/4eb0499131c1962e974297eff367a715\",\"name\":\"luiz.fernando\",\"image\":{\"@type\":\"ImageObject\",\"@id\":\"https:\/\/www.adf.org.br\/home\/#personlogo\",\"inLanguage\":\"pt-BR\",\"url\":\"https:\/\/secure.gravatar.com\/avatar\/4e9dcdc2a00e06e1d9189a84f6908f28?s=96&d=mm&r=g\",\"contentUrl\":\"https:\/\/secure.gravatar.com\/avatar\/4e9dcdc2a00e06e1d9189a84f6908f28?s=96&d=mm&r=g\",\"caption\":\"luiz.fernando\"},\"url\":\"https:\/\/www.adf.org.br\/home\/author\/luiz-fernando\/\"}]}<\/script>\n<!-- \/ Yoast SEO plugin. -->","yoast_head_json":{"title":"Nossa Senhora de Laus - Apelo \u00e0 frequ\u00eancia aos sacramentos - Associa\u00e7\u00e3o Devotos de F\u00e1tima","robots":{"index":"index","follow":"follow","max-snippet":"max-snippet:-1","max-image-preview":"max-image-preview:large","max-video-preview":"max-video-preview:-1"},"canonical":"https:\/\/www.adf.org.br\/home\/nossa-senhora-de-laus-apelo-a-frequencia-aos-sacramentos\/","og_locale":"pt_BR","og_type":"article","og_title":"Nossa Senhora de Laus - Apelo \u00e0 frequ\u00eancia aos sacramentos - Associa\u00e7\u00e3o Devotos de F\u00e1tima","og_description":"Valdis Grinsteins Nada mais importante do que acertar nossas contas com Deus durante a vida. A hist\u00f3ria ocorrida em Saint Etienne de Laus patenteia como a Virgem Sant\u00edssima nos incita \u00e0 freq\u00fc\u00eancia aos sacramentos. Muitas vezes ouvi, de pessoas com m\u00e1 forma\u00e7\u00e3o religiosa, que n\u00e3o precisam da Igreja e se arranjam diretamente com Deus, sem [&hellip;]","og_url":"https:\/\/www.adf.org.br\/home\/nossa-senhora-de-laus-apelo-a-frequencia-aos-sacramentos\/","og_site_name":"Associa\u00e7\u00e3o Devotos de F\u00e1tima","article_published_time":"2015-01-31T01:57:10+00:00","og_image":[{"url":"http:\/\/www.adf.org.br\/home\/wp-content\/uploads\/2015\/01\/Nossa-Senhora-de-Laus.jpg"}],"twitter_card":"summary_large_image","twitter_misc":{"Escrito por":"luiz.fernando","Est. tempo de leitura":"6 minutos"},"schema":{"@context":"https:\/\/schema.org","@graph":[{"@type":"WebSite","@id":"https:\/\/www.adf.org.br\/home\/#website","url":"https:\/\/www.adf.org.br\/home\/","name":"Associa\u00e7\u00e3o Devotos de F\u00e1tima","description":"Associa\u00e7\u00e3o Devotos de F\u00e1tima","potentialAction":[{"@type":"SearchAction","target":{"@type":"EntryPoint","urlTemplate":"https:\/\/www.adf.org.br\/home\/?s={search_term_string}"},"query-input":"required name=search_term_string"}],"inLanguage":"pt-BR"},{"@type":"ImageObject","@id":"https:\/\/www.adf.org.br\/home\/nossa-senhora-de-laus-apelo-a-frequencia-aos-sacramentos\/#primaryimage","inLanguage":"pt-BR","url":"http:\/\/www.adf.org.br\/home\/wp-content\/uploads\/2015\/01\/Nossa-Senhora-de-Laus.jpg","contentUrl":"http:\/\/www.adf.org.br\/home\/wp-content\/uploads\/2015\/01\/Nossa-Senhora-de-Laus.jpg"},{"@type":"WebPage","@id":"https:\/\/www.adf.org.br\/home\/nossa-senhora-de-laus-apelo-a-frequencia-aos-sacramentos\/#webpage","url":"https:\/\/www.adf.org.br\/home\/nossa-senhora-de-laus-apelo-a-frequencia-aos-sacramentos\/","name":"Nossa Senhora de Laus - Apelo \u00e0 frequ\u00eancia aos sacramentos - Associa\u00e7\u00e3o Devotos de F\u00e1tima","isPartOf":{"@id":"https:\/\/www.adf.org.br\/home\/#website"},"primaryImageOfPage":{"@id":"https:\/\/www.adf.org.br\/home\/nossa-senhora-de-laus-apelo-a-frequencia-aos-sacramentos\/#primaryimage"},"datePublished":"2015-01-31T01:57:10+00:00","dateModified":"2015-01-31T01:57:10+00:00","author":{"@id":"https:\/\/www.adf.org.br\/home\/#\/schema\/person\/4eb0499131c1962e974297eff367a715"},"breadcrumb":{"@id":"https:\/\/www.adf.org.br\/home\/nossa-senhora-de-laus-apelo-a-frequencia-aos-sacramentos\/#breadcrumb"},"inLanguage":"pt-BR","potentialAction":[{"@type":"ReadAction","target":["https:\/\/www.adf.org.br\/home\/nossa-senhora-de-laus-apelo-a-frequencia-aos-sacramentos\/"]}]},{"@type":"BreadcrumbList","@id":"https:\/\/www.adf.org.br\/home\/nossa-senhora-de-laus-apelo-a-frequencia-aos-sacramentos\/#breadcrumb","itemListElement":[{"@type":"ListItem","position":1,"name":"Home","item":"https:\/\/www.adf.org.br\/home\/"},{"@type":"ListItem","position":2,"name":"Nossa Senhora de Laus &#8211; Apelo \u00e0 frequ\u00eancia aos sacramentos"}]},{"@type":"Person","@id":"https:\/\/www.adf.org.br\/home\/#\/schema\/person\/4eb0499131c1962e974297eff367a715","name":"luiz.fernando","image":{"@type":"ImageObject","@id":"https:\/\/www.adf.org.br\/home\/#personlogo","inLanguage":"pt-BR","url":"https:\/\/secure.gravatar.com\/avatar\/4e9dcdc2a00e06e1d9189a84f6908f28?s=96&d=mm&r=g","contentUrl":"https:\/\/secure.gravatar.com\/avatar\/4e9dcdc2a00e06e1d9189a84f6908f28?s=96&d=mm&r=g","caption":"luiz.fernando"},"url":"https:\/\/www.adf.org.br\/home\/author\/luiz-fernando\/"}]}},"_links":{"self":[{"href":"https:\/\/www.adf.org.br\/home\/wp-json\/wp\/v2\/posts\/29031"}],"collection":[{"href":"https:\/\/www.adf.org.br\/home\/wp-json\/wp\/v2\/posts"}],"about":[{"href":"https:\/\/www.adf.org.br\/home\/wp-json\/wp\/v2\/types\/post"}],"author":[{"embeddable":true,"href":"https:\/\/www.adf.org.br\/home\/wp-json\/wp\/v2\/users\/12"}],"replies":[{"embeddable":true,"href":"https:\/\/www.adf.org.br\/home\/wp-json\/wp\/v2\/comments?post=29031"}],"version-history":[{"count":0,"href":"https:\/\/www.adf.org.br\/home\/wp-json\/wp\/v2\/posts\/29031\/revisions"}],"wp:attachment":[{"href":"https:\/\/www.adf.org.br\/home\/wp-json\/wp\/v2\/media?parent=29031"}],"wp:term":[{"taxonomy":"category","embeddable":true,"href":"https:\/\/www.adf.org.br\/home\/wp-json\/wp\/v2\/categories?post=29031"},{"taxonomy":"post_tag","embeddable":true,"href":"https:\/\/www.adf.org.br\/home\/wp-json\/wp\/v2\/tags?post=29031"}],"curies":[{"name":"wp","href":"https:\/\/api.w.org\/{rel}","templated":true}]}}