{"id":28869,"date":"2019-01-07T00:00:36","date_gmt":"2019-01-07T02:00:36","guid":{"rendered":"http:\/\/www.adf.org.br\/home\/?p=28869"},"modified":"2019-01-07T00:00:36","modified_gmt":"2019-01-07T02:00:36","slug":"catolicismo-a-fe-autentica-parte-i","status":"publish","type":"post","link":"https:\/\/www.adf.org.br\/home\/catolicismo-a-fe-autentica-parte-i\/","title":{"rendered":"Catolicismo &#8211; a F\u00e9 aut\u00eantica. Quer PROVAS? Veja aqui! (Parte I)"},"content":{"rendered":"<figure id=\"attachment_28870\" aria-describedby=\"caption-attachment-28870\" style=\"width: 400px\" class=\"wp-caption aligncenter\"><img loading=\"lazy\" class=\"wp-image-28870 size-full\" title=\"Profeta Isa\u00edas profetiza a vinda do Redentor\" src=\"http:\/\/www.adf.org.br\/home\/wp-content\/uploads\/2015\/01\/Profeta-Isa\u00edas-profetiza-a-vinda-do-Redentor.jpg\" alt=\"Profeta Isa\u00edas\" width=\"400\" height=\"251\" \/><figcaption id=\"caption-attachment-28870\" class=\"wp-caption-text\">Profeta Isa\u00edas<\/figcaption><\/figure>\n<p style=\"text-align: right;\"><span style=\"font-family: verdana, geneva, sans-serif; font-size: 12pt; color: #000000;\"><em>Santo Afonso Maria de Lig\u00f3rio<\/em><\/span><\/p>\n<p style=\"padding-left: 90px;\"><span style=\"font-size: 12pt; color: #800080; font-family: verdana, geneva, sans-serif;\"><strong>Em primeiro lugar, falam em favor da verdade de nossa f\u00e9 as profecias que foram escritas nos santos livros muitos s\u00e9culos antes e que se realizaram \u00e0 risca depois. <\/strong><\/span><\/p>\n<p><span style=\"font-family: verdana, geneva, sans-serif; font-size: 12pt; color: #000000;\"><br \/>\n<span style=\"font-size: 14pt;\"><strong>P<\/strong><\/span>or exemplo, a morte de Nosso Divino Salvador fora <strong>predita por diversos profetas<\/strong> e descrita exatamente n\u00e3o s\u00f3 quanto ao tempo como tamb\u00e9m quanto \u00e0s circunst\u00e2ncias que a acompanharam. <\/span><\/p>\n<p><span style=\"font-family: verdana, geneva, sans-serif; font-size: 12pt; color: #000000;\">Fora tamb\u00e9m <strong>profetizado<\/strong> que os judeus, em castigo de seu deic\u00eddio, seriam expulsos de seu templo e p\u00e1tria e, obstinados em seu pecado, seriam espalhados no mundo universo; essa profecia vemos realizada ao p\u00e9 da letra. <\/span><\/p>\n<p><span style=\"font-family: verdana, geneva, sans-serif; font-size: 12pt; color: #000000;\">Fora profetizado que, depois da morte do Redentor, o culto dos deuses cederia lugar ao <strong>culto do Deus verdadeiro<\/strong>, o que de fato se deu por meio dos ap\u00f3stolos, que, n\u00e3o obstante sua falta de instru\u00e7\u00e3o e meios humanos e todos os impedimentos imagin\u00e1veis, conseguiram conquistar o mundo para a f\u00e9 do verdadeiro Deus.<\/span><\/p>\n<p><span style=\"font-family: verdana, geneva, sans-serif; font-size: 12pt; color: #000080;\"><strong><br \/>\nOs Milagres<\/strong><\/span><\/p>\n<p><span style=\"font-family: verdana, geneva, sans-serif; font-size: 12pt; color: #000000;\">Em segundo lugar, prova-se a verdade de nossa f\u00e9 pelos <strong>milagres<\/strong> que, para confirm\u00e1-la, operaram a virtude da natureza; <\/span><\/p>\n<p><span style=\"font-family: verdana, geneva, sans-serif; font-size: 12pt; color: #000000;\">S\u00f3 o poder de Deus, ao qual toda a cria\u00e7\u00e3o est\u00e1 sujeita, os pode operar. <\/span><\/p>\n<p><span style=\"font-family: verdana, geneva, sans-serif; font-size: 12pt; color: #000000;\">Donde se v\u00ea claramente que uma religi\u00e3o que puder apresentar verdadeiros milagres em confirma\u00e7\u00e3o da sua doutrina, dever\u00e1 ser divina, pois Deus de forma alguma poder\u00e1 favorecer uma falsa religi\u00e3o com a opera\u00e7\u00e3o de milagres. <\/span><\/p>\n<p style=\"padding-left: 90px;\"><span style=\"font-family: verdana, geneva, sans-serif; font-size: 12pt; color: #000080;\"><strong><br \/>\nNem os judeus, nem os pag\u00e3os, nem os maometanos, nem os hereges poder\u00e3o nomear um \u00fanico milagre que tenha sido operado em favor de sua doutrina.<\/strong><\/span><\/p>\n<p><span style=\"font-family: verdana, geneva, sans-serif; font-size: 12pt; color: #000000;\"><br \/>\nPara enganar o povo, <strong>recorreram a certas ilus\u00f5es<\/strong>, que apresentaram como milagre; por\u00e9m dentro em pouco tempo se descobriu o engano. <\/span><\/p>\n<p style=\"padding-left: 90px;\"><span style=\"font-family: verdana, geneva, sans-serif; font-size: 12pt; color: #800080;\"><strong><br \/>\nInumer\u00e1veis, pelo contr\u00e1rio, s\u00e3o os milagres que Nosso Senhor operou no decurso dos s\u00e9culos, por meio de seus servos, na Igreja Cat\u00f3lica. <\/strong><\/span><\/p>\n<p><span style=\"font-family: verdana, geneva, sans-serif; font-size: 12pt; color: #000000;\"><br \/>\nNela realizou-se a palavra do divino Salvador: <\/span><\/p>\n<p><span style=\"font-family: verdana, geneva, sans-serif; font-size: 12pt; color: #000000;\">&#8220;Aquele que crer em mim, tamb\u00e9m far\u00e1 as obras que fa\u00e7o, e outras ainda maiores.&#8221; (Jo 14,12).<\/span><\/p>\n<p><span style=\"font-family: verdana, geneva, sans-serif; font-size: 12pt; color: #000000;\">N\u00e3o negamos que nos primeiros s\u00e9culos do cristianismo houve mais milagres que em nossos dias;<\/span><\/p>\n<p><span style=\"font-family: verdana, geneva, sans-serif; font-size: 12pt; color: #000000;\">Contudo, em tempo algum faltaram milagres na Igreja, porque foram sempre necess\u00e1rios para a convers\u00e3o dos pag\u00e3os.<\/span><\/p>\n<p><span style=\"font-family: verdana, geneva, sans-serif; font-size: 12pt; color: #000000;\"> Assim, S. Francisco Xavier, S. Lu\u00eds Bertrand e outros grandes mission\u00e1rios<strong> operaram numerosos milagres<\/strong> nas \u00cdndias.<\/span><\/p>\n<p><span style=\"font-family: verdana, geneva, sans-serif; font-size: 12pt; color: #000000;\">Se algu\u00e9m ousasse rejeitar os fatos not\u00e1veis que os anais da hist\u00f3ria eclesi\u00e1stica e a biografia dos santos nos relatam, perguntar-lhes-ia por que raz\u00e3o recusa crer em um S. Bas\u00edlio, S. Jer\u00f4nimo, S. Greg\u00f3rio e tantos outros escritores eclesi\u00e1sticos, quando d\u00e1 inteiro cr\u00e9dito a um Suet\u00f4nio ou Pl\u00ednio? <\/span><\/p>\n<p style=\"padding-left: 90px;\"><span style=\"font-family: verdana, geneva, sans-serif; font-size: 12pt; color: #800080;\"><strong><br \/>\nDe resto aprouve ao Senhor conservar na Igreja constantemente alguns milagres para mostrar qu\u00e3o f\u00fatil \u00e9 a incredulidade dos \u00edmpios. <\/strong><\/span><\/p>\n<p><span style=\"font-family: verdana, geneva, sans-serif; font-size: 12pt; color: #000000;\"><br \/>\nFa\u00e7o aqui men\u00e7\u00e3o s\u00f3 do insigne milagre com o sangue de S. Janu\u00e1rio, em N\u00e1poles. <\/span><\/p>\n<p><span style=\"font-family: verdana, geneva, sans-serif; font-size: 12pt; color: #000000;\">Esse sangue, que geralmente se encontra em estado s\u00f3lido, <strong>liquefaz-se v\u00e1rias vezes no ano<\/strong> ao se aproximar da cabe\u00e7a do mesmo santo, fato de que cada um pode certificar-se com os pr\u00f3prios olhos. <\/span><\/p>\n<h5 style=\"padding-left: 90px;\"><span style=\"font-family: verdana, geneva, sans-serif; font-size: 12pt; color: #000080;\"><strong><br \/>\nOs incr\u00e9dulos em v\u00e3o procuraram uma solu\u00e7\u00e3o cient\u00edfica ou natural para explicar este milagre: at\u00e9 hoje n\u00e3o conseguiram d\u00e1-la.<\/strong><\/span><\/h5>\n<p style=\"text-align: right;\"><span style=\"font-family: verdana, geneva, sans-serif; font-size: 12pt; color: #000000;\"><br \/>\n<em>(Continua&#8230;)<\/em><\/span><\/p>\n<p style=\"text-align: center;\"><span style=\"font-family: verdana, geneva, sans-serif; font-size: 12pt; color: #000000;\"><span style=\"color: #ffffff;\">.<\/span><br \/>\n<span style=\"color: #ffffff;\">.<\/span><br \/>\n<strong>* \u00a0* \u00a0*<\/strong><br \/>\n<span style=\"color: #ffffff;\">.<\/span><br \/>\n<span style=\"color: #ffffff;\">.<\/span><br \/>\n<\/span><\/p>\n<p style=\"text-align: left;\"><span style=\"font-family: verdana, geneva, sans-serif; font-size: 10pt; color: #000000;\"><em>Fonte:\u00a0osegredodorosario.blogspot.com<\/em><\/span><\/p>\n<p style=\"text-align: left;\"><span style=\"font-family: verdana, geneva, sans-serif; font-size: 12pt; color: #ffffff;\">.<\/span><br \/>\n<span style=\"font-family: verdana, geneva, sans-serif; font-size: 12pt; color: #ffffff;\">.<\/span><br \/>\n<a href=\"https:\/\/adf.org.br\/apostolosdefatima\/2\/?origem=4547&amp;gift=crise#ChanceUnica\" target=\"_blank\" rel=\"noopener noreferrer\"><img loading=\"lazy\" class=\"aligncenter wp-image-28719\" title=\"Atenda a este important\u00edssimo pedido de Nossa Senhora de F\u00e1tima! Consagre-se ao Imaculado Cora\u00e7\u00e3o de Maria!\" src=\"http:\/\/www.adf.org.br\/home\/wp-content\/uploads\/2014\/12\/consagra\u00e7\u00e3o-ao-imaculado-cora\u00e7\u00e3o-de-maria.8.jpg\" width=\"517\" height=\"265\" \/><\/a><\/p>\n","protected":false},"excerpt":{"rendered":"<p>Em primeiro lugar, falam em favor da verdade de nossa f\u00e9 as profecias que foram escritas nos santos livros muitos s\u00e9culos antes e que se realizaram \u00e0 risca depois.<\/p>\n","protected":false},"author":31,"featured_media":45790,"comment_status":"open","ping_status":"open","sticky":false,"template":"","format":"standard","meta":[],"categories":[20],"tags":[2308,146,2309,1275],"yoast_head":"<!-- This site is optimized with the Yoast SEO plugin v17.4 - https:\/\/yoast.com\/wordpress\/plugins\/seo\/ -->\n<title>Catolicismo - a F\u00e9 aut\u00eantica. Quer PROVAS? Veja aqui! (Parte I)<\/title>\n<meta name=\"description\" content=\"Catolicismo - a F\u00e9 aut\u00eantica. Quer PROVAS? Veja aqui! (Parte I)\" \/>\n<meta name=\"robots\" content=\"index, follow, max-snippet:-1, max-image-preview:large, max-video-preview:-1\" \/>\n<link rel=\"canonical\" href=\"https:\/\/www.adf.org.br\/home\/catolicismo-a-fe-autentica-parte-i\/\" \/>\n<meta property=\"og:locale\" content=\"pt_BR\" \/>\n<meta property=\"og:type\" content=\"article\" \/>\n<meta property=\"og:title\" content=\"Catolicismo - a F\u00e9 aut\u00eantica. Quer PROVAS? Veja aqui! (Parte I)\" \/>\n<meta property=\"og:description\" content=\"Catolicismo - a F\u00e9 aut\u00eantica. Quer PROVAS? Veja aqui! (Parte I)\" \/>\n<meta property=\"og:url\" content=\"https:\/\/www.adf.org.br\/home\/catolicismo-a-fe-autentica-parte-i\/\" \/>\n<meta property=\"og:site_name\" content=\"Associa\u00e7\u00e3o Devotos de F\u00e1tima\" \/>\n<meta property=\"article:published_time\" content=\"2019-01-07T02:00:36+00:00\" \/>\n<meta name=\"twitter:card\" content=\"summary_large_image\" \/>\n<meta name=\"twitter:label1\" content=\"Escrito por\" \/>\n\t<meta name=\"twitter:data1\" content=\"Gabriel Barbosa\" \/>\n\t<meta name=\"twitter:label2\" content=\"Est. tempo de leitura\" \/>\n\t<meta name=\"twitter:data2\" content=\"3 minutos\" \/>\n<script type=\"application\/ld+json\" class=\"yoast-schema-graph\">{\"@context\":\"https:\/\/schema.org\",\"@graph\":[{\"@type\":\"WebSite\",\"@id\":\"https:\/\/www.adf.org.br\/home\/#website\",\"url\":\"https:\/\/www.adf.org.br\/home\/\",\"name\":\"Associa\\u00e7\\u00e3o Devotos de F\\u00e1tima\",\"description\":\"Associa\\u00e7\\u00e3o Devotos de F\\u00e1tima\",\"potentialAction\":[{\"@type\":\"SearchAction\",\"target\":{\"@type\":\"EntryPoint\",\"urlTemplate\":\"https:\/\/www.adf.org.br\/home\/?s={search_term_string}\"},\"query-input\":\"required name=search_term_string\"}],\"inLanguage\":\"pt-BR\"},{\"@type\":\"ImageObject\",\"@id\":\"https:\/\/www.adf.org.br\/home\/catolicismo-a-fe-autentica-parte-i\/#primaryimage\",\"inLanguage\":\"pt-BR\",\"url\":\"\",\"contentUrl\":\"\"},{\"@type\":\"WebPage\",\"@id\":\"https:\/\/www.adf.org.br\/home\/catolicismo-a-fe-autentica-parte-i\/#webpage\",\"url\":\"https:\/\/www.adf.org.br\/home\/catolicismo-a-fe-autentica-parte-i\/\",\"name\":\"Catolicismo - a F\\u00e9 aut\\u00eantica. Quer PROVAS? Veja aqui! (Parte I)\",\"isPartOf\":{\"@id\":\"https:\/\/www.adf.org.br\/home\/#website\"},\"primaryImageOfPage\":{\"@id\":\"https:\/\/www.adf.org.br\/home\/catolicismo-a-fe-autentica-parte-i\/#primaryimage\"},\"datePublished\":\"2019-01-07T02:00:36+00:00\",\"dateModified\":\"2019-01-07T02:00:36+00:00\",\"author\":{\"@id\":\"https:\/\/www.adf.org.br\/home\/#\/schema\/person\/f35a5c5aa7728a3dedf4ea9aa1fc2753\"},\"description\":\"Catolicismo - a F\\u00e9 aut\\u00eantica. Quer PROVAS? Veja aqui! (Parte I)\",\"breadcrumb\":{\"@id\":\"https:\/\/www.adf.org.br\/home\/catolicismo-a-fe-autentica-parte-i\/#breadcrumb\"},\"inLanguage\":\"pt-BR\",\"potentialAction\":[{\"@type\":\"ReadAction\",\"target\":[\"https:\/\/www.adf.org.br\/home\/catolicismo-a-fe-autentica-parte-i\/\"]}]},{\"@type\":\"BreadcrumbList\",\"@id\":\"https:\/\/www.adf.org.br\/home\/catolicismo-a-fe-autentica-parte-i\/#breadcrumb\",\"itemListElement\":[{\"@type\":\"ListItem\",\"position\":1,\"name\":\"Home\",\"item\":\"https:\/\/www.adf.org.br\/home\/\"},{\"@type\":\"ListItem\",\"position\":2,\"name\":\"Catolicismo &#8211; a F\\u00e9 aut\\u00eantica. Quer PROVAS? Veja aqui! (Parte I)\"}]},{\"@type\":\"Person\",\"@id\":\"https:\/\/www.adf.org.br\/home\/#\/schema\/person\/f35a5c5aa7728a3dedf4ea9aa1fc2753\",\"name\":\"Gabriel Barbosa\",\"image\":{\"@type\":\"ImageObject\",\"@id\":\"https:\/\/www.adf.org.br\/home\/#personlogo\",\"inLanguage\":\"pt-BR\",\"url\":\"https:\/\/secure.gravatar.com\/avatar\/2b2cb2f4637682c5605e8d36818f51ef?s=96&d=mm&r=g\",\"contentUrl\":\"https:\/\/secure.gravatar.com\/avatar\/2b2cb2f4637682c5605e8d36818f51ef?s=96&d=mm&r=g\",\"caption\":\"Gabriel Barbosa\"},\"url\":\"https:\/\/www.adf.org.br\/home\/author\/gabrielpmk-com-br\/\"}]}<\/script>\n<!-- \/ Yoast SEO plugin. -->","yoast_head_json":{"title":"Catolicismo - a F\u00e9 aut\u00eantica. Quer PROVAS? Veja aqui! (Parte I)","description":"Catolicismo - a F\u00e9 aut\u00eantica. Quer PROVAS? Veja aqui! (Parte I)","robots":{"index":"index","follow":"follow","max-snippet":"max-snippet:-1","max-image-preview":"max-image-preview:large","max-video-preview":"max-video-preview:-1"},"canonical":"https:\/\/www.adf.org.br\/home\/catolicismo-a-fe-autentica-parte-i\/","og_locale":"pt_BR","og_type":"article","og_title":"Catolicismo - a F\u00e9 aut\u00eantica. Quer PROVAS? Veja aqui! (Parte I)","og_description":"Catolicismo - a F\u00e9 aut\u00eantica. Quer PROVAS? Veja aqui! (Parte I)","og_url":"https:\/\/www.adf.org.br\/home\/catolicismo-a-fe-autentica-parte-i\/","og_site_name":"Associa\u00e7\u00e3o Devotos de F\u00e1tima","article_published_time":"2019-01-07T02:00:36+00:00","twitter_card":"summary_large_image","twitter_misc":{"Escrito por":"Gabriel Barbosa","Est. tempo de leitura":"3 minutos"},"schema":{"@context":"https:\/\/schema.org","@graph":[{"@type":"WebSite","@id":"https:\/\/www.adf.org.br\/home\/#website","url":"https:\/\/www.adf.org.br\/home\/","name":"Associa\u00e7\u00e3o Devotos de F\u00e1tima","description":"Associa\u00e7\u00e3o Devotos de F\u00e1tima","potentialAction":[{"@type":"SearchAction","target":{"@type":"EntryPoint","urlTemplate":"https:\/\/www.adf.org.br\/home\/?s={search_term_string}"},"query-input":"required name=search_term_string"}],"inLanguage":"pt-BR"},{"@type":"ImageObject","@id":"https:\/\/www.adf.org.br\/home\/catolicismo-a-fe-autentica-parte-i\/#primaryimage","inLanguage":"pt-BR","url":"","contentUrl":""},{"@type":"WebPage","@id":"https:\/\/www.adf.org.br\/home\/catolicismo-a-fe-autentica-parte-i\/#webpage","url":"https:\/\/www.adf.org.br\/home\/catolicismo-a-fe-autentica-parte-i\/","name":"Catolicismo - a F\u00e9 aut\u00eantica. Quer PROVAS? Veja aqui! (Parte I)","isPartOf":{"@id":"https:\/\/www.adf.org.br\/home\/#website"},"primaryImageOfPage":{"@id":"https:\/\/www.adf.org.br\/home\/catolicismo-a-fe-autentica-parte-i\/#primaryimage"},"datePublished":"2019-01-07T02:00:36+00:00","dateModified":"2019-01-07T02:00:36+00:00","author":{"@id":"https:\/\/www.adf.org.br\/home\/#\/schema\/person\/f35a5c5aa7728a3dedf4ea9aa1fc2753"},"description":"Catolicismo - a F\u00e9 aut\u00eantica. Quer PROVAS? Veja aqui! (Parte I)","breadcrumb":{"@id":"https:\/\/www.adf.org.br\/home\/catolicismo-a-fe-autentica-parte-i\/#breadcrumb"},"inLanguage":"pt-BR","potentialAction":[{"@type":"ReadAction","target":["https:\/\/www.adf.org.br\/home\/catolicismo-a-fe-autentica-parte-i\/"]}]},{"@type":"BreadcrumbList","@id":"https:\/\/www.adf.org.br\/home\/catolicismo-a-fe-autentica-parte-i\/#breadcrumb","itemListElement":[{"@type":"ListItem","position":1,"name":"Home","item":"https:\/\/www.adf.org.br\/home\/"},{"@type":"ListItem","position":2,"name":"Catolicismo &#8211; a F\u00e9 aut\u00eantica. Quer PROVAS? Veja aqui! (Parte I)"}]},{"@type":"Person","@id":"https:\/\/www.adf.org.br\/home\/#\/schema\/person\/f35a5c5aa7728a3dedf4ea9aa1fc2753","name":"Gabriel Barbosa","image":{"@type":"ImageObject","@id":"https:\/\/www.adf.org.br\/home\/#personlogo","inLanguage":"pt-BR","url":"https:\/\/secure.gravatar.com\/avatar\/2b2cb2f4637682c5605e8d36818f51ef?s=96&d=mm&r=g","contentUrl":"https:\/\/secure.gravatar.com\/avatar\/2b2cb2f4637682c5605e8d36818f51ef?s=96&d=mm&r=g","caption":"Gabriel Barbosa"},"url":"https:\/\/www.adf.org.br\/home\/author\/gabrielpmk-com-br\/"}]}},"_links":{"self":[{"href":"https:\/\/www.adf.org.br\/home\/wp-json\/wp\/v2\/posts\/28869"}],"collection":[{"href":"https:\/\/www.adf.org.br\/home\/wp-json\/wp\/v2\/posts"}],"about":[{"href":"https:\/\/www.adf.org.br\/home\/wp-json\/wp\/v2\/types\/post"}],"author":[{"embeddable":true,"href":"https:\/\/www.adf.org.br\/home\/wp-json\/wp\/v2\/users\/31"}],"replies":[{"embeddable":true,"href":"https:\/\/www.adf.org.br\/home\/wp-json\/wp\/v2\/comments?post=28869"}],"version-history":[{"count":0,"href":"https:\/\/www.adf.org.br\/home\/wp-json\/wp\/v2\/posts\/28869\/revisions"}],"wp:featuredmedia":[{"embeddable":true,"href":"https:\/\/www.adf.org.br\/home\/wp-json\/wp\/v2\/media\/45790"}],"wp:attachment":[{"href":"https:\/\/www.adf.org.br\/home\/wp-json\/wp\/v2\/media?parent=28869"}],"wp:term":[{"taxonomy":"category","embeddable":true,"href":"https:\/\/www.adf.org.br\/home\/wp-json\/wp\/v2\/categories?post=28869"},{"taxonomy":"post_tag","embeddable":true,"href":"https:\/\/www.adf.org.br\/home\/wp-json\/wp\/v2\/tags?post=28869"}],"curies":[{"name":"wp","href":"https:\/\/api.w.org\/{rel}","templated":true}]}}