{"id":28749,"date":"2015-01-04T23:57:47","date_gmt":"2015-01-05T01:57:47","guid":{"rendered":"http:\/\/www.adf.org.br\/home\/?p=28749"},"modified":"2015-01-04T23:57:47","modified_gmt":"2015-01-05T01:57:47","slug":"veja-aqui-o-significado-da-magnifica-simbologia-da-medalha-milagrosa-parte-ii","status":"publish","type":"post","link":"https:\/\/www.adf.org.br\/home\/veja-aqui-o-significado-da-magnifica-simbologia-da-medalha-milagrosa-parte-ii\/","title":{"rendered":"Veja aqui! O significado da magn\u00edfica simbologia da Medalha Milagrosa (Parte II)"},"content":{"rendered":"<p style=\"text-align: left;\"><a href=\"http:\/\/www.adf.org.br\/home\/2015\/01\/veja-aqui-o-significado-da-magnifica-simbologia-da-medalha-milagrosa-parte-ii\/medalha-milagrosa-verso\/\" rel=\"attachment wp-att-28751\"><img loading=\"lazy\" class=\"aligncenter size-full wp-image-28751\" title=\"Medalha Milagrosa - verso\" src=\"http:\/\/www.adf.org.br\/home\/wp-content\/uploads\/2014\/12\/Medalha-Milagrosa-verso.jpg\" alt=\"\" width=\"231\" height=\"381\" \/><\/a><\/p>\n<p style=\"text-align: right;\"><span style=\"font-family: verdana, geneva;\"><em>Pl\u00ednio Correa de Oliveira<\/em><\/span><\/p>\n<p style=\"text-align: right;\"><em><span style=\"font-family: verdana, geneva;\">Continua\u00e7\u00e3o do post &#8211;\u00a0<a href=\"http:\/\/www.adf.org.br\/home\/2015\/01\/veja-aqui-o-significado-da-magnifica-simbologia-da-medalha-milagrosa-parte-i\" target=\"_blank\" rel=\"noopener noreferrer\">Veja aqui! O significado da magn\u00edfica simbologia da Medalha Milagrosa<br \/>\n(Parte I)<\/a><\/span><\/em><\/p>\n<p style=\"text-align: left; padding-left: 90px;\"><span style=\"font-size: medium; color: #800080;\"><strong><span style=\"font-family: verdana, geneva;\">O verso da Medalha n\u00e3o \u00e9 menos simb\u00f3lico. Ele cont\u00e9m os elementos de v\u00e1rias devo\u00e7\u00f5es que se conjugam. <\/span><\/strong><\/span><\/p>\n<p style=\"text-align: left;\"><span style=\"font-family: verdana, geneva;\">Por que? Eu mostrei que [na Medalha] onde est\u00e1 a imagem de Nossa Senhora, est\u00e1 lembrada a Imaculada Concei\u00e7\u00e3o, por causa da jaculat\u00f3ria. Deste outro lado, vemos <strong>doze estrelas<\/strong>, como na coroa de Nossa Senhora que\u00a0<em><\/em>esmaga a Serpente, da qual fala o Apocalipse. <\/span><\/p>\n<p style=\"text-align: left;\"><span style=\"font-family: verdana, geneva;\">E depois n\u00f3s temos um M central, <strong>que \u00e9 o M de Maria<\/strong>, que \u00e9 o nome de Nossa Senhora, e sobre o qual est\u00e1 uma cruz. Isso lembra muito a S\u00e3o Lu\u00eds Grignion de Montfort, &#8220;O Tratado da Verdadeira Devo\u00e7\u00e3o&#8221;, a &#8220;Carta aos Amigos da Cruz&#8221; [ambos escritos por este Santo].<\/span><\/p>\n<p style=\"text-align: left; padding-left: 60px;\"><strong><span style=\"font-family: verdana, geneva; color: #3366ff;\">E depois as duas grandes devo\u00e7\u00f5es (que constituem, no fundo, uma s\u00f3 devo\u00e7\u00e3o): ao Sagrado Cora\u00e7\u00e3o de Jesus e ao Imaculado Cora\u00e7\u00e3o de Maria, e que se encontram abaixo desse M. <\/span><\/strong><\/p>\n<p style=\"text-align: left;\"><span style=\"font-family: verdana, geneva;\">S\u00e3o todas as gra\u00e7as dadas nos tempos modernos <strong>para a luta contra Revolu\u00e7\u00e3o<\/strong>: a afirma\u00e7\u00e3o da Imaculada Concei\u00e7\u00e3o de Nossa Senhora, o dogma da Imaculada Concei\u00e7\u00e3o que deveria ser definido algumas dezenas de anos depois da apari\u00e7\u00e3o da Medalha Milagrosa<\/span><strong><span style=\"font-family: verdana, geneva; color: #800080;\">.<\/span><\/strong><\/p>\n<p style=\"text-align: left;\"><span style=\"font-family: verdana, geneva;\">As devo\u00e7\u00f5es ao Sagrado Cora\u00e7\u00e3o de Jesus e ao Imaculado Cora\u00e7\u00e3o de Maria, e que foram para evitar a Revolu\u00e7\u00e3o na Fran\u00e7a; e de outro lado a obra de S\u00e3o Lu\u00eds Maria de Grignion de Montfort, que foi tamb\u00e9m dada para evitar a Revolu\u00e7\u00e3o. E uma e outra devo\u00e7\u00f5es dadas tamb\u00e9m para lutar contra a Revolu\u00e7\u00e3o e para abat\u00ea-la.<\/span><\/p>\n<p style=\"text-align: left;\"><span style=\"font-family: verdana, geneva;\">De maneira que esses s\u00edmbolos todos se conjugam como uma esp\u00e9cie de comp\u00eandio dos temas ou dos pontos mais sens\u00edveis para a <strong>piedade cat\u00f3lica<\/strong>, que lembram mais a piedade cat\u00f3lica, objeto natural de suas inclina\u00e7\u00f5es, de seus atos de devo\u00e7\u00e3o, de sua confian\u00e7a, e que, portanto, devem ser vistos nesse sentido pelos cat\u00f3licos.<\/span><\/p>\n<p style=\"text-align: left; padding-left: 60px;\"><strong><span style=\"font-family: verdana, geneva; color: #800080;\">Os senhores t\u00eam a\u00ed a raz\u00e3o pela qual essa Medalha foi objeto de tantas gra\u00e7as. E, por causa disso, n\u00f3s devemos amar muito essa Medalha, vendo nela como que um programa para n\u00f3s. E us\u00e1-la sempre, t\u00ea-la sempre conosco.<\/span><\/strong><\/p>\n<p style=\"text-align: left;\"><span style=\"font-family: verdana, geneva;\">Os senhores compreendem, por esta forma, como a piedade cat\u00f3lica sabe fazer bem as coisas. Porque outra devo\u00e7\u00e3o espl\u00eandida e que sempre os cat\u00f3licos tiveram, da Idade M\u00e9dia para c\u00e1, <strong>foi<br \/>\no Ros\u00e1rio. <\/strong><\/span><\/p>\n<p style=\"text-align: left; padding-left: 60px;\"><strong><span style=\"font-family: verdana, geneva; color: #3366ff;\">Ent\u00e3o, colocar essa Medalha unindo as dezenas do Ros\u00e1rio, \u00e9 uma id\u00e9ia harmoniosa, felic\u00edssima, adequad\u00edssima, muito razo\u00e1vel, constituindo um todo de objeto de piedade que nos deve falar muito \u00e0 alma, e que deve despertar muito a nossa devo\u00e7\u00e3o.<\/span><\/strong><\/p>\n<p><span style=\"font-family: verdana, geneva;\">Vamos pedir a Nossa Senhora que, pelas gra\u00e7as da Medalha Milagrosa, Ela apresse o dia de sua vit\u00f3ria de um lado. E que, do outro lado tamb\u00e9m, Ela nos ajude a sermos fi\u00e9is durante todas as tormentas que se aproximam. <\/span><\/p>\n<p style=\"padding-left: 60px;\"><span style=\"color: #800080;\"><strong><span style=\"font-family: verdana, geneva;\">Porque n\u00f3s nos devemos lembrar bem disso: a perseveran\u00e7a \u00e9 uma gra\u00e7a inestim\u00e1vel. Com efeito, do que adianta a gente ter uma f\u00e9 [e outras] virtudes, se depois vai cair em pecado? <\/span><\/strong><\/span><\/p>\n<p><span style=\"font-family: verdana, geneva;\">Essa perseveran\u00e7a n\u00e3o \u00e9 fruto de nossas qualidades pessoais, n\u00e3o \u00e9 o fruto de nada que parte de dentro de n\u00f3s. <strong>Ela \u00e9 um fruto da gra\u00e7a<\/strong>, que se trata de pedir humildemente, de implorar com insist\u00eancia, e \u00e0 qual se trata de corresponder. <\/span><\/p>\n<p><span style=\"font-family: verdana, geneva;\">Portanto precisamos pedir as gra\u00e7as que nos asseguram a <strong>perseveran\u00e7a<\/strong>. E \u00e9 isso que n\u00f3s ent\u00e3o devemos especialmente pedir. (&#8230;)<\/span><\/p>\n<p style=\"text-align: center;\">* \u00a0* \u00a0*<\/p>\n<p><span style=\"font-family: verdana, geneva;\">Ent\u00e3o, n\u00f3s devemos compreender que essa Medalha, com todos esses s\u00edmbolos, e recomendada por Nossa Senhora, \u00e9 um dos penhores da <strong>alian\u00e7a dEla com seus verdadeiros devotos. <\/strong><\/span><\/p>\n<p style=\"padding-left: 60px;\"><strong><span style=\"font-family: verdana, geneva; color: #3366ff;\">\u00c9 um dos meios, uma esp\u00e9cie de escudo que Ela d\u00e1 para a luta contra todas essas tenta\u00e7\u00f5es do dem\u00f4nio. E que essa invoca\u00e7\u00e3o de Nossa Senhora das Gra\u00e7as, ou Nossa Senhora da Medalha Milagrosa, \u00e9 particularmente eficiente por tudo quanto Ela cont\u00e9m. <\/span><\/strong><\/p>\n<p style=\"padding-left: 60px;\"><strong><span style=\"font-family: verdana, geneva; color: #800080;\">E pela Imaculada Concei\u00e7\u00e3o que est\u00e1 esmagando a cabe\u00e7a do dem\u00f4nio, \u00e9 particularmente eficiente nesta luta contra o poder das trevas, que tanto e tanto n\u00f3s devemos conduzir nos dias de hoje.<\/span><\/strong><\/p>\n<p><span style=\"font-family: verdana, geneva;\">H\u00e1 uma raz\u00e3o a mais, portanto, para n\u00f3s nos aferrarmos nesses s\u00edmbolos, para n\u00f3s nos aferrarmos a essa Medalha, para n\u00f3s nos aferrarmos ao escapul\u00e1rio do Carmo, para n\u00f3s nos aferrarmos<br \/>\nao Ros\u00e1rio. <\/span><\/p>\n<p style=\"padding-left: 60px;\"><strong><span style=\"font-family: verdana, geneva; color: #3366ff;\">Termos sempre conosco esses objetos de devo\u00e7\u00e3o como meio para a\u00e7\u00e3o contra<br \/>\no dem\u00f4nio. <\/span><\/strong><\/p>\n<p><span style=\"font-family: verdana, geneva;\">E essa \u00e9 uma considera\u00e7\u00e3o que me parece particularmente importante nos dias que passam.\u00a0<\/span><span style=\"font-family: verdana, geneva;\">Era o que eu tinha a dizer a esse respeito.<\/span><\/p>\n<p style=\"text-align: center;\"><span style=\"font-family: verdana, geneva;\">* \u00a0* \u00a0*<\/span><\/p>\n<p style=\"text-align: left;\"><span style=\"font-family: verdana, geneva;\"><em>Fonte: pliniocorreadeoliveira.info<\/em><\/span><\/p>\n<p style=\"text-align: left;\"><a href=\"http:\/\/oratoriodamedalhamilagrosa.org.br\/home\/acenda-sua-vela-30\/?origem=1\"><img loading=\"lazy\" class=\"aligncenter size-full wp-image-28750\" title=\"Clique aqui para descobrir como receber em casa esta Medalha Milagrosa!\" src=\"http:\/\/www.adf.org.br\/home\/wp-content\/uploads\/2014\/12\/banner_medalha_milagrosa13.gif\" alt=\"\" width=\"400\" height=\"146\" \/><\/a><\/p>\n","protected":false},"excerpt":{"rendered":"<p>Pl\u00ednio Correa de Oliveira Continua\u00e7\u00e3o do post &#8211;\u00a0Veja aqui! O significado da magn\u00edfica simbologia da Medalha Milagrosa (Parte I) O verso da Medalha n\u00e3o \u00e9 menos simb\u00f3lico. Ele cont\u00e9m os elementos de v\u00e1rias devo\u00e7\u00f5es que se conjugam. Por que? Eu mostrei que [na Medalha] onde est\u00e1 a imagem de Nossa Senhora, est\u00e1 lembrada a Imaculada [&hellip;]<\/p>\n","protected":false},"author":12,"featured_media":0,"comment_status":"open","ping_status":"open","sticky":false,"template":"","format":"standard","meta":[],"categories":[20],"tags":[34,306,1001,522],"yoast_head":"<!-- This site is optimized with the Yoast SEO plugin v17.4 - https:\/\/yoast.com\/wordpress\/plugins\/seo\/ -->\n<title>Veja aqui! O significado da magn\u00edfica simbologia da Medalha Milagrosa (Parte II) - Associa\u00e7\u00e3o Devotos de F\u00e1tima<\/title>\n<meta name=\"robots\" content=\"index, follow, max-snippet:-1, max-image-preview:large, max-video-preview:-1\" \/>\n<link rel=\"canonical\" href=\"https:\/\/www.adf.org.br\/home\/veja-aqui-o-significado-da-magnifica-simbologia-da-medalha-milagrosa-parte-ii\/\" \/>\n<meta property=\"og:locale\" content=\"pt_BR\" \/>\n<meta property=\"og:type\" content=\"article\" \/>\n<meta property=\"og:title\" content=\"Veja aqui! O significado da magn\u00edfica simbologia da Medalha Milagrosa (Parte II) - Associa\u00e7\u00e3o Devotos de F\u00e1tima\" \/>\n<meta property=\"og:description\" content=\"Pl\u00ednio Correa de Oliveira Continua\u00e7\u00e3o do post &#8211;\u00a0Veja aqui! O significado da magn\u00edfica simbologia da Medalha Milagrosa (Parte I) O verso da Medalha n\u00e3o \u00e9 menos simb\u00f3lico. Ele cont\u00e9m os elementos de v\u00e1rias devo\u00e7\u00f5es que se conjugam. Por que? Eu mostrei que [na Medalha] onde est\u00e1 a imagem de Nossa Senhora, est\u00e1 lembrada a Imaculada [&hellip;]\" \/>\n<meta property=\"og:url\" content=\"https:\/\/www.adf.org.br\/home\/veja-aqui-o-significado-da-magnifica-simbologia-da-medalha-milagrosa-parte-ii\/\" \/>\n<meta property=\"og:site_name\" content=\"Associa\u00e7\u00e3o Devotos de F\u00e1tima\" \/>\n<meta property=\"article:published_time\" content=\"2015-01-05T01:57:47+00:00\" \/>\n<meta property=\"og:image\" content=\"http:\/\/www.adf.org.br\/home\/wp-content\/uploads\/2014\/12\/Medalha-Milagrosa-verso.jpg\" \/>\n<meta name=\"twitter:card\" content=\"summary_large_image\" \/>\n<meta name=\"twitter:label1\" content=\"Escrito por\" \/>\n\t<meta name=\"twitter:data1\" content=\"luiz.fernando\" \/>\n\t<meta name=\"twitter:label2\" content=\"Est. tempo de leitura\" \/>\n\t<meta name=\"twitter:data2\" content=\"4 minutos\" \/>\n<script type=\"application\/ld+json\" class=\"yoast-schema-graph\">{\"@context\":\"https:\/\/schema.org\",\"@graph\":[{\"@type\":\"WebSite\",\"@id\":\"https:\/\/www.adf.org.br\/home\/#website\",\"url\":\"https:\/\/www.adf.org.br\/home\/\",\"name\":\"Associa\\u00e7\\u00e3o Devotos de F\\u00e1tima\",\"description\":\"Associa\\u00e7\\u00e3o Devotos de F\\u00e1tima\",\"potentialAction\":[{\"@type\":\"SearchAction\",\"target\":{\"@type\":\"EntryPoint\",\"urlTemplate\":\"https:\/\/www.adf.org.br\/home\/?s={search_term_string}\"},\"query-input\":\"required name=search_term_string\"}],\"inLanguage\":\"pt-BR\"},{\"@type\":\"ImageObject\",\"@id\":\"https:\/\/www.adf.org.br\/home\/veja-aqui-o-significado-da-magnifica-simbologia-da-medalha-milagrosa-parte-ii\/#primaryimage\",\"inLanguage\":\"pt-BR\",\"url\":\"http:\/\/www.adf.org.br\/home\/wp-content\/uploads\/2014\/12\/Medalha-Milagrosa-verso.jpg\",\"contentUrl\":\"http:\/\/www.adf.org.br\/home\/wp-content\/uploads\/2014\/12\/Medalha-Milagrosa-verso.jpg\"},{\"@type\":\"WebPage\",\"@id\":\"https:\/\/www.adf.org.br\/home\/veja-aqui-o-significado-da-magnifica-simbologia-da-medalha-milagrosa-parte-ii\/#webpage\",\"url\":\"https:\/\/www.adf.org.br\/home\/veja-aqui-o-significado-da-magnifica-simbologia-da-medalha-milagrosa-parte-ii\/\",\"name\":\"Veja aqui! O significado da magn\\u00edfica simbologia da Medalha Milagrosa (Parte II) - Associa\\u00e7\\u00e3o Devotos de F\\u00e1tima\",\"isPartOf\":{\"@id\":\"https:\/\/www.adf.org.br\/home\/#website\"},\"primaryImageOfPage\":{\"@id\":\"https:\/\/www.adf.org.br\/home\/veja-aqui-o-significado-da-magnifica-simbologia-da-medalha-milagrosa-parte-ii\/#primaryimage\"},\"datePublished\":\"2015-01-05T01:57:47+00:00\",\"dateModified\":\"2015-01-05T01:57:47+00:00\",\"author\":{\"@id\":\"https:\/\/www.adf.org.br\/home\/#\/schema\/person\/4eb0499131c1962e974297eff367a715\"},\"breadcrumb\":{\"@id\":\"https:\/\/www.adf.org.br\/home\/veja-aqui-o-significado-da-magnifica-simbologia-da-medalha-milagrosa-parte-ii\/#breadcrumb\"},\"inLanguage\":\"pt-BR\",\"potentialAction\":[{\"@type\":\"ReadAction\",\"target\":[\"https:\/\/www.adf.org.br\/home\/veja-aqui-o-significado-da-magnifica-simbologia-da-medalha-milagrosa-parte-ii\/\"]}]},{\"@type\":\"BreadcrumbList\",\"@id\":\"https:\/\/www.adf.org.br\/home\/veja-aqui-o-significado-da-magnifica-simbologia-da-medalha-milagrosa-parte-ii\/#breadcrumb\",\"itemListElement\":[{\"@type\":\"ListItem\",\"position\":1,\"name\":\"Home\",\"item\":\"https:\/\/www.adf.org.br\/home\/\"},{\"@type\":\"ListItem\",\"position\":2,\"name\":\"Veja aqui! O significado da magn\\u00edfica simbologia da Medalha Milagrosa (Parte II)\"}]},{\"@type\":\"Person\",\"@id\":\"https:\/\/www.adf.org.br\/home\/#\/schema\/person\/4eb0499131c1962e974297eff367a715\",\"name\":\"luiz.fernando\",\"image\":{\"@type\":\"ImageObject\",\"@id\":\"https:\/\/www.adf.org.br\/home\/#personlogo\",\"inLanguage\":\"pt-BR\",\"url\":\"https:\/\/secure.gravatar.com\/avatar\/4e9dcdc2a00e06e1d9189a84f6908f28?s=96&d=mm&r=g\",\"contentUrl\":\"https:\/\/secure.gravatar.com\/avatar\/4e9dcdc2a00e06e1d9189a84f6908f28?s=96&d=mm&r=g\",\"caption\":\"luiz.fernando\"},\"url\":\"https:\/\/www.adf.org.br\/home\/author\/luiz-fernando\/\"}]}<\/script>\n<!-- \/ Yoast SEO plugin. -->","yoast_head_json":{"title":"Veja aqui! O significado da magn\u00edfica simbologia da Medalha Milagrosa (Parte II) - Associa\u00e7\u00e3o Devotos de F\u00e1tima","robots":{"index":"index","follow":"follow","max-snippet":"max-snippet:-1","max-image-preview":"max-image-preview:large","max-video-preview":"max-video-preview:-1"},"canonical":"https:\/\/www.adf.org.br\/home\/veja-aqui-o-significado-da-magnifica-simbologia-da-medalha-milagrosa-parte-ii\/","og_locale":"pt_BR","og_type":"article","og_title":"Veja aqui! O significado da magn\u00edfica simbologia da Medalha Milagrosa (Parte II) - Associa\u00e7\u00e3o Devotos de F\u00e1tima","og_description":"Pl\u00ednio Correa de Oliveira Continua\u00e7\u00e3o do post &#8211;\u00a0Veja aqui! O significado da magn\u00edfica simbologia da Medalha Milagrosa (Parte I) O verso da Medalha n\u00e3o \u00e9 menos simb\u00f3lico. Ele cont\u00e9m os elementos de v\u00e1rias devo\u00e7\u00f5es que se conjugam. Por que? Eu mostrei que [na Medalha] onde est\u00e1 a imagem de Nossa Senhora, est\u00e1 lembrada a Imaculada [&hellip;]","og_url":"https:\/\/www.adf.org.br\/home\/veja-aqui-o-significado-da-magnifica-simbologia-da-medalha-milagrosa-parte-ii\/","og_site_name":"Associa\u00e7\u00e3o Devotos de F\u00e1tima","article_published_time":"2015-01-05T01:57:47+00:00","og_image":[{"url":"http:\/\/www.adf.org.br\/home\/wp-content\/uploads\/2014\/12\/Medalha-Milagrosa-verso.jpg"}],"twitter_card":"summary_large_image","twitter_misc":{"Escrito por":"luiz.fernando","Est. tempo de leitura":"4 minutos"},"schema":{"@context":"https:\/\/schema.org","@graph":[{"@type":"WebSite","@id":"https:\/\/www.adf.org.br\/home\/#website","url":"https:\/\/www.adf.org.br\/home\/","name":"Associa\u00e7\u00e3o Devotos de F\u00e1tima","description":"Associa\u00e7\u00e3o Devotos de F\u00e1tima","potentialAction":[{"@type":"SearchAction","target":{"@type":"EntryPoint","urlTemplate":"https:\/\/www.adf.org.br\/home\/?s={search_term_string}"},"query-input":"required name=search_term_string"}],"inLanguage":"pt-BR"},{"@type":"ImageObject","@id":"https:\/\/www.adf.org.br\/home\/veja-aqui-o-significado-da-magnifica-simbologia-da-medalha-milagrosa-parte-ii\/#primaryimage","inLanguage":"pt-BR","url":"http:\/\/www.adf.org.br\/home\/wp-content\/uploads\/2014\/12\/Medalha-Milagrosa-verso.jpg","contentUrl":"http:\/\/www.adf.org.br\/home\/wp-content\/uploads\/2014\/12\/Medalha-Milagrosa-verso.jpg"},{"@type":"WebPage","@id":"https:\/\/www.adf.org.br\/home\/veja-aqui-o-significado-da-magnifica-simbologia-da-medalha-milagrosa-parte-ii\/#webpage","url":"https:\/\/www.adf.org.br\/home\/veja-aqui-o-significado-da-magnifica-simbologia-da-medalha-milagrosa-parte-ii\/","name":"Veja aqui! O significado da magn\u00edfica simbologia da Medalha Milagrosa (Parte II) - Associa\u00e7\u00e3o Devotos de F\u00e1tima","isPartOf":{"@id":"https:\/\/www.adf.org.br\/home\/#website"},"primaryImageOfPage":{"@id":"https:\/\/www.adf.org.br\/home\/veja-aqui-o-significado-da-magnifica-simbologia-da-medalha-milagrosa-parte-ii\/#primaryimage"},"datePublished":"2015-01-05T01:57:47+00:00","dateModified":"2015-01-05T01:57:47+00:00","author":{"@id":"https:\/\/www.adf.org.br\/home\/#\/schema\/person\/4eb0499131c1962e974297eff367a715"},"breadcrumb":{"@id":"https:\/\/www.adf.org.br\/home\/veja-aqui-o-significado-da-magnifica-simbologia-da-medalha-milagrosa-parte-ii\/#breadcrumb"},"inLanguage":"pt-BR","potentialAction":[{"@type":"ReadAction","target":["https:\/\/www.adf.org.br\/home\/veja-aqui-o-significado-da-magnifica-simbologia-da-medalha-milagrosa-parte-ii\/"]}]},{"@type":"BreadcrumbList","@id":"https:\/\/www.adf.org.br\/home\/veja-aqui-o-significado-da-magnifica-simbologia-da-medalha-milagrosa-parte-ii\/#breadcrumb","itemListElement":[{"@type":"ListItem","position":1,"name":"Home","item":"https:\/\/www.adf.org.br\/home\/"},{"@type":"ListItem","position":2,"name":"Veja aqui! O significado da magn\u00edfica simbologia da Medalha Milagrosa (Parte II)"}]},{"@type":"Person","@id":"https:\/\/www.adf.org.br\/home\/#\/schema\/person\/4eb0499131c1962e974297eff367a715","name":"luiz.fernando","image":{"@type":"ImageObject","@id":"https:\/\/www.adf.org.br\/home\/#personlogo","inLanguage":"pt-BR","url":"https:\/\/secure.gravatar.com\/avatar\/4e9dcdc2a00e06e1d9189a84f6908f28?s=96&d=mm&r=g","contentUrl":"https:\/\/secure.gravatar.com\/avatar\/4e9dcdc2a00e06e1d9189a84f6908f28?s=96&d=mm&r=g","caption":"luiz.fernando"},"url":"https:\/\/www.adf.org.br\/home\/author\/luiz-fernando\/"}]}},"_links":{"self":[{"href":"https:\/\/www.adf.org.br\/home\/wp-json\/wp\/v2\/posts\/28749"}],"collection":[{"href":"https:\/\/www.adf.org.br\/home\/wp-json\/wp\/v2\/posts"}],"about":[{"href":"https:\/\/www.adf.org.br\/home\/wp-json\/wp\/v2\/types\/post"}],"author":[{"embeddable":true,"href":"https:\/\/www.adf.org.br\/home\/wp-json\/wp\/v2\/users\/12"}],"replies":[{"embeddable":true,"href":"https:\/\/www.adf.org.br\/home\/wp-json\/wp\/v2\/comments?post=28749"}],"version-history":[{"count":0,"href":"https:\/\/www.adf.org.br\/home\/wp-json\/wp\/v2\/posts\/28749\/revisions"}],"wp:attachment":[{"href":"https:\/\/www.adf.org.br\/home\/wp-json\/wp\/v2\/media?parent=28749"}],"wp:term":[{"taxonomy":"category","embeddable":true,"href":"https:\/\/www.adf.org.br\/home\/wp-json\/wp\/v2\/categories?post=28749"},{"taxonomy":"post_tag","embeddable":true,"href":"https:\/\/www.adf.org.br\/home\/wp-json\/wp\/v2\/tags?post=28749"}],"curies":[{"name":"wp","href":"https:\/\/api.w.org\/{rel}","templated":true}]}}