{"id":28738,"date":"2015-01-03T23:57:50","date_gmt":"2015-01-04T01:57:50","guid":{"rendered":"http:\/\/www.adf.org.br\/home\/?p=28738"},"modified":"2015-01-03T23:57:50","modified_gmt":"2015-01-04T01:57:50","slug":"veja-aqui-o-significado-da-magnifica-simbologia-da-medalha-milagrosa-parte-i","status":"publish","type":"post","link":"https:\/\/www.adf.org.br\/home\/veja-aqui-o-significado-da-magnifica-simbologia-da-medalha-milagrosa-parte-i\/","title":{"rendered":"Veja aqui! O significado da magn\u00edfica simbologia da Medalha Milagrosa (Parte I)"},"content":{"rendered":"<figure id=\"attachment_28740\" aria-describedby=\"caption-attachment-28740\" style=\"width: 581px\" class=\"wp-caption aligncenter\"><a href=\"http:\/\/www.adf.org.br\/home\/2015\/01\/veja-aqui-o-significado-da-magnifica-simbologia-da-medalha-milagrosa-parte-i\/nossasenhoradasgracas_santuarioruadubac001-2\/\" rel=\"attachment wp-att-28740\"><img loading=\"lazy\" class=\" wp-image-28740 \" title=\"Capela da Casa-m\u00e3e das Filhas da Caridade, na Rue du Bac, em Paris.\" src=\"http:\/\/www.adf.org.br\/home\/wp-content\/uploads\/2014\/12\/NossaSenhoradasGracas_SantuarioRuaduBac001.jpg\" alt=\"\" width=\"581\" height=\"389\" \/><\/a><figcaption id=\"caption-attachment-28740\" class=\"wp-caption-text\">Capela da Casa-m\u00e3e das Filhas da Caridade, na Rue du Bac, em Paris, onde foi revelada, por Maria Sant\u00edssima a Santa Catarina Labour\u00e9, a Medalha de Nossa Senhora das Gra\u00e7as conhecida tamb\u00e9m como Medalha Milagrosa.<\/figcaption><\/figure>\n<p style=\"text-align: center;\"><em><span style=\"font-family: verdana, geneva;\">A Medalha Milagrosa: devo\u00e7\u00e3o pr\u00f3pria para a luta contra o dem\u00f4nio em nossos dias &#8211;<br \/>\n<strong>Pl\u00ednio Correa de Oliveira<\/strong><\/span><\/em><\/p>\n<p style=\"padding-left: 90px;\"><span style=\"font-size: medium; color: #800080;\"><strong><span style=\"font-family: verdana, geneva;\">Quando esta revela\u00e7\u00e3o foi divulgada, verificou-se que a Medalha Milagrosa era ocasi\u00e3o de um n\u00famero enorme de gra\u00e7as de convers\u00e3o&#8230;<\/span><\/strong><\/span><\/p>\n<p><span style=\"font-family: verdana, geneva;\">Das mais extraordin\u00e1rias, com que se patenteou ou se documentou mais uma vez que esta devo\u00e7\u00e3o era muito desejada por Nossa Senhora. <\/span><\/p>\n<p><span style=\"font-family: verdana, geneva;\">Por causa disso estabeleceu-se o excelente costume de colocar, no ponto de entroncamento das contas do <strong>Ros\u00e1rio<\/strong>, a Medalha Milagrosa. <\/span><\/p>\n<p style=\"padding-left: 60px;\"><span style=\"text-decoration: underline;\"><strong><span style=\"font-family: verdana, geneva; color: #3366ff; text-decoration: underline;\">Porque o uso da Medalha Milagrosa \u00e9 cercado de toda a esp\u00e9cie de gra\u00e7as. <\/span><\/strong><\/span><\/p>\n<p><span style=\"font-family: verdana, geneva;\">E essa devo\u00e7\u00e3o preparou as almas, muito poderosamente, para a defini\u00e7\u00e3o de um dos mais importantes dogmas de Nossa Senhora, que \u00e9 o da <strong>Imaculada Concei\u00e7\u00e3o.<\/strong><\/span><\/p>\n<p><span style=\"font-family: verdana, geneva;\">Vale a pena portanto n\u00f3s fazermos aqui uma an\u00e1lise da Medalha e de tudo quanto ela simboliza, para compreendermos o que a Provid\u00eancia Divina teve em vista quando favoreceu com tantas gra\u00e7as essa devo\u00e7\u00e3o que Ela mesma revelou a Santa Catarina Labour\u00e9:<\/span><\/p>\n<p><a href=\"http:\/\/www.adf.org.br\/home\/2015\/01\/veja-aqui-o-significado-da-magnifica-simbologia-da-medalha-milagrosa-parte-i\/medalha-milagrosa-frente\/\" rel=\"attachment wp-att-28739\"><img loading=\"lazy\" class=\"aligncenter size-full wp-image-28739\" title=\"Medalha Milagrosa - face da frente\" src=\"http:\/\/www.adf.org.br\/home\/wp-content\/uploads\/2014\/12\/Medalha-Milagrosa-frente.jpg\" alt=\"\" width=\"220\" height=\"378\" \/><\/a><\/p>\n<p><span style=\"font-family: verdana, geneva;\">N\u00f3s temos, numa face da Medalha, Nossa Senhora calcando o mundo. Quer dizer, pondo os p\u00e9s sobre o mundo na afirma\u00e7\u00e3o de <strong>Sua realeza sobre toda a Terra<\/strong>.<\/span><\/p>\n<p><span style=\"font-family: verdana, geneva;\">\u00c9 exatamente essa a doutrina da realeza de Nossa Senhora que veio lembrada em F\u00e1tima, como uma vit\u00f3ria da Contra-Revolu\u00e7\u00e3o: &#8220;<em>o comunismo espalhar\u00e1 os seus erros por toda parte; o Papa ter\u00e1 muito que sofrer; a Igreja ser\u00e1 perseguida; por fim, o Meu Imaculado Cora\u00e7\u00e3o triunfar\u00e1<\/em>.&#8221; <\/span><\/p>\n<p style=\"padding-left: 60px;\"><strong><span style=\"font-family: verdana, geneva; color: #800080;\">Quer dizer, a Revolu\u00e7\u00e3o ser\u00e1 derrotada e teremos ent\u00e3o a vit\u00f3ria do Cora\u00e7\u00e3o Imaculado de Maria.<\/span><\/strong><\/p>\n<p><span style=\"font-family: verdana, geneva;\">Essa doutrina da realeza de Maria est\u00e1 afirmada desse lado: Nossa Senhora calcando o mundo aos p\u00e9s e tamb\u00e9m <strong>uma serpente<\/strong>; o que est\u00e1 inteiramente coerente, concludente, com os demais s\u00edmbolos da Medalha. <\/span><\/p>\n<p style=\"padding-left: 60px;\"><strong><span style=\"font-family: verdana, geneva; color: #3366ff;\">Porque desse lado da Medalha est\u00e1 escrito:\u00a0<em>&#8220;\u00d3 Maria concebida sem pecado, rogai por n\u00f3s que recorremos a v\u00f3s&#8221;<\/em>. Quer dizer, \u00e9 a Imaculada Concei\u00e7\u00e3o.<\/span><\/strong><\/p>\n<p><span style=\"font-family: verdana, geneva;\">Mas n\u00e3o \u00e9 pura e simplesmente a Imaculada Concei\u00e7\u00e3o, porque h\u00e1 aqui um atributo que n\u00e3o se encontra nas imagens da Imaculada Concei\u00e7\u00e3o como tal. <\/span><\/p>\n<p><span style=\"font-family: verdana, geneva;\">E que \u00e9 o seguinte: Nossa Senhora est\u00e1 com as m\u00e3os abertas, em sinal de aquiesc\u00eancia (acordo, aprova\u00e7\u00e3o), em sinal de atendimento, e de Suas m\u00e3os partem feixes luminosos imensos, que s\u00e3o gra\u00e7as e os favores que pelas m\u00e3os dEla &#8211; quer dizer <strong>pela a\u00e7\u00e3o dEla, por meio dEla<\/strong> &#8211; descem<br \/>\nao mundo. <\/span><\/p>\n<p><span style=\"font-family: verdana, geneva;\">E ent\u00e3o n\u00f3s temos aqui algo que faz pensar na <strong>Media\u00e7\u00e3o Universal de Nossa Senhora<\/strong>. <\/span><\/p>\n<p style=\"padding-left: 60px;\"><strong><span style=\"font-family: verdana, geneva; color: #800080;\">As gra\u00e7as todas que v\u00eam de Deus e que, pelas m\u00e3os de Nossa Senhora, que s\u00e3o as m\u00e3os distribuidoras das gra\u00e7as de Deus numa quantidade enorme, se precipitam sobre o mundo. <\/span><\/strong><\/p>\n<p><span style=\"font-family: verdana, geneva;\">Exatamente, a vit\u00f3ria sobre a Revolu\u00e7\u00e3o dar-se-\u00e1 no momento culminante das vicissitudes da Santa Igreja e, pois, com a realiza\u00e7\u00e3o completa das profecias de F\u00e1tima (&#8220;por fim, o Meu Imaculado Cora\u00e7\u00e3o triunfar\u00e1&#8221;).<\/span><\/p>\n<p><span style=\"font-family: verdana, geneva;\">Quer dizer, aqui n\u00f3s temos uma s\u00e9rie de conceitos que se conjugam para dar uma vis\u00e3o grandiosa da <strong>vit\u00f3ria de Nossa Senhora<\/strong> no mundo.<\/span><\/p>\n<p style=\"padding-left: 60px;\"><strong><span style=\"font-family: verdana, geneva; color: #3366ff;\">Essas gra\u00e7as que descem s\u00e3o a convers\u00e3o dos pecadores, mas s\u00e3o tamb\u00e9m o castigo dos irredut\u00edveis \u00e0 gra\u00e7a divina, e para a prote\u00e7\u00e3o daqueles que se mantiveram fi\u00e9is at\u00e9 ao fim. E as gra\u00e7as para que os fi\u00e9is continuem fi\u00e9is. <\/span><\/strong><\/p>\n<p><span style=\"font-family: verdana, geneva;\">Tudo isto sai das m\u00e3os de Nossa Senhora como de um manancial. E Ela est\u00e1 af\u00e1vel, risonha, acolhedora para todos aqueles que, tendo em vista esse conjunto de fatos, esse conjunto de s\u00edmbolos, de atributos, de no\u00e7\u00f5es, se dirigem confiantes a Ela <strong>pedindo as gra\u00e7as que precisam.<\/strong><\/span><\/p>\n<p><span style=\"font-family: verdana, geneva;\">(Continua&#8230;)<\/span><\/p>\n<p style=\"text-align: center;\"><span style=\"font-family: verdana, geneva;\">* \u00a0* \u00a0*<\/span><\/p>\n<p style=\"text-align: left;\"><span style=\"font-family: verdana, geneva;\"><em>Fonte:\u00a0pliniocorreadeoliveira.info<\/em><\/span><\/p>\n<p style=\"text-align: left;\"><a href=\"http:\/\/oratoriodamedalhamilagrosa.org.br\/home\/acenda-sua-vela-30\/?origem=1\"><img loading=\"lazy\" class=\"aligncenter size-full wp-image-28741\" title=\"Clique aqui e saiba como receber uma Medalha Milagrosa!\" src=\"http:\/\/www.adf.org.br\/home\/wp-content\/uploads\/2014\/12\/banner_medalha_milagrosa12.gif\" alt=\"\" width=\"400\" height=\"146\" \/><\/a><\/p>\n","protected":false},"excerpt":{"rendered":"<p>A Medalha Milagrosa: devo\u00e7\u00e3o pr\u00f3pria para a luta contra o dem\u00f4nio em nossos dias &#8211; Pl\u00ednio Correa de Oliveira Quando esta revela\u00e7\u00e3o foi divulgada, verificou-se que a Medalha Milagrosa era ocasi\u00e3o de um n\u00famero enorme de gra\u00e7as de convers\u00e3o&#8230; Das mais extraordin\u00e1rias, com que se patenteou ou se documentou mais uma vez que esta devo\u00e7\u00e3o [&hellip;]<\/p>\n","protected":false},"author":12,"featured_media":0,"comment_status":"open","ping_status":"open","sticky":false,"template":"","format":"standard","meta":[],"categories":[20],"tags":[34,306,1001,522],"yoast_head":"<!-- This site is optimized with the Yoast SEO plugin v17.4 - https:\/\/yoast.com\/wordpress\/plugins\/seo\/ -->\n<title>Veja aqui! O significado da magn\u00edfica simbologia da Medalha Milagrosa (Parte I) - Associa\u00e7\u00e3o Devotos de F\u00e1tima<\/title>\n<meta name=\"robots\" content=\"index, follow, max-snippet:-1, max-image-preview:large, max-video-preview:-1\" \/>\n<link rel=\"canonical\" href=\"https:\/\/www.adf.org.br\/home\/veja-aqui-o-significado-da-magnifica-simbologia-da-medalha-milagrosa-parte-i\/\" \/>\n<meta property=\"og:locale\" content=\"pt_BR\" \/>\n<meta property=\"og:type\" content=\"article\" \/>\n<meta property=\"og:title\" content=\"Veja aqui! O significado da magn\u00edfica simbologia da Medalha Milagrosa (Parte I) - Associa\u00e7\u00e3o Devotos de F\u00e1tima\" \/>\n<meta property=\"og:description\" content=\"A Medalha Milagrosa: devo\u00e7\u00e3o pr\u00f3pria para a luta contra o dem\u00f4nio em nossos dias &#8211; Pl\u00ednio Correa de Oliveira Quando esta revela\u00e7\u00e3o foi divulgada, verificou-se que a Medalha Milagrosa era ocasi\u00e3o de um n\u00famero enorme de gra\u00e7as de convers\u00e3o&#8230; Das mais extraordin\u00e1rias, com que se patenteou ou se documentou mais uma vez que esta devo\u00e7\u00e3o [&hellip;]\" \/>\n<meta property=\"og:url\" content=\"https:\/\/www.adf.org.br\/home\/veja-aqui-o-significado-da-magnifica-simbologia-da-medalha-milagrosa-parte-i\/\" \/>\n<meta property=\"og:site_name\" content=\"Associa\u00e7\u00e3o Devotos de F\u00e1tima\" \/>\n<meta property=\"article:published_time\" content=\"2015-01-04T01:57:50+00:00\" \/>\n<meta property=\"og:image\" content=\"http:\/\/www.adf.org.br\/home\/wp-content\/uploads\/2014\/12\/NossaSenhoradasGracas_SantuarioRuaduBac001.jpg\" \/>\n<meta name=\"twitter:card\" content=\"summary_large_image\" \/>\n<meta name=\"twitter:label1\" content=\"Escrito por\" \/>\n\t<meta name=\"twitter:data1\" content=\"luiz.fernando\" \/>\n\t<meta name=\"twitter:label2\" content=\"Est. tempo de leitura\" \/>\n\t<meta name=\"twitter:data2\" content=\"4 minutos\" \/>\n<script type=\"application\/ld+json\" class=\"yoast-schema-graph\">{\"@context\":\"https:\/\/schema.org\",\"@graph\":[{\"@type\":\"WebSite\",\"@id\":\"https:\/\/www.adf.org.br\/home\/#website\",\"url\":\"https:\/\/www.adf.org.br\/home\/\",\"name\":\"Associa\\u00e7\\u00e3o Devotos de F\\u00e1tima\",\"description\":\"Associa\\u00e7\\u00e3o Devotos de F\\u00e1tima\",\"potentialAction\":[{\"@type\":\"SearchAction\",\"target\":{\"@type\":\"EntryPoint\",\"urlTemplate\":\"https:\/\/www.adf.org.br\/home\/?s={search_term_string}\"},\"query-input\":\"required name=search_term_string\"}],\"inLanguage\":\"pt-BR\"},{\"@type\":\"ImageObject\",\"@id\":\"https:\/\/www.adf.org.br\/home\/veja-aqui-o-significado-da-magnifica-simbologia-da-medalha-milagrosa-parte-i\/#primaryimage\",\"inLanguage\":\"pt-BR\",\"url\":\"http:\/\/www.adf.org.br\/home\/wp-content\/uploads\/2014\/12\/NossaSenhoradasGracas_SantuarioRuaduBac001.jpg\",\"contentUrl\":\"http:\/\/www.adf.org.br\/home\/wp-content\/uploads\/2014\/12\/NossaSenhoradasGracas_SantuarioRuaduBac001.jpg\"},{\"@type\":\"WebPage\",\"@id\":\"https:\/\/www.adf.org.br\/home\/veja-aqui-o-significado-da-magnifica-simbologia-da-medalha-milagrosa-parte-i\/#webpage\",\"url\":\"https:\/\/www.adf.org.br\/home\/veja-aqui-o-significado-da-magnifica-simbologia-da-medalha-milagrosa-parte-i\/\",\"name\":\"Veja aqui! O significado da magn\\u00edfica simbologia da Medalha Milagrosa (Parte I) - Associa\\u00e7\\u00e3o Devotos de F\\u00e1tima\",\"isPartOf\":{\"@id\":\"https:\/\/www.adf.org.br\/home\/#website\"},\"primaryImageOfPage\":{\"@id\":\"https:\/\/www.adf.org.br\/home\/veja-aqui-o-significado-da-magnifica-simbologia-da-medalha-milagrosa-parte-i\/#primaryimage\"},\"datePublished\":\"2015-01-04T01:57:50+00:00\",\"dateModified\":\"2015-01-04T01:57:50+00:00\",\"author\":{\"@id\":\"https:\/\/www.adf.org.br\/home\/#\/schema\/person\/4eb0499131c1962e974297eff367a715\"},\"breadcrumb\":{\"@id\":\"https:\/\/www.adf.org.br\/home\/veja-aqui-o-significado-da-magnifica-simbologia-da-medalha-milagrosa-parte-i\/#breadcrumb\"},\"inLanguage\":\"pt-BR\",\"potentialAction\":[{\"@type\":\"ReadAction\",\"target\":[\"https:\/\/www.adf.org.br\/home\/veja-aqui-o-significado-da-magnifica-simbologia-da-medalha-milagrosa-parte-i\/\"]}]},{\"@type\":\"BreadcrumbList\",\"@id\":\"https:\/\/www.adf.org.br\/home\/veja-aqui-o-significado-da-magnifica-simbologia-da-medalha-milagrosa-parte-i\/#breadcrumb\",\"itemListElement\":[{\"@type\":\"ListItem\",\"position\":1,\"name\":\"Home\",\"item\":\"https:\/\/www.adf.org.br\/home\/\"},{\"@type\":\"ListItem\",\"position\":2,\"name\":\"Veja aqui! O significado da magn\\u00edfica simbologia da Medalha Milagrosa (Parte I)\"}]},{\"@type\":\"Person\",\"@id\":\"https:\/\/www.adf.org.br\/home\/#\/schema\/person\/4eb0499131c1962e974297eff367a715\",\"name\":\"luiz.fernando\",\"image\":{\"@type\":\"ImageObject\",\"@id\":\"https:\/\/www.adf.org.br\/home\/#personlogo\",\"inLanguage\":\"pt-BR\",\"url\":\"https:\/\/secure.gravatar.com\/avatar\/4e9dcdc2a00e06e1d9189a84f6908f28?s=96&d=mm&r=g\",\"contentUrl\":\"https:\/\/secure.gravatar.com\/avatar\/4e9dcdc2a00e06e1d9189a84f6908f28?s=96&d=mm&r=g\",\"caption\":\"luiz.fernando\"},\"url\":\"https:\/\/www.adf.org.br\/home\/author\/luiz-fernando\/\"}]}<\/script>\n<!-- \/ Yoast SEO plugin. -->","yoast_head_json":{"title":"Veja aqui! O significado da magn\u00edfica simbologia da Medalha Milagrosa (Parte I) - Associa\u00e7\u00e3o Devotos de F\u00e1tima","robots":{"index":"index","follow":"follow","max-snippet":"max-snippet:-1","max-image-preview":"max-image-preview:large","max-video-preview":"max-video-preview:-1"},"canonical":"https:\/\/www.adf.org.br\/home\/veja-aqui-o-significado-da-magnifica-simbologia-da-medalha-milagrosa-parte-i\/","og_locale":"pt_BR","og_type":"article","og_title":"Veja aqui! O significado da magn\u00edfica simbologia da Medalha Milagrosa (Parte I) - Associa\u00e7\u00e3o Devotos de F\u00e1tima","og_description":"A Medalha Milagrosa: devo\u00e7\u00e3o pr\u00f3pria para a luta contra o dem\u00f4nio em nossos dias &#8211; Pl\u00ednio Correa de Oliveira Quando esta revela\u00e7\u00e3o foi divulgada, verificou-se que a Medalha Milagrosa era ocasi\u00e3o de um n\u00famero enorme de gra\u00e7as de convers\u00e3o&#8230; Das mais extraordin\u00e1rias, com que se patenteou ou se documentou mais uma vez que esta devo\u00e7\u00e3o [&hellip;]","og_url":"https:\/\/www.adf.org.br\/home\/veja-aqui-o-significado-da-magnifica-simbologia-da-medalha-milagrosa-parte-i\/","og_site_name":"Associa\u00e7\u00e3o Devotos de F\u00e1tima","article_published_time":"2015-01-04T01:57:50+00:00","og_image":[{"url":"http:\/\/www.adf.org.br\/home\/wp-content\/uploads\/2014\/12\/NossaSenhoradasGracas_SantuarioRuaduBac001.jpg"}],"twitter_card":"summary_large_image","twitter_misc":{"Escrito por":"luiz.fernando","Est. tempo de leitura":"4 minutos"},"schema":{"@context":"https:\/\/schema.org","@graph":[{"@type":"WebSite","@id":"https:\/\/www.adf.org.br\/home\/#website","url":"https:\/\/www.adf.org.br\/home\/","name":"Associa\u00e7\u00e3o Devotos de F\u00e1tima","description":"Associa\u00e7\u00e3o Devotos de F\u00e1tima","potentialAction":[{"@type":"SearchAction","target":{"@type":"EntryPoint","urlTemplate":"https:\/\/www.adf.org.br\/home\/?s={search_term_string}"},"query-input":"required name=search_term_string"}],"inLanguage":"pt-BR"},{"@type":"ImageObject","@id":"https:\/\/www.adf.org.br\/home\/veja-aqui-o-significado-da-magnifica-simbologia-da-medalha-milagrosa-parte-i\/#primaryimage","inLanguage":"pt-BR","url":"http:\/\/www.adf.org.br\/home\/wp-content\/uploads\/2014\/12\/NossaSenhoradasGracas_SantuarioRuaduBac001.jpg","contentUrl":"http:\/\/www.adf.org.br\/home\/wp-content\/uploads\/2014\/12\/NossaSenhoradasGracas_SantuarioRuaduBac001.jpg"},{"@type":"WebPage","@id":"https:\/\/www.adf.org.br\/home\/veja-aqui-o-significado-da-magnifica-simbologia-da-medalha-milagrosa-parte-i\/#webpage","url":"https:\/\/www.adf.org.br\/home\/veja-aqui-o-significado-da-magnifica-simbologia-da-medalha-milagrosa-parte-i\/","name":"Veja aqui! O significado da magn\u00edfica simbologia da Medalha Milagrosa (Parte I) - Associa\u00e7\u00e3o Devotos de F\u00e1tima","isPartOf":{"@id":"https:\/\/www.adf.org.br\/home\/#website"},"primaryImageOfPage":{"@id":"https:\/\/www.adf.org.br\/home\/veja-aqui-o-significado-da-magnifica-simbologia-da-medalha-milagrosa-parte-i\/#primaryimage"},"datePublished":"2015-01-04T01:57:50+00:00","dateModified":"2015-01-04T01:57:50+00:00","author":{"@id":"https:\/\/www.adf.org.br\/home\/#\/schema\/person\/4eb0499131c1962e974297eff367a715"},"breadcrumb":{"@id":"https:\/\/www.adf.org.br\/home\/veja-aqui-o-significado-da-magnifica-simbologia-da-medalha-milagrosa-parte-i\/#breadcrumb"},"inLanguage":"pt-BR","potentialAction":[{"@type":"ReadAction","target":["https:\/\/www.adf.org.br\/home\/veja-aqui-o-significado-da-magnifica-simbologia-da-medalha-milagrosa-parte-i\/"]}]},{"@type":"BreadcrumbList","@id":"https:\/\/www.adf.org.br\/home\/veja-aqui-o-significado-da-magnifica-simbologia-da-medalha-milagrosa-parte-i\/#breadcrumb","itemListElement":[{"@type":"ListItem","position":1,"name":"Home","item":"https:\/\/www.adf.org.br\/home\/"},{"@type":"ListItem","position":2,"name":"Veja aqui! O significado da magn\u00edfica simbologia da Medalha Milagrosa (Parte I)"}]},{"@type":"Person","@id":"https:\/\/www.adf.org.br\/home\/#\/schema\/person\/4eb0499131c1962e974297eff367a715","name":"luiz.fernando","image":{"@type":"ImageObject","@id":"https:\/\/www.adf.org.br\/home\/#personlogo","inLanguage":"pt-BR","url":"https:\/\/secure.gravatar.com\/avatar\/4e9dcdc2a00e06e1d9189a84f6908f28?s=96&d=mm&r=g","contentUrl":"https:\/\/secure.gravatar.com\/avatar\/4e9dcdc2a00e06e1d9189a84f6908f28?s=96&d=mm&r=g","caption":"luiz.fernando"},"url":"https:\/\/www.adf.org.br\/home\/author\/luiz-fernando\/"}]}},"_links":{"self":[{"href":"https:\/\/www.adf.org.br\/home\/wp-json\/wp\/v2\/posts\/28738"}],"collection":[{"href":"https:\/\/www.adf.org.br\/home\/wp-json\/wp\/v2\/posts"}],"about":[{"href":"https:\/\/www.adf.org.br\/home\/wp-json\/wp\/v2\/types\/post"}],"author":[{"embeddable":true,"href":"https:\/\/www.adf.org.br\/home\/wp-json\/wp\/v2\/users\/12"}],"replies":[{"embeddable":true,"href":"https:\/\/www.adf.org.br\/home\/wp-json\/wp\/v2\/comments?post=28738"}],"version-history":[{"count":0,"href":"https:\/\/www.adf.org.br\/home\/wp-json\/wp\/v2\/posts\/28738\/revisions"}],"wp:attachment":[{"href":"https:\/\/www.adf.org.br\/home\/wp-json\/wp\/v2\/media?parent=28738"}],"wp:term":[{"taxonomy":"category","embeddable":true,"href":"https:\/\/www.adf.org.br\/home\/wp-json\/wp\/v2\/categories?post=28738"},{"taxonomy":"post_tag","embeddable":true,"href":"https:\/\/www.adf.org.br\/home\/wp-json\/wp\/v2\/tags?post=28738"}],"curies":[{"name":"wp","href":"https:\/\/api.w.org\/{rel}","templated":true}]}}