{"id":28717,"date":"2019-01-02T00:00:31","date_gmt":"2019-01-02T02:00:31","guid":{"rendered":"http:\/\/www.adf.org.br\/home\/?p=28717"},"modified":"2019-01-02T00:00:31","modified_gmt":"2019-01-02T02:00:31","slug":"la-salette-e-padre-pio-parte-ii","status":"publish","type":"post","link":"https:\/\/www.adf.org.br\/home\/la-salette-e-padre-pio-parte-ii\/","title":{"rendered":"La Salette e Padre Pio \u2013 As advert\u00eancias do C\u00e9u para o mau Clero (Parte II)"},"content":{"rendered":"<figure id=\"attachment_28718\" aria-describedby=\"caption-attachment-28718\" style=\"width: 386px\" class=\"wp-caption aligncenter\"><img loading=\"lazy\" class=\" wp-image-28718\" title=\"Santo Padre Pio de Pietrelcina\" src=\"http:\/\/www.adf.org.br\/home\/wp-content\/uploads\/2014\/12\/Santo-Padre-Pio-de-Pietrelcina-705x1024.jpg\" alt=\"Santo Padre Pio de Pietrelcina\" width=\"386\" height=\"560\" \/><figcaption id=\"caption-attachment-28718\" class=\"wp-caption-text\">Santo Padre Pio de Pietrelcina<\/figcaption><\/figure>\n<p style=\"text-align: left; padding-left: 90px;\"><span style=\"font-family: verdana, geneva, sans-serif; font-size: 12pt; color: #000000;\"><strong><span style=\"color: #ffffff;\">.<\/span><br \/>\n<span style=\"color: #800080;\">Jesus aparece ao Santo Padre Pio \u201ctodo maltratado e desfigurado<\/span><\/strong><span style=\"color: #800080;\"><strong><strong>\u201d<\/strong>\u00a0pelos maus sacerdotes.<\/strong><\/span><\/span><\/p>\n<p style=\"text-align: left;\"><span style=\"font-family: verdana, geneva, sans-serif; font-size: 12pt; color: #000000;\"><br \/>\n<span style=\"font-size: 14pt;\"><strong>E<\/strong><\/span>ntre outros exemplos dignos da maior aten\u00e7\u00e3o e respeito, figura a carta que em 7 de abril de 1913 o santo Pe. Pio de Pietrelcina endere\u00e7ou a seu diretor espiritual, o padre capuchinho Agostino da San Marco in Lamis (1880-1963).\u00a0<\/span><\/p>\n<p style=\"text-align: left;\"><span style=\"font-family: verdana, geneva, sans-serif; font-size: 12pt; color: #000000;\">Nela, o Pe. Pio descreve com as seguintes palavras uma <strong>apari\u00e7\u00e3o de Nosso Senhor Jesus Cristo<\/strong> padecendo dores de agonia provocadas pela conduta dos sacerdotes indignos:<\/span><\/p>\n<p>&nbsp;<\/p>\n<blockquote>\n<p style=\"text-align: left;\"><span style=\"font-family: verdana, geneva, sans-serif; font-size: 12pt; color: #000080;\"><strong>\u201cNa sexta-feira de manh\u00e3 eu me encontrava ainda na cama, quando Jesus me apareceu. Estava todo maltratado e desfigurado.\u00a0<\/strong><\/span><\/p>\n<p style=\"text-align: left;\"><span style=\"font-family: verdana, geneva, sans-serif; font-size: 12pt; color: #000000;\">Ele me mostrou uma grande multid\u00e3o de sacerdotes regulares e seculares, entre os quais diversos dignit\u00e1rios eclesi\u00e1sticos;<\/span><\/p>\n<p style=\"text-align: left;\"><span style=\"font-family: verdana, geneva, sans-serif; font-size: 12pt; color: #000000;\">Destes, alguns estavam celebrando, outros se paramentando, e outros se despojavam das vestes sagradas.<\/span><\/p>\n<p style=\"text-align: left;\"><span style=\"font-family: verdana, geneva, sans-serif; font-size: 12pt; color: #000000;\">\u201cA vis\u00e3o de Jesus angustiado causava-me muita pena, por isso quis Lhe perguntar <span style=\"color: #800080;\"><strong>por que sofria tanto<\/strong><\/span>. N\u00e3o obtive nenhuma resposta.\u00a0<\/span><\/p>\n<p style=\"text-align: left;\"><span style=\"font-family: verdana, geneva, sans-serif; font-size: 12pt; color: #000000;\">\u201cContudo, seu olhar se dirigiu para aqueles sacerdotes; mas pouco depois, quase horrorizado e como se estivesse cansado de fitar, retirou o olhar e, quando o voltou para mim, observei com grande horror <span style=\"color: #800080;\"><strong>duas l\u00e1grimas<\/strong><\/span> que Lhe sulcavam o rosto.<\/span><\/p>\n<p style=\"text-align: left;\"><span style=\"font-family: verdana, geneva, sans-serif; font-size: 12pt; color: #000080;\"><strong>\u201cDistanciou-se daquela turba de sacerdotes com uma grande express\u00e3o de desgosto na face, gritando: \u2018A\u00e7ougueiros!\u2019<\/strong><\/span><\/p>\n<p style=\"text-align: left;\"><span style=\"font-family: verdana, geneva, sans-serif; font-size: 12pt; color: #000000;\">\u201cE voltando-se para mim, disse: <\/span><\/p>\n<p style=\"text-align: left;\"><span style=\"font-family: verdana, geneva, sans-serif; font-size: 12pt; color: #000000;\">\u2018Meu filho, n\u00e3o acredites que minha agonia foi de tr\u00eas horas, n\u00e3o;<\/span><\/p>\n<p style=\"text-align: left;\"><span style=\"font-family: verdana, geneva, sans-serif; font-size: 12pt; color: #000000;\"> Eu estarei, por causa das almas mais beneficiadas,<strong><span style=\"color: #800080;\"> em agonia at\u00e9 o fim do mundo<\/span>.<\/strong> Durante o tempo da minha agonia, meu filho, n\u00e3o se deve dormir.\u00a0<\/span><\/p>\n<p style=\"text-align: left;\"><span style=\"font-family: verdana, geneva, sans-serif; font-size: 12pt; color: #000000;\">\u201c\u2018Minha alma vai em busca de alguma gota de compaix\u00e3o humana, mas infelizmente me deixam sozinho sob o peso da indiferen\u00e7a. <\/span><\/p>\n<p style=\"text-align: left;\"><span style=\"font-family: verdana, geneva, sans-serif; font-size: 12pt; color: #000000;\">A ingratid\u00e3o e o sono de meus <span style=\"color: #800080;\"><strong>ministros<\/strong><\/span> tornam minha agonia mais pesada.\u00a0<\/span><\/p>\n<p style=\"text-align: left;\"><span style=\"font-family: verdana, geneva, sans-serif; font-size: 12pt; color: #000080;\"><strong>\u201cOh, como correspondem mal ao meu amor! O que mais me aflige \u00e9 que \u00e0 indiferen\u00e7a essas pessoas juntam o desprezo, a incredulidade.<\/strong><\/span><\/p>\n<p style=\"text-align: left;\"><span style=\"font-family: verdana, geneva, sans-serif; font-size: 12pt; color: #000000;\">\u201c\u2018Quantas vezes Eu estive para <span style=\"color: #800080;\"><strong>fulmin\u00e1-los<\/strong><\/span>, se n\u00e3o tivesse sido contido pelos anjos e pelas almas enamoradas de Mim&#8230;\u00a0<\/span><\/p>\n<p style=\"text-align: left;\"><span style=\"font-family: verdana, geneva, sans-serif; font-size: 12pt; color: #000000;\">\u201cEscreve ao teu confessor e narra-lhe o que viste e ouviste de Mim esta manh\u00e3. Diz-lhe que mostre a tua carta ao Provincial&#8230;<\/span><\/p>\n<p style=\"text-align: left;\"><span style=\"font-family: verdana, geneva, sans-serif; font-size: 12pt; color: #000080;\"><strong>\u201cJesus ainda continuou, mas o que Ele disse n\u00e3o posso jamais revelar a criatura alguma neste mundo.\u00a0<\/strong><\/span><\/p>\n<p style=\"text-align: left;\"><span style=\"font-family: verdana, geneva, sans-serif; font-size: 12pt; color: #000000;\">\u201cEssa apari\u00e7\u00e3o me causou uma tal dor no corpo, mas ainda mais na alma, que durante todo o dia fiquei prostrado e <span style=\"color: #800080;\"><strong>julguei que fosse morrer<\/strong><\/span>, se o dulc\u00edssimo Jesus j\u00e1 n\u00e3o me tivesse revelado&#8230; [Nota do editor: \u201cas reticencias s\u00e3o do Pe. Pio. N\u00e3o \u00e9 poss\u00edvel saber qual foi o objeto desta revela\u00e7\u00e3o\u201d.]<\/span><\/p>\n<p style=\"text-align: left;\"><span style=\"font-family: verdana, geneva, sans-serif; font-size: 12pt; color: #000080;\"><strong>\u201cJesus infelizmente tem raz\u00e3o para lamentar de nossa ingratid\u00e3o! <\/strong><\/span><\/p>\n<h5 style=\"text-align: left;\"><span style=\"font-family: verdana, geneva, sans-serif; font-size: 12pt; color: #000080;\"><strong>Quantos desgra\u00e7ados de nossos irm\u00e3os correspondem ao amor de Jesus lan\u00e7ando-se de bra\u00e7os abertos na seita infame da ma\u00e7onaria!<\/strong><\/span><\/h5>\n<p style=\"text-align: left;\"><span style=\"font-family: verdana, geneva, sans-serif; font-size: 12pt; color: #000000;\"><span style=\"color: #800080;\"><strong>\u201cRezemos por eles<\/strong><\/span>, a fim de que o Senhor ilumine suas mentes e toque seus cora\u00e7\u00f5es. (&#8230;)\u00a0A guerra dos cosacci* vai se intensificando cada vez mais, mas n\u00e3o tenha medo, com a ajuda de Deus\u201d.<\/span><\/p>\n<\/blockquote>\n<p style=\"text-align: center;\"><span style=\"font-family: verdana, geneva, sans-serif; font-size: 12pt; color: #000000;\"><span style=\"color: #ffffff;\">.<\/span><br \/>\n<span style=\"color: #ffffff;\">.<\/span><br \/>\n<strong>* \u00a0* \u00a0*<\/strong><\/span><\/p>\n<p style=\"text-align: left;\"><span style=\"font-family: verdana, geneva, sans-serif; font-size: 12pt; color: #000000;\"><strong><span style=\"color: #ffffff;\">.<\/span><br \/>\nNotas:<\/strong><\/span><\/p>\n<p style=\"text-align: left;\"><span style=\"font-family: verdana, geneva, sans-serif; font-size: 10pt; color: #000000;\">*\u00a0A express\u00e3o\u00a0<em>cosaccio\u00a0<\/em>(plural\u00a0<em>cosacci<\/em>, derivado de coisa) \u00e9 uma das diversas formas depreciativas com as quais o Padre Pio se referia ao diabo.<\/span><\/p>\n<p style=\"text-align: left;\"><span style=\"font-family: verdana, geneva, sans-serif; font-size: 10pt; color: #000000;\"><em>Retirado de:\u00a0Padre Pio da Pietrelcina, Epistolario I, por Melchiorre da Pobladura e Alessandro da Ripabottoni, San Giovanni Rotondo 2004, pp. 350 e ss., carta no. 123<\/em><\/span><\/p>\n<p style=\"text-align: left;\"><span style=\"font-family: verdana, geneva, sans-serif; font-size: 12pt; color: #000000;\"><em><span style=\"color: #ffffff;\">.<\/span><br \/>\n<span style=\"color: #ffffff;\">.<\/span><br \/>\n<span style=\"font-size: 10pt;\">Fonte:\u00a0aparicaodelasalette.blogspot.com<\/span><br \/>\n<span style=\"color: #ffffff;\">.<\/span><br \/>\n<span style=\"color: #ffffff;\">.<\/span><\/em><\/span><\/p>\n<p style=\"text-align: center;\"><a href=\"https:\/\/adf.org.br\/apostolosdefatima\/2\/?origem=4547&amp;gift=crise#ChanceUnica\" target=\"_blank\" rel=\"noopener noreferrer\"><img loading=\"lazy\" class=\"aligncenter wp-image-28719\" title=\"Atenda a este important\u00edssimo pedido de Nossa Senhora de F\u00e1tima! Consagre-se ao Imaculado Cora\u00e7\u00e3o de Maria!\" src=\"http:\/\/www.adf.org.br\/home\/wp-content\/uploads\/2014\/12\/consagra\u00e7\u00e3o-ao-imaculado-cora\u00e7\u00e3o-de-maria.8.jpg\" width=\"517\" height=\"265\" \/><\/a><\/p>\n","protected":false},"excerpt":{"rendered":"<p>Jesus aparece ao Santo Padre Pio \u201ctodo maltratado e desfigurado\u201d pelos maus sacerdotes&#8230;<\/p>\n","protected":false},"author":31,"featured_media":45777,"comment_status":"open","ping_status":"open","sticky":false,"template":"","format":"standard","meta":[],"categories":[20],"tags":[2306,2307,1861,27,1491],"yoast_head":"<!-- This site is optimized with the Yoast SEO plugin v17.4 - https:\/\/yoast.com\/wordpress\/plugins\/seo\/ -->\n<title>La Salette e Padre Pio \u2013 As advert\u00eancias do C\u00e9u para o mau Clero<\/title>\n<meta name=\"description\" content=\"La Salette e Padre Pio \u2013 As advert\u00eancias do C\u00e9u para o mau Clero (Parte II) Final da reflex\u00e3o, pelo grande Santo Padre Pio!\" \/>\n<meta name=\"robots\" content=\"index, follow, max-snippet:-1, max-image-preview:large, max-video-preview:-1\" \/>\n<link rel=\"canonical\" href=\"https:\/\/www.adf.org.br\/home\/la-salette-e-padre-pio-parte-ii\/\" \/>\n<meta property=\"og:locale\" content=\"pt_BR\" \/>\n<meta property=\"og:type\" content=\"article\" \/>\n<meta property=\"og:title\" content=\"La Salette e Padre Pio \u2013 As advert\u00eancias do C\u00e9u para o mau Clero\" \/>\n<meta property=\"og:description\" content=\"La Salette e Padre Pio \u2013 As advert\u00eancias do C\u00e9u para o mau Clero (Parte II) Final da reflex\u00e3o, pelo grande Santo Padre Pio!\" \/>\n<meta property=\"og:url\" content=\"https:\/\/www.adf.org.br\/home\/la-salette-e-padre-pio-parte-ii\/\" \/>\n<meta property=\"og:site_name\" content=\"Associa\u00e7\u00e3o Devotos de F\u00e1tima\" \/>\n<meta property=\"article:published_time\" content=\"2019-01-02T02:00:31+00:00\" \/>\n<meta name=\"twitter:card\" content=\"summary_large_image\" \/>\n<meta name=\"twitter:label1\" content=\"Escrito por\" \/>\n\t<meta name=\"twitter:data1\" content=\"Gabriel Barbosa\" \/>\n\t<meta name=\"twitter:label2\" content=\"Est. tempo de leitura\" \/>\n\t<meta name=\"twitter:data2\" content=\"3 minutos\" \/>\n<script type=\"application\/ld+json\" class=\"yoast-schema-graph\">{\"@context\":\"https:\/\/schema.org\",\"@graph\":[{\"@type\":\"WebSite\",\"@id\":\"https:\/\/www.adf.org.br\/home\/#website\",\"url\":\"https:\/\/www.adf.org.br\/home\/\",\"name\":\"Associa\\u00e7\\u00e3o Devotos de F\\u00e1tima\",\"description\":\"Associa\\u00e7\\u00e3o Devotos de F\\u00e1tima\",\"potentialAction\":[{\"@type\":\"SearchAction\",\"target\":{\"@type\":\"EntryPoint\",\"urlTemplate\":\"https:\/\/www.adf.org.br\/home\/?s={search_term_string}\"},\"query-input\":\"required name=search_term_string\"}],\"inLanguage\":\"pt-BR\"},{\"@type\":\"ImageObject\",\"@id\":\"https:\/\/www.adf.org.br\/home\/la-salette-e-padre-pio-parte-ii\/#primaryimage\",\"inLanguage\":\"pt-BR\",\"url\":\"\",\"contentUrl\":\"\"},{\"@type\":\"WebPage\",\"@id\":\"https:\/\/www.adf.org.br\/home\/la-salette-e-padre-pio-parte-ii\/#webpage\",\"url\":\"https:\/\/www.adf.org.br\/home\/la-salette-e-padre-pio-parte-ii\/\",\"name\":\"La Salette e Padre Pio \\u2013 As advert\\u00eancias do C\\u00e9u para o mau Clero\",\"isPartOf\":{\"@id\":\"https:\/\/www.adf.org.br\/home\/#website\"},\"primaryImageOfPage\":{\"@id\":\"https:\/\/www.adf.org.br\/home\/la-salette-e-padre-pio-parte-ii\/#primaryimage\"},\"datePublished\":\"2019-01-02T02:00:31+00:00\",\"dateModified\":\"2019-01-02T02:00:31+00:00\",\"author\":{\"@id\":\"https:\/\/www.adf.org.br\/home\/#\/schema\/person\/f35a5c5aa7728a3dedf4ea9aa1fc2753\"},\"description\":\"La Salette e Padre Pio \\u2013 As advert\\u00eancias do C\\u00e9u para o mau Clero (Parte II) Final da reflex\\u00e3o, pelo grande Santo Padre Pio!\",\"breadcrumb\":{\"@id\":\"https:\/\/www.adf.org.br\/home\/la-salette-e-padre-pio-parte-ii\/#breadcrumb\"},\"inLanguage\":\"pt-BR\",\"potentialAction\":[{\"@type\":\"ReadAction\",\"target\":[\"https:\/\/www.adf.org.br\/home\/la-salette-e-padre-pio-parte-ii\/\"]}]},{\"@type\":\"BreadcrumbList\",\"@id\":\"https:\/\/www.adf.org.br\/home\/la-salette-e-padre-pio-parte-ii\/#breadcrumb\",\"itemListElement\":[{\"@type\":\"ListItem\",\"position\":1,\"name\":\"Home\",\"item\":\"https:\/\/www.adf.org.br\/home\/\"},{\"@type\":\"ListItem\",\"position\":2,\"name\":\"La Salette e Padre Pio \\u2013 As advert\\u00eancias do C\\u00e9u para o mau Clero (Parte II)\"}]},{\"@type\":\"Person\",\"@id\":\"https:\/\/www.adf.org.br\/home\/#\/schema\/person\/f35a5c5aa7728a3dedf4ea9aa1fc2753\",\"name\":\"Gabriel Barbosa\",\"image\":{\"@type\":\"ImageObject\",\"@id\":\"https:\/\/www.adf.org.br\/home\/#personlogo\",\"inLanguage\":\"pt-BR\",\"url\":\"https:\/\/secure.gravatar.com\/avatar\/2b2cb2f4637682c5605e8d36818f51ef?s=96&d=mm&r=g\",\"contentUrl\":\"https:\/\/secure.gravatar.com\/avatar\/2b2cb2f4637682c5605e8d36818f51ef?s=96&d=mm&r=g\",\"caption\":\"Gabriel Barbosa\"},\"url\":\"https:\/\/www.adf.org.br\/home\/author\/gabrielpmk-com-br\/\"}]}<\/script>\n<!-- \/ Yoast SEO plugin. -->","yoast_head_json":{"title":"La Salette e Padre Pio \u2013 As advert\u00eancias do C\u00e9u para o mau Clero","description":"La Salette e Padre Pio \u2013 As advert\u00eancias do C\u00e9u para o mau Clero (Parte II) Final da reflex\u00e3o, pelo grande Santo Padre Pio!","robots":{"index":"index","follow":"follow","max-snippet":"max-snippet:-1","max-image-preview":"max-image-preview:large","max-video-preview":"max-video-preview:-1"},"canonical":"https:\/\/www.adf.org.br\/home\/la-salette-e-padre-pio-parte-ii\/","og_locale":"pt_BR","og_type":"article","og_title":"La Salette e Padre Pio \u2013 As advert\u00eancias do C\u00e9u para o mau Clero","og_description":"La Salette e Padre Pio \u2013 As advert\u00eancias do C\u00e9u para o mau Clero (Parte II) Final da reflex\u00e3o, pelo grande Santo Padre Pio!","og_url":"https:\/\/www.adf.org.br\/home\/la-salette-e-padre-pio-parte-ii\/","og_site_name":"Associa\u00e7\u00e3o Devotos de F\u00e1tima","article_published_time":"2019-01-02T02:00:31+00:00","twitter_card":"summary_large_image","twitter_misc":{"Escrito por":"Gabriel Barbosa","Est. tempo de leitura":"3 minutos"},"schema":{"@context":"https:\/\/schema.org","@graph":[{"@type":"WebSite","@id":"https:\/\/www.adf.org.br\/home\/#website","url":"https:\/\/www.adf.org.br\/home\/","name":"Associa\u00e7\u00e3o Devotos de F\u00e1tima","description":"Associa\u00e7\u00e3o Devotos de F\u00e1tima","potentialAction":[{"@type":"SearchAction","target":{"@type":"EntryPoint","urlTemplate":"https:\/\/www.adf.org.br\/home\/?s={search_term_string}"},"query-input":"required name=search_term_string"}],"inLanguage":"pt-BR"},{"@type":"ImageObject","@id":"https:\/\/www.adf.org.br\/home\/la-salette-e-padre-pio-parte-ii\/#primaryimage","inLanguage":"pt-BR","url":"","contentUrl":""},{"@type":"WebPage","@id":"https:\/\/www.adf.org.br\/home\/la-salette-e-padre-pio-parte-ii\/#webpage","url":"https:\/\/www.adf.org.br\/home\/la-salette-e-padre-pio-parte-ii\/","name":"La Salette e Padre Pio \u2013 As advert\u00eancias do C\u00e9u para o mau Clero","isPartOf":{"@id":"https:\/\/www.adf.org.br\/home\/#website"},"primaryImageOfPage":{"@id":"https:\/\/www.adf.org.br\/home\/la-salette-e-padre-pio-parte-ii\/#primaryimage"},"datePublished":"2019-01-02T02:00:31+00:00","dateModified":"2019-01-02T02:00:31+00:00","author":{"@id":"https:\/\/www.adf.org.br\/home\/#\/schema\/person\/f35a5c5aa7728a3dedf4ea9aa1fc2753"},"description":"La Salette e Padre Pio \u2013 As advert\u00eancias do C\u00e9u para o mau Clero (Parte II) Final da reflex\u00e3o, pelo grande Santo Padre Pio!","breadcrumb":{"@id":"https:\/\/www.adf.org.br\/home\/la-salette-e-padre-pio-parte-ii\/#breadcrumb"},"inLanguage":"pt-BR","potentialAction":[{"@type":"ReadAction","target":["https:\/\/www.adf.org.br\/home\/la-salette-e-padre-pio-parte-ii\/"]}]},{"@type":"BreadcrumbList","@id":"https:\/\/www.adf.org.br\/home\/la-salette-e-padre-pio-parte-ii\/#breadcrumb","itemListElement":[{"@type":"ListItem","position":1,"name":"Home","item":"https:\/\/www.adf.org.br\/home\/"},{"@type":"ListItem","position":2,"name":"La Salette e Padre Pio \u2013 As advert\u00eancias do C\u00e9u para o mau Clero (Parte II)"}]},{"@type":"Person","@id":"https:\/\/www.adf.org.br\/home\/#\/schema\/person\/f35a5c5aa7728a3dedf4ea9aa1fc2753","name":"Gabriel Barbosa","image":{"@type":"ImageObject","@id":"https:\/\/www.adf.org.br\/home\/#personlogo","inLanguage":"pt-BR","url":"https:\/\/secure.gravatar.com\/avatar\/2b2cb2f4637682c5605e8d36818f51ef?s=96&d=mm&r=g","contentUrl":"https:\/\/secure.gravatar.com\/avatar\/2b2cb2f4637682c5605e8d36818f51ef?s=96&d=mm&r=g","caption":"Gabriel Barbosa"},"url":"https:\/\/www.adf.org.br\/home\/author\/gabrielpmk-com-br\/"}]}},"_links":{"self":[{"href":"https:\/\/www.adf.org.br\/home\/wp-json\/wp\/v2\/posts\/28717"}],"collection":[{"href":"https:\/\/www.adf.org.br\/home\/wp-json\/wp\/v2\/posts"}],"about":[{"href":"https:\/\/www.adf.org.br\/home\/wp-json\/wp\/v2\/types\/post"}],"author":[{"embeddable":true,"href":"https:\/\/www.adf.org.br\/home\/wp-json\/wp\/v2\/users\/31"}],"replies":[{"embeddable":true,"href":"https:\/\/www.adf.org.br\/home\/wp-json\/wp\/v2\/comments?post=28717"}],"version-history":[{"count":0,"href":"https:\/\/www.adf.org.br\/home\/wp-json\/wp\/v2\/posts\/28717\/revisions"}],"wp:featuredmedia":[{"embeddable":true,"href":"https:\/\/www.adf.org.br\/home\/wp-json\/wp\/v2\/media\/45777"}],"wp:attachment":[{"href":"https:\/\/www.adf.org.br\/home\/wp-json\/wp\/v2\/media?parent=28717"}],"wp:term":[{"taxonomy":"category","embeddable":true,"href":"https:\/\/www.adf.org.br\/home\/wp-json\/wp\/v2\/categories?post=28717"},{"taxonomy":"post_tag","embeddable":true,"href":"https:\/\/www.adf.org.br\/home\/wp-json\/wp\/v2\/tags?post=28717"}],"curies":[{"name":"wp","href":"https:\/\/api.w.org\/{rel}","templated":true}]}}