{"id":27208,"date":"2014-09-29T09:18:58","date_gmt":"2014-09-29T12:18:58","guid":{"rendered":"http:\/\/www.adf.org.br\/home\/?p=27208"},"modified":"2014-09-29T09:18:58","modified_gmt":"2014-09-29T12:18:58","slug":"regime-de-mascaras-e-simulacao-e-o-clero-ainda-e-cumplice","status":"publish","type":"post","link":"https:\/\/www.adf.org.br\/home\/regime-de-mascaras-e-simulacao-e-o-clero-ainda-e-cumplice\/","title":{"rendered":"Regime de m\u00e1scaras e simula\u00e7\u00e3o: e o Clero ainda \u00e9 c\u00famplice!"},"content":{"rendered":"<figure id=\"attachment_27209\" aria-describedby=\"caption-attachment-27209\" style=\"width: 500px\" class=\"wp-caption aligncenter\"><a href=\"http:\/\/www.adf.org.br\/home\/2014\/09\/regime-de-mascaras-e-simulacao-e-o-clero-ainda-e-cumplice\/cardeal-ortega\/\" rel=\"attachment wp-att-27209\"><img loading=\"lazy\" class=\"size-full wp-image-27209\" title=\"O ditador comunista de Cuba, Ra\u00fal Castro, cumprimenta D. Dion\u00edsio Garc\u00eda, arcebispo de Santiago de Cuba, e o cardeal Jaime Ortega, arcebispo de Havana.\" src=\"http:\/\/www.adf.org.br\/home\/wp-content\/uploads\/2014\/09\/Cardeal-Ortega.jpg\" alt=\"\" width=\"500\" height=\"361\" \/><\/a><figcaption id=\"caption-attachment-27209\" class=\"wp-caption-text\">O ditador comunista de Cuba, Ra\u00fal Castro, comprimenta D. Dion\u00edsio Garc\u00eda, arcebispo de Santiago de Cuba, e o cardeal Jaime Ortega, arcebispo de Havana.<\/figcaption><\/figure>\n<p style=\"padding-left: 90px; text-align: right;\"><em><span style=\"font-family: verdana, geneva;\">Armando Valladares<\/span><\/em><\/p>\n<p style=\"padding-left: 60px;\"><span style=\"font-family: verdana, geneva; color: #800080; font-size: medium;\"><strong>Cinco jovens cat\u00f3licos cubanos, em carta entregue ao Papa Francisco, lamentam o colaboracionismo eclesi\u00e1stico com o regime marxista de uma parte dos bispos da ilha-c\u00e1rcere, \u201ccujo tim\u00e3o tem sido, durante d\u00e9cadas, o cardeal Ortega\u201d.<\/strong><\/span><\/p>\n<p><span style=\"font-family: verdana, geneva;\">Os jovens afirmam que \u201cn\u00f3s que conhecemos desde dentro e vastamente a realidade da Igreja em Cuba, sabemos que dos sal\u00f5es do Pal\u00e1cio Apost\u00f3lico em Havana\u201d, com o \u201cselo do ilustre purpurado que o habita\u201d, se estabelece uma \u201cconfusa\u201d pol\u00edtica, \u201cda pior diplomacia\u201d, que <strong>\u201csacrifica a verdade\u201d<\/strong> e que \u201cest\u00e1 atada aos mesmos temores, pris\u00f5es, chantagens, compromissos e pactos t\u00e1citos ou expl\u00edcitos\u201d que \u201cmarcam sua rela\u00e7\u00e3o atual com o Estado\u201d comunista.<\/span><br \/>\n<span style=\"font-family: verdana, geneva;\">Os jovens manifestam \u201cdor e preocupa\u00e7\u00e3o\u201d com rela\u00e7\u00e3o a essa pol\u00edtica dos referidos eclesi\u00e1sticos que t\u00eam \u201co denominador comum de legitimar ao governo\u201d e que caracteriza uma<strong><span style=\"color: #3366ff;\"> \u201comiss\u00e3o c\u00famplice \u00e0s di\u00e1rias viola\u00e7\u00f5es dos direitos humanos e \u00e0s a\u00e7\u00f5es repressivas, desp\u00f3ticas e impunes do Estado cubano contra a oposi\u00e7\u00e3o pac\u00edfica\u201d.<\/span><\/strong><\/span><br \/>\n<span style=\"font-family: verdana, geneva;\">A\u00a0carta define Cuba como \u201cum pa\u00eds devastado\u201d, com uma \u201csociedade de m\u00e1scaras e simula\u00e7\u00e3o\u201d cujo princ\u00edpio maior \u00e9 <strong>\u201co medo e a mentira\u201d<\/strong> e alerta para o fato de que depois de \u201ccinquenta anos onde se h\u00e1 oprimido, psicol\u00f3gica e fisicamente\u201d, a identidade dos fi\u00e9is cat\u00f3licos cubanos \u201cse dilui e se liquefaz em uma pseudo-religi\u00e3o de masas\u201d e est\u00e1 inclusive \u201cem perigo de extin\u00e7\u00e3o\u201d.<\/span><br \/>\n<span style=\"font-family: verdana, geneva;\">Esse documento hist\u00f3rico merece a maior difus\u00e3o. A preocupa\u00e7\u00e3o dos jovens firmantes da carta ao Papa Francisco alenta e fortalece na f\u00e9 a tantos cubanos que desde muito tempos t\u00eam manifestado cr\u00edticas ao <strong>colaboracionismo do Cardeal Ortega<\/strong> e do episcopado cubano.<\/span><br \/>\n<span style=\"font-family: verdana, geneva;\">______________________<\/span><br \/>\n<span style=\"font-family: verdana, geneva;\"><em><strong>(*) Armando Valladares<\/strong><\/em>, escritor, pintor e poeta. Passou 22 anos nos c\u00e1rceres pol\u00edticos de Cuba. \u00c9 autor do\u00a0<em>best-seller<\/em>\u00a0\u201cContra toda esperan\u00e7a\u201d, onde narra o horror das pris\u00f5es castristas.<\/span><br \/>\n<span style=\"font-family: verdana, geneva;\"> Foi embaixador dos Estados Unidos ante a Comiss\u00e3o de Direitos Humanos da ONU sob as administra\u00e7\u00f5es Reagan e Bush. <\/span><br \/>\n<span style=\"font-family: verdana, geneva;\">Recebeu a Medalha Presidencial de Cidad\u00e3o e o Superior\u00a0<em>Award<\/em>\u00a0do Departamento de Estado. Escreveu numerosos artigos sobre a colabora\u00e7\u00e3o eclesi\u00e1stica com o <strong>comunismo<\/strong> cubano e sobre a \u201costpolitik\u201d vaticana em rela\u00e7\u00e3o \u00e0 Cuba.<\/span><br \/>\n<span style=\"font-family: verdana, geneva;\"><em>Fonte: abim.inf<\/em><\/span><br \/>\n<figure id=\"attachment_27210\" aria-describedby=\"caption-attachment-27210\" style=\"width: 547px\" class=\"wp-caption aligncenter\"><a href=\"http:\/\/oratoriodamedalhamilagrosa.org.br\/vela-da-reparacao\/?origem=1\"><img loading=\"lazy\" class=\" wp-image-27210  \" title=\"Acenda uma Vela da Repara\u00e7\u00e3o pelos terr\u00edveis massacres cometidos pelo Comunismo \" src=\"http:\/\/www.adf.org.br\/home\/wp-content\/uploads\/2014\/09\/vela-da-repara\u00e7\u00e3o4.jpg\" alt=\"\" width=\"547\" height=\"207\" \/><\/a><figcaption id=\"caption-attachment-27210\" class=\"wp-caption-text\">Acenda uma Vela da Repara\u00e7\u00e3o pelos terr\u00edveis massacres cometidos pelo Comunismo<\/figcaption><\/figure><\/p>\n","protected":false},"excerpt":{"rendered":"<p>Armando Valladares Cinco jovens cat\u00f3licos cubanos, em carta entregue ao Papa Francisco, lamentam o colaboracionismo eclesi\u00e1stico com o regime marxista de uma parte dos bispos da ilha-c\u00e1rcere, \u201ccujo tim\u00e3o tem sido, durante d\u00e9cadas, o cardeal Ortega\u201d. Os jovens afirmam que \u201cn\u00f3s que conhecemos desde dentro e vastamente a realidade da Igreja em Cuba, sabemos que [&hellip;]<\/p>\n","protected":false},"author":12,"featured_media":0,"comment_status":"open","ping_status":"open","sticky":false,"template":"","format":"standard","meta":[],"categories":[20],"tags":[81,1531,82,1379,1540],"yoast_head":"<!-- This site is optimized with the Yoast SEO plugin v17.4 - https:\/\/yoast.com\/wordpress\/plugins\/seo\/ -->\n<title>Regime de m\u00e1scaras e simula\u00e7\u00e3o: e o Clero ainda \u00e9 c\u00famplice! - Associa\u00e7\u00e3o Devotos de F\u00e1tima<\/title>\n<meta name=\"robots\" content=\"index, follow, max-snippet:-1, max-image-preview:large, max-video-preview:-1\" \/>\n<link rel=\"canonical\" href=\"https:\/\/www.adf.org.br\/home\/regime-de-mascaras-e-simulacao-e-o-clero-ainda-e-cumplice\/\" \/>\n<meta property=\"og:locale\" content=\"pt_BR\" \/>\n<meta property=\"og:type\" content=\"article\" \/>\n<meta property=\"og:title\" content=\"Regime de m\u00e1scaras e simula\u00e7\u00e3o: e o Clero ainda \u00e9 c\u00famplice! - Associa\u00e7\u00e3o Devotos de F\u00e1tima\" \/>\n<meta property=\"og:description\" content=\"Armando Valladares Cinco jovens cat\u00f3licos cubanos, em carta entregue ao Papa Francisco, lamentam o colaboracionismo eclesi\u00e1stico com o regime marxista de uma parte dos bispos da ilha-c\u00e1rcere, \u201ccujo tim\u00e3o tem sido, durante d\u00e9cadas, o cardeal Ortega\u201d. Os jovens afirmam que \u201cn\u00f3s que conhecemos desde dentro e vastamente a realidade da Igreja em Cuba, sabemos que [&hellip;]\" \/>\n<meta property=\"og:url\" content=\"https:\/\/www.adf.org.br\/home\/regime-de-mascaras-e-simulacao-e-o-clero-ainda-e-cumplice\/\" \/>\n<meta property=\"og:site_name\" content=\"Associa\u00e7\u00e3o Devotos de F\u00e1tima\" \/>\n<meta property=\"article:published_time\" content=\"2014-09-29T12:18:58+00:00\" \/>\n<meta property=\"og:image\" content=\"http:\/\/www.adf.org.br\/home\/wp-content\/uploads\/2014\/09\/Cardeal-Ortega.jpg\" \/>\n<meta name=\"twitter:card\" content=\"summary_large_image\" \/>\n<meta name=\"twitter:label1\" content=\"Escrito por\" \/>\n\t<meta name=\"twitter:data1\" content=\"luiz.fernando\" \/>\n\t<meta name=\"twitter:label2\" content=\"Est. tempo de leitura\" \/>\n\t<meta name=\"twitter:data2\" content=\"2 minutos\" \/>\n<script type=\"application\/ld+json\" class=\"yoast-schema-graph\">{\"@context\":\"https:\/\/schema.org\",\"@graph\":[{\"@type\":\"WebSite\",\"@id\":\"https:\/\/www.adf.org.br\/home\/#website\",\"url\":\"https:\/\/www.adf.org.br\/home\/\",\"name\":\"Associa\\u00e7\\u00e3o Devotos de F\\u00e1tima\",\"description\":\"Associa\\u00e7\\u00e3o Devotos de F\\u00e1tima\",\"potentialAction\":[{\"@type\":\"SearchAction\",\"target\":{\"@type\":\"EntryPoint\",\"urlTemplate\":\"https:\/\/www.adf.org.br\/home\/?s={search_term_string}\"},\"query-input\":\"required name=search_term_string\"}],\"inLanguage\":\"pt-BR\"},{\"@type\":\"ImageObject\",\"@id\":\"https:\/\/www.adf.org.br\/home\/regime-de-mascaras-e-simulacao-e-o-clero-ainda-e-cumplice\/#primaryimage\",\"inLanguage\":\"pt-BR\",\"url\":\"http:\/\/www.adf.org.br\/home\/wp-content\/uploads\/2014\/09\/Cardeal-Ortega.jpg\",\"contentUrl\":\"http:\/\/www.adf.org.br\/home\/wp-content\/uploads\/2014\/09\/Cardeal-Ortega.jpg\"},{\"@type\":\"WebPage\",\"@id\":\"https:\/\/www.adf.org.br\/home\/regime-de-mascaras-e-simulacao-e-o-clero-ainda-e-cumplice\/#webpage\",\"url\":\"https:\/\/www.adf.org.br\/home\/regime-de-mascaras-e-simulacao-e-o-clero-ainda-e-cumplice\/\",\"name\":\"Regime de m\\u00e1scaras e simula\\u00e7\\u00e3o: e o Clero ainda \\u00e9 c\\u00famplice! - Associa\\u00e7\\u00e3o Devotos de F\\u00e1tima\",\"isPartOf\":{\"@id\":\"https:\/\/www.adf.org.br\/home\/#website\"},\"primaryImageOfPage\":{\"@id\":\"https:\/\/www.adf.org.br\/home\/regime-de-mascaras-e-simulacao-e-o-clero-ainda-e-cumplice\/#primaryimage\"},\"datePublished\":\"2014-09-29T12:18:58+00:00\",\"dateModified\":\"2014-09-29T12:18:58+00:00\",\"author\":{\"@id\":\"https:\/\/www.adf.org.br\/home\/#\/schema\/person\/4eb0499131c1962e974297eff367a715\"},\"breadcrumb\":{\"@id\":\"https:\/\/www.adf.org.br\/home\/regime-de-mascaras-e-simulacao-e-o-clero-ainda-e-cumplice\/#breadcrumb\"},\"inLanguage\":\"pt-BR\",\"potentialAction\":[{\"@type\":\"ReadAction\",\"target\":[\"https:\/\/www.adf.org.br\/home\/regime-de-mascaras-e-simulacao-e-o-clero-ainda-e-cumplice\/\"]}]},{\"@type\":\"BreadcrumbList\",\"@id\":\"https:\/\/www.adf.org.br\/home\/regime-de-mascaras-e-simulacao-e-o-clero-ainda-e-cumplice\/#breadcrumb\",\"itemListElement\":[{\"@type\":\"ListItem\",\"position\":1,\"name\":\"Home\",\"item\":\"https:\/\/www.adf.org.br\/home\/\"},{\"@type\":\"ListItem\",\"position\":2,\"name\":\"Regime de m\\u00e1scaras e simula\\u00e7\\u00e3o: e o Clero ainda \\u00e9 c\\u00famplice!\"}]},{\"@type\":\"Person\",\"@id\":\"https:\/\/www.adf.org.br\/home\/#\/schema\/person\/4eb0499131c1962e974297eff367a715\",\"name\":\"luiz.fernando\",\"image\":{\"@type\":\"ImageObject\",\"@id\":\"https:\/\/www.adf.org.br\/home\/#personlogo\",\"inLanguage\":\"pt-BR\",\"url\":\"https:\/\/secure.gravatar.com\/avatar\/4e9dcdc2a00e06e1d9189a84f6908f28?s=96&d=mm&r=g\",\"contentUrl\":\"https:\/\/secure.gravatar.com\/avatar\/4e9dcdc2a00e06e1d9189a84f6908f28?s=96&d=mm&r=g\",\"caption\":\"luiz.fernando\"},\"url\":\"https:\/\/www.adf.org.br\/home\/author\/luiz-fernando\/\"}]}<\/script>\n<!-- \/ Yoast SEO plugin. -->","yoast_head_json":{"title":"Regime de m\u00e1scaras e simula\u00e7\u00e3o: e o Clero ainda \u00e9 c\u00famplice! - Associa\u00e7\u00e3o Devotos de F\u00e1tima","robots":{"index":"index","follow":"follow","max-snippet":"max-snippet:-1","max-image-preview":"max-image-preview:large","max-video-preview":"max-video-preview:-1"},"canonical":"https:\/\/www.adf.org.br\/home\/regime-de-mascaras-e-simulacao-e-o-clero-ainda-e-cumplice\/","og_locale":"pt_BR","og_type":"article","og_title":"Regime de m\u00e1scaras e simula\u00e7\u00e3o: e o Clero ainda \u00e9 c\u00famplice! - Associa\u00e7\u00e3o Devotos de F\u00e1tima","og_description":"Armando Valladares Cinco jovens cat\u00f3licos cubanos, em carta entregue ao Papa Francisco, lamentam o colaboracionismo eclesi\u00e1stico com o regime marxista de uma parte dos bispos da ilha-c\u00e1rcere, \u201ccujo tim\u00e3o tem sido, durante d\u00e9cadas, o cardeal Ortega\u201d. Os jovens afirmam que \u201cn\u00f3s que conhecemos desde dentro e vastamente a realidade da Igreja em Cuba, sabemos que [&hellip;]","og_url":"https:\/\/www.adf.org.br\/home\/regime-de-mascaras-e-simulacao-e-o-clero-ainda-e-cumplice\/","og_site_name":"Associa\u00e7\u00e3o Devotos de F\u00e1tima","article_published_time":"2014-09-29T12:18:58+00:00","og_image":[{"url":"http:\/\/www.adf.org.br\/home\/wp-content\/uploads\/2014\/09\/Cardeal-Ortega.jpg"}],"twitter_card":"summary_large_image","twitter_misc":{"Escrito por":"luiz.fernando","Est. tempo de leitura":"2 minutos"},"schema":{"@context":"https:\/\/schema.org","@graph":[{"@type":"WebSite","@id":"https:\/\/www.adf.org.br\/home\/#website","url":"https:\/\/www.adf.org.br\/home\/","name":"Associa\u00e7\u00e3o Devotos de F\u00e1tima","description":"Associa\u00e7\u00e3o Devotos de F\u00e1tima","potentialAction":[{"@type":"SearchAction","target":{"@type":"EntryPoint","urlTemplate":"https:\/\/www.adf.org.br\/home\/?s={search_term_string}"},"query-input":"required name=search_term_string"}],"inLanguage":"pt-BR"},{"@type":"ImageObject","@id":"https:\/\/www.adf.org.br\/home\/regime-de-mascaras-e-simulacao-e-o-clero-ainda-e-cumplice\/#primaryimage","inLanguage":"pt-BR","url":"http:\/\/www.adf.org.br\/home\/wp-content\/uploads\/2014\/09\/Cardeal-Ortega.jpg","contentUrl":"http:\/\/www.adf.org.br\/home\/wp-content\/uploads\/2014\/09\/Cardeal-Ortega.jpg"},{"@type":"WebPage","@id":"https:\/\/www.adf.org.br\/home\/regime-de-mascaras-e-simulacao-e-o-clero-ainda-e-cumplice\/#webpage","url":"https:\/\/www.adf.org.br\/home\/regime-de-mascaras-e-simulacao-e-o-clero-ainda-e-cumplice\/","name":"Regime de m\u00e1scaras e simula\u00e7\u00e3o: e o Clero ainda \u00e9 c\u00famplice! - Associa\u00e7\u00e3o Devotos de F\u00e1tima","isPartOf":{"@id":"https:\/\/www.adf.org.br\/home\/#website"},"primaryImageOfPage":{"@id":"https:\/\/www.adf.org.br\/home\/regime-de-mascaras-e-simulacao-e-o-clero-ainda-e-cumplice\/#primaryimage"},"datePublished":"2014-09-29T12:18:58+00:00","dateModified":"2014-09-29T12:18:58+00:00","author":{"@id":"https:\/\/www.adf.org.br\/home\/#\/schema\/person\/4eb0499131c1962e974297eff367a715"},"breadcrumb":{"@id":"https:\/\/www.adf.org.br\/home\/regime-de-mascaras-e-simulacao-e-o-clero-ainda-e-cumplice\/#breadcrumb"},"inLanguage":"pt-BR","potentialAction":[{"@type":"ReadAction","target":["https:\/\/www.adf.org.br\/home\/regime-de-mascaras-e-simulacao-e-o-clero-ainda-e-cumplice\/"]}]},{"@type":"BreadcrumbList","@id":"https:\/\/www.adf.org.br\/home\/regime-de-mascaras-e-simulacao-e-o-clero-ainda-e-cumplice\/#breadcrumb","itemListElement":[{"@type":"ListItem","position":1,"name":"Home","item":"https:\/\/www.adf.org.br\/home\/"},{"@type":"ListItem","position":2,"name":"Regime de m\u00e1scaras e simula\u00e7\u00e3o: e o Clero ainda \u00e9 c\u00famplice!"}]},{"@type":"Person","@id":"https:\/\/www.adf.org.br\/home\/#\/schema\/person\/4eb0499131c1962e974297eff367a715","name":"luiz.fernando","image":{"@type":"ImageObject","@id":"https:\/\/www.adf.org.br\/home\/#personlogo","inLanguage":"pt-BR","url":"https:\/\/secure.gravatar.com\/avatar\/4e9dcdc2a00e06e1d9189a84f6908f28?s=96&d=mm&r=g","contentUrl":"https:\/\/secure.gravatar.com\/avatar\/4e9dcdc2a00e06e1d9189a84f6908f28?s=96&d=mm&r=g","caption":"luiz.fernando"},"url":"https:\/\/www.adf.org.br\/home\/author\/luiz-fernando\/"}]}},"_links":{"self":[{"href":"https:\/\/www.adf.org.br\/home\/wp-json\/wp\/v2\/posts\/27208"}],"collection":[{"href":"https:\/\/www.adf.org.br\/home\/wp-json\/wp\/v2\/posts"}],"about":[{"href":"https:\/\/www.adf.org.br\/home\/wp-json\/wp\/v2\/types\/post"}],"author":[{"embeddable":true,"href":"https:\/\/www.adf.org.br\/home\/wp-json\/wp\/v2\/users\/12"}],"replies":[{"embeddable":true,"href":"https:\/\/www.adf.org.br\/home\/wp-json\/wp\/v2\/comments?post=27208"}],"version-history":[{"count":0,"href":"https:\/\/www.adf.org.br\/home\/wp-json\/wp\/v2\/posts\/27208\/revisions"}],"wp:attachment":[{"href":"https:\/\/www.adf.org.br\/home\/wp-json\/wp\/v2\/media?parent=27208"}],"wp:term":[{"taxonomy":"category","embeddable":true,"href":"https:\/\/www.adf.org.br\/home\/wp-json\/wp\/v2\/categories?post=27208"},{"taxonomy":"post_tag","embeddable":true,"href":"https:\/\/www.adf.org.br\/home\/wp-json\/wp\/v2\/tags?post=27208"}],"curies":[{"name":"wp","href":"https:\/\/api.w.org\/{rel}","templated":true}]}}