{"id":2685,"date":"2010-02-25T18:25:13","date_gmt":"2010-02-25T21:25:13","guid":{"rendered":"http:\/\/www.adf.org.br\/home\/?p=2685"},"modified":"2010-02-25T18:25:13","modified_gmt":"2010-02-25T21:25:13","slug":"conta-e-tempo","status":"publish","type":"post","link":"https:\/\/www.adf.org.br\/home\/conta-e-tempo\/","title":{"rendered":"Conta e Tempo"},"content":{"rendered":"<p><img loading=\"lazy\" class=\"alignleft size-full wp-image-2690\" title=\"tempo\" src=\"http:\/\/www.adf.org.br\/home\/wp-content\/uploads\/2010\/02\/tempo2.jpg\" alt=\"tempo\" width=\"186\" height=\"224\" \/>Deus pede estrita conta do meu tempo<\/p>\n<p>E eu vou, do meu tempo, dar-lhe conta.<\/p>\n<p>Mas, como dar, sem tempo, tanta conta.<\/p>\n<p>Eu, que gastei, sem conta, tanto tempo?<\/p>\n<p><br class=\"spacer_\" \/><\/p>\n<p>Para dar minha conta feita a tempo,<\/p>\n<p>O tempo me foi dado, e n\u00e3o fiz conta;<\/p>\n<p>N\u00e3o quis, sobrando tempo, fazer conta.<\/p>\n<p>Hoje, quero acertar conta, e n\u00e3o h\u00e1 tempo.<\/p>\n<p><br class=\"spacer_\" \/><\/p>\n<p>Oh, v\u00f3s, que tendes tempo sem ter conta,<\/p>\n<p>N\u00e3o gasteis vosso tempo em passatempo.<\/p>\n<p>Cuidai, enquanto \u00e9 tempo, em vossa conta!<\/p>\n<p><br class=\"spacer_\" \/><\/p>\n<p>Pois, aqueles que, sem conta, gastam tempo,<\/p>\n<p>Quando o tempo chegar, de prestar conta<\/p>\n<p>Chorar\u00e3o, como eu, o n\u00e3o ter tempo&#8230;&#8221;<\/p>\n<p><br class=\"spacer_\" \/><\/p>\n<p><em><strong>(Autor: Frei Ant\u00f4nio das Chagas, religioso portugu\u00eas do s\u00e9culo XVII)<\/strong><\/em><\/p>\n","protected":false},"excerpt":{"rendered":"<p>Deus pede estrita conta do meu tempo E eu vou, do meu tempo, dar-lhe conta. Mas, como dar, sem tempo, tanta conta. Eu, que gastei, sem conta, tanto tempo? Para dar minha conta feita a tempo, O tempo me foi dado, e n\u00e3o fiz conta; N\u00e3o quis, sobrando tempo, fazer conta. Hoje, quero acertar conta, [&hellip;]<\/p>\n","protected":false},"author":27,"featured_media":0,"comment_status":"open","ping_status":"open","sticky":false,"template":"","format":"standard","meta":[],"categories":[20],"tags":[73,74],"yoast_head":"<!-- This site is optimized with the Yoast SEO plugin v17.4 - https:\/\/yoast.com\/wordpress\/plugins\/seo\/ -->\n<title>Conta e Tempo - Associa\u00e7\u00e3o Devotos de F\u00e1tima<\/title>\n<meta name=\"robots\" content=\"index, follow, max-snippet:-1, max-image-preview:large, max-video-preview:-1\" \/>\n<link rel=\"canonical\" href=\"https:\/\/www.adf.org.br\/home\/conta-e-tempo\/\" \/>\n<meta property=\"og:locale\" content=\"pt_BR\" \/>\n<meta property=\"og:type\" content=\"article\" \/>\n<meta property=\"og:title\" content=\"Conta e Tempo - Associa\u00e7\u00e3o Devotos de F\u00e1tima\" \/>\n<meta property=\"og:description\" content=\"Deus pede estrita conta do meu tempo E eu vou, do meu tempo, dar-lhe conta. Mas, como dar, sem tempo, tanta conta. Eu, que gastei, sem conta, tanto tempo? Para dar minha conta feita a tempo, O tempo me foi dado, e n\u00e3o fiz conta; N\u00e3o quis, sobrando tempo, fazer conta. Hoje, quero acertar conta, [&hellip;]\" \/>\n<meta property=\"og:url\" content=\"https:\/\/www.adf.org.br\/home\/conta-e-tempo\/\" \/>\n<meta property=\"og:site_name\" content=\"Associa\u00e7\u00e3o Devotos de F\u00e1tima\" \/>\n<meta property=\"article:published_time\" content=\"2010-02-25T21:25:13+00:00\" \/>\n<meta property=\"og:image\" content=\"http:\/\/www.adf.org.br\/home\/wp-content\/uploads\/2010\/02\/tempo2.jpg\" \/>\n<meta name=\"twitter:card\" content=\"summary_large_image\" \/>\n<meta name=\"twitter:label1\" content=\"Escrito por\" \/>\n\t<meta name=\"twitter:data1\" content=\"Gabriel Barbosa\" \/>\n\t<meta name=\"twitter:label2\" content=\"Est. tempo de leitura\" \/>\n\t<meta name=\"twitter:data2\" content=\"1 minuto\" \/>\n<script type=\"application\/ld+json\" class=\"yoast-schema-graph\">{\"@context\":\"https:\/\/schema.org\",\"@graph\":[{\"@type\":\"WebSite\",\"@id\":\"https:\/\/www.adf.org.br\/home\/#website\",\"url\":\"https:\/\/www.adf.org.br\/home\/\",\"name\":\"Associa\\u00e7\\u00e3o Devotos de F\\u00e1tima\",\"description\":\"Associa\\u00e7\\u00e3o Devotos de F\\u00e1tima\",\"potentialAction\":[{\"@type\":\"SearchAction\",\"target\":{\"@type\":\"EntryPoint\",\"urlTemplate\":\"https:\/\/www.adf.org.br\/home\/?s={search_term_string}\"},\"query-input\":\"required name=search_term_string\"}],\"inLanguage\":\"pt-BR\"},{\"@type\":\"ImageObject\",\"@id\":\"https:\/\/www.adf.org.br\/home\/conta-e-tempo\/#primaryimage\",\"inLanguage\":\"pt-BR\",\"url\":\"http:\/\/www.adf.org.br\/home\/wp-content\/uploads\/2010\/02\/tempo2.jpg\",\"contentUrl\":\"http:\/\/www.adf.org.br\/home\/wp-content\/uploads\/2010\/02\/tempo2.jpg\"},{\"@type\":\"WebPage\",\"@id\":\"https:\/\/www.adf.org.br\/home\/conta-e-tempo\/#webpage\",\"url\":\"https:\/\/www.adf.org.br\/home\/conta-e-tempo\/\",\"name\":\"Conta e Tempo - Associa\\u00e7\\u00e3o Devotos de F\\u00e1tima\",\"isPartOf\":{\"@id\":\"https:\/\/www.adf.org.br\/home\/#website\"},\"primaryImageOfPage\":{\"@id\":\"https:\/\/www.adf.org.br\/home\/conta-e-tempo\/#primaryimage\"},\"datePublished\":\"2010-02-25T21:25:13+00:00\",\"dateModified\":\"2010-02-25T21:25:13+00:00\",\"author\":{\"@id\":\"https:\/\/www.adf.org.br\/home\/#\/schema\/person\/affa494ecf91434f3620f5392de44327\"},\"breadcrumb\":{\"@id\":\"https:\/\/www.adf.org.br\/home\/conta-e-tempo\/#breadcrumb\"},\"inLanguage\":\"pt-BR\",\"potentialAction\":[{\"@type\":\"ReadAction\",\"target\":[\"https:\/\/www.adf.org.br\/home\/conta-e-tempo\/\"]}]},{\"@type\":\"BreadcrumbList\",\"@id\":\"https:\/\/www.adf.org.br\/home\/conta-e-tempo\/#breadcrumb\",\"itemListElement\":[{\"@type\":\"ListItem\",\"position\":1,\"name\":\"Home\",\"item\":\"https:\/\/www.adf.org.br\/home\/\"},{\"@type\":\"ListItem\",\"position\":2,\"name\":\"Conta e Tempo\"}]},{\"@type\":\"Person\",\"@id\":\"https:\/\/www.adf.org.br\/home\/#\/schema\/person\/affa494ecf91434f3620f5392de44327\",\"name\":\"Gabriel Barbosa\",\"image\":{\"@type\":\"ImageObject\",\"@id\":\"https:\/\/www.adf.org.br\/home\/#personlogo\",\"inLanguage\":\"pt-BR\",\"url\":\"https:\/\/secure.gravatar.com\/avatar\/ecf2eab02e30486a7038f8b2858de06a?s=96&d=mm&r=g\",\"contentUrl\":\"https:\/\/secure.gravatar.com\/avatar\/ecf2eab02e30486a7038f8b2858de06a?s=96&d=mm&r=g\",\"caption\":\"Gabriel Barbosa\"},\"url\":\"https:\/\/www.adf.org.br\/home\/author\/gabriel-aascj\/\"}]}<\/script>\n<!-- \/ Yoast SEO plugin. -->","yoast_head_json":{"title":"Conta e Tempo - Associa\u00e7\u00e3o Devotos de F\u00e1tima","robots":{"index":"index","follow":"follow","max-snippet":"max-snippet:-1","max-image-preview":"max-image-preview:large","max-video-preview":"max-video-preview:-1"},"canonical":"https:\/\/www.adf.org.br\/home\/conta-e-tempo\/","og_locale":"pt_BR","og_type":"article","og_title":"Conta e Tempo - Associa\u00e7\u00e3o Devotos de F\u00e1tima","og_description":"Deus pede estrita conta do meu tempo E eu vou, do meu tempo, dar-lhe conta. Mas, como dar, sem tempo, tanta conta. Eu, que gastei, sem conta, tanto tempo? Para dar minha conta feita a tempo, O tempo me foi dado, e n\u00e3o fiz conta; N\u00e3o quis, sobrando tempo, fazer conta. Hoje, quero acertar conta, [&hellip;]","og_url":"https:\/\/www.adf.org.br\/home\/conta-e-tempo\/","og_site_name":"Associa\u00e7\u00e3o Devotos de F\u00e1tima","article_published_time":"2010-02-25T21:25:13+00:00","og_image":[{"url":"http:\/\/www.adf.org.br\/home\/wp-content\/uploads\/2010\/02\/tempo2.jpg"}],"twitter_card":"summary_large_image","twitter_misc":{"Escrito por":"Gabriel Barbosa","Est. tempo de leitura":"1 minuto"},"schema":{"@context":"https:\/\/schema.org","@graph":[{"@type":"WebSite","@id":"https:\/\/www.adf.org.br\/home\/#website","url":"https:\/\/www.adf.org.br\/home\/","name":"Associa\u00e7\u00e3o Devotos de F\u00e1tima","description":"Associa\u00e7\u00e3o Devotos de F\u00e1tima","potentialAction":[{"@type":"SearchAction","target":{"@type":"EntryPoint","urlTemplate":"https:\/\/www.adf.org.br\/home\/?s={search_term_string}"},"query-input":"required name=search_term_string"}],"inLanguage":"pt-BR"},{"@type":"ImageObject","@id":"https:\/\/www.adf.org.br\/home\/conta-e-tempo\/#primaryimage","inLanguage":"pt-BR","url":"http:\/\/www.adf.org.br\/home\/wp-content\/uploads\/2010\/02\/tempo2.jpg","contentUrl":"http:\/\/www.adf.org.br\/home\/wp-content\/uploads\/2010\/02\/tempo2.jpg"},{"@type":"WebPage","@id":"https:\/\/www.adf.org.br\/home\/conta-e-tempo\/#webpage","url":"https:\/\/www.adf.org.br\/home\/conta-e-tempo\/","name":"Conta e Tempo - Associa\u00e7\u00e3o Devotos de F\u00e1tima","isPartOf":{"@id":"https:\/\/www.adf.org.br\/home\/#website"},"primaryImageOfPage":{"@id":"https:\/\/www.adf.org.br\/home\/conta-e-tempo\/#primaryimage"},"datePublished":"2010-02-25T21:25:13+00:00","dateModified":"2010-02-25T21:25:13+00:00","author":{"@id":"https:\/\/www.adf.org.br\/home\/#\/schema\/person\/affa494ecf91434f3620f5392de44327"},"breadcrumb":{"@id":"https:\/\/www.adf.org.br\/home\/conta-e-tempo\/#breadcrumb"},"inLanguage":"pt-BR","potentialAction":[{"@type":"ReadAction","target":["https:\/\/www.adf.org.br\/home\/conta-e-tempo\/"]}]},{"@type":"BreadcrumbList","@id":"https:\/\/www.adf.org.br\/home\/conta-e-tempo\/#breadcrumb","itemListElement":[{"@type":"ListItem","position":1,"name":"Home","item":"https:\/\/www.adf.org.br\/home\/"},{"@type":"ListItem","position":2,"name":"Conta e Tempo"}]},{"@type":"Person","@id":"https:\/\/www.adf.org.br\/home\/#\/schema\/person\/affa494ecf91434f3620f5392de44327","name":"Gabriel Barbosa","image":{"@type":"ImageObject","@id":"https:\/\/www.adf.org.br\/home\/#personlogo","inLanguage":"pt-BR","url":"https:\/\/secure.gravatar.com\/avatar\/ecf2eab02e30486a7038f8b2858de06a?s=96&d=mm&r=g","contentUrl":"https:\/\/secure.gravatar.com\/avatar\/ecf2eab02e30486a7038f8b2858de06a?s=96&d=mm&r=g","caption":"Gabriel Barbosa"},"url":"https:\/\/www.adf.org.br\/home\/author\/gabriel-aascj\/"}]}},"_links":{"self":[{"href":"https:\/\/www.adf.org.br\/home\/wp-json\/wp\/v2\/posts\/2685"}],"collection":[{"href":"https:\/\/www.adf.org.br\/home\/wp-json\/wp\/v2\/posts"}],"about":[{"href":"https:\/\/www.adf.org.br\/home\/wp-json\/wp\/v2\/types\/post"}],"author":[{"embeddable":true,"href":"https:\/\/www.adf.org.br\/home\/wp-json\/wp\/v2\/users\/27"}],"replies":[{"embeddable":true,"href":"https:\/\/www.adf.org.br\/home\/wp-json\/wp\/v2\/comments?post=2685"}],"version-history":[{"count":0,"href":"https:\/\/www.adf.org.br\/home\/wp-json\/wp\/v2\/posts\/2685\/revisions"}],"wp:attachment":[{"href":"https:\/\/www.adf.org.br\/home\/wp-json\/wp\/v2\/media?parent=2685"}],"wp:term":[{"taxonomy":"category","embeddable":true,"href":"https:\/\/www.adf.org.br\/home\/wp-json\/wp\/v2\/categories?post=2685"},{"taxonomy":"post_tag","embeddable":true,"href":"https:\/\/www.adf.org.br\/home\/wp-json\/wp\/v2\/tags?post=2685"}],"curies":[{"name":"wp","href":"https:\/\/api.w.org\/{rel}","templated":true}]}}