{"id":26561,"date":"2014-08-26T23:57:17","date_gmt":"2014-08-27T02:57:17","guid":{"rendered":"http:\/\/www.adf.org.br\/home\/?p=26561"},"modified":"2014-08-26T23:57:17","modified_gmt":"2014-08-27T02:57:17","slug":"preferimos-morrer-a-esconder-a-nossa-cruz","status":"publish","type":"post","link":"https:\/\/www.adf.org.br\/home\/preferimos-morrer-a-esconder-a-nossa-cruz\/","title":{"rendered":"\u201cPreferimos morrer a esconder a nossa cruz\u201d"},"content":{"rendered":"<figure id=\"attachment_26562\" aria-describedby=\"caption-attachment-26562\" style=\"width: 558px\" class=\"wp-caption aligncenter\"><a href=\"http:\/\/www.adf.org.br\/home\/2014\/08\/preferimos-morrer-a-esconder-a-nossa-cruz\/cristao-iraque-620x348\/\" rel=\"attachment wp-att-26562\"><img loading=\"lazy\" class=\" wp-image-26562 \" title=\"Crist\u00e3os num abrigo em Erbil, Iraque. Foto: Ahmed Jalil\/EPA\" src=\"http:\/\/www.adf.org.br\/home\/wp-content\/uploads\/2014\/08\/Crist\u00e3o-Iraque-620x348.jpg\" alt=\"\" width=\"558\" height=\"313\" \/><\/a><figcaption id=\"caption-attachment-26562\" class=\"wp-caption-text\">Crist\u00e3os num abrigo em Erbil, Iraque. Foto: Ahmed Jalil\/EPA<\/figcaption><\/figure>\n<p style=\"padding-left: 90px;\"><span style=\"color: #800080; font-size: medium; font-family: verdana, geneva;\"><strong>Das igrejas fizeram casa. Continuam a ir \u00e0 missa \u2013 rezam pela paz. Mas onde havia milhares de crist\u00e3os, como em Mossul, n\u00e3o h\u00e1 agora nenhum.<\/strong><\/span><\/p>\n<p><span style=\"font-family: verdana, geneva;\">\u201cA vida deles est\u00e1 completamente virada do <strong>avesso<\/strong>\u201d, diz \u00e0 Renascen\u00e7a, a partir do Iraque, um elemento da Funda\u00e7\u00e3o Ajuda \u00e0 Igreja que Sofre.<\/span><\/p>\n<p style=\"padding-left: 60px;\"><span style=\"font-family: verdana, geneva;\"><strong><span style=\"color: #3366ff;\">De um dia para o outro, tudo mudou para os crist\u00e3os no Iraque. Entre convers\u00e3o ao Isl\u00e3o ou o pagamento do imposto exigido pelo autoproclamado Estado Isl\u00e2mico, n\u00e3o tiveram escolha. Deixaram tudo para tr\u00e1s.<\/span><\/strong><\/span><\/p>\n<p><span style=\"font-family: verdana, geneva;\">No meio do desespero n\u00e3o sobrou tempo para preparos. Muitos fugiram de m\u00e3os vazias e sem dinheiro nos bolsos.<\/span><br \/>\n<span style=\"font-family: verdana, geneva;\"><strong>\u201cOs refugiados est\u00e3o a abrigar-se em igrejas, alguns deles est\u00e3o em parques a viver em tendas. Nesta altura do ano, as temperaturas atingem os 43, 45 graus. S\u00e3o condi\u00e7\u00f5es muito dif\u00edceis\u201d,<\/strong> conta \u00e0\u00a0Renascen\u00e7a\u00a0Regina Lynch, diretora de projetos da Funda\u00e7\u00e3o Ajuda \u00e0 Igreja que Sofre (AIS), organiza\u00e7\u00e3o dependente do Vaticano.<\/span><br \/>\n<span style=\"font-family: verdana, geneva;\">\u201cConhecemos uma fam\u00edlia que demorou cinco horas a fazer uma viagem que normalmente demoraria uma hora e meia. Eram 24 pessoas numa carrinha que transporta oito no m\u00e1ximo. Isto mostra a forma<strong><span style=\"color: #800080;\"> desesperada<\/span><\/strong> como as pessoas tiveram que abandonar a regi\u00e3o\u201d, conta, por telefone.<\/span><br \/>\n<span style=\"font-family: verdana, geneva;\">Com Regina Lynch, est\u00e3o no Iraque o presidente internacional da AIS, Johannes von Heereman, e a diretora de comunica\u00e7\u00e3o, Maria Lozano. Querem conhecer de perto os crist\u00e3os perseguidos e as suas necessidades. Querem lembrar-lhes que <strong>n\u00e3o est\u00e3o s\u00f3s<\/strong> e dar-lhes voz.<\/span><br \/>\n<span style=\"font-size: medium; font-family: verdana, geneva;\"><strong>A vida \u201cdo avesso\u201d<\/strong><\/span><br \/>\n<span style=\"font-family: verdana, geneva;\">\u201cH\u00e1 pessoas a viver em abrigos e que est\u00e3o a ser registadas neste momento. H\u00e1 muitos a viver com familiares em casas sobrelotadas.<\/span><\/p>\n<p style=\"padding-left: 60px;\"><span style=\"font-family: verdana, geneva;\"><strong><span style=\"color: #800080;\">\u00c9 dif\u00edcil ter um n\u00famero exato, mas sabemos que h\u00e1 cerca de 70 mil refugiados \u00e0 volta de Ankawa e 60 mil nas \u00e1reas a norte de Mossul. Mas a todo o momento h\u00e1 pessoas a chegar, fam\u00edlias a bater \u00e0 porta \u00e0 procura de lugar para ficar\u201d, conta Lynch.<\/span><\/strong><\/span><\/p>\n<p><span style=\"font-family: verdana, geneva; font-size: small;\">A AIS j\u00e1 recolheu e enviou mais de 230 mil euros para a Igreja do Iraque. O apoio vai permitir suportar necessidades b\u00e1sicas de milhares de crist\u00e3os iraquianos refugiados.<\/span><\/p>\n<p style=\"padding-left: 60px;\"><span style=\"font-size: small; font-family: verdana, geneva;\"><strong><span style=\"color: #3366ff;\">S\u00e3o urgentes \u201calimentos, colch\u00f5es, ventiladores, frigor\u00edficos\u201d. E algu\u00e9m que os escute.<\/span><\/strong><\/span><\/p>\n<p><span style=\"font-family: verdana, geneva;\">\u201cOs refugiados viram-se para a Igreja e esperam que a Igreja os ajude. Que os ajude a resolver os problemas. Outras vezes s\u00f3 esperam que algu\u00e9m possa ouvi-los\u201d.<\/span><br \/>\n<span style=\"font-family: verdana, geneva;\">T\u00eam muito para contar. Num abrir e fechar os olhos, <strong>a vida que conheciam deixou de existir<\/strong>. Em 2003, s\u00f3 em Mossul, viviam 35 mil crist\u00e3os. Pela primeira vez em dois mil anos, <strong>n\u00e3o sobra um \u00fanico<\/strong>.<\/span><br \/>\n<span style=\"font-family: verdana, geneva;\">\u201cAs pessoas que conhecemos est\u00e3o muito traumatizadas porque aconteceu tudo muito r\u00e1pido.<\/span><\/p>\n<p style=\"padding-left: 60px;\"><span style=\"font-family: verdana, geneva;\"><strong><span style=\"color: #800080;\">Os crist\u00e3os em Mossul, por exemplo, achavam que o ex\u00e9rcito do Governo ia proteg\u00ea-los. Foi um choque para eles. A vida deles est\u00e1 completamente virada do avesso\u201d.<\/span><\/strong><\/span><\/p>\n<p><span style=\"font-size: medium; font-family: verdana, geneva;\"><strong>\u201cEsta \u00e9 a nossa casa, esta \u00e9 a nossa hist\u00f3ria\u201d<\/strong><\/span><br \/>\n<span style=\"font-family: verdana, geneva;\">A delega\u00e7\u00e3o da AIS chegou na quarta-feira ao Iraque para uma viagem de cinco dias. Visitaram Ankawa, um sub\u00farbio crist\u00e3o da cidade de Erbil que acolhe muitos dos que fugiram de Qaraqosh.<\/span><br \/>\n<span style=\"font-family: verdana, geneva;\">Passaram por Dohuk, onde, vindos de Mossul, crist\u00e3os em fuga procuraram ref\u00fagio. Re\u00fanem-se com bispos, visitam abrigos, ouvem esperan\u00e7as e vontades.<\/span><\/p>\n<p style=\"padding-left: 60px;\"><span style=\"font-family: verdana, geneva;\"><strong><span style=\"color: #3366ff;\">\u201cAlguns dizem que querem sair, que querem emigrar. Outros contam que querem voltar para as suas aldeias, para as suas casas porque est\u00e3o l\u00e1 h\u00e1 gera\u00e7\u00f5es e gera\u00e7\u00f5es. Dizem: \u2018esta \u00e9 a nossa casa, esta \u00e9 a nossa hist\u00f3ria\u2019. Mas s\u00f3 podem voltar se houver alguma esp\u00e9cie de prote\u00e7\u00e3o internacional, uma garantia de que isto n\u00e3o vai acontecer outra vez\u201d.<\/span><\/strong><\/span><\/p>\n<p><span style=\"font-family: verdana, geneva;\"><strong>O Patriarca Caldeu do Iraque, D. Louis Sako, tem-se desdobrado em apelos<\/strong>. A ele, j\u00e1 se juntaram os bispos da Europa numa carta enviada esta semana ao Conselho de Seguran\u00e7a das Na\u00e7\u00f5es Unidas.<\/span><\/p>\n<p style=\"padding-left: 60px;\"><span style=\"font-family: verdana, geneva;\"><strong><span style=\"color: #800080;\">Pedem decis\u00f5es urgentes para \u201cpara p\u00f4r fim \u00e0s atrocidades cometidas contra os crist\u00e3os e outras minorias religiosas no Iraque\u201d.<\/span><\/strong><\/span><\/p>\n<p><span style=\"font-size: medium; font-family: verdana, geneva;\"><strong>Uma cruz tatuada<\/strong><\/span><br \/>\n<span style=\"font-family: verdana, geneva;\">Por enquanto, resta confiar na generosidade dos que no terreno fazem de tudo para ajudar.<\/span><br \/>\n<span style=\"font-family: verdana, geneva;\">\u201cSoubemos de uma vila crist\u00e3 que n\u00e3o teria mais de 60 fam\u00edlias e que agora tem mais 250 fam\u00edlias crist\u00e3s refugiadas. D\u00e1 para imaginar o impacto que isto tem na comunidade. As pessoas s\u00e3o muito generosas. Fazem tudo para ajudar os refugiados\u201d.<\/span><br \/>\n<span style=\"font-family: verdana, geneva;\">Pouco sabem do que vem a seguir.<\/span><\/p>\n<p style=\"padding-left: 60px;\"><span style=\"font-family: verdana, geneva;\"><strong><span style=\"color: #3366ff;\">\u201c\u00c9 dif\u00edcil para eles perceber como \u00e9 que a situa\u00e7\u00e3o se vai desenvolver. Alguns expressaram-nos o desejo, a esperan\u00e7a, de que uma equipe internacional de manuten\u00e7\u00e3o de paz entre no pa\u00eds e garanta a sua prote\u00e7\u00e3o. Outros esperam que os peshmerga, as tropas curdas, ganhem for\u00e7a para lutar contra o Estado Isl\u00e2mico.\u201d<\/span><\/strong><\/span><\/p>\n<p><span style=\"font-family: verdana, geneva;\">Regina Lynch ficou <strong>\u201cmuito comovida com a f\u00e9\u201d dos crist\u00e3os iraquianos.<\/strong><\/span><br \/>\n<span style=\"font-family: verdana, geneva;\">\u201cHoje falamos com uma senhora de idade que tem uma cruz tatuada na m\u00e3o e contamos-lhe como hoje em dia na Europa s\u00e3o poucas as pessoas que usam cruzes.<\/span><\/p>\n<p style=\"text-align: center;\"><span style=\"text-decoration: underline; font-family: verdana, geneva;\"><span style=\"font-size: large;\"><strong><span style=\"color: #800080; text-decoration: underline;\">Ela respondeu: \u2018n\u00f3s preferimos morrer a esconder a nossa cruz\u2019\u201d.<\/span><\/strong><\/span><\/span><\/p>\n<p><span style=\"font-family: verdana, geneva;\"><em>Fonte: ipco.org<\/em><\/span><\/p>\n<p style=\"text-align: center;\"><a href=\"http:\/\/oratoriodamedalhamilagrosa.org.br\/home\/vela-permanente\/?origem=1\"><img loading=\"lazy\" class=\"aligncenter  wp-image-26563\" title=\"Acenda uma vela virtual por nossos irm\u00e3os perseguidos no Iraque\" src=\"http:\/\/www.adf.org.br\/home\/wp-content\/uploads\/2014\/08\/persegui\u00e7\u00e3o-religiosa3-1024x265.jpg\" alt=\"\" width=\"663\" height=\"172\" \/><\/a><\/p>\n","protected":false},"excerpt":{"rendered":"<p>Das igrejas fizeram casa. Continuam a ir \u00e0 missa \u2013 rezam pela paz. Mas onde havia milhares de crist\u00e3os, como em Mossul, n\u00e3o h\u00e1 agora nenhum. \u201cA vida deles est\u00e1 completamente virada do avesso\u201d, diz \u00e0 Renascen\u00e7a, a partir do Iraque, um elemento da Funda\u00e7\u00e3o Ajuda \u00e0 Igreja que Sofre. De um dia para o [&hellip;]<\/p>\n","protected":false},"author":12,"featured_media":0,"comment_status":"open","ping_status":"open","sticky":false,"template":"","format":"standard","meta":[],"categories":[20],"tags":[1039,1300,516,1016,32,1033],"yoast_head":"<!-- This site is optimized with the Yoast SEO plugin v17.4 - https:\/\/yoast.com\/wordpress\/plugins\/seo\/ -->\n<title>\u201cPreferimos morrer a esconder a nossa cruz\u201d - Associa\u00e7\u00e3o Devotos de F\u00e1tima<\/title>\n<meta name=\"robots\" content=\"index, follow, max-snippet:-1, max-image-preview:large, max-video-preview:-1\" \/>\n<link rel=\"canonical\" href=\"https:\/\/www.adf.org.br\/home\/preferimos-morrer-a-esconder-a-nossa-cruz\/\" \/>\n<meta property=\"og:locale\" content=\"pt_BR\" \/>\n<meta property=\"og:type\" content=\"article\" \/>\n<meta property=\"og:title\" content=\"\u201cPreferimos morrer a esconder a nossa cruz\u201d - Associa\u00e7\u00e3o Devotos de F\u00e1tima\" \/>\n<meta property=\"og:description\" content=\"Das igrejas fizeram casa. Continuam a ir \u00e0 missa \u2013 rezam pela paz. Mas onde havia milhares de crist\u00e3os, como em Mossul, n\u00e3o h\u00e1 agora nenhum. \u201cA vida deles est\u00e1 completamente virada do avesso\u201d, diz \u00e0 Renascen\u00e7a, a partir do Iraque, um elemento da Funda\u00e7\u00e3o Ajuda \u00e0 Igreja que Sofre. De um dia para o [&hellip;]\" \/>\n<meta property=\"og:url\" content=\"https:\/\/www.adf.org.br\/home\/preferimos-morrer-a-esconder-a-nossa-cruz\/\" \/>\n<meta property=\"og:site_name\" content=\"Associa\u00e7\u00e3o Devotos de F\u00e1tima\" \/>\n<meta property=\"article:published_time\" content=\"2014-08-27T02:57:17+00:00\" \/>\n<meta property=\"og:image\" content=\"http:\/\/www.adf.org.br\/home\/wp-content\/uploads\/2014\/08\/Crist\u00e3o-Iraque-620x348.jpg\" \/>\n<meta name=\"twitter:card\" content=\"summary_large_image\" \/>\n<meta name=\"twitter:label1\" content=\"Escrito por\" \/>\n\t<meta name=\"twitter:data1\" content=\"luiz.fernando\" \/>\n\t<meta name=\"twitter:label2\" content=\"Est. tempo de leitura\" \/>\n\t<meta name=\"twitter:data2\" content=\"4 minutos\" \/>\n<script type=\"application\/ld+json\" class=\"yoast-schema-graph\">{\"@context\":\"https:\/\/schema.org\",\"@graph\":[{\"@type\":\"WebSite\",\"@id\":\"https:\/\/www.adf.org.br\/home\/#website\",\"url\":\"https:\/\/www.adf.org.br\/home\/\",\"name\":\"Associa\\u00e7\\u00e3o Devotos de F\\u00e1tima\",\"description\":\"Associa\\u00e7\\u00e3o Devotos de F\\u00e1tima\",\"potentialAction\":[{\"@type\":\"SearchAction\",\"target\":{\"@type\":\"EntryPoint\",\"urlTemplate\":\"https:\/\/www.adf.org.br\/home\/?s={search_term_string}\"},\"query-input\":\"required name=search_term_string\"}],\"inLanguage\":\"pt-BR\"},{\"@type\":\"ImageObject\",\"@id\":\"https:\/\/www.adf.org.br\/home\/preferimos-morrer-a-esconder-a-nossa-cruz\/#primaryimage\",\"inLanguage\":\"pt-BR\",\"url\":\"http:\/\/www.adf.org.br\/home\/wp-content\/uploads\/2014\/08\/Crist\\u00e3o-Iraque-620x348.jpg\",\"contentUrl\":\"http:\/\/www.adf.org.br\/home\/wp-content\/uploads\/2014\/08\/Crist\\u00e3o-Iraque-620x348.jpg\"},{\"@type\":\"WebPage\",\"@id\":\"https:\/\/www.adf.org.br\/home\/preferimos-morrer-a-esconder-a-nossa-cruz\/#webpage\",\"url\":\"https:\/\/www.adf.org.br\/home\/preferimos-morrer-a-esconder-a-nossa-cruz\/\",\"name\":\"\\u201cPreferimos morrer a esconder a nossa cruz\\u201d - Associa\\u00e7\\u00e3o Devotos de F\\u00e1tima\",\"isPartOf\":{\"@id\":\"https:\/\/www.adf.org.br\/home\/#website\"},\"primaryImageOfPage\":{\"@id\":\"https:\/\/www.adf.org.br\/home\/preferimos-morrer-a-esconder-a-nossa-cruz\/#primaryimage\"},\"datePublished\":\"2014-08-27T02:57:17+00:00\",\"dateModified\":\"2014-08-27T02:57:17+00:00\",\"author\":{\"@id\":\"https:\/\/www.adf.org.br\/home\/#\/schema\/person\/4eb0499131c1962e974297eff367a715\"},\"breadcrumb\":{\"@id\":\"https:\/\/www.adf.org.br\/home\/preferimos-morrer-a-esconder-a-nossa-cruz\/#breadcrumb\"},\"inLanguage\":\"pt-BR\",\"potentialAction\":[{\"@type\":\"ReadAction\",\"target\":[\"https:\/\/www.adf.org.br\/home\/preferimos-morrer-a-esconder-a-nossa-cruz\/\"]}]},{\"@type\":\"BreadcrumbList\",\"@id\":\"https:\/\/www.adf.org.br\/home\/preferimos-morrer-a-esconder-a-nossa-cruz\/#breadcrumb\",\"itemListElement\":[{\"@type\":\"ListItem\",\"position\":1,\"name\":\"Home\",\"item\":\"https:\/\/www.adf.org.br\/home\/\"},{\"@type\":\"ListItem\",\"position\":2,\"name\":\"\\u201cPreferimos morrer a esconder a nossa cruz\\u201d\"}]},{\"@type\":\"Person\",\"@id\":\"https:\/\/www.adf.org.br\/home\/#\/schema\/person\/4eb0499131c1962e974297eff367a715\",\"name\":\"luiz.fernando\",\"image\":{\"@type\":\"ImageObject\",\"@id\":\"https:\/\/www.adf.org.br\/home\/#personlogo\",\"inLanguage\":\"pt-BR\",\"url\":\"https:\/\/secure.gravatar.com\/avatar\/4e9dcdc2a00e06e1d9189a84f6908f28?s=96&d=mm&r=g\",\"contentUrl\":\"https:\/\/secure.gravatar.com\/avatar\/4e9dcdc2a00e06e1d9189a84f6908f28?s=96&d=mm&r=g\",\"caption\":\"luiz.fernando\"},\"url\":\"https:\/\/www.adf.org.br\/home\/author\/luiz-fernando\/\"}]}<\/script>\n<!-- \/ Yoast SEO plugin. -->","yoast_head_json":{"title":"\u201cPreferimos morrer a esconder a nossa cruz\u201d - Associa\u00e7\u00e3o Devotos de F\u00e1tima","robots":{"index":"index","follow":"follow","max-snippet":"max-snippet:-1","max-image-preview":"max-image-preview:large","max-video-preview":"max-video-preview:-1"},"canonical":"https:\/\/www.adf.org.br\/home\/preferimos-morrer-a-esconder-a-nossa-cruz\/","og_locale":"pt_BR","og_type":"article","og_title":"\u201cPreferimos morrer a esconder a nossa cruz\u201d - Associa\u00e7\u00e3o Devotos de F\u00e1tima","og_description":"Das igrejas fizeram casa. Continuam a ir \u00e0 missa \u2013 rezam pela paz. Mas onde havia milhares de crist\u00e3os, como em Mossul, n\u00e3o h\u00e1 agora nenhum. \u201cA vida deles est\u00e1 completamente virada do avesso\u201d, diz \u00e0 Renascen\u00e7a, a partir do Iraque, um elemento da Funda\u00e7\u00e3o Ajuda \u00e0 Igreja que Sofre. De um dia para o [&hellip;]","og_url":"https:\/\/www.adf.org.br\/home\/preferimos-morrer-a-esconder-a-nossa-cruz\/","og_site_name":"Associa\u00e7\u00e3o Devotos de F\u00e1tima","article_published_time":"2014-08-27T02:57:17+00:00","og_image":[{"url":"http:\/\/www.adf.org.br\/home\/wp-content\/uploads\/2014\/08\/Crist\u00e3o-Iraque-620x348.jpg"}],"twitter_card":"summary_large_image","twitter_misc":{"Escrito por":"luiz.fernando","Est. tempo de leitura":"4 minutos"},"schema":{"@context":"https:\/\/schema.org","@graph":[{"@type":"WebSite","@id":"https:\/\/www.adf.org.br\/home\/#website","url":"https:\/\/www.adf.org.br\/home\/","name":"Associa\u00e7\u00e3o Devotos de F\u00e1tima","description":"Associa\u00e7\u00e3o Devotos de F\u00e1tima","potentialAction":[{"@type":"SearchAction","target":{"@type":"EntryPoint","urlTemplate":"https:\/\/www.adf.org.br\/home\/?s={search_term_string}"},"query-input":"required name=search_term_string"}],"inLanguage":"pt-BR"},{"@type":"ImageObject","@id":"https:\/\/www.adf.org.br\/home\/preferimos-morrer-a-esconder-a-nossa-cruz\/#primaryimage","inLanguage":"pt-BR","url":"http:\/\/www.adf.org.br\/home\/wp-content\/uploads\/2014\/08\/Crist\u00e3o-Iraque-620x348.jpg","contentUrl":"http:\/\/www.adf.org.br\/home\/wp-content\/uploads\/2014\/08\/Crist\u00e3o-Iraque-620x348.jpg"},{"@type":"WebPage","@id":"https:\/\/www.adf.org.br\/home\/preferimos-morrer-a-esconder-a-nossa-cruz\/#webpage","url":"https:\/\/www.adf.org.br\/home\/preferimos-morrer-a-esconder-a-nossa-cruz\/","name":"\u201cPreferimos morrer a esconder a nossa cruz\u201d - Associa\u00e7\u00e3o Devotos de F\u00e1tima","isPartOf":{"@id":"https:\/\/www.adf.org.br\/home\/#website"},"primaryImageOfPage":{"@id":"https:\/\/www.adf.org.br\/home\/preferimos-morrer-a-esconder-a-nossa-cruz\/#primaryimage"},"datePublished":"2014-08-27T02:57:17+00:00","dateModified":"2014-08-27T02:57:17+00:00","author":{"@id":"https:\/\/www.adf.org.br\/home\/#\/schema\/person\/4eb0499131c1962e974297eff367a715"},"breadcrumb":{"@id":"https:\/\/www.adf.org.br\/home\/preferimos-morrer-a-esconder-a-nossa-cruz\/#breadcrumb"},"inLanguage":"pt-BR","potentialAction":[{"@type":"ReadAction","target":["https:\/\/www.adf.org.br\/home\/preferimos-morrer-a-esconder-a-nossa-cruz\/"]}]},{"@type":"BreadcrumbList","@id":"https:\/\/www.adf.org.br\/home\/preferimos-morrer-a-esconder-a-nossa-cruz\/#breadcrumb","itemListElement":[{"@type":"ListItem","position":1,"name":"Home","item":"https:\/\/www.adf.org.br\/home\/"},{"@type":"ListItem","position":2,"name":"\u201cPreferimos morrer a esconder a nossa cruz\u201d"}]},{"@type":"Person","@id":"https:\/\/www.adf.org.br\/home\/#\/schema\/person\/4eb0499131c1962e974297eff367a715","name":"luiz.fernando","image":{"@type":"ImageObject","@id":"https:\/\/www.adf.org.br\/home\/#personlogo","inLanguage":"pt-BR","url":"https:\/\/secure.gravatar.com\/avatar\/4e9dcdc2a00e06e1d9189a84f6908f28?s=96&d=mm&r=g","contentUrl":"https:\/\/secure.gravatar.com\/avatar\/4e9dcdc2a00e06e1d9189a84f6908f28?s=96&d=mm&r=g","caption":"luiz.fernando"},"url":"https:\/\/www.adf.org.br\/home\/author\/luiz-fernando\/"}]}},"_links":{"self":[{"href":"https:\/\/www.adf.org.br\/home\/wp-json\/wp\/v2\/posts\/26561"}],"collection":[{"href":"https:\/\/www.adf.org.br\/home\/wp-json\/wp\/v2\/posts"}],"about":[{"href":"https:\/\/www.adf.org.br\/home\/wp-json\/wp\/v2\/types\/post"}],"author":[{"embeddable":true,"href":"https:\/\/www.adf.org.br\/home\/wp-json\/wp\/v2\/users\/12"}],"replies":[{"embeddable":true,"href":"https:\/\/www.adf.org.br\/home\/wp-json\/wp\/v2\/comments?post=26561"}],"version-history":[{"count":0,"href":"https:\/\/www.adf.org.br\/home\/wp-json\/wp\/v2\/posts\/26561\/revisions"}],"wp:attachment":[{"href":"https:\/\/www.adf.org.br\/home\/wp-json\/wp\/v2\/media?parent=26561"}],"wp:term":[{"taxonomy":"category","embeddable":true,"href":"https:\/\/www.adf.org.br\/home\/wp-json\/wp\/v2\/categories?post=26561"},{"taxonomy":"post_tag","embeddable":true,"href":"https:\/\/www.adf.org.br\/home\/wp-json\/wp\/v2\/tags?post=26561"}],"curies":[{"name":"wp","href":"https:\/\/api.w.org\/{rel}","templated":true}]}}