{"id":26526,"date":"2014-08-30T23:57:43","date_gmt":"2014-08-31T02:57:43","guid":{"rendered":"http:\/\/www.adf.org.br\/home\/?p=26526"},"modified":"2014-08-30T23:57:43","modified_gmt":"2014-08-31T02:57:43","slug":"ciencia-confirma-a-fe-quem-sao-os-mais-inteligentes","status":"publish","type":"post","link":"https:\/\/www.adf.org.br\/home\/ciencia-confirma-a-fe-quem-sao-os-mais-inteligentes\/","title":{"rendered":"Ci\u00eancia confirma a F\u00e9: quem s\u00e3o os mais inteligentes?"},"content":{"rendered":"<p><figure id=\"attachment_26527\" aria-describedby=\"caption-attachment-26527\" style=\"width: 430px\" class=\"wp-caption aligncenter\"><a href=\"http:\/\/www.adf.org.br\/home\/2014\/08\/ciencia-confirma-a-fe-quem-sao-os-mais-inteligentes\/garry-kasparov-grande-mestre-e-ex-campeao-mundial-de-xadrez-considerado-o-maior-enxadrista-de-todos-os-tempos\/\" rel=\"attachment wp-att-26527\"><img loading=\"lazy\" class=\" wp-image-26527  \" title=\"Garry Kasparov grande mestre e ex-campe\u00e3o mundial de xadrez, considerado o maior enxadrista de todos os tempos\" src=\"http:\/\/www.adf.org.br\/home\/wp-content\/uploads\/2014\/08\/Garry-Kasparov-Grande-Mestre-e-ex-campe\u00e3o-mundial-de-xadrez-considerado-o-maior-enxadrista-de-todos-os-tempos-1024x967.jpg\" alt=\"\" width=\"430\" height=\"406\" \/><\/a><figcaption id=\"caption-attachment-26527\" class=\"wp-caption-text\">Garry Kasparov grande mestre e ex-campe\u00e3o mundial de xadrez, considerado o maior enxadrista de todos os tempos<\/figcaption><\/figure><br \/>\n<strong style=\"color: #800080; font-size: medium;\">Sempre pareceu evidente: o ate\u00edsmo emburrece. Mas os negadores de Deus clamavam ufanamente que \u201ctodas as pessoas cultas s\u00e3o ateias\u201d.<\/strong><br \/>\nOu at\u00e9 que as <strong>\u201cpessoas que acreditam em Deus o fazem por ignor\u00e2ncia\u201d<\/strong>.<br \/>\nEra uma esp\u00e9cie de lenda urbana, um boato pertinaz que n\u00e3o cessava nem mesmo olhando para os rostos dos ateus mais empedernidos e expressivos.<br \/>\nMas agora est\u00e1 dispon\u00edvel o cat\u00e1logo das pessoas com mais alto coeficiente de intelig\u00eancia (Q.I.) j\u00e1 verificado no mundo.<br \/>\nE basta olhar para os dez primeiros, <strong>para constatar que o verdadeiro \u00e9 o oposto.\u00a0<\/strong><br \/>\nO site\u00a0<a href=\"http:\/\/www.examiner.com\/article\/of-10-highest-iq-s-on-earth-at-least-8-are-theists-at-least-6-are-christians?CID=examiner_alerts_article\">\u201cExaminer.com\u201d<\/a>\u00a0publicou a lista das dez pessoas com maior Q.I. do planeta e nela encontramos pessoas das mais diversas proced\u00eancias, estudos e idades.<\/p>\n<p style=\"text-align: center;\"><span style=\"text-decoration: underline;\"><span style=\"font-size: medium;\"><strong><span style=\"color: #3366ff; text-decoration: underline;\">A \u00fanica constante \u00e9 que todas acreditam em Deus, embora n\u00e3o todas professem a<br \/>\nmesma religi\u00e3o.<\/span><\/strong><\/span><\/span><\/p>\n<p><strong>O site concluiu de modo bem-humorado que as intelig\u00eancias mais brilhantes n\u00e3o recusam a exist\u00eancia de uma Intelig\u00eancia Criadora (<em>Intelligent Designer<\/em>).<\/strong><br \/>\n<em>Fonte: luzesdeesperan\u00e7a.blogspot<\/em><br \/>\n<figure id=\"attachment_26528\" aria-describedby=\"caption-attachment-26528\" style=\"width: 540px\" class=\"wp-caption aligncenter\"><a href=\"http:\/\/www.adf.org.br\/livro-padre-pio\/inicio-1\"><img loading=\"lazy\" class=\" wp-image-26528 \" title=\"Livro e medalhinha de Santo Padre Pio\" src=\"http:\/\/www.adf.org.br\/home\/wp-content\/uploads\/2014\/08\/cartas-para-Pe-Pio.jpg\" alt=\"\" width=\"540\" height=\"212\" \/><\/a><figcaption id=\"caption-attachment-26528\" class=\"wp-caption-text\">Clique na imagem para descobrir como receber em casa um livro e uma medalhinha de Santo Padre Pio<\/figcaption><\/figure><\/p>\n","protected":false},"excerpt":{"rendered":"<p>Sempre pareceu evidente: o ate\u00edsmo emburrece. Mas os negadores de Deus clamavam ufanamente que \u201ctodas as pessoas cultas s\u00e3o ateias\u201d. Ou at\u00e9 que as \u201cpessoas que acreditam em Deus o fazem por ignor\u00e2ncia\u201d. Era uma esp\u00e9cie de lenda urbana, um boato pertinaz que n\u00e3o cessava nem mesmo olhando para os rostos dos ateus mais empedernidos [&hellip;]<\/p>\n","protected":false},"author":12,"featured_media":0,"comment_status":"open","ping_status":"open","sticky":false,"template":"","format":"standard","meta":[],"categories":[20],"tags":[792,1393,1394],"yoast_head":"<!-- This site is optimized with the Yoast SEO plugin v17.4 - https:\/\/yoast.com\/wordpress\/plugins\/seo\/ -->\n<title>Ci\u00eancia confirma a F\u00e9: quem s\u00e3o os mais inteligentes? - Associa\u00e7\u00e3o Devotos de F\u00e1tima<\/title>\n<meta name=\"robots\" content=\"index, follow, max-snippet:-1, max-image-preview:large, max-video-preview:-1\" \/>\n<link rel=\"canonical\" href=\"https:\/\/www.adf.org.br\/home\/ciencia-confirma-a-fe-quem-sao-os-mais-inteligentes\/\" \/>\n<meta property=\"og:locale\" content=\"pt_BR\" \/>\n<meta property=\"og:type\" content=\"article\" \/>\n<meta property=\"og:title\" content=\"Ci\u00eancia confirma a F\u00e9: quem s\u00e3o os mais inteligentes? - Associa\u00e7\u00e3o Devotos de F\u00e1tima\" \/>\n<meta property=\"og:description\" content=\"Sempre pareceu evidente: o ate\u00edsmo emburrece. Mas os negadores de Deus clamavam ufanamente que \u201ctodas as pessoas cultas s\u00e3o ateias\u201d. Ou at\u00e9 que as \u201cpessoas que acreditam em Deus o fazem por ignor\u00e2ncia\u201d. Era uma esp\u00e9cie de lenda urbana, um boato pertinaz que n\u00e3o cessava nem mesmo olhando para os rostos dos ateus mais empedernidos [&hellip;]\" \/>\n<meta property=\"og:url\" content=\"https:\/\/www.adf.org.br\/home\/ciencia-confirma-a-fe-quem-sao-os-mais-inteligentes\/\" \/>\n<meta property=\"og:site_name\" content=\"Associa\u00e7\u00e3o Devotos de F\u00e1tima\" \/>\n<meta property=\"article:published_time\" content=\"2014-08-31T02:57:43+00:00\" \/>\n<meta property=\"og:image\" content=\"http:\/\/www.adf.org.br\/home\/wp-content\/uploads\/2014\/08\/Garry-Kasparov-Grande-Mestre-e-ex-campe\u00e3o-mundial-de-xadrez-considerado-o-maior-enxadrista-de-todos-os-tempos-1024x967.jpg\" \/>\n<meta name=\"twitter:card\" content=\"summary_large_image\" \/>\n<meta name=\"twitter:label1\" content=\"Escrito por\" \/>\n\t<meta name=\"twitter:data1\" content=\"luiz.fernando\" \/>\n\t<meta name=\"twitter:label2\" content=\"Est. tempo de leitura\" \/>\n\t<meta name=\"twitter:data2\" content=\"1 minuto\" \/>\n<script type=\"application\/ld+json\" class=\"yoast-schema-graph\">{\"@context\":\"https:\/\/schema.org\",\"@graph\":[{\"@type\":\"WebSite\",\"@id\":\"https:\/\/www.adf.org.br\/home\/#website\",\"url\":\"https:\/\/www.adf.org.br\/home\/\",\"name\":\"Associa\\u00e7\\u00e3o Devotos de F\\u00e1tima\",\"description\":\"Associa\\u00e7\\u00e3o Devotos de F\\u00e1tima\",\"potentialAction\":[{\"@type\":\"SearchAction\",\"target\":{\"@type\":\"EntryPoint\",\"urlTemplate\":\"https:\/\/www.adf.org.br\/home\/?s={search_term_string}\"},\"query-input\":\"required name=search_term_string\"}],\"inLanguage\":\"pt-BR\"},{\"@type\":\"ImageObject\",\"@id\":\"https:\/\/www.adf.org.br\/home\/ciencia-confirma-a-fe-quem-sao-os-mais-inteligentes\/#primaryimage\",\"inLanguage\":\"pt-BR\",\"url\":\"http:\/\/www.adf.org.br\/home\/wp-content\/uploads\/2014\/08\/Garry-Kasparov-Grande-Mestre-e-ex-campe\\u00e3o-mundial-de-xadrez-considerado-o-maior-enxadrista-de-todos-os-tempos-1024x967.jpg\",\"contentUrl\":\"http:\/\/www.adf.org.br\/home\/wp-content\/uploads\/2014\/08\/Garry-Kasparov-Grande-Mestre-e-ex-campe\\u00e3o-mundial-de-xadrez-considerado-o-maior-enxadrista-de-todos-os-tempos-1024x967.jpg\"},{\"@type\":\"WebPage\",\"@id\":\"https:\/\/www.adf.org.br\/home\/ciencia-confirma-a-fe-quem-sao-os-mais-inteligentes\/#webpage\",\"url\":\"https:\/\/www.adf.org.br\/home\/ciencia-confirma-a-fe-quem-sao-os-mais-inteligentes\/\",\"name\":\"Ci\\u00eancia confirma a F\\u00e9: quem s\\u00e3o os mais inteligentes? - Associa\\u00e7\\u00e3o Devotos de F\\u00e1tima\",\"isPartOf\":{\"@id\":\"https:\/\/www.adf.org.br\/home\/#website\"},\"primaryImageOfPage\":{\"@id\":\"https:\/\/www.adf.org.br\/home\/ciencia-confirma-a-fe-quem-sao-os-mais-inteligentes\/#primaryimage\"},\"datePublished\":\"2014-08-31T02:57:43+00:00\",\"dateModified\":\"2014-08-31T02:57:43+00:00\",\"author\":{\"@id\":\"https:\/\/www.adf.org.br\/home\/#\/schema\/person\/4eb0499131c1962e974297eff367a715\"},\"breadcrumb\":{\"@id\":\"https:\/\/www.adf.org.br\/home\/ciencia-confirma-a-fe-quem-sao-os-mais-inteligentes\/#breadcrumb\"},\"inLanguage\":\"pt-BR\",\"potentialAction\":[{\"@type\":\"ReadAction\",\"target\":[\"https:\/\/www.adf.org.br\/home\/ciencia-confirma-a-fe-quem-sao-os-mais-inteligentes\/\"]}]},{\"@type\":\"BreadcrumbList\",\"@id\":\"https:\/\/www.adf.org.br\/home\/ciencia-confirma-a-fe-quem-sao-os-mais-inteligentes\/#breadcrumb\",\"itemListElement\":[{\"@type\":\"ListItem\",\"position\":1,\"name\":\"Home\",\"item\":\"https:\/\/www.adf.org.br\/home\/\"},{\"@type\":\"ListItem\",\"position\":2,\"name\":\"Ci\\u00eancia confirma a F\\u00e9: quem s\\u00e3o os mais inteligentes?\"}]},{\"@type\":\"Person\",\"@id\":\"https:\/\/www.adf.org.br\/home\/#\/schema\/person\/4eb0499131c1962e974297eff367a715\",\"name\":\"luiz.fernando\",\"image\":{\"@type\":\"ImageObject\",\"@id\":\"https:\/\/www.adf.org.br\/home\/#personlogo\",\"inLanguage\":\"pt-BR\",\"url\":\"https:\/\/secure.gravatar.com\/avatar\/4e9dcdc2a00e06e1d9189a84f6908f28?s=96&d=mm&r=g\",\"contentUrl\":\"https:\/\/secure.gravatar.com\/avatar\/4e9dcdc2a00e06e1d9189a84f6908f28?s=96&d=mm&r=g\",\"caption\":\"luiz.fernando\"},\"url\":\"https:\/\/www.adf.org.br\/home\/author\/luiz-fernando\/\"}]}<\/script>\n<!-- \/ Yoast SEO plugin. -->","yoast_head_json":{"title":"Ci\u00eancia confirma a F\u00e9: quem s\u00e3o os mais inteligentes? - Associa\u00e7\u00e3o Devotos de F\u00e1tima","robots":{"index":"index","follow":"follow","max-snippet":"max-snippet:-1","max-image-preview":"max-image-preview:large","max-video-preview":"max-video-preview:-1"},"canonical":"https:\/\/www.adf.org.br\/home\/ciencia-confirma-a-fe-quem-sao-os-mais-inteligentes\/","og_locale":"pt_BR","og_type":"article","og_title":"Ci\u00eancia confirma a F\u00e9: quem s\u00e3o os mais inteligentes? - Associa\u00e7\u00e3o Devotos de F\u00e1tima","og_description":"Sempre pareceu evidente: o ate\u00edsmo emburrece. Mas os negadores de Deus clamavam ufanamente que \u201ctodas as pessoas cultas s\u00e3o ateias\u201d. Ou at\u00e9 que as \u201cpessoas que acreditam em Deus o fazem por ignor\u00e2ncia\u201d. Era uma esp\u00e9cie de lenda urbana, um boato pertinaz que n\u00e3o cessava nem mesmo olhando para os rostos dos ateus mais empedernidos [&hellip;]","og_url":"https:\/\/www.adf.org.br\/home\/ciencia-confirma-a-fe-quem-sao-os-mais-inteligentes\/","og_site_name":"Associa\u00e7\u00e3o Devotos de F\u00e1tima","article_published_time":"2014-08-31T02:57:43+00:00","og_image":[{"url":"http:\/\/www.adf.org.br\/home\/wp-content\/uploads\/2014\/08\/Garry-Kasparov-Grande-Mestre-e-ex-campe\u00e3o-mundial-de-xadrez-considerado-o-maior-enxadrista-de-todos-os-tempos-1024x967.jpg"}],"twitter_card":"summary_large_image","twitter_misc":{"Escrito por":"luiz.fernando","Est. tempo de leitura":"1 minuto"},"schema":{"@context":"https:\/\/schema.org","@graph":[{"@type":"WebSite","@id":"https:\/\/www.adf.org.br\/home\/#website","url":"https:\/\/www.adf.org.br\/home\/","name":"Associa\u00e7\u00e3o Devotos de F\u00e1tima","description":"Associa\u00e7\u00e3o Devotos de F\u00e1tima","potentialAction":[{"@type":"SearchAction","target":{"@type":"EntryPoint","urlTemplate":"https:\/\/www.adf.org.br\/home\/?s={search_term_string}"},"query-input":"required name=search_term_string"}],"inLanguage":"pt-BR"},{"@type":"ImageObject","@id":"https:\/\/www.adf.org.br\/home\/ciencia-confirma-a-fe-quem-sao-os-mais-inteligentes\/#primaryimage","inLanguage":"pt-BR","url":"http:\/\/www.adf.org.br\/home\/wp-content\/uploads\/2014\/08\/Garry-Kasparov-Grande-Mestre-e-ex-campe\u00e3o-mundial-de-xadrez-considerado-o-maior-enxadrista-de-todos-os-tempos-1024x967.jpg","contentUrl":"http:\/\/www.adf.org.br\/home\/wp-content\/uploads\/2014\/08\/Garry-Kasparov-Grande-Mestre-e-ex-campe\u00e3o-mundial-de-xadrez-considerado-o-maior-enxadrista-de-todos-os-tempos-1024x967.jpg"},{"@type":"WebPage","@id":"https:\/\/www.adf.org.br\/home\/ciencia-confirma-a-fe-quem-sao-os-mais-inteligentes\/#webpage","url":"https:\/\/www.adf.org.br\/home\/ciencia-confirma-a-fe-quem-sao-os-mais-inteligentes\/","name":"Ci\u00eancia confirma a F\u00e9: quem s\u00e3o os mais inteligentes? - Associa\u00e7\u00e3o Devotos de F\u00e1tima","isPartOf":{"@id":"https:\/\/www.adf.org.br\/home\/#website"},"primaryImageOfPage":{"@id":"https:\/\/www.adf.org.br\/home\/ciencia-confirma-a-fe-quem-sao-os-mais-inteligentes\/#primaryimage"},"datePublished":"2014-08-31T02:57:43+00:00","dateModified":"2014-08-31T02:57:43+00:00","author":{"@id":"https:\/\/www.adf.org.br\/home\/#\/schema\/person\/4eb0499131c1962e974297eff367a715"},"breadcrumb":{"@id":"https:\/\/www.adf.org.br\/home\/ciencia-confirma-a-fe-quem-sao-os-mais-inteligentes\/#breadcrumb"},"inLanguage":"pt-BR","potentialAction":[{"@type":"ReadAction","target":["https:\/\/www.adf.org.br\/home\/ciencia-confirma-a-fe-quem-sao-os-mais-inteligentes\/"]}]},{"@type":"BreadcrumbList","@id":"https:\/\/www.adf.org.br\/home\/ciencia-confirma-a-fe-quem-sao-os-mais-inteligentes\/#breadcrumb","itemListElement":[{"@type":"ListItem","position":1,"name":"Home","item":"https:\/\/www.adf.org.br\/home\/"},{"@type":"ListItem","position":2,"name":"Ci\u00eancia confirma a F\u00e9: quem s\u00e3o os mais inteligentes?"}]},{"@type":"Person","@id":"https:\/\/www.adf.org.br\/home\/#\/schema\/person\/4eb0499131c1962e974297eff367a715","name":"luiz.fernando","image":{"@type":"ImageObject","@id":"https:\/\/www.adf.org.br\/home\/#personlogo","inLanguage":"pt-BR","url":"https:\/\/secure.gravatar.com\/avatar\/4e9dcdc2a00e06e1d9189a84f6908f28?s=96&d=mm&r=g","contentUrl":"https:\/\/secure.gravatar.com\/avatar\/4e9dcdc2a00e06e1d9189a84f6908f28?s=96&d=mm&r=g","caption":"luiz.fernando"},"url":"https:\/\/www.adf.org.br\/home\/author\/luiz-fernando\/"}]}},"_links":{"self":[{"href":"https:\/\/www.adf.org.br\/home\/wp-json\/wp\/v2\/posts\/26526"}],"collection":[{"href":"https:\/\/www.adf.org.br\/home\/wp-json\/wp\/v2\/posts"}],"about":[{"href":"https:\/\/www.adf.org.br\/home\/wp-json\/wp\/v2\/types\/post"}],"author":[{"embeddable":true,"href":"https:\/\/www.adf.org.br\/home\/wp-json\/wp\/v2\/users\/12"}],"replies":[{"embeddable":true,"href":"https:\/\/www.adf.org.br\/home\/wp-json\/wp\/v2\/comments?post=26526"}],"version-history":[{"count":0,"href":"https:\/\/www.adf.org.br\/home\/wp-json\/wp\/v2\/posts\/26526\/revisions"}],"wp:attachment":[{"href":"https:\/\/www.adf.org.br\/home\/wp-json\/wp\/v2\/media?parent=26526"}],"wp:term":[{"taxonomy":"category","embeddable":true,"href":"https:\/\/www.adf.org.br\/home\/wp-json\/wp\/v2\/categories?post=26526"},{"taxonomy":"post_tag","embeddable":true,"href":"https:\/\/www.adf.org.br\/home\/wp-json\/wp\/v2\/tags?post=26526"}],"curies":[{"name":"wp","href":"https:\/\/api.w.org\/{rel}","templated":true}]}}