{"id":26295,"date":"2014-08-17T23:57:12","date_gmt":"2014-08-18T02:57:12","guid":{"rendered":"http:\/\/www.adf.org.br\/home\/?p=26295"},"modified":"2014-08-17T23:57:12","modified_gmt":"2014-08-18T02:57:12","slug":"a-fantastic-intriguing-title-57","status":"publish","type":"post","link":"https:\/\/www.adf.org.br\/home\/a-fantastic-intriguing-title-57\/","title":{"rendered":"Profana\u00e7\u00e3o e Sacril\u00e9gio no Canad\u00e1: uma Igreja fecha a cada semana"},"content":{"rendered":"<p style=\"padding-left: 30px; text-align: center;\"><a href=\"http:\/\/www.adf.org.br\/home\/2014\/08\/a-fantastic-intriguing-title-57\/church-p\/\" rel=\"attachment wp-att-26296\"><img loading=\"lazy\" class=\"aligncenter  wp-image-26296\" title=\"Igreja profanada, transformada em uma academia.\" src=\"http:\/\/www.adf.org.br\/home\/wp-content\/uploads\/2014\/08\/church-p.jpg\" alt=\"\" width=\"496\" height=\"372\" \/><\/a><\/p>\n<p style=\"padding-left: 90px;\"><span style=\"font-size: medium; font-family: verdana, geneva;\"><strong><span style=\"color: #800080;\">Aparelhos\u00a0de pesos ocupam o espa\u00e7o onde antes havia bancos de igreja, e os visitantes bebericam sucos verdes nutritivos, em vez do vinho da comunh\u00e3o.<\/span><\/strong><\/span><\/p>\n<p><span style=\"font-family: verdana, geneva;\">Por\u00e9m, apesar de sua <strong>transforma\u00e7\u00e3o dram\u00e1tica em uma academia de gin\u00e1stica privada e SPA<\/strong>, o outrora Santu\u00e1rio dominicano de S\u00e3o Judas, na Rua St. Denis, em Montreal, continua sendo um tipo de templo.<\/span><br \/>\n<span style=\"font-family: verdana, geneva;\">\u201cEle se torna quase uma<strong> religi\u00e3o<\/strong> para algumas pessoas,\u201d disse Sonya Audrey Bonin, gerente geral da academia de gin\u00e1stica Saint-Jude Espace Tonus, nesta semana. \u201cEu considero isso como fazer yoga, cuidar de si, cuidar do que voc\u00ea come, ter um estilo de vida saud\u00e1vel.\u201d<\/span><br \/>\n<span style=\"font-family: verdana, geneva;\"><strong>E em uma \u00e9poca secular, quando as pessoas est\u00e3o mais propensas a frequentar a academia do que ir \u00e0 missa no domingo de manh\u00e3<\/strong>, as instala\u00e7\u00f5es de luxo est\u00e3o sendo elogiadas como modelo de preserva\u00e7\u00e3o de pr\u00e9dios religiosos que constituem uma parte importante do patrim\u00f4nio arquitet\u00f4nico de Quebec.<\/span><br \/>\n<span style=\"font-family: verdana, geneva;\">O Conselho de Patrim\u00f4nio Religioso de Quebec foi criado, em 1995, com fundos provinciais e com a miss\u00e3o de reparar as minguadas igrejas da prov\u00edncia.<\/span><br \/>\n<span style=\"font-family: verdana, geneva;\">As congrega\u00e7\u00f5es em decad\u00eancia pensavam que as par\u00f3quias estavam tendo dificuldade em pagar os reparos. Assim, o conselho identificou os pr\u00e9dios com o maior valor patrimonial e subsidiou a manuten\u00e7\u00e3o deles.<\/span><br \/>\n<span style=\"font-family: verdana, geneva;\">Por\u00e9m, ap\u00f3s 18 anos e $371 milh\u00f5es investidos pelo governo, o conselho reconheceu que faz pouco sentido reparar pr\u00e9dios simplesmente para mant\u00ea-los de p\u00e9. Eles precisam ser ocupados, e as igrejas est\u00e3o tendo bastante dificuldade em faz\u00ea-lo.<\/span><\/p>\n<p style=\"padding-left: 60px;\"><span style=\"font-family: verdana, geneva;\"><strong><span style=\"color: #800080;\">\u201cA quest\u00e3o mudou,\u201d disse Denis Boucher, gerente de projetos do conselho de patrim\u00f4nio. \u201cHoje em dia, falamos muito mais em encontrar usos para igrejas.\u201d No passado, as verbas do conselho eram reservadas a igrejas ainda utilizadas como lugares de culto.<\/span><\/strong><\/span><\/p>\n<p><span style=\"font-family: verdana, geneva;\"><strong>No ano passado isso mudou, e agora o conselho pode ajudar organiza\u00e7\u00f5es sem fins lucrativos, prefeituras e at\u00e9 mesmo propriet\u00e1rios particulares que est\u00e3o tentando transformar igrejas antigas.<\/strong><\/span><br \/>\n<span style=\"font-family: verdana, geneva;\">Quando o conselho fez um invent\u00e1rio, em 2003, identificou 2.751 igrejas\u00a0na prov\u00edncia, a grande maioria delas cat\u00f3licas.<\/span><br \/>\n<span style=\"font-family: verdana, geneva;\">Desde ent\u00e3o, <strong>cerca de 400 fecharam<\/strong>, e o Sr. Boucher disse que o ritmo est\u00e1 crescendo rapidamente.<\/span><\/p>\n<p style=\"padding-left: 60px;\"><span style=\"font-family: verdana, geneva;\"><strong><span style=\"color: #800080;\">\u201cUma igreja fecha a cada semana. \u00c9 um enorme fen\u00f4meno,\u201d ele disse. \u201cTodo mundo precisa fazer uma concess\u00e3o, para que os pr\u00e9dios encontrem uma vida \u00fatil na sociedade e continuem transmitindo o seu significado hist\u00f3rico.\u201d<\/span><\/strong><\/span><\/p>\n<p><span style=\"font-family: verdana, geneva;\">Uma nova publica\u00e7\u00e3o do conselho de patrim\u00f4nio ressalta exemplos em Montreal de \u201cvidas \u00fateis\u201d encontradas para antigas igrejas, incluindo a<strong> academia de gin\u00e1stica<\/strong> S\u00e3o Judas, que est\u00e1 sendo elogiada pelas \u201csolu\u00e7\u00f5es arquitet\u00f4nicas originais, que criaram um di\u00e1logo com o passado do local, e n\u00e3o separado dele.\u201d<\/span><br \/>\n<span style=\"font-family: verdana, geneva;\">Os arquitetos preservaram as paredes externas da igreja e a maior parte das janelas em arco, impedindo que se esque\u00e7a a antiga fun\u00e7\u00e3o do pr\u00e9dio.<\/span><br \/>\n<span style=\"font-family: verdana, geneva;\">No bairro de Rosemont, em Montreal, a antiga Igreja de\u00a0Santo Eug\u00eanio\u00a0<strong>agora \u00e9 um centro comunit\u00e1rio<\/strong> para novas unidades residenciais subsidiadas, constru\u00eddas ao redor da igreja para cidad\u00e3os idosos. \u201cA igreja continua desempenhando o seu papel de local de encontro,\u201d escreveu o conselho de patrim\u00f4nio.<\/span><br \/>\n<span style=\"font-family: verdana, geneva;\"><a href=\"http:\/\/oratoriodamedalhamilagrosa.org.br\/vela-da-reparacao\/?origem=1\"><img loading=\"lazy\" class=\"aligncenter size-full wp-image-26298\" title=\"Pela repara\u00e7\u00e3o da profana\u00e7\u00e3o das Igrejas no Canad\u00e1\" src=\"http:\/\/www.adf.org.br\/home\/wp-content\/uploads\/2014\/08\/Vela_da_repara\u00e7\u00e3o1.jpg\" alt=\"\" width=\"617\" height=\"67\" \/><\/a><\/span><br \/>\n<span style=\"font-size: medium; font-family: verdana, geneva;\"><strong><span style=\"color: #800080;\">Confession\u00e1rio transformado em bar&#8230;<\/span><\/strong><\/span><br \/>\n<span style=\"font-family: verdana, geneva;\">Outra transforma\u00e7\u00e3o bem-sucedida foi o Th\u00e9atre Paradoxe no sudeste de Montreal, que assumiu a quase centen\u00e1ria Igreja de\u00a0Nossa Senhora do Perp\u00e9tuo Socorro\u00a0depois que ela fechou, em 2009.<\/span><\/p>\n<p style=\"padding-left: 60px;\"><span style=\"font-family: verdana, geneva;\"><strong><span style=\"color: #800080;\">Ao custo de $2,7 milh\u00f5es, o projeto conservou o exterior da igreja e muito do seu interior, incluindo a madeira dos confession\u00e1rios, <span style=\"font-size: medium;\">que foi utilizada para fazer o bar.<\/span><\/span><\/strong><\/span><\/p>\n<p><span style=\"font-family: verdana, geneva;\">Mas agora a nave \u00e9 o cen\u00e1rio de concertos e confer\u00eancias, enquanto uma organiza\u00e7\u00e3o que ajuda alunos egressos a encontrar trabalho usa parte do pr\u00e9dio para trein\u00e1-los como t\u00e9cnicos de v\u00eddeo e palco.<\/span><br \/>\n<span style=\"font-family: verdana, geneva;\">Embora <strong>espet\u00e1culos de danceterias tenham substitu\u00eddo os hinos dominicais<\/strong>, G\u00e9rald St-Georges, gerente geral do teatro, disse que h\u00e1 uma continuidade na nova finalidade do pr\u00e9dio. \u201cAntigos paroquianos sentem orgulho de que a igreja tenha permanecido um local de encontro,\u201d ele disse. \u201cEla est\u00e1 diretamente relacionado ao que acontecia antes.\u201d<\/span><br \/>\n<span style=\"font-family: verdana, geneva;\">O impulso de preservar igrejas, atribuindo-lhes uma nova miss\u00e3o, encontrou um obst\u00e1culo com a chegada de Christian L\u00e9pine, arcebispo cat\u00f3lico romano de Montreal, em 2012.<\/span><br \/>\n<span style=\"font-family: verdana, geneva;\"><strong>Logo ap\u00f3s sua nomea\u00e7\u00e3o, ele declarou uma morat\u00f3ria \u00e0 venda de igrejas, por receio de que os fi\u00e9is perdessem sua igreja de bairro. Os projetos para instalar creches e centros comunit\u00e1rios em igrejas fechadas foram subitamente suspensos.<\/strong><\/span><br \/>\n<span style=\"font-family: verdana, geneva;\">Alain Walhin, assistente do vig\u00e1rio geral na arquidiocese de Montreal, disse que ap\u00f3s dois anos na morat\u00f3ria, n\u00e3o h\u00e1 ind\u00edcios de quando ela ser\u00e1 levantada.<\/span><br \/>\n<span style=\"font-family: verdana, geneva;\">Primeiro a arquidiocese quer identificar as necessidades de seus paroquianos e avaliar o estado de seus quase 200 pr\u00e9dios, ele disse. \u201cSe levar tr\u00eas anos, quatro anos, esse \u00e9 o tempo que levar\u00e1,\u201d ele disse.<\/span><br \/>\n<span style=\"font-family: verdana, geneva;\">Ele tamb\u00e9m insinuou que as pessoas t\u00eam sido muito precipitadas ao declarar que a Igreja Cat\u00f3lica perdeu influ\u00eancia em Quebec.<\/span><\/p>\n<p style=\"padding-left: 60px;\"><span style=\"font-family: verdana, geneva;\"><strong><span style=\"color: #800080;\">\u201c\u00c9 claro que h\u00e1 muitas igrejas para o n\u00famero de pessoas que as frequentam, mas isso n\u00e3o \u00e9 motivo para fechar tudo,\u201d ele disse.<\/span><\/strong><\/span><\/p>\n<p><span style=\"font-family: verdana, geneva;\">\u201cSim, as pessoas n\u00e3o v\u00e3o, mas isso n\u00e3o significa que elas nunca v\u00e3o. H\u00e1 altos e baixos. <strong>Isso n\u00e3o quer dizer que sempre haver\u00e1 um decl\u00ednio.\u201d<\/strong><\/span><br \/>\n<span style=\"font-family: verdana, geneva;\">Ele deu o exemplo de uma antiga igreja franco-canadense em Montreal, que no ano passado foi transferida para o controle de uma congrega\u00e7\u00e3o cat\u00f3lica de origem africana e renomeada de Nossa Senhora da \u00c1frica.<\/span><br \/>\n<span style=\"font-family: verdana, geneva;\"><em>Fonte: fratresinunum.com<\/em><\/span><\/p>\n<p style=\"text-align: center;\"><a href=\"http:\/\/oratoriodamedalhamilagrosa.org.br\/vela-da-reparacao\/?origem=1\"><img loading=\"lazy\" class=\"aligncenter  wp-image-26297\" title=\"Vela pela repara\u00e7\u00e3o do sacril\u00e9gio no Canad\u00e1\" src=\"http:\/\/www.adf.org.br\/home\/wp-content\/uploads\/2014\/08\/vela-da-repara\u00e7\u00e3o3.jpg\" alt=\"\" width=\"608\" height=\"230\" \/><\/a><\/p>\n","protected":false},"excerpt":{"rendered":"<p>Aparelhos\u00a0de pesos ocupam o espa\u00e7o onde antes havia bancos de igreja, e os visitantes bebericam sucos verdes nutritivos, em vez do vinho da comunh\u00e3o. Por\u00e9m, apesar de sua transforma\u00e7\u00e3o dram\u00e1tica em uma academia de gin\u00e1stica privada e SPA, o outrora Santu\u00e1rio dominicano de S\u00e3o Judas, na Rua St. Denis, em Montreal, continua sendo um tipo [&hellip;]<\/p>\n","protected":false},"author":12,"featured_media":0,"comment_status":"open","ping_status":"open","sticky":false,"template":"","format":"standard","meta":[],"categories":[20],"tags":[1349,1019,91,827,1350],"yoast_head":"<!-- This site is optimized with the Yoast SEO plugin v17.4 - https:\/\/yoast.com\/wordpress\/plugins\/seo\/ -->\n<title>Profana\u00e7\u00e3o e Sacril\u00e9gio no Canad\u00e1: uma Igreja fecha a cada semana - Associa\u00e7\u00e3o Devotos de F\u00e1tima<\/title>\n<meta name=\"robots\" content=\"index, follow, max-snippet:-1, max-image-preview:large, max-video-preview:-1\" \/>\n<link rel=\"canonical\" href=\"https:\/\/www.adf.org.br\/home\/a-fantastic-intriguing-title-57\/\" \/>\n<meta property=\"og:locale\" content=\"pt_BR\" \/>\n<meta property=\"og:type\" content=\"article\" \/>\n<meta property=\"og:title\" content=\"Profana\u00e7\u00e3o e Sacril\u00e9gio no Canad\u00e1: uma Igreja fecha a cada semana - Associa\u00e7\u00e3o Devotos de F\u00e1tima\" \/>\n<meta property=\"og:description\" content=\"Aparelhos\u00a0de pesos ocupam o espa\u00e7o onde antes havia bancos de igreja, e os visitantes bebericam sucos verdes nutritivos, em vez do vinho da comunh\u00e3o. Por\u00e9m, apesar de sua transforma\u00e7\u00e3o dram\u00e1tica em uma academia de gin\u00e1stica privada e SPA, o outrora Santu\u00e1rio dominicano de S\u00e3o Judas, na Rua St. Denis, em Montreal, continua sendo um tipo [&hellip;]\" \/>\n<meta property=\"og:url\" content=\"https:\/\/www.adf.org.br\/home\/a-fantastic-intriguing-title-57\/\" \/>\n<meta property=\"og:site_name\" content=\"Associa\u00e7\u00e3o Devotos de F\u00e1tima\" \/>\n<meta property=\"article:published_time\" content=\"2014-08-18T02:57:12+00:00\" \/>\n<meta property=\"og:image\" content=\"http:\/\/www.adf.org.br\/home\/wp-content\/uploads\/2014\/08\/church-p.jpg\" \/>\n<meta name=\"twitter:card\" content=\"summary_large_image\" \/>\n<meta name=\"twitter:label1\" content=\"Escrito por\" \/>\n\t<meta name=\"twitter:data1\" content=\"luiz.fernando\" \/>\n\t<meta name=\"twitter:label2\" content=\"Est. tempo de leitura\" \/>\n\t<meta name=\"twitter:data2\" content=\"5 minutos\" \/>\n<script type=\"application\/ld+json\" class=\"yoast-schema-graph\">{\"@context\":\"https:\/\/schema.org\",\"@graph\":[{\"@type\":\"WebSite\",\"@id\":\"https:\/\/www.adf.org.br\/home\/#website\",\"url\":\"https:\/\/www.adf.org.br\/home\/\",\"name\":\"Associa\\u00e7\\u00e3o Devotos de F\\u00e1tima\",\"description\":\"Associa\\u00e7\\u00e3o Devotos de F\\u00e1tima\",\"potentialAction\":[{\"@type\":\"SearchAction\",\"target\":{\"@type\":\"EntryPoint\",\"urlTemplate\":\"https:\/\/www.adf.org.br\/home\/?s={search_term_string}\"},\"query-input\":\"required name=search_term_string\"}],\"inLanguage\":\"pt-BR\"},{\"@type\":\"ImageObject\",\"@id\":\"https:\/\/www.adf.org.br\/home\/a-fantastic-intriguing-title-57\/#primaryimage\",\"inLanguage\":\"pt-BR\",\"url\":\"http:\/\/www.adf.org.br\/home\/wp-content\/uploads\/2014\/08\/church-p.jpg\",\"contentUrl\":\"http:\/\/www.adf.org.br\/home\/wp-content\/uploads\/2014\/08\/church-p.jpg\"},{\"@type\":\"WebPage\",\"@id\":\"https:\/\/www.adf.org.br\/home\/a-fantastic-intriguing-title-57\/#webpage\",\"url\":\"https:\/\/www.adf.org.br\/home\/a-fantastic-intriguing-title-57\/\",\"name\":\"Profana\\u00e7\\u00e3o e Sacril\\u00e9gio no Canad\\u00e1: uma Igreja fecha a cada semana - Associa\\u00e7\\u00e3o Devotos de F\\u00e1tima\",\"isPartOf\":{\"@id\":\"https:\/\/www.adf.org.br\/home\/#website\"},\"primaryImageOfPage\":{\"@id\":\"https:\/\/www.adf.org.br\/home\/a-fantastic-intriguing-title-57\/#primaryimage\"},\"datePublished\":\"2014-08-18T02:57:12+00:00\",\"dateModified\":\"2014-08-18T02:57:12+00:00\",\"author\":{\"@id\":\"https:\/\/www.adf.org.br\/home\/#\/schema\/person\/4eb0499131c1962e974297eff367a715\"},\"breadcrumb\":{\"@id\":\"https:\/\/www.adf.org.br\/home\/a-fantastic-intriguing-title-57\/#breadcrumb\"},\"inLanguage\":\"pt-BR\",\"potentialAction\":[{\"@type\":\"ReadAction\",\"target\":[\"https:\/\/www.adf.org.br\/home\/a-fantastic-intriguing-title-57\/\"]}]},{\"@type\":\"BreadcrumbList\",\"@id\":\"https:\/\/www.adf.org.br\/home\/a-fantastic-intriguing-title-57\/#breadcrumb\",\"itemListElement\":[{\"@type\":\"ListItem\",\"position\":1,\"name\":\"Home\",\"item\":\"https:\/\/www.adf.org.br\/home\/\"},{\"@type\":\"ListItem\",\"position\":2,\"name\":\"Profana\\u00e7\\u00e3o e Sacril\\u00e9gio no Canad\\u00e1: uma Igreja fecha a cada semana\"}]},{\"@type\":\"Person\",\"@id\":\"https:\/\/www.adf.org.br\/home\/#\/schema\/person\/4eb0499131c1962e974297eff367a715\",\"name\":\"luiz.fernando\",\"image\":{\"@type\":\"ImageObject\",\"@id\":\"https:\/\/www.adf.org.br\/home\/#personlogo\",\"inLanguage\":\"pt-BR\",\"url\":\"https:\/\/secure.gravatar.com\/avatar\/4e9dcdc2a00e06e1d9189a84f6908f28?s=96&d=mm&r=g\",\"contentUrl\":\"https:\/\/secure.gravatar.com\/avatar\/4e9dcdc2a00e06e1d9189a84f6908f28?s=96&d=mm&r=g\",\"caption\":\"luiz.fernando\"},\"url\":\"https:\/\/www.adf.org.br\/home\/author\/luiz-fernando\/\"}]}<\/script>\n<!-- \/ Yoast SEO plugin. -->","yoast_head_json":{"title":"Profana\u00e7\u00e3o e Sacril\u00e9gio no Canad\u00e1: uma Igreja fecha a cada semana - Associa\u00e7\u00e3o Devotos de F\u00e1tima","robots":{"index":"index","follow":"follow","max-snippet":"max-snippet:-1","max-image-preview":"max-image-preview:large","max-video-preview":"max-video-preview:-1"},"canonical":"https:\/\/www.adf.org.br\/home\/a-fantastic-intriguing-title-57\/","og_locale":"pt_BR","og_type":"article","og_title":"Profana\u00e7\u00e3o e Sacril\u00e9gio no Canad\u00e1: uma Igreja fecha a cada semana - Associa\u00e7\u00e3o Devotos de F\u00e1tima","og_description":"Aparelhos\u00a0de pesos ocupam o espa\u00e7o onde antes havia bancos de igreja, e os visitantes bebericam sucos verdes nutritivos, em vez do vinho da comunh\u00e3o. Por\u00e9m, apesar de sua transforma\u00e7\u00e3o dram\u00e1tica em uma academia de gin\u00e1stica privada e SPA, o outrora Santu\u00e1rio dominicano de S\u00e3o Judas, na Rua St. Denis, em Montreal, continua sendo um tipo [&hellip;]","og_url":"https:\/\/www.adf.org.br\/home\/a-fantastic-intriguing-title-57\/","og_site_name":"Associa\u00e7\u00e3o Devotos de F\u00e1tima","article_published_time":"2014-08-18T02:57:12+00:00","og_image":[{"url":"http:\/\/www.adf.org.br\/home\/wp-content\/uploads\/2014\/08\/church-p.jpg"}],"twitter_card":"summary_large_image","twitter_misc":{"Escrito por":"luiz.fernando","Est. tempo de leitura":"5 minutos"},"schema":{"@context":"https:\/\/schema.org","@graph":[{"@type":"WebSite","@id":"https:\/\/www.adf.org.br\/home\/#website","url":"https:\/\/www.adf.org.br\/home\/","name":"Associa\u00e7\u00e3o Devotos de F\u00e1tima","description":"Associa\u00e7\u00e3o Devotos de F\u00e1tima","potentialAction":[{"@type":"SearchAction","target":{"@type":"EntryPoint","urlTemplate":"https:\/\/www.adf.org.br\/home\/?s={search_term_string}"},"query-input":"required name=search_term_string"}],"inLanguage":"pt-BR"},{"@type":"ImageObject","@id":"https:\/\/www.adf.org.br\/home\/a-fantastic-intriguing-title-57\/#primaryimage","inLanguage":"pt-BR","url":"http:\/\/www.adf.org.br\/home\/wp-content\/uploads\/2014\/08\/church-p.jpg","contentUrl":"http:\/\/www.adf.org.br\/home\/wp-content\/uploads\/2014\/08\/church-p.jpg"},{"@type":"WebPage","@id":"https:\/\/www.adf.org.br\/home\/a-fantastic-intriguing-title-57\/#webpage","url":"https:\/\/www.adf.org.br\/home\/a-fantastic-intriguing-title-57\/","name":"Profana\u00e7\u00e3o e Sacril\u00e9gio no Canad\u00e1: uma Igreja fecha a cada semana - Associa\u00e7\u00e3o Devotos de F\u00e1tima","isPartOf":{"@id":"https:\/\/www.adf.org.br\/home\/#website"},"primaryImageOfPage":{"@id":"https:\/\/www.adf.org.br\/home\/a-fantastic-intriguing-title-57\/#primaryimage"},"datePublished":"2014-08-18T02:57:12+00:00","dateModified":"2014-08-18T02:57:12+00:00","author":{"@id":"https:\/\/www.adf.org.br\/home\/#\/schema\/person\/4eb0499131c1962e974297eff367a715"},"breadcrumb":{"@id":"https:\/\/www.adf.org.br\/home\/a-fantastic-intriguing-title-57\/#breadcrumb"},"inLanguage":"pt-BR","potentialAction":[{"@type":"ReadAction","target":["https:\/\/www.adf.org.br\/home\/a-fantastic-intriguing-title-57\/"]}]},{"@type":"BreadcrumbList","@id":"https:\/\/www.adf.org.br\/home\/a-fantastic-intriguing-title-57\/#breadcrumb","itemListElement":[{"@type":"ListItem","position":1,"name":"Home","item":"https:\/\/www.adf.org.br\/home\/"},{"@type":"ListItem","position":2,"name":"Profana\u00e7\u00e3o e Sacril\u00e9gio no Canad\u00e1: uma Igreja fecha a cada semana"}]},{"@type":"Person","@id":"https:\/\/www.adf.org.br\/home\/#\/schema\/person\/4eb0499131c1962e974297eff367a715","name":"luiz.fernando","image":{"@type":"ImageObject","@id":"https:\/\/www.adf.org.br\/home\/#personlogo","inLanguage":"pt-BR","url":"https:\/\/secure.gravatar.com\/avatar\/4e9dcdc2a00e06e1d9189a84f6908f28?s=96&d=mm&r=g","contentUrl":"https:\/\/secure.gravatar.com\/avatar\/4e9dcdc2a00e06e1d9189a84f6908f28?s=96&d=mm&r=g","caption":"luiz.fernando"},"url":"https:\/\/www.adf.org.br\/home\/author\/luiz-fernando\/"}]}},"_links":{"self":[{"href":"https:\/\/www.adf.org.br\/home\/wp-json\/wp\/v2\/posts\/26295"}],"collection":[{"href":"https:\/\/www.adf.org.br\/home\/wp-json\/wp\/v2\/posts"}],"about":[{"href":"https:\/\/www.adf.org.br\/home\/wp-json\/wp\/v2\/types\/post"}],"author":[{"embeddable":true,"href":"https:\/\/www.adf.org.br\/home\/wp-json\/wp\/v2\/users\/12"}],"replies":[{"embeddable":true,"href":"https:\/\/www.adf.org.br\/home\/wp-json\/wp\/v2\/comments?post=26295"}],"version-history":[{"count":0,"href":"https:\/\/www.adf.org.br\/home\/wp-json\/wp\/v2\/posts\/26295\/revisions"}],"wp:attachment":[{"href":"https:\/\/www.adf.org.br\/home\/wp-json\/wp\/v2\/media?parent=26295"}],"wp:term":[{"taxonomy":"category","embeddable":true,"href":"https:\/\/www.adf.org.br\/home\/wp-json\/wp\/v2\/categories?post=26295"},{"taxonomy":"post_tag","embeddable":true,"href":"https:\/\/www.adf.org.br\/home\/wp-json\/wp\/v2\/tags?post=26295"}],"curies":[{"name":"wp","href":"https:\/\/api.w.org\/{rel}","templated":true}]}}