{"id":25923,"date":"2014-07-31T10:53:56","date_gmt":"2014-07-31T13:53:56","guid":{"rendered":"http:\/\/www.adf.org.br\/home\/?p=25923"},"modified":"2014-07-31T10:53:56","modified_gmt":"2014-07-31T13:53:56","slug":"nao-nao-vote-em-candidatos-abortistas","status":"publish","type":"post","link":"https:\/\/www.adf.org.br\/home\/nao-nao-vote-em-candidatos-abortistas\/","title":{"rendered":"N\u00c3O! N\u00e3o vote em candidatos abortistas!"},"content":{"rendered":"<p style=\"text-align: center;\" dir=\"ltr\"><span style=\"color: #800080; font-family: verdana, geneva;\"><strong>N\u00c3O VOTE EM CANDIDATO QUE N\u00c3O SE PRONUNCIAR CLARAMENTE CONTRA O ABORTO!<\/strong><\/span><\/p>\n<p>&nbsp;<\/p>\n<p dir=\"ltr\"><span style=\"font-family: verdana, geneva;\">Voc\u00ea pode participar, hoje, sem sair da sua casa, de uma campanha vai mudar o rumo das elei\u00e7\u00f5es deste ano:<\/span><\/p>\n<p>&nbsp;<\/p>\n<p style=\"text-align: center;\" dir=\"ltr\"><span style=\"font-family: verdana, geneva;\"><strong><span style=\"font-size: medium;\"><a href=\"http:\/\/www.minhacartaaberta.com.br\/candidatos2014\/?origem=614\" target=\"_blank\" rel=\"noopener noreferrer\">Carta Aberta aos Candidatos das Elei\u00e7\u00f5es de 2014.<\/a><\/span><\/strong><\/span><\/p>\n<p>&nbsp;<\/p>\n<p dir=\"ltr\"><span style=\"font-family: verdana, geneva;\"><strong><span style=\"color: #800080;\">\u00c9 muito simples: \u00a0voc\u00ea s\u00f3 precisa assinar uma carta, que j\u00e1 est\u00e1 pronta, \u00a0aos candidatos das pr\u00f3ximas elei\u00e7\u00f5es, EXIGINDO que se pronunciem e deixem bem clara sua opini\u00e3o a respeito da quest\u00e3o do aborto.<\/span><\/strong><\/span><\/p>\n<p dir=\"ltr\"><span style=\"font-family: verdana, geneva;\">Essa \u00e9 uma quest\u00e3o de<strong> EXTREMA<\/strong> import\u00e2ncia.<\/span><\/p>\n<p dir=\"ltr\"><span style=\"font-family: verdana, geneva;\">Porque enquanto pessoas como voc\u00ea se preocupam com os valores e os princ\u00edpios dos candidatos que v\u00e3o governar e decidir o futuro do nosso pa\u00eds, <strong>tem muita gente por a\u00ed fazendo vista grossa&#8230;<\/strong><\/span><\/p>\n<p dir=\"ltr\"><span style=\"font-family: verdana, geneva;\">A prova disso \u00e9 que \u00a0recentemente foi aprovada a<strong> Lei 12845\/2013<\/strong> que aprova a pr\u00e1tica do aborto \u00e0s escondidas!<\/span><\/p>\n<p dir=\"ltr\"><span style=\"font-family: verdana, geneva;\"><strong>E todas as pessoas que votaram em candidatos abortistas, tem PARTICIPA\u00c7\u00c3O nessa atrocidade!<\/strong> Nesse verdadeiro genoc\u00eddio de crian\u00e7as indefesas que s\u00e3o covardemente assassinadas dentro do ventre de suas pr\u00f3prias m\u00e3es!<\/span><\/p>\n<p dir=\"ltr\"><span style=\"font-family: verdana, geneva;\"><strong>Aquelas que mais deveriam proteg\u00ea-las!<\/strong><\/span><\/p>\n<p>&nbsp;<\/p>\n<p dir=\"ltr\"><span style=\"font-family: verdana, geneva;\"><a href=\"http:\/\/www.minhacartaaberta.com.br\/candidatos2014\/?origem=614\" target=\"_blank\" rel=\"noopener noreferrer\">ASSINE AGORA A CARTA ABERTA<\/a><\/span><\/p>\n<p>&nbsp;<\/p>\n<p dir=\"ltr\"><span style=\"font-family: verdana, geneva;\"><strong><span style=\"color: #800080;\">E justamente por saber que voc\u00ea tamb\u00e9m n\u00e3o se conforma com essa injusti\u00e7a sem tamanho, hoje voc\u00ea \u00e9 convidado a fazer algo pelo futuro deste pa\u00eds e pelas crian\u00e7as que n\u00e3o tem como se defender<\/span><\/strong><\/span><\/p>\n<p>&nbsp;<\/p>\n<p style=\"text-align: center;\" dir=\"ltr\"><span style=\"font-family: verdana, geneva;\"><a href=\"http:\/\/www.minhacartaaberta.com.br\/candidatos2014\/?origem=614\"><img loading=\"lazy\" class=\"aligncenter  wp-image-25928\" title=\"carta aberta ao candidato\" src=\"http:\/\/www.adf.org.br\/home\/wp-content\/uploads\/2014\/07\/carta-aberta-ao-candidato11-1024x582.jpg\" alt=\"\" width=\"491\" height=\"279\" \/><\/a><\/span><\/p>\n<p dir=\"ltr\"><span style=\"font-family: verdana, geneva;\">Veja bem, durante a \u00e9poca de elei\u00e7\u00e3o, os pol\u00edticos s\u00e3o capazes at\u00e9 mesmo de mudar de religi\u00e3o para ter seu voto.<\/span><\/p>\n<p dir=\"ltr\"><span style=\"font-family: verdana, geneva;\">E nunca se posicionam claramente quanto \u00e0s quest\u00f5es &#8220;pol\u00eamicas&#8221; como por exemplo a do aborto;<\/span><\/p>\n<p style=\"text-align: center;\" dir=\"ltr\"><span style=\"font-family: verdana, geneva;\"><strong><span style=\"color: #800080;\">&#8230;acabam te enganando, roubam seu voto e sua confian\u00e7a aprovando esta pr\u00e1tica <\/span><\/strong><\/span><\/p>\n<p style=\"text-align: center;\" dir=\"ltr\"><span style=\"font-family: verdana, geneva;\"><strong><span style=\"color: #800080;\">demon\u00edaca que \u00e9 o aborto&#8230;<\/span><\/strong><\/span><\/p>\n<p dir=\"ltr\"><span style=\"font-family: verdana, geneva;\"><strong>BASTA!<\/strong><\/span><\/p>\n<p dir=\"ltr\"><span style=\"font-family: verdana, geneva;\"><a href=\"http:\/\/www.minhacartaaberta.com.br\/candidatos2014\/?origem=614\" target=\"_blank\" rel=\"noopener noreferrer\">Clique aqui <\/a>e participe desta campanha<\/span><\/p>\n<p dir=\"ltr\"><span style=\"font-family: verdana, geneva;\"><strong>N\u00e3o permita que Maria Sant\u00edssima continue a ser ofendida dessa forma&#8230;<\/strong><\/span><\/p>\n<p dir=\"ltr\"><span style=\"font-family: verdana, geneva;\">Voc\u00ea realmente a ama, por isso ou\u00e7a o lamento d&#8217;Ela e posicione-se contra este assassinato de beb\u00eas.<\/span><\/p>\n<p style=\"text-align: center;\"><span style=\"font-family: verdana, geneva;\"><strong><span style=\"color: #800080;\">Que Nossa Senhora de F\u00e1tima tenha miseric\u00f3rdia de n\u00f3s e nos livre do aborto.<\/span><\/strong><\/span><\/p>\n","protected":false},"excerpt":{"rendered":"<p>N\u00c3O VOTE EM CANDIDATO QUE N\u00c3O SE PRONUNCIAR CLARAMENTE CONTRA O ABORTO! &nbsp; Voc\u00ea pode participar, hoje, sem sair da sua casa, de uma campanha vai mudar o rumo das elei\u00e7\u00f5es deste ano: &nbsp; Carta Aberta aos Candidatos das Elei\u00e7\u00f5es de 2014. &nbsp; \u00c9 muito simples: \u00a0voc\u00ea s\u00f3 precisa assinar uma carta, que j\u00e1 est\u00e1 [&hellip;]<\/p>\n","protected":false},"author":12,"featured_media":0,"comment_status":"open","ping_status":"open","sticky":false,"template":"","format":"standard","meta":[],"categories":[20],"tags":[47,1280,555,947],"yoast_head":"<!-- This site is optimized with the Yoast SEO plugin v17.4 - https:\/\/yoast.com\/wordpress\/plugins\/seo\/ -->\n<title>N\u00c3O! N\u00e3o vote em candidatos abortistas! - Associa\u00e7\u00e3o Devotos de F\u00e1tima<\/title>\n<meta name=\"robots\" content=\"index, follow, max-snippet:-1, max-image-preview:large, max-video-preview:-1\" \/>\n<link rel=\"canonical\" href=\"https:\/\/www.adf.org.br\/home\/nao-nao-vote-em-candidatos-abortistas\/\" \/>\n<meta property=\"og:locale\" content=\"pt_BR\" \/>\n<meta property=\"og:type\" content=\"article\" \/>\n<meta property=\"og:title\" content=\"N\u00c3O! N\u00e3o vote em candidatos abortistas! - Associa\u00e7\u00e3o Devotos de F\u00e1tima\" \/>\n<meta property=\"og:description\" content=\"N\u00c3O VOTE EM CANDIDATO QUE N\u00c3O SE PRONUNCIAR CLARAMENTE CONTRA O ABORTO! &nbsp; Voc\u00ea pode participar, hoje, sem sair da sua casa, de uma campanha vai mudar o rumo das elei\u00e7\u00f5es deste ano: &nbsp; Carta Aberta aos Candidatos das Elei\u00e7\u00f5es de 2014. &nbsp; \u00c9 muito simples: \u00a0voc\u00ea s\u00f3 precisa assinar uma carta, que j\u00e1 est\u00e1 [&hellip;]\" \/>\n<meta property=\"og:url\" content=\"https:\/\/www.adf.org.br\/home\/nao-nao-vote-em-candidatos-abortistas\/\" \/>\n<meta property=\"og:site_name\" content=\"Associa\u00e7\u00e3o Devotos de F\u00e1tima\" \/>\n<meta property=\"article:published_time\" content=\"2014-07-31T13:53:56+00:00\" \/>\n<meta property=\"og:image\" content=\"http:\/\/www.adf.org.br\/home\/wp-content\/uploads\/2014\/07\/carta-aberta-ao-candidato11-1024x582.jpg\" \/>\n<meta name=\"twitter:card\" content=\"summary_large_image\" \/>\n<meta name=\"twitter:label1\" content=\"Escrito por\" \/>\n\t<meta name=\"twitter:data1\" content=\"luiz.fernando\" \/>\n\t<meta name=\"twitter:label2\" content=\"Est. tempo de leitura\" \/>\n\t<meta name=\"twitter:data2\" content=\"2 minutos\" \/>\n<script type=\"application\/ld+json\" class=\"yoast-schema-graph\">{\"@context\":\"https:\/\/schema.org\",\"@graph\":[{\"@type\":\"WebSite\",\"@id\":\"https:\/\/www.adf.org.br\/home\/#website\",\"url\":\"https:\/\/www.adf.org.br\/home\/\",\"name\":\"Associa\\u00e7\\u00e3o Devotos de F\\u00e1tima\",\"description\":\"Associa\\u00e7\\u00e3o Devotos de F\\u00e1tima\",\"potentialAction\":[{\"@type\":\"SearchAction\",\"target\":{\"@type\":\"EntryPoint\",\"urlTemplate\":\"https:\/\/www.adf.org.br\/home\/?s={search_term_string}\"},\"query-input\":\"required name=search_term_string\"}],\"inLanguage\":\"pt-BR\"},{\"@type\":\"ImageObject\",\"@id\":\"https:\/\/www.adf.org.br\/home\/nao-nao-vote-em-candidatos-abortistas\/#primaryimage\",\"inLanguage\":\"pt-BR\",\"url\":\"http:\/\/www.adf.org.br\/home\/wp-content\/uploads\/2014\/07\/carta-aberta-ao-candidato11-1024x582.jpg\",\"contentUrl\":\"http:\/\/www.adf.org.br\/home\/wp-content\/uploads\/2014\/07\/carta-aberta-ao-candidato11-1024x582.jpg\"},{\"@type\":\"WebPage\",\"@id\":\"https:\/\/www.adf.org.br\/home\/nao-nao-vote-em-candidatos-abortistas\/#webpage\",\"url\":\"https:\/\/www.adf.org.br\/home\/nao-nao-vote-em-candidatos-abortistas\/\",\"name\":\"N\\u00c3O! N\\u00e3o vote em candidatos abortistas! - Associa\\u00e7\\u00e3o Devotos de F\\u00e1tima\",\"isPartOf\":{\"@id\":\"https:\/\/www.adf.org.br\/home\/#website\"},\"primaryImageOfPage\":{\"@id\":\"https:\/\/www.adf.org.br\/home\/nao-nao-vote-em-candidatos-abortistas\/#primaryimage\"},\"datePublished\":\"2014-07-31T13:53:56+00:00\",\"dateModified\":\"2014-07-31T13:53:56+00:00\",\"author\":{\"@id\":\"https:\/\/www.adf.org.br\/home\/#\/schema\/person\/4eb0499131c1962e974297eff367a715\"},\"breadcrumb\":{\"@id\":\"https:\/\/www.adf.org.br\/home\/nao-nao-vote-em-candidatos-abortistas\/#breadcrumb\"},\"inLanguage\":\"pt-BR\",\"potentialAction\":[{\"@type\":\"ReadAction\",\"target\":[\"https:\/\/www.adf.org.br\/home\/nao-nao-vote-em-candidatos-abortistas\/\"]}]},{\"@type\":\"BreadcrumbList\",\"@id\":\"https:\/\/www.adf.org.br\/home\/nao-nao-vote-em-candidatos-abortistas\/#breadcrumb\",\"itemListElement\":[{\"@type\":\"ListItem\",\"position\":1,\"name\":\"Home\",\"item\":\"https:\/\/www.adf.org.br\/home\/\"},{\"@type\":\"ListItem\",\"position\":2,\"name\":\"N\\u00c3O! N\\u00e3o vote em candidatos abortistas!\"}]},{\"@type\":\"Person\",\"@id\":\"https:\/\/www.adf.org.br\/home\/#\/schema\/person\/4eb0499131c1962e974297eff367a715\",\"name\":\"luiz.fernando\",\"image\":{\"@type\":\"ImageObject\",\"@id\":\"https:\/\/www.adf.org.br\/home\/#personlogo\",\"inLanguage\":\"pt-BR\",\"url\":\"https:\/\/secure.gravatar.com\/avatar\/4e9dcdc2a00e06e1d9189a84f6908f28?s=96&d=mm&r=g\",\"contentUrl\":\"https:\/\/secure.gravatar.com\/avatar\/4e9dcdc2a00e06e1d9189a84f6908f28?s=96&d=mm&r=g\",\"caption\":\"luiz.fernando\"},\"url\":\"https:\/\/www.adf.org.br\/home\/author\/luiz-fernando\/\"}]}<\/script>\n<!-- \/ Yoast SEO plugin. -->","yoast_head_json":{"title":"N\u00c3O! N\u00e3o vote em candidatos abortistas! - Associa\u00e7\u00e3o Devotos de F\u00e1tima","robots":{"index":"index","follow":"follow","max-snippet":"max-snippet:-1","max-image-preview":"max-image-preview:large","max-video-preview":"max-video-preview:-1"},"canonical":"https:\/\/www.adf.org.br\/home\/nao-nao-vote-em-candidatos-abortistas\/","og_locale":"pt_BR","og_type":"article","og_title":"N\u00c3O! N\u00e3o vote em candidatos abortistas! - Associa\u00e7\u00e3o Devotos de F\u00e1tima","og_description":"N\u00c3O VOTE EM CANDIDATO QUE N\u00c3O SE PRONUNCIAR CLARAMENTE CONTRA O ABORTO! &nbsp; Voc\u00ea pode participar, hoje, sem sair da sua casa, de uma campanha vai mudar o rumo das elei\u00e7\u00f5es deste ano: &nbsp; Carta Aberta aos Candidatos das Elei\u00e7\u00f5es de 2014. &nbsp; \u00c9 muito simples: \u00a0voc\u00ea s\u00f3 precisa assinar uma carta, que j\u00e1 est\u00e1 [&hellip;]","og_url":"https:\/\/www.adf.org.br\/home\/nao-nao-vote-em-candidatos-abortistas\/","og_site_name":"Associa\u00e7\u00e3o Devotos de F\u00e1tima","article_published_time":"2014-07-31T13:53:56+00:00","og_image":[{"url":"http:\/\/www.adf.org.br\/home\/wp-content\/uploads\/2014\/07\/carta-aberta-ao-candidato11-1024x582.jpg"}],"twitter_card":"summary_large_image","twitter_misc":{"Escrito por":"luiz.fernando","Est. tempo de leitura":"2 minutos"},"schema":{"@context":"https:\/\/schema.org","@graph":[{"@type":"WebSite","@id":"https:\/\/www.adf.org.br\/home\/#website","url":"https:\/\/www.adf.org.br\/home\/","name":"Associa\u00e7\u00e3o Devotos de F\u00e1tima","description":"Associa\u00e7\u00e3o Devotos de F\u00e1tima","potentialAction":[{"@type":"SearchAction","target":{"@type":"EntryPoint","urlTemplate":"https:\/\/www.adf.org.br\/home\/?s={search_term_string}"},"query-input":"required name=search_term_string"}],"inLanguage":"pt-BR"},{"@type":"ImageObject","@id":"https:\/\/www.adf.org.br\/home\/nao-nao-vote-em-candidatos-abortistas\/#primaryimage","inLanguage":"pt-BR","url":"http:\/\/www.adf.org.br\/home\/wp-content\/uploads\/2014\/07\/carta-aberta-ao-candidato11-1024x582.jpg","contentUrl":"http:\/\/www.adf.org.br\/home\/wp-content\/uploads\/2014\/07\/carta-aberta-ao-candidato11-1024x582.jpg"},{"@type":"WebPage","@id":"https:\/\/www.adf.org.br\/home\/nao-nao-vote-em-candidatos-abortistas\/#webpage","url":"https:\/\/www.adf.org.br\/home\/nao-nao-vote-em-candidatos-abortistas\/","name":"N\u00c3O! N\u00e3o vote em candidatos abortistas! - Associa\u00e7\u00e3o Devotos de F\u00e1tima","isPartOf":{"@id":"https:\/\/www.adf.org.br\/home\/#website"},"primaryImageOfPage":{"@id":"https:\/\/www.adf.org.br\/home\/nao-nao-vote-em-candidatos-abortistas\/#primaryimage"},"datePublished":"2014-07-31T13:53:56+00:00","dateModified":"2014-07-31T13:53:56+00:00","author":{"@id":"https:\/\/www.adf.org.br\/home\/#\/schema\/person\/4eb0499131c1962e974297eff367a715"},"breadcrumb":{"@id":"https:\/\/www.adf.org.br\/home\/nao-nao-vote-em-candidatos-abortistas\/#breadcrumb"},"inLanguage":"pt-BR","potentialAction":[{"@type":"ReadAction","target":["https:\/\/www.adf.org.br\/home\/nao-nao-vote-em-candidatos-abortistas\/"]}]},{"@type":"BreadcrumbList","@id":"https:\/\/www.adf.org.br\/home\/nao-nao-vote-em-candidatos-abortistas\/#breadcrumb","itemListElement":[{"@type":"ListItem","position":1,"name":"Home","item":"https:\/\/www.adf.org.br\/home\/"},{"@type":"ListItem","position":2,"name":"N\u00c3O! N\u00e3o vote em candidatos abortistas!"}]},{"@type":"Person","@id":"https:\/\/www.adf.org.br\/home\/#\/schema\/person\/4eb0499131c1962e974297eff367a715","name":"luiz.fernando","image":{"@type":"ImageObject","@id":"https:\/\/www.adf.org.br\/home\/#personlogo","inLanguage":"pt-BR","url":"https:\/\/secure.gravatar.com\/avatar\/4e9dcdc2a00e06e1d9189a84f6908f28?s=96&d=mm&r=g","contentUrl":"https:\/\/secure.gravatar.com\/avatar\/4e9dcdc2a00e06e1d9189a84f6908f28?s=96&d=mm&r=g","caption":"luiz.fernando"},"url":"https:\/\/www.adf.org.br\/home\/author\/luiz-fernando\/"}]}},"_links":{"self":[{"href":"https:\/\/www.adf.org.br\/home\/wp-json\/wp\/v2\/posts\/25923"}],"collection":[{"href":"https:\/\/www.adf.org.br\/home\/wp-json\/wp\/v2\/posts"}],"about":[{"href":"https:\/\/www.adf.org.br\/home\/wp-json\/wp\/v2\/types\/post"}],"author":[{"embeddable":true,"href":"https:\/\/www.adf.org.br\/home\/wp-json\/wp\/v2\/users\/12"}],"replies":[{"embeddable":true,"href":"https:\/\/www.adf.org.br\/home\/wp-json\/wp\/v2\/comments?post=25923"}],"version-history":[{"count":0,"href":"https:\/\/www.adf.org.br\/home\/wp-json\/wp\/v2\/posts\/25923\/revisions"}],"wp:attachment":[{"href":"https:\/\/www.adf.org.br\/home\/wp-json\/wp\/v2\/media?parent=25923"}],"wp:term":[{"taxonomy":"category","embeddable":true,"href":"https:\/\/www.adf.org.br\/home\/wp-json\/wp\/v2\/categories?post=25923"},{"taxonomy":"post_tag","embeddable":true,"href":"https:\/\/www.adf.org.br\/home\/wp-json\/wp\/v2\/tags?post=25923"}],"curies":[{"name":"wp","href":"https:\/\/api.w.org\/{rel}","templated":true}]}}